{"id":106086,"date":"2023-08-05T17:05:41","date_gmt":"2023-08-05T15:05:41","guid":{"rendered":"http:\/\/www.reunion68.se\/?p=106086"},"modified":"2023-08-05T10:37:02","modified_gmt":"2023-08-05T08:37:02","slug":"12-09-73","status":"publish","type":"post","link":"https:\/\/www.reunion68.se\/?p=106086","title":{"rendered":"Ju\u017c dwa lata nie mamy ambasadora w Izraelu, cho\u0107 prezydent Duda obieca\u0142 to osobi\u015bcie"},"content":{"rendered":"<p style=\"text-align: center;\"><img decoding=\"async\" class=\"aligncenter\" src=\"https:\/\/ocdn.eu\/pulscms-transforms\/1\/sfRk9kpTURBXy84OTc4MWY0Zjk2ZjRmMDBiMGQxMzE2ZmQ5YjRiOTAxYi5qcGeSlQMAzN_NAxHNAbqVAs0DrADCw94AA6EwBaExAaEzww\" width=\"100%\"><span style=\"color: #808080;\"><em>Ambasador RP w Szwecji Joanna Hofman<\/em><\/span><\/p>\n<hr>\n<h5 style=\"text-align: center;\"><a href=\"https:\/\/www.onet.pl\/\" target=\"_blank\" rel=\"noopener noreferrer\"><img decoding=\"async\" class=\"center alignleft\" src=\"http:\/\/www.reunion68.com\/Biuletyn\/img\/onnet-1.png\" alt=\"\" width=\"35%\"><\/a><span style=\"text-decoration: underline; color: #000080;\"><strong><a style=\"color: #000080; text-decoration: underline;\" href=\"https:\/\/www.onet.pl\/informacje\/onetwiadomosci\/juz-dwa-lata-nie-mamy-ambasadora-w-izraelu-kulisy-sprawy\/fz6jyb9,79cfc278\" target=\"_blank\" rel=\"noopener noreferrer\">Ju\u017c dwa lata nie mamy ambasadora w Izraelu, cho\u0107 prezydent Duda obieca\u0142 to osobi\u015bcie<\/a><\/strong><\/span><\/h5>\n<p style=\"text-align: center;\"><span style=\"color: #000000;\"><strong>Witold Jurasz<\/strong><\/span><\/p>\n<hr style=\"height: 15px; background: #d0e6fa; width: 100%;\">\n<h4 style=\"text-align: center;\"><span style=\"color: #808080;\"><strong>Wed\u0142ug nieoficjalnych informacji Onetu Polska, mimo obietnicy z\u0142o\u017conej w lipcu 2022 r. przez prezydenta Andrzeja Dud\u0119 prezydentowi Izraela, nadal nie tylko nie wys\u0142a\u0142a, ale nawet nie wybra\u0142a kandydata na ambasadora RP w Izraelu. Problem w tym, \u017ce ten stan zawieszenia mo\u017ce r\u00f3wnie dobrze by\u0107 wyrazem braku woli politycznej Warszawy, by ambasadora wys\u0142a\u0107, jak i wynikiem ba\u0142aganu w naszej dyplomacji.<\/strong><\/span><\/h4>\n<p style=\"text-align: left;\"><span style=\"color: #000080;\"><a id=\"fe949e5c-bf4f-4fee-af0b-233208c5c6f5\" style=\"color: #000080;\" href=\"https:\/\/wiadomosci.onet.pl\/swiat\/marek-magierowski-byl-dziennikarzem-teraz-ma-zostac-ambasadorem-rp-w-usa\/f0dgw6v\">Poprzedni ambasador RP w Izraelu Marek Magierowski opu\u015bci\u0142 Tel Awiw w sierpniu 2021 r.<\/a>&nbsp;Przez jaki\u015b czas w wyniku zaostrzenia relacji dwustronnych plac\u00f3wki dyplomatyczne zar\u00f3wno Polski w Izraelu, jak i Izraela w Polsce kierowane by\u0142y przez charg\u00e9 d&#8217;affaires, czyli pe\u0142ni\u0105cych obowi\u0105zki ambasadora najwy\u017cszych stopniem dyplomat\u00f3w w danej plac\u00f3wce.<\/span><\/p>\n<hr>\n<p><strong><span class=\"css-901oao css-16my406 css-1hf3ou5 r-poiln3 r-bcqeeo r-qvutc0\"><span class=\"css-901oao css-16my406 r-poiln3 r-bcqeeo r-qvutc0\">[Twiter] <\/span><\/span><span class=\"css-901oao css-16my406 css-1hf3ou5 r-poiln3 r-bcqeeo r-qvutc0\"><span class=\"css-901oao css-16my406 r-poiln3 r-bcqeeo r-qvutc0\">Andrzej Duda <\/span><\/span>@AndrzejDuda<\/strong><\/p>\n<div class=\"css-1dbjc4n\">\n<div class=\"css-901oao r-18jsvk2 r-1dqbpge r-1qd0xha r-adyw6z r-16dba41 r-135wba7 r-bcqeeo r-bnwqim r-qvutc0\" dir=\"auto\" lang=\"pl\" data-testid=\"tweetText\"><strong><span class=\"css-901oao css-16my406 r-poiln3 r-bcqeeo r-qvutc0\">Zgodzili\u015bmy si\u0119 z Prezydentem <\/span><span class=\"r-18u37iz\"><a class=\"css-4rbku5 css-18t94o4 css-901oao css-16my406 r-1loqt21 r-poiln3 r-bcqeeo r-qvutc0\" dir=\"ltr\" role=\"link\" href=\"https:\/\/twitter.com\/Isaac_Herzog?ref_src=twsrc%5Etfw%7Ctwcamp%5Etweetembed%7Ctwterm%5E1546807974135562240%7Ctwgr%5E22acc85ed19345ee2074a8b55c796d7a9d16f351%7Ctwcon%5Es1_&amp;ref_url=https%3A%2F%2Fpulsembed.eu%2Fp2em%2FdklNIYXAF%2F\" target=\"_blank\" rel=\"noopener noreferrer nofollow\">@Isaac_Herzog<\/a><\/span><span class=\"css-901oao css-16my406 r-poiln3 r-bcqeeo r-qvutc0\">, \u017ce czas wr\u00f3ci\u0107 do normalnych relacji <\/span><img decoding=\"async\" loading=\"lazy\" class=\"r-4qtqp9 r-dflpy8 r-sjv1od r-zw8f10 r-10akycc r-h9hxbl\" draggable=\"false\" src=\"https:\/\/abs-0.twimg.com\/emoji\/v2\/svg\/1f1f5-1f1f1.svg\" alt=\"&#x1f1f5;&#x1f1f1;\" width=\"20\" height=\"20\"> <img decoding=\"async\" loading=\"lazy\" class=\"r-4qtqp9 r-dflpy8 r-sjv1od r-zw8f10 r-10akycc r-h9hxbl\" draggable=\"false\" src=\"https:\/\/abs-0.twimg.com\/emoji\/v2\/svg\/1f1ee-1f1f1.svg\" alt=\"&#x1f1ee;&#x1f1f1;\" width=\"15\" height=\"15\"><span class=\"css-901oao css-16my406 r-poiln3 r-bcqeeo r-qvutc0\">. Pierwszy krok wykonany. Ambasador <\/span><span class=\"r-18u37iz\"><a class=\"css-4rbku5 css-18t94o4 css-901oao css-16my406 r-1loqt21 r-poiln3 r-bcqeeo r-qvutc0\" dir=\"ltr\" role=\"link\" href=\"https:\/\/twitter.com\/YacovLivne?ref_src=twsrc%5Etfw%7Ctwcamp%5Etweetembed%7Ctwterm%5E1546807974135562240%7Ctwgr%5E22acc85ed19345ee2074a8b55c796d7a9d16f351%7Ctwcon%5Es1_&amp;ref_url=https%3A%2F%2Fpulsembed.eu%2Fp2em%2FdklNIYXAF%2F\" target=\"_blank\" rel=\"noopener noreferrer nofollow\">@YacovLivne<\/a><\/span><span class=\"css-901oao css-16my406 r-poiln3 r-bcqeeo r-qvutc0\"> z\u0142o\u017cy\u0142 dzi\u015b listy uwierzytelniaj\u0105ce. Prezydent Herzog prosi\u0142 mnie o przywr\u00f3cenie Ambasadora RP w Izraelu. Licz\u0119, \u017ce wkr\u00f3tce do tego dojdzie. <\/span><a class=\"css-4rbku5 css-18t94o4 css-901oao css-16my406 r-14j79pv r-1loqt21 r-xoduu5 r-1q142lx r-1w6e6rj r-poiln3 r-9aw3ui r-bcqeeo r-3s2u2q r-qvutc0\" role=\"link\" href=\"https:\/\/twitter.com\/AndrzejDuda\/status\/1546807974135562240?ref_src=twsrc%5Etfw%7Ctwcamp%5Etweetembed%7Ctwterm%5E1546807974135562240%7Ctwgr%5E22acc85ed19345ee2074a8b55c796d7a9d16f351%7Ctwcon%5Es1_&amp;ref_url=https%3A%2F%2Fpulsembed.eu%2Fp2em%2FdklNIYXAF%2F\" target=\"_blank\" rel=\"noopener noreferrer nofollow\" aria-label=\"12:45 PM \u00b7 12 lip 2022\"><time datetime=\"2022-07-12T10:45:33.000Z\">12:45 PM \u00b7 12 lip 2022<\/time><\/a><\/strong><\/div>\n<\/div>\n<hr>\n<p class=\"Paragraph_desktopParagraph__jAs4V\" style=\"text-align: left;\"><span style=\"color: #000080;\">Nowy ambasador Izraela przyjecha\u0142 jednak do Polski pod koniec lutego 2022 r. Polska jest tymczasem nadal reprezentowana nie przez ambasadora, a nadal przez charg\u00e9 d&#8217;affaires. Stan nier\u00f3wnowagi utrzymuje si\u0119 wi\u0119c ju\u017c prawie p\u00f3\u0142tora roku.<\/span><\/p>\n<h4 class=\"Heading_headingElement__OGFWz\"><strong>Charg\u00e9 d&#8217;affaires a ambasador<\/strong><\/h4>\n<p class=\"Paragraph_desktopParagraph__jAs4V\" style=\"text-align: left;\"><span style=\"color: #000080;\">Co do zasady ambasady, o ile nie dochodzi do formalnego obni\u017cenia rangi stosunk\u00f3w dyplomatycznych, powinny by\u0107 kierowane przez ambasador\u00f3w. Na czas urlop\u00f3w, kr\u00f3tkich wyjazd\u00f3w s\u0142u\u017cbowych oraz na okres pomi\u0119dzy wyjazdem dotychczasowego ambasadora a przyjazdem nowego ambasadami kieruj\u0105 charg\u00e9 d&#8217;affaires. W tym ostatnim przypadku norm\u0105 w \u015bwiecie dyplomacji jest, \u017ce czas ten nie powinien przekracza\u0107 kilku tygodni.<\/span><\/p>\n<p><span style=\"color: #000080;\">D\u0142u\u017csza nieobecno\u015b\u0107 ambasadora traktowana jest co do zasady jako wyraz niezadowolenia z relacji, a je\u015bli nic takiego nie ma miejsca, to za co\u015b w dyplomacji niestosownego. Z formalnego punktu widzenia plac\u00f3wka kierowana przez charg\u00e9 d&#8217;affaires mo\u017ce oczywi\u015bcie normalnie funkcjonowa\u0107, ale w niekt\u00f3rych, szczeg\u00f3lnie stosuj\u0105cych bardziej konserwatywne zasady protoko\u0142u dyplomatycznego krajach dyplomatom w randze charg\u00e9 d&#8217;affaires jest znacznie trudniej nawi\u0105zywa\u0107 i utrzymywa\u0107 relacje z najwy\u017cszymi w\u0142adzami pa\u0144stwa przyjmuj\u0105cego.<\/span><\/p>\n<p class=\"Paragraph_desktopParagraph__jAs4V\" style=\"text-align: left;\"><span style=\"color: #000080;\">W polskiej praktyce bywa co prawda odwrotnie, gdy\u017c zdarza si\u0119, \u017ce ambasadorami zostaj\u0105 polityczni nominaci, kt\u00f3rzy w odr\u00f3\u017cnieniu od zawodowych dyplomat\u00f3w, pope\u0142niaj\u0105 liczne gafy i zamykaj\u0105, zamiast otwiera\u0107 sobie drzwi, ale nie zmienia to faktu, \u017ce d\u0142u\u017csza ni\u017c 3-4 miesi\u0105ce nieobecno\u015b\u0107 ambasadora jest w dyplomacji uwa\u017cana za powa\u017cny b\u0142\u0105d.<\/span><\/p>\n<aside><\/aside>\n<p class=\"Paragraph_desktopParagraph__jAs4V\" style=\"text-align: left;\"><span style=\"color: #000080;\">W wypadku Izraela kandydatk\u0105 na ambasadora mia\u0142a by\u0107, wed\u0142ug informacji Onetu,&nbsp;<a id=\"d6d847ed-e4aa-4aba-b695-bb794b2673ba\" style=\"color: #000080;\" href=\"https:\/\/wiadomosci.onet.pl\/swiat\/szwecja-nie-odda-polsce-cennego-statutu-laskiego-zrabowanego-w-czasie-potopu\/pzwljf2\">obecna ambasador RP w Szwecji Joanna Hofman<\/a>. Kandydatura ta mia\u0142a napotka\u0107 jednak op\u00f3r i wed\u0142ug naszych informator\u00f3w nie jest ju\u017c aktualna.<\/span><\/p>\n<p class=\"Paragraph_desktopParagraph__jAs4V\" style=\"text-align: left;\"><span style=\"color: #000080;\">W\u0142a\u015bnie dlatego MSZ nie wyst\u0105pi\u0142 do Izraela o&nbsp;<em>agr\u00e9ment<\/em>, czyli formaln\u0105 zgod\u0119 pa\u0144stwa przyjmuj\u0105cego na akredytowanie danej osoby jako ambasadora. Innymi s\u0142owy, Polska, nawet je\u015bli zamierza wreszcie wys\u0142a\u0107 ambasadora do Izraela, to nie nast\u0105pi to szybko. Procedura otrzymania&nbsp;<em>agr\u00e9ment<\/em>, ju\u017c po wybraniu kandydata, zawsze trwa bowiem kilka miesi\u0119cy.<\/span><\/p>\n<h5 class=\"Heading_headingElement__OGFWz\" style=\"text-align: left;\"><strong>Nowa polska norma<\/strong><\/h5>\n<p class=\"Paragraph_desktopParagraph__jAs4V\" style=\"text-align: left;\"><span style=\"color: #000080;\">Problem polega na tym, \u017ce w wypadku naszego kraju wielomiesi\u0119czny brak ambasadora staje si\u0119 norm\u0105, kt\u00f3ra budzi co prawda nadal zdumienie w akredytowanym w Polsce korpusie dyplomatycznym, ale r\u00f3wnocze\u015bnie \u2013 w naszym z kolei MSZ \u2013 nikogo ju\u017c nie dziwi.<\/span><\/p>\n<p class=\"Paragraph_desktopParagraph__jAs4V\" style=\"text-align: left;\"><span style=\"color: #000080;\">Polska nie mia\u0142a ambasadora nie przez 2-3 miesi\u0105ce, ale przez rok lub nawet ponad rok m.in. w:<\/span><\/p>\n<ul>\n<li style=\"list-style-type: none;\">\n<ul>\n<li style=\"list-style-type: none;\">\n<ul class=\"UnorderedList_container__5WlKD\">\n<li class=\"UnorderedList_listElement__fWTNu\"><strong><span class=\"UnorderedList_spanElement__fwJYq\">Czechach (od wrze\u015bnia 2020 r. do listopada 2021 r.),<\/span><\/strong><\/li>\n<li class=\"UnorderedList_listElement__fWTNu\"><strong><span class=\"UnorderedList_spanElement__fwJYq\">Irlandii (od lipca 2018 r. do wrze\u015bnia 2019 r.),<\/span><\/strong><\/li>\n<li class=\"UnorderedList_listElement__fWTNu\"><strong><span class=\"UnorderedList_spanElement__fwJYq\">Kanadzie (od lipca 2016 r. do wrze\u015bnia 2017 r.),<\/span><\/strong><\/li>\n<li class=\"UnorderedList_listElement__fWTNu\"><strong><span class=\"UnorderedList_spanElement__fwJYq\">Rumunii (od sierpnia 2019 r. do lipca 2020 r.),<\/span><\/strong><\/li>\n<li class=\"UnorderedList_listElement__fWTNu\"><strong><span class=\"UnorderedList_spanElement__fwJYq\">Portugalii (od sierpnia 2020 r. do sierpnia 2021 r.),<\/span><\/strong><\/li>\n<li class=\"UnorderedList_listElement__fWTNu\"><strong><span class=\"UnorderedList_spanElement__fwJYq\">Francji (od wrze\u015bnia 2016 r. do sierpnia 2017 r.),<\/span><\/strong><\/li>\n<li class=\"UnorderedList_listElement__fWTNu\"><strong><span class=\"UnorderedList_spanElement__fwJYq\">Hiszpanii (od wrze\u015bnia 2021 r. do czerwca 2022 r.),<\/span><\/strong><\/li>\n<li class=\"UnorderedList_listElement__fWTNu\"><strong><span class=\"UnorderedList_spanElement__fwJYq\">Danii (od wrze\u015bnia 2020 r. do marca 2022 r.),<\/span><\/strong><\/li>\n<li class=\"UnorderedList_listElement__fWTNu\"><strong><span class=\"UnorderedList_spanElement__fwJYq\">Holandii (od maja 2022 r. do stycznia 2023 r.),<\/span><\/strong><\/li>\n<li class=\"UnorderedList_listElement__fWTNu\"><span class=\"UnorderedList_spanElement__fwJYq\"><strong>w Niemczech (od stycznia 2022 r. do listopada 2022 r.)<\/strong>.<\/span><\/li>\n<\/ul>\n<\/li>\n<\/ul>\n<\/li>\n<\/ul>\n<p class=\"Paragraph_desktopParagraph__jAs4V\" style=\"text-align: left;\"><span style=\"color: #000080;\">Jeszcze d\u0142u\u017cej nie by\u0142o polskiego ambasadora w Norwegii (od sierpnia 2016 r. do lutego 2018 r.), Szwecji (od czerwca 2018 r. do marca 2020 r.), czy te\u017c w mniej mo\u017ce istotnej z punktu widzenia interes\u00f3w narodowych RP, ale te\u017c b\u0119d\u0105cej jedn\u0105 ze \u015bwiatowych pot\u0119g Brazylii, gdzie ambasadora nie by\u0142o przez trzy lata.<\/span><\/p>\n<h5 class=\"Heading_headingElement__OGFWz\" style=\"text-align: left;\"><strong>Wojna podjazdowa<\/strong><\/h5>\n<p class=\"Paragraph_desktopParagraph__jAs4V\" style=\"text-align: left;\"><span style=\"color: #000080;\">Przyczyn\u0105 takiego stanu rzeczy jest permanentna wojna podjazdowa pomi\u0119dzy r\u00f3\u017cnymi frakcjami w Prawie i Sprawiedliwo\u015bci, a instytucjonalnie pomi\u0119dzy MSZ, Kancelari\u0105 Prezydenta, Kancelari\u0105 Premiera i s\u0142u\u017cbami specjalnymi. Czy tak jest r\u00f3wnie\u017c w wypadku Izraela, nie wiadomo, ale z ca\u0142\u0105 pewno\u015bci\u0105 brak obsady stanowiska ambasadora w Tel Awiwie interpretowany jest jako gest polityczny Warszawy.<\/span><\/p>\n<p class=\"Paragraph_desktopParagraph__jAs4V\" style=\"text-align: left;\"><span style=\"color: #000080;\">Problem polega na tym, \u017ce gdy w dyplomacji robi si\u0119 niezamierzone gesty, tych z za\u0142o\u017cenia maj\u0105cych by\u0107 zauwa\u017cone, ju\u017c nikt nie dostrzega.<\/span><\/p>\n<hr style=\"height: 15px; background: #d0e6fa; width: 100%;\">\n<div id=\"content\" class=\"content-alignment\">\n<div id=\"watch-description\" class=\"yt-uix-button-panel\">\n<div id=\"watch-description-text\" style=\"text-align: center;\">\n<p><em>Zawarto\u015b\u0107 publikowanych artyku\u0142\u00f3w i materia\u0142\u00f3w nie reprezentuje pogl\u0105d\u00f3w ani opinii Reunion&#8217;68,<\/em><em><br \/>\nani te\u017c webmastera Blogu Reunion&#8217;68, chyba ze jest to wyra\u017anie zaznaczone.<br \/>\nTwoje uwagi, linki, w\u0142asne artyku\u0142y lub wiadomo\u015bci prze\u015blij na adres:<br \/>\n<\/em><span style=\"color: #000080;\"><strong><em><a style=\"color: #000080;\" href=\"mailto:webmaster@reunion68.com\"><span style=\"text-decoration: underline;\">webmaster@reunion68.com<\/span><\/a><\/em><\/strong><\/span><\/p>\n<\/div>\n<\/div>\n<\/div>\n<hr style=\"width: 100%;\">\n","protected":false},"excerpt":{"rendered":"<p>Ambasador RP w Szwecji Joanna Hofman Ju\u017c dwa lata nie mamy ambasadora w Izraelu, cho\u0107 prezydent Duda obieca\u0142 to osobi\u015bcie Witold Jurasz Wed\u0142ug nieoficjalnych informacji Onetu Polska, mimo obietnicy z\u0142o\u017conej w lipcu 2022 r. przez prezydenta Andrzeja Dud\u0119 prezydentowi Izraela, nadal nie tylko nie wys\u0142a\u0142a, ale nawet nie wybra\u0142a kandydata na ambasadora RP w Izraelu. [&hellip;]<\/p>\n","protected":false},"author":1,"featured_media":0,"comment_status":"closed","ping_status":"closed","sticky":false,"template":"","format":"standard","meta":[],"categories":[6],"tags":[26,24],"_links":{"self":[{"href":"https:\/\/www.reunion68.se\/index.php?rest_route=\/wp\/v2\/posts\/106086"}],"collection":[{"href":"https:\/\/www.reunion68.se\/index.php?rest_route=\/wp\/v2\/posts"}],"about":[{"href":"https:\/\/www.reunion68.se\/index.php?rest_route=\/wp\/v2\/types\/post"}],"author":[{"embeddable":true,"href":"https:\/\/www.reunion68.se\/index.php?rest_route=\/wp\/v2\/users\/1"}],"replies":[{"embeddable":true,"href":"https:\/\/www.reunion68.se\/index.php?rest_route=%2Fwp%2Fv2%2Fcomments&post=106086"}],"version-history":[{"count":13,"href":"https:\/\/www.reunion68.se\/index.php?rest_route=\/wp\/v2\/posts\/106086\/revisions"}],"predecessor-version":[{"id":106107,"href":"https:\/\/www.reunion68.se\/index.php?rest_route=\/wp\/v2\/posts\/106086\/revisions\/106107"}],"wp:attachment":[{"href":"https:\/\/www.reunion68.se\/index.php?rest_route=%2Fwp%2Fv2%2Fmedia&parent=106086"}],"wp:term":[{"taxonomy":"category","embeddable":true,"href":"https:\/\/www.reunion68.se\/index.php?rest_route=%2Fwp%2Fv2%2Fcategories&post=106086"},{"taxonomy":"post_tag","embeddable":true,"href":"https:\/\/www.reunion68.se\/index.php?rest_route=%2Fwp%2Fv2%2Ftags&post=106086"}],"curies":[{"name":"wp","href":"https:\/\/api.w.org\/{rel}","templated":true}]}}