{"id":106259,"date":"2023-08-12T17:09:33","date_gmt":"2023-08-12T15:09:33","guid":{"rendered":"http:\/\/www.reunion68.se\/?p=106259"},"modified":"2023-08-12T07:27:09","modified_gmt":"2023-08-12T05:27:09","slug":"19-09-89","status":"publish","type":"post","link":"https:\/\/www.reunion68.se\/?p=106259","title":{"rendered":"Spo\u0142eczno\u015b\u0107 palesty\u0144ska w Polsce"},"content":{"rendered":"<h5 style=\"text-align: center;\"><a href=\"https:\/\/kontynent-warszawa.pl\/\" target=\"_blank\" rel=\"noopener noreferrer\"><img decoding=\"async\" class=\"center alignleft\" src=\"https:\/\/kontynent-warszawa.pl\/media\/thumbs\/q100\/images\/system\/logo.png.webp\" alt=\"\" width=\"35%\" \/><\/a><span style=\"text-decoration: underline; color: #000080;\"><span style=\"text-decoration: underline;\"><strong><a style=\"color: #000080; text-decoration: underline;\" href=\"https:\/\/kontynent-warszawa.pl\/felietony\/warszawa-wielokulturowa\/824-spolecznosc-palestynska-w-polsce\" target=\"_blank\" rel=\"noopener noreferrer\">Spo\u0142eczno\u015b\u0107 palesty\u0144ska w Polsce<\/a><\/strong><\/span><\/span><\/h5>\n<p style=\"text-align: center;\"><span style=\"color: #000000;\"><strong>Maged Sahly<\/strong><\/span><\/p>\n<hr style=\"height: 15px; background: #d0e6fa; width: 100%;\" \/>\n<p style=\"text-align: center;\"><span style=\"text-decoration: underline;\"><span style=\"color: #808080; font-size: 1.2em; font-weight: 600;\"><a href=\"https:\/\/wig.waw.pl\/w-niedziele-odbyl-sie-marsz-powrotu-z-okazji-75-rocznicy-nakby\/\"><span style=\"color: #000080; text-decoration: underline;\">W niedziel\u0119 odby\u0142 si\u0119 Marsz Powrotu z okazji 75. rocznicy Nakby<\/span><\/a><\/span><\/span><\/p>\n<div class=\"entry-content-wrapper\">\n<div class=\"entry-content\">\n<p><img decoding=\"async\" loading=\"lazy\" class=\"aligncenter size-full wp-image-27476 jetpack-lazy-image jetpack-lazy-image--handled\" src=\"https:\/\/i0.wp.com\/wig.waw.pl\/wp-content\/uploads\/2023\/05\/marsz-powrotu01.jpg?resize=570%2C321&amp;ssl=1\" sizes=\"(max-width: 570px) 100vw, 570px\" srcset=\"https:\/\/i0.wp.com\/wig.waw.pl\/wp-content\/uploads\/2023\/05\/marsz-powrotu01.jpg?w=1280&amp;ssl=1 1280w, https:\/\/i0.wp.com\/wig.waw.pl\/wp-content\/uploads\/2023\/05\/marsz-powrotu01.jpg?resize=500%2C281&amp;ssl=1 500w, https:\/\/i0.wp.com\/wig.waw.pl\/wp-content\/uploads\/2023\/05\/marsz-powrotu01.jpg?resize=800%2C450&amp;ssl=1 800w, https:\/\/i0.wp.com\/wig.waw.pl\/wp-content\/uploads\/2023\/05\/marsz-powrotu01.jpg?resize=768%2C432&amp;ssl=1 768w, https:\/\/i0.wp.com\/wig.waw.pl\/wp-content\/uploads\/2023\/05\/marsz-powrotu01.jpg?resize=370%2C208&amp;ssl=1 370w, https:\/\/i0.wp.com\/wig.waw.pl\/wp-content\/uploads\/2023\/05\/marsz-powrotu01.jpg?w=1140&amp;ssl=1 1140w\" alt=\"\" width=\"570\" height=\"321\" data-recalc-dims=\"1\" data-lazy-loaded=\"1\" \/><\/p>\n<p><strong>Z okazji 75. rocznicy palesty\u0144skiej Nakby, 14 maja br. o godz. 13.00 odby\u0142 si\u0119 Marsz Powrotu organizowany przez Ambasad\u0119 Palestyny w Warszawie oraz spo\u0142eczno\u015b\u0107 palesty\u0144sk\u0105 w Polsce.<\/strong><\/p>\n<p style=\"text-align: left;\"><span style=\"color: #000080;\">W Marszu\u00a0 udzia\u0142 wzi\u0119li liczni Ambasadorowie i dyplomaci, pos\u0142owie na Sejm, w tym Przewodnicz\u0105cy Polsko-Palesty\u0144skiej Grupy Parlamentarnej \u2013 pose\u0142 Maciej Konieczny, spo\u0142eczno\u015b\u0107 arabsko-palesty\u0144ska jak r\u00f3wnie\u017c polscy przyjaciele. Marsz rozpocz\u0105\u0142 si\u0119 od Nowego \u015awiatu i przeszed\u0142 do Starego Miasta, nios\u0105c transparenty, kt\u00f3re mia\u0142y przypomina\u0107 o tym, co dzieje si\u0119 w Palestynie od 1948 roku.<\/span><\/p>\n<p style=\"text-align: left;\"><span style=\"color: #000080;\">Pod Kolumn\u0105 Zygmunta, Ambasador Pa\u0144stwa Palestyny w Polsce \u2013 JE Mahmoud Khalisa, wyg\u0142osi\u0142 przem\u00f3wienie, w kt\u00f3rym chcia\u0142 zasygnalizowa\u0107, i\u017c miejsce Marszu nie zosta\u0142o wybrane przypadkowo, poniewa\u017c warszawskie Stare Miasto by\u0142o \u015bwiadkiem r\u00f3\u017cnych okrucie\u0144stw w czasie II wojny \u015bwiatowej, co upodabnia je do ziem palesty\u0144skich, kt\u00f3re ich do\u015bwiadczaj\u0105 od 1948 roku do dzisiaj. Ambasador wspomnia\u0142 r\u00f3wnie\u017c o 71 masakrach i 531 wyburzeniach miast i wsi, kt\u00f3rych dokonywa\u0142y gangi syjonistyczne, wspierane i uzbrojone przez armi\u0119 brytyjsk\u0105 w 1947 roku, jak r\u00f3wnie\u017c o prowadzonej polityce podw\u00f3jnych standard\u00f3w i braku poszanowania dla rezolucji ONZ przez \u015brodowisko mi\u0119dzynarodowe.<\/span><\/p>\n<p><img decoding=\"async\" loading=\"lazy\" class=\"aligncenter size-full wp-image-27477 jetpack-lazy-image jetpack-lazy-image--handled\" src=\"https:\/\/i0.wp.com\/wig.waw.pl\/wp-content\/uploads\/2023\/05\/marsz-powrotu02.jpg?resize=570%2C321&amp;ssl=1\" sizes=\"(max-width: 570px) 100vw, 570px\" srcset=\"https:\/\/i0.wp.com\/wig.waw.pl\/wp-content\/uploads\/2023\/05\/marsz-powrotu02.jpg?w=1280&amp;ssl=1 1280w, https:\/\/i0.wp.com\/wig.waw.pl\/wp-content\/uploads\/2023\/05\/marsz-powrotu02.jpg?resize=500%2C281&amp;ssl=1 500w, https:\/\/i0.wp.com\/wig.waw.pl\/wp-content\/uploads\/2023\/05\/marsz-powrotu02.jpg?resize=800%2C450&amp;ssl=1 800w, https:\/\/i0.wp.com\/wig.waw.pl\/wp-content\/uploads\/2023\/05\/marsz-powrotu02.jpg?resize=768%2C432&amp;ssl=1 768w, https:\/\/i0.wp.com\/wig.waw.pl\/wp-content\/uploads\/2023\/05\/marsz-powrotu02.jpg?resize=370%2C208&amp;ssl=1 370w, https:\/\/i0.wp.com\/wig.waw.pl\/wp-content\/uploads\/2023\/05\/marsz-powrotu02.jpg?w=1140&amp;ssl=1 1140w\" alt=\"Marsz Powrotu\" width=\"570\" height=\"321\" data-recalc-dims=\"1\" data-lazy-loaded=\"1\" \/><\/p>\n<p style=\"text-align: left;\"><span style=\"color: #000080;\">Niedzielny Marsz mia\u0142 podkre\u015bli\u0107 prawo Palesty\u0144czyk\u00f3w do powrotu do swoich dom\u00f3w i ziem. Jego Ekscelencja przypomnia\u0142 r\u00f3wnie\u017c o obecnej dyskryminacji Palesty\u0144czyk\u00f3w przez w\u0142adze Izraela, jednocze\u015bnie wymagaj\u0105c od nich wdro\u017cenia rezolucji ONZ nr 194.<\/span><\/p>\n<p style=\"text-align: left;\"><span style=\"color: #000080;\">Podczas wydarzenia przemawia\u0142 r\u00f3wnie\u017c Przewodnicz\u0105cy Polsko-Palesty\u0144skiej Grupy Parlamentarnej, pose\u0142 Maciej Konieczny, kt\u00f3ry m\u00f3wi\u0142 o prawach cz\u0142owieka i ich jednakowo\u015bci dla ka\u017cdego. R\u00f3wnolegle przypomnia\u0142 o ustawach uchwalonych przez Kneset, kt\u00f3re maj\u0105 wymiar dyskryminacyjny dla obywateli Palestyny oraz dla obywateli Izraela palesty\u0144skiego pochodzenia. Pose\u0142 Konieczny zada\u0142 wa\u017cne pytanie: Czy je\u015bli to nie jest dyskryminacja, to co ni\u0105 w\u0142a\u015bciwie jest? Domaga\u0142 si\u0119 r\u00f3wnie\u017c prawa do niepodleg\u0142o\u015bci i samostanowienia Palestyny.<\/span><\/p>\n<p><img decoding=\"async\" loading=\"lazy\" class=\"aligncenter size-full wp-image-27478 jetpack-lazy-image jetpack-lazy-image--handled\" src=\"https:\/\/i0.wp.com\/wig.waw.pl\/wp-content\/uploads\/2023\/05\/marsz-powrotu03.jpg?resize=570%2C321&amp;ssl=1\" sizes=\"(max-width: 570px) 100vw, 570px\" srcset=\"https:\/\/i0.wp.com\/wig.waw.pl\/wp-content\/uploads\/2023\/05\/marsz-powrotu03.jpg?w=1280&amp;ssl=1 1280w, https:\/\/i0.wp.com\/wig.waw.pl\/wp-content\/uploads\/2023\/05\/marsz-powrotu03.jpg?resize=500%2C281&amp;ssl=1 500w, https:\/\/i0.wp.com\/wig.waw.pl\/wp-content\/uploads\/2023\/05\/marsz-powrotu03.jpg?resize=800%2C450&amp;ssl=1 800w, https:\/\/i0.wp.com\/wig.waw.pl\/wp-content\/uploads\/2023\/05\/marsz-powrotu03.jpg?resize=768%2C432&amp;ssl=1 768w, https:\/\/i0.wp.com\/wig.waw.pl\/wp-content\/uploads\/2023\/05\/marsz-powrotu03.jpg?resize=370%2C208&amp;ssl=1 370w, https:\/\/i0.wp.com\/wig.waw.pl\/wp-content\/uploads\/2023\/05\/marsz-powrotu03.jpg?w=1140&amp;ssl=1 1140w\" alt=\"Marsz Powrotu\" width=\"570\" height=\"321\" data-recalc-dims=\"1\" data-lazy-loaded=\"1\" \/><\/p>\n<p style=\"text-align: left;\"><span style=\"color: #000080;\">Liczna obecno\u015b\u0107 obywateli polskich, arabskich i palesty\u0144skich jednoznacznie pokazuje, \u017ce wyra\u017caj\u0105 oni sprzeciw wobec okupacji ziem, dyskryminacji rasowej oraz to, \u017ce spo\u0142ecze\u0144stwo nie jest oboj\u0119tne wobec tego konfliktu.<\/span><\/p>\n<p><span style=\"color: #000080;\">Filmy z wydarzenia oraz wi\u0119cej zdj\u0119\u0107 i informacji na profilu\u00a0<a style=\"color: #000080;\" href=\"https:\/\/www.facebook.com\/palestineinpoland\" target=\"_blank\" rel=\"noopener noreferrer\">Ambasady Pa\u0144stwa Palestyny w Warszawie<\/a>.<\/span><\/p>\n<\/div>\n<\/div>\n<hr style=\"height: 15px; background: #d0e6fa; width: 100%;\" \/>\n<h5 style=\"text-align: center;\"><span style=\"color: #000080;\"><strong><a style=\"color: #000080; text-decoration: underline;\" href=\"https:\/\/kontynent-warszawa.pl\/felietony\/warszawa-wielokulturowa\/824-spolecznosc-palestynska-w-polsce\" target=\"_blank\" rel=\"noopener noreferrer\">Spo\u0142eczno\u015b\u0107 palesty\u0144ska w Polsce<\/a><\/strong><\/span><\/h5>\n<p style=\"text-align: left;\"><span style=\"color: #000080;\">Trudno tak naprawd\u0119 powiedzie\u0107, ilu jest dok\u0142adnie Palesty\u0144czyk\u00f3w. W zale\u017cno\u015bci od \u017ar\u00f3de\u0142 podaje si\u0119 od 7 do 8 milion\u00f3w. Jednak spiesz\u0119 uspokoi\u0107: nie wszyscy oni mieszkaj\u0105 w Polsce. Z powodu naszej sytuacji politycznej nazywaj\u0105 nas \u017bydami kraj\u00f3w arabskich, gdy\u017c podobie\u0144stwa s\u0105 du\u017ce. Diaspora palesty\u0144ska rozrzucona jest w r\u00f3\u017cnych krajach. Od Bliskiego Wschodu a\u017c po Argentyn\u0119 i Chile. Na dodatek wi\u0119kszo\u015b\u0107 Palesty\u0144czyk\u00f3w to ludzie wykszta\u0142ceni i przedsi\u0119biorczy, cz\u0119sto zajmuj\u0105cy kluczowe stanowiska w krajach pobytu. Szczycimy si\u0119 tym, \u017ce posiadamy najwi\u0119kszy odsetek os\u00f3b z wy\u017cszym wykszta\u0142ceniem w\u015br\u00f3d Arab\u00f3w, jeste\u015bmy w \u015bwiatowej czo\u0142\u00f3wce, je\u015bli chodzi o odsetek lekarzy i in\u017cynier\u00f3w. Na dodatek wielu Palesty\u0144czyk\u00f3w piastuje bardzo wysokie stanowiska w krajach, w kt\u00f3rych si\u0119 osiedlili, szczeg\u00f3lnie w Ameryce Po\u0142udniowej (np. Carlos Fakos by\u0142y prezydent Hondurasu; Antonio Sacca by\u0142y prezydent Salwadoru; Serjio Bitar, by\u0142y wiceprezydent Chile).<\/span><\/p>\n<p><span style=\"color: #000080;\">W Polsce jest oko\u0142o 800 os\u00f3b pochodzenia palesty\u0144skiego. G\u0142\u00f3wnie s\u0105 to lekarze (oko\u0142o 250), biznesmeni, in\u017cynierowie, technicy, najcz\u0119\u015bciej skupieni w wi\u0119kszych miastach i miastach wojew\u00f3dzkich, ale s\u0105 te\u017c i w\u0142a\u015bciciele ma\u0142ych firm, bar\u00f3w, restauracji i urz\u0119dnicy.<\/span><\/p>\n<p><span style=\"color: #000080;\">Pierwszy kontakt Palesty\u0144czyk\u00f3w z Polsk\u0105 datuje si\u0119 na lata 50. ubieg\u0142ego wieku. Wtedy przyjecha\u0142a delegacja student\u00f3w palesty\u0144skich na czele z Jaserem Arafatem \u2013 p\u00f3\u017aniejszym prezydentem Palestyny, \u017ceby uczestniczy\u0107 w odbywaj\u0105cym si\u0119 w Warszawie Mi\u0119dzynarodowym Kongresie M\u0142odzie\u017cy.<\/span><\/p>\n<p><span style=\"color: #000080;\">W tym samym okresie w Polsce studiowa\u0142o dw\u00f3ch Palesty\u0144czyk\u00f3w. Jednym z nich by\u0142, licz\u0105cy dzi\u015b 82 lata, \u201enasz Senior rodu\u201d, kt\u00f3ry o\u017ceni\u0142 si\u0119 i zosta\u0142 w Polsce do dnia dzisiejszego ze swoimi dzie\u0107mi i wnukami.<\/span><\/p>\n<p><span style=\"color: #000080;\">Jednak\u017ce najwi\u0119ksza liczba Palesty\u0144czyk\u00f3w zosta\u0142a w Polsce po studiach w latach 80. W samej Warszawie i okolicy jest oko\u0142o 200. W wi\u0119kszo\u015bci za\u0142o\u017cyli tu swoje mieszane rodziny i obecnie wychowuj\u0105 drugie pokolenie dzieci polsko-palesty\u0144skich.<\/span><\/p>\n<p><span style=\"color: #000080;\">W Polsce istnieje Spo\u0142eczno-Kulturalne Stowarzyszenie Palesty\u0144czyk\u00f3w Polskich (SKSPP), kt\u00f3re zosta\u0142o zarejestrowane w 2009 roku. Cho\u0107 jest ono zarejestrowane w krakowskim s\u0105dzie, wi\u0119kszo\u015b\u0107 cz\u0142onk\u00f3w zarz\u0105du pochodzi z Warszawy, gdzie odbywaj\u0105 si\u0119 zebrania i g\u0142\u00f3wne dzia\u0142ania natury kulturalnej.<\/span><\/p>\n<p><span style=\"color: #000080;\">Spo\u0142eczno\u015b\u0107 palesty\u0144ska w Warszawie organizuje rocznie wiele imprez i spotka\u0144, zar\u00f3wno te z udzia\u0142em Polak\u00f3w, jak i te ograniczone do swojego grona. Cyklicznie obchodzone s\u0105 dwa \u015bwi\u0119ta muzu\u0142ma\u0144skie i dwa chrze\u015bcija\u0144skie. Dla niekt\u00f3rych mo\u017ce to by\u0107 dziwne, ale nasza spo\u0142eczno\u015b\u0107 w Polsce sk\u0142ada si\u0119 z wyznawc\u00f3w obu religii, wi\u0119c tak jak w ojczystym kraju, wszyscy obchodzimy \u201eId Al- Fiter\u201d, ko\u0144cz\u0105cy post Ramadanu, \u201eId Al-Adha\u201d (ofiarowania lub pielgrzymki), upami\u0119tniaj\u0105cy ofiarowanie Abrahama swojego syna Ismaela Bogu i oczywi\u015bcie Wielkanoc, a tak\u017ce Bo\u017ce Narodzenia.<\/span><\/p>\n<p><span style=\"color: #000080;\">G\u0142\u00f3wnym punktem obchod\u00f3w \u015bwi\u0105t s\u0105 spotkania towarzyskie zorganizowane przez SKSPP, gdzie sk\u0142adamy sobie \u017cyczenia i &#8211; zgodnie z nasz\u0105 tradycj\u0105 &#8211; objadamy si\u0119 \u015bwi\u0105tecznymi s\u0142odyczami, popijaj\u0105c je legendarn\u0105 gorzk\u0105 kaw\u0105 Beduin\u00f3w. Cz\u0119sto te\u017c z okazji \u015bwi\u0105t odwiedzamy naszych najbli\u017cszych przyjaci\u00f3\u0142 lub organizujemy wsp\u00f3lny posi\u0142ek w domu lub w restauracji.<\/span><\/p>\n<p><span style=\"color: #000080;\">Niemniej wa\u017cn\u0105 rol\u0119 w \u017cyciu spo\u0142eczno\u015bci palesty\u0144skiej w Warszawie odgrywa Towarzystwo Przyja\u017ani Polsko-Palesty\u0144skiej (TPPP). Cz\u0119sto przy pomocy tej instytucji s\u0105 zorganizowane publiczne spotkania z Polakami w celu propagowania wiedzy o Palestynie, szczeg\u00f3lnie przy okazji narodowych wydarze\u0144, takich jak Mi\u0119dzynarodowy Dzie\u0144 Solidarno\u015bci z Narodem Palesty\u0144skim, ustanowiony przez ONZ lub z okazji Dnia \u201eAl-Nakba\u201d (czyli dzie\u0144 katastrofy, upami\u0119tniaj\u0105cy utrat\u0119 Palestyny w 1948 r.). Na tych spotkaniach pokazujemy cz\u0119\u015b\u0107 naszego dorobku kulturowego i naszego folkloru.<\/span><\/p>\n<p><span style=\"color: #000080;\">Palesty\u0144czycy, jak wi\u0119kszo\u015b\u0107 narod\u00f3w po\u0142udniowych, s\u0105 otwarci i rozrywkowi, lubi\u0105 \u015bpiewa\u0107 o mi\u0142o\u015bci, lubi\u0105 muzyk\u0119 i taniec, lubi\u0105 korzysta\u0107 z uroku \u017cycia. W Warszawie jeden z naszych koleg\u00f3w jest profesjonalnym instruktorem ta\u0144ca i przekazuje ch\u0119tnym swoj\u0105 wiedz\u0119 o orientalnych ta\u0144cach. To m.in. dzi\u0119ki jego staraniom powstaje w Warszawie grupa ta\u0144ca folkloru palesty\u0144skiego. Grupa sk\u0142adaj\u0105ca si\u0119 z m\u0142odych Polak\u00f3w i Palesty\u0144czyk\u00f3w pokazywa\u0142a swoje umiej\u0119tno\u015bci taneczne 17 grudnia 2009 roku, przy okazji polskich obchod\u00f3w Mi\u0119dzynarodowego Dnia Solidarno\u015bci z Narodem Palesty\u0144skim.<\/span><\/p>\n<p><span style=\"color: #000080;\">Kilka razy w roku odbywaj\u0105 si\u0119 inne wydarzenia kulturalne zwi\u0105zane z Palestyn\u0105. Cz\u0119\u015b\u0107 z nich jest organizowana przez Palesty\u0144czyk\u00f3w, inna za\u015b przez naszych przyjaci\u00f3\u0142. Jednym z najwa\u017cniejszych wydarze\u0144 jest Dzie\u0144 Kina Palesty\u0144skiego (Cinema), do niedawna jako impreza towarzysz\u0105ca Festiwalowi Film\u00f3w Izraelskich KOLNOA, w warszawskiej Kinotece. Organizatorem jest Fundacja Rozwoju Kultury \u017bydowskiej w Polsce przy wsp\u00f3\u0142pracy Ambasady Palestyny w Warszawie. Zwykle w tym dniu s\u0105 pokazywane najlepsze palesty\u0144skie filmy dokumentalne i fabularne, cz\u0119sto palesty\u0144scy kandydaci do Oscar\u00f3w (\u201eParadise Now\u201d, \u201eSalt of this See\u201d, itp.). Przy okazji mo\u017cna te\u017c spotka\u0107 tw\u00f3rc\u00f3w tych film\u00f3w i uczestniczy\u0107 w dyskusjach stron palesty\u0144skiej i izraelskiej.<\/span><\/p>\n<p><span style=\"color: #000080;\">W latach 2008-2009 w samej tylko Warszawie odby\u0142o si\u0119 kilka presti\u017cowych koncert\u00f3w (m.in. w Filharmonii Narodowej), wieczor\u00f3w taneczno-muzycznych, wystaw malarstwa, wystaw r\u0119kodzie\u0142, itp.<\/span><br \/>\n<span style=\"color: #000080;\">Przez nasz\u0105 dzia\u0142alno\u015b\u0107 w Warszawie pokazujemy cz\u0119\u015b\u0107 prawdziwej Palestyny o szczeg\u00f3lnym wymiarze kulturalnym. Nasze piosenki, pie\u015bni i ta\u0144ce opowiadaj\u0105 histori\u0119 narodu i jego marzenia o wolno\u015bci i niepodleg\u0142o\u015bci.<\/span><\/p>\n<hr style=\"height: 15px; background: #d0e6fa; width: 100%;\" \/>\n<div id=\"content\" class=\"content-alignment\">\n<div id=\"watch-description\" class=\"yt-uix-button-panel\">\n<div id=\"watch-description-text\" style=\"text-align: center;\">\n<p><em>Zawarto\u015b\u0107 publikowanych artyku\u0142\u00f3w i materia\u0142\u00f3w nie reprezentuje pogl\u0105d\u00f3w ani opinii Reunion&#8217;68,<\/em><em><br \/>\nani te\u017c webmastera Blogu Reunion&#8217;68, chyba ze jest to wyra\u017anie zaznaczone.<br \/>\nTwoje uwagi, linki, w\u0142asne artyku\u0142y lub wiadomo\u015bci prze\u015blij na adres:<br \/>\n<\/em><span style=\"color: #000080;\"><strong><em><a style=\"color: #000080;\" href=\"mailto:webmaster@reunion68.com\"><span style=\"text-decoration: underline;\">webmaster@reunion68.com<\/span><\/a><\/em><\/strong><\/span><\/p>\n<\/div>\n<\/div>\n<\/div>\n<hr style=\"width: 100%;\" \/>\n","protected":false},"excerpt":{"rendered":"<p>Spo\u0142eczno\u015b\u0107 palesty\u0144ska w Polsce Maged Sahly W niedziel\u0119 odby\u0142 si\u0119 Marsz Powrotu z okazji 75. rocznicy Nakby Z okazji 75. rocznicy palesty\u0144skiej Nakby, 14 maja br. o godz. 13.00 odby\u0142 si\u0119 Marsz Powrotu organizowany przez Ambasad\u0119 Palestyny w Warszawie oraz spo\u0142eczno\u015b\u0107 palesty\u0144sk\u0105 w Polsce. W Marszu\u00a0 udzia\u0142 wzi\u0119li liczni Ambasadorowie i dyplomaci, pos\u0142owie na Sejm, [&hellip;]<\/p>\n","protected":false},"author":1,"featured_media":0,"comment_status":"closed","ping_status":"closed","sticky":false,"template":"","format":"standard","meta":[],"categories":[6],"tags":[26,24],"_links":{"self":[{"href":"https:\/\/www.reunion68.se\/index.php?rest_route=\/wp\/v2\/posts\/106259"}],"collection":[{"href":"https:\/\/www.reunion68.se\/index.php?rest_route=\/wp\/v2\/posts"}],"about":[{"href":"https:\/\/www.reunion68.se\/index.php?rest_route=\/wp\/v2\/types\/post"}],"author":[{"embeddable":true,"href":"https:\/\/www.reunion68.se\/index.php?rest_route=\/wp\/v2\/users\/1"}],"replies":[{"embeddable":true,"href":"https:\/\/www.reunion68.se\/index.php?rest_route=%2Fwp%2Fv2%2Fcomments&post=106259"}],"version-history":[{"count":12,"href":"https:\/\/www.reunion68.se\/index.php?rest_route=\/wp\/v2\/posts\/106259\/revisions"}],"predecessor-version":[{"id":106275,"href":"https:\/\/www.reunion68.se\/index.php?rest_route=\/wp\/v2\/posts\/106259\/revisions\/106275"}],"wp:attachment":[{"href":"https:\/\/www.reunion68.se\/index.php?rest_route=%2Fwp%2Fv2%2Fmedia&parent=106259"}],"wp:term":[{"taxonomy":"category","embeddable":true,"href":"https:\/\/www.reunion68.se\/index.php?rest_route=%2Fwp%2Fv2%2Fcategories&post=106259"},{"taxonomy":"post_tag","embeddable":true,"href":"https:\/\/www.reunion68.se\/index.php?rest_route=%2Fwp%2Fv2%2Ftags&post=106259"}],"curies":[{"name":"wp","href":"https:\/\/api.w.org\/{rel}","templated":true}]}}