{"id":106412,"date":"2023-08-25T17:00:14","date_gmt":"2023-08-25T15:00:14","guid":{"rendered":"http:\/\/www.reunion68.se\/?p=106412"},"modified":"2023-08-19T10:10:04","modified_gmt":"2023-08-19T08:10:04","slug":"25-00-82","status":"publish","type":"post","link":"https:\/\/www.reunion68.se\/?p=106412","title":{"rendered":"Leonard Bernstein\u2019s Children Defend Hollywood Star Bradley Cooper Over \u2018Antisemitic\u2019 Prosthetic Nose in Biopic"},"content":{"rendered":"<h5 style=\"text-align: center;\"><a href=\"https:\/\/www.algemeiner.com\/\" target=\"_blank\" rel=\"noopener noreferrer\"><img decoding=\"async\" class=\"center alignleft\" src=\"http:\/\/www.reunion68.com\/Biuletyn\/img\/algem.png\" alt=\"\" width=\"35%\" \/><\/a><span style=\"text-decoration: underline; color: #000080;\"><span><strong><a style=\"color: #000080; text-decoration: underline;\" href=\"https:\/\/www.algemeiner.com\/2023\/08\/17\/leonard-bernsteins-children-defend-hollywood-star-bradley-cooper-over-antisemitic-prosthetic-nose-in-biopic\/\" target=\"_blank\" rel=\"noopener noreferrer\">Leonard Bernstein\u2019s Children Defend Hollywood Star Bradley Cooper Over \u2018Antisemitic\u2019 Prosthetic Nose in Biopic<\/a><\/strong><\/span><\/span><\/h5>\n<p style=\"text-align: center;\"><span style=\"color: #000000;\"><strong> Algemeiner Staff<\/strong><\/span><\/p>\n<hr style=\"height: 15px; background: #d0e6fa; width: 100%;\" \/>\n<p style=\"text-align: center;\"><img decoding=\"async\" class=\"aligncenter\" src=\"https:\/\/s3.abcstatics.com\/abc\/www\/multimedia\/play\/2023\/08\/18\/bradley-cooper-kYqB-U6070095747A8D-758x531@abc.jpg\" width=\"100%\" \/><span style=\"color: #808080;\"><em>Bradley Cooper \/ AFP<\/em><\/span><\/p>\n<p style=\"text-align: left;\"><span style=\"color: #000080;\">The children of the American Jewish composer Leonard Bernstein have risen to the defense of Bradley Cooper, the actor and director whose portrait of the late Bernstein in his new biopic has been criticized in some quarters as antisemitic.<\/span><\/p>\n<p style=\"text-align: left;\"><span style=\"color: #000080;\">The charge emerged after the trailer for the film \u2014 titled \u201cMaestro\u201d \u2014 was released showing Cooper, who directs and stars in the movie, wearing a prosthetic nose.<\/span><\/p>\n<p style=\"text-align: left;\"><span style=\"color: #000080;\">Critics on social media charged that the nose enhancement played with the antisemitic stereotype that Jews have noticeably larger noses. One user posted photographs of Bernstein next to Cooper, commenting, \u201cThis feels especially sinister because Bradley Cooper\u2019s nose is already the same shape and size, if not slightly larger, than Leonard Bernstein\u2019s was.\u201d<\/span><\/p>\n<p style=\"text-align: left;\"><span style=\"color: #000080;\">Nevertheless, Bernstein\u2019s offspring issued a statement defending Cooper, who is not Jewish.<\/span><\/p>\n<div id=\"post_content\">\n<p style=\"text-align: left;\"><span style=\"color: #000080;\">\u201cIt happens to be true that Leonard Bernstein had a nice, big nose,\u201d his children said. \u201cBradley chose to use makeup to amplify his resemblance, and we\u2019re perfectly fine with that. We\u2019re also certain that our dad would have been fine with it as well. Any strident complaints around this issue strike us above all as disingenuous attempts to bring a successful person down a notch \u2014 a practice we observed all too often perpetrated on our own father.\u201d<\/span><\/p>\n<p style=\"text-align: left;\"><span style=\"color: #000080;\">They added that at \u201call times during the making of this film, we could feel the profound respect and yes, the love that Bradley brought to his portrait of Leonard Bernstein and his wife, our mother Felicia. We feel so fortunate to have had this experience with Bradley, and we can\u2019t wait for the world to see his creation.\u201d<\/span><\/p>\n<\/div>\n<hr style=\"height: 15px; background: #d0e6fa; width: 100%;\" \/>\n<div id=\"content\" class=\"content-alignment\">\n<div id=\"watch-description\" class=\"yt-uix-button-panel\">\n<div id=\"watch-description-text\" style=\"text-align: center;\">\n<p><em>Zawarto\u015b\u0107 publikowanych artyku\u0142\u00f3w i materia\u0142\u00f3w nie reprezentuje pogl\u0105d\u00f3w ani opinii Reunion&#8217;68,<\/em><em><br \/>\nani te\u017c webmastera Blogu Reunion&#8217;68, chyba ze jest to wyra\u017anie zaznaczone.<br \/>\nTwoje uwagi, linki, w\u0142asne artyku\u0142y lub wiadomo\u015bci prze\u015blij na adres:<br \/>\n<\/em><span style=\"color: #000080;\"><strong><em><a style=\"color: #000080;\" href=\"mailto:webmaster@reunion68.com\"><span style=\"text-decoration: underline;\">webmaster@reunion68.com<\/span><\/a><\/em><\/strong><\/span><\/p>\n<\/div>\n<\/div>\n<\/div>\n<hr style=\"width: 100%;\" \/>\n","protected":false},"excerpt":{"rendered":"<p>Leonard Bernstein\u2019s Children Defend Hollywood Star Bradley Cooper Over \u2018Antisemitic\u2019 Prosthetic Nose in Biopic Algemeiner Staff Bradley Cooper \/ AFP The children of the American Jewish composer Leonard Bernstein have risen to the defense of Bradley Cooper, the actor and director whose portrait of the late Bernstein in his new biopic has been criticized in [&hellip;]<\/p>\n","protected":false},"author":1,"featured_media":0,"comment_status":"closed","ping_status":"closed","sticky":false,"template":"","format":"standard","meta":[],"categories":[6],"tags":[26,24],"_links":{"self":[{"href":"https:\/\/www.reunion68.se\/index.php?rest_route=\/wp\/v2\/posts\/106412"}],"collection":[{"href":"https:\/\/www.reunion68.se\/index.php?rest_route=\/wp\/v2\/posts"}],"about":[{"href":"https:\/\/www.reunion68.se\/index.php?rest_route=\/wp\/v2\/types\/post"}],"author":[{"embeddable":true,"href":"https:\/\/www.reunion68.se\/index.php?rest_route=\/wp\/v2\/users\/1"}],"replies":[{"embeddable":true,"href":"https:\/\/www.reunion68.se\/index.php?rest_route=%2Fwp%2Fv2%2Fcomments&post=106412"}],"version-history":[{"count":4,"href":"https:\/\/www.reunion68.se\/index.php?rest_route=\/wp\/v2\/posts\/106412\/revisions"}],"predecessor-version":[{"id":106426,"href":"https:\/\/www.reunion68.se\/index.php?rest_route=\/wp\/v2\/posts\/106412\/revisions\/106426"}],"wp:attachment":[{"href":"https:\/\/www.reunion68.se\/index.php?rest_route=%2Fwp%2Fv2%2Fmedia&parent=106412"}],"wp:term":[{"taxonomy":"category","embeddable":true,"href":"https:\/\/www.reunion68.se\/index.php?rest_route=%2Fwp%2Fv2%2Fcategories&post=106412"},{"taxonomy":"post_tag","embeddable":true,"href":"https:\/\/www.reunion68.se\/index.php?rest_route=%2Fwp%2Fv2%2Ftags&post=106412"}],"curies":[{"name":"wp","href":"https:\/\/api.w.org\/{rel}","templated":true}]}}