{"id":106538,"date":"2023-08-25T17:09:45","date_gmt":"2023-08-25T15:09:45","guid":{"rendered":"http:\/\/www.reunion68.se\/?p=106538"},"modified":"2023-08-25T12:25:30","modified_gmt":"2023-08-25T10:25:30","slug":"30-09-73","status":"publish","type":"post","link":"https:\/\/www.reunion68.se\/?p=106538","title":{"rendered":"ONZ: Przemoc na Bliskim Wschodzie najwi\u0119ksza od lat"},"content":{"rendered":"<p style=\"text-align: center;\"><img decoding=\"async\" class=\"aligncenter\" src=\"https:\/\/bi.im-g.pl\/im\/8b\/b5\/1c\/z30104971IHG,Czlonek-zespolu-Zaka-Rescue-and-Recovery-pracuje-n.jpg\" width=\"100%\" \/><span style=\"color: #808080;\"><em>Cz\u0142onek zespo\u0142u Zaka Rescue and Recovery pracuje na miejscu strzelaniny w pobli\u017cu miasta Hebron na Zachodnim Brzegu, 21 sierpnia 2023 r.<\/em><\/span><\/p>\n<hr \/>\n<h5 style=\"text-align: center;\"><a href=\"https:\/\/wyborcza.pl\/\" target=\"_blank\" rel=\"noopener noreferrer\"><img decoding=\"async\" class=\"center alignleft\" src=\"http:\/\/www.reunion68.com\/Biuletyn\/img\/wyborcza.png\" alt=\"\" width=\"35%\" \/><\/a><span style=\"text-decoration: underline; color: #000080;\"><strong><a style=\"color: #000080; text-decoration: underline;\" href=\"https:\/\/wyborcza.pl\/7,75399,30104856,onz-przemoc-na-bliskim-wschodzie-najwieksza-od-lat.html#commentsAnchor\" target=\"_blank\" rel=\"noopener noreferrer\">ONZ: Przemoc na Bliskim Wschodzie najwi\u0119ksza od lat<\/a><\/strong><\/span><\/h5>\n<p style=\"text-align: center;\"><span style=\"color: #000000;\"><strong>Marta Urz\u0119dowska<\/strong><\/span><\/p>\n<hr style=\"height: 15px; background: #d0e6fa; width: 100%;\" \/>\n<div class=\"text--lead \" style=\"text-align: left;\" data-progress-bar-content=\"\"><span style=\"color: #000080;\">Rada Bezpiecze\u0144stwa ONZ alarmuje, \u017ce od pocz\u0105tku roku w wyniku przemocy na Bliskim Wschodzie zgin\u0119\u0142o ju\u017c ponad 200 Palesty\u0144czyk\u00f3w i ok. 30 Izraelczyk\u00f3w. To najwi\u0119ksza liczba ofiar od blisko dw\u00f3ch dekad.<\/span><\/div>\n<div style=\"text-align: left;\" data-progress-bar-content=\"\"><\/div>\n<div class=\"text--lead \" style=\"text-align: left;\" data-progress-bar-content=\"\"><span style=\"color: #000080;\">Wyliczenia przedstawi\u0142 specjalny koordynator ONZ ds. procesu pokojowego na Bliskim Wschodzie Tor Wennesland. Na spotkaniu Rady Bezpiecze\u0144stwa w ostatni poniedzia\u0142ek alarmowa\u0142, \u017ce liczba ofiar konfliktu bliskowschodniego od pocz\u0105tku roku jest najwy\u017csza od 2005 r.<\/span><\/div>\n<div class=\"article--content article--content-free  \" style=\"text-align: left;\">\n<h4 class=\"text--title font-head-700\" style=\"text-align: center;\">ONZ: Brak politycznego rozwi\u0105zania tworzy niebezpieczn\u0105 pr\u00f3\u017cni\u0119. Rozkr\u0119ca si\u0119 spirala przemocy<\/h4>\n<p class=\"text--paragraph\"><span style=\"color: #000080;\">Z wylicze\u0144 Wenneslanda wynika, \u017ce<\/span><\/p>\n<blockquote class=\"text--quote font-quotation-500\"><p><strong>od pocz\u0105tku stycznia w Izraelu i na Zachodnim Brzegu Jordanu zgin\u0119\u0142o ponad 200 Palesty\u0144czyk\u00f3w i blisko 30 Izraelczyk\u00f3w. Tym samym liczba ofiar ju\u017c przekroczy\u0142a ca\u0142y ubieg\u0142oroczny bilans i jest najwy\u017csza od czasu, kiedy w 2005 r. zako\u0144czy\u0142a si\u0119 druga intifada, czyli powstanie Palesty\u0144czyk\u00f3w przeciwko izraelskiej okupacji.<\/strong><\/p><\/blockquote>\n<\/div>\n<p style=\"text-align: left;\"><span style=\"color: #000080;\">Wennesland t\u0142umaczy\u0142 cz\u0142onkom Rady Bezpiecze\u0144stwa, \u017ce trwaj\u0105ca od miesi\u0119cy eskalacja przemocy w regionie wynika z rosn\u0105cej frustracji Palesty\u0144czyk\u00f3w, kt\u00f3rzy trac\u0105 nadziej\u0119 na pok\u00f3j i w\u0142asne pa\u0144stwo.<\/span><\/p>\n<p style=\"text-align: center;\"><img decoding=\"async\" class=\"aligncenter\" src=\"https:\/\/bi.im-g.pl\/im\/89\/b5\/1c\/z30104969IH,Zalobnicy-niosa-cialo-17-letniego-Palestynczyka-Ot.jpg\" width=\"100%\" \/><span style=\"color: #808080;\"><em>\u017ba\u0142obnicy nios\u0105 cia\u0142o 17-letniego Palesty\u0144czyka Othmana Abu Kharja; jego pogrzeb odby\u0142 si\u0119 w mie\u015bcie D\u017cenin na Zachodnim Brzegu Jordanu. Bliski Wsch\u00f3d, 22 sierpnia 2023 r. Fot. Nasser Nasser \/ AP Photo<\/em><\/span><\/p>\n<p style=\"text-align: left;\"><span style=\"color: #000080;\">\u2013 Palesty\u0144czycy i Izraelczycy s\u0105 zabijani i ranieni w aktach przemocy, do kt\u00f3rych dochodzi niemal ka\u017cdego dnia, nawet kilka godzin przed naszym spotkaniem \u2013 przekonywa\u0142. \u2013 Brak post\u0119p\u00f3w w kwestii politycznego rozwi\u0105zania pozostawi\u0142 niebezpieczn\u0105 pr\u00f3\u017cni\u0119, kt\u00f3r\u0105 wype\u0142niaj\u0105 ekstremi\u015bci ze wszystkich stron.<\/span><\/p>\n<p class=\"text--paragraph\" style=\"text-align: left;\"><span style=\"color: #000080;\">Cho\u0107 przyzna\u0142, \u017ce zar\u00f3wno izraelskie, jak i palesty\u0144skie w\u0142adze podejmuj\u0105 dzia\u0142ania, by ustabilizowa\u0107 obecn\u0105 niespokojn\u0105 sytuacj\u0119, liczba akt\u00f3w przemocy nie spada z powodu \u201ejednostronnych akcji&#8221; prowadz\u0105cych do eskalacji. W\u015br\u00f3d takich dzia\u0142a\u0144 wymieni\u0142 m.in. \u201eaktywno\u015b\u0107 bojow\u0105&#8221; Palesty\u0144czyk\u00f3w, \u201ekrucho\u015b\u0107&#8221; sytuacji finansowej palesty\u0144skich w\u0142adz, rozbudow\u0119 izraelskich osiedli na terenach okupowanych, operacje izraelskiej armii na Zachodnim Brzegu i ataki izraelskich osadnik\u00f3w na Palesty\u0144czyk\u00f3w.<\/span><\/p>\n<p class=\"text--paragraph\" style=\"text-align: left;\"><span style=\"color: #000080;\">Przypomnia\u0142 te\u017c o coraz trudniejszej sytuacji finansowej UNRWA, czyli agendy ONZ pomagaj\u0105cej palesty\u0144skim uchod\u017acom.<\/span><\/p>\n<p class=\"text--paragraph\" style=\"text-align: left;\"><span style=\"color: #000080;\">\u2013 Cho\u0107 dzi\u015b musimy skupi\u0107 si\u0119 g\u0142\u00f3wnie na deeskalacji, nie mo\u017cemy jednocze\u015bnie ignorowa\u0107 potrzeby przywr\u00f3cenia procesu politycznego \u2013 t\u0142umaczy\u0142 Wennesland, po czym wezwa\u0142 do \u201enatychmiastowego wstrzymania przemocy i uspokojenia sytuacji&#8221;. \u201eTa spirala prowadzi nas wy\u0142\u0105cznie do dalszego rozlewu krwi&#8221; \u2013 napisa\u0142 na Twitterze.**************************************************<\/span><\/p>\n<div class=\"text--embed\">\n<div class=\"twitter-tweet twitter-tweet-rendered\"><iframe loading=\"lazy\" id=\"twitter-widget-0\" class=\"\" title=\"Twitter Tweet\" src=\"https:\/\/platform.twitter.com\/embed\/Tweet.html?dnt=false&amp;embedId=twitter-widget-0&amp;features=eyJ0ZndfdGltZWxpbmVfbGlzdCI6eyJidWNrZXQiOltdLCJ2ZXJzaW9uIjpudWxsfSwidGZ3X2ZvbGxvd2VyX2NvdW50X3N1bnNldCI6eyJidWNrZXQiOnRydWUsInZlcnNpb24iOm51bGx9LCJ0ZndfdHdlZXRfZWRpdF9iYWNrZW5kIjp7ImJ1Y2tldCI6Im9uIiwidmVyc2lvbiI6bnVsbH0sInRmd19yZWZzcmNfc2Vzc2lvbiI6eyJidWNrZXQiOiJvbiIsInZlcnNpb24iOm51bGx9LCJ0ZndfZm9zbnJfc29mdF9pbnRlcnZlbnRpb25zX2VuYWJsZWQiOnsiYnVja2V0Ijoib24iLCJ2ZXJzaW9uIjpudWxsfSwidGZ3X21peGVkX21lZGlhXzE1ODk3Ijp7ImJ1Y2tldCI6InRyZWF0bWVudCIsInZlcnNpb24iOm51bGx9LCJ0ZndfZXhwZXJpbWVudHNfY29va2llX2V4cGlyYXRpb24iOnsiYnVja2V0IjoxMjA5NjAwLCJ2ZXJzaW9uIjpudWxsfSwidGZ3X3Nob3dfYmlyZHdhdGNoX3Bpdm90c19lbmFibGVkIjp7ImJ1Y2tldCI6Im9uIiwidmVyc2lvbiI6bnVsbH0sInRmd19kdXBsaWNhdGVfc2NyaWJlc190b19zZXR0aW5ncyI6eyJidWNrZXQiOiJvbiIsInZlcnNpb24iOm51bGx9LCJ0ZndfdXNlX3Byb2ZpbGVfaW1hZ2Vfc2hhcGVfZW5hYmxlZCI6eyJidWNrZXQiOiJvbiIsInZlcnNpb24iOm51bGx9LCJ0ZndfdmlkZW9faGxzX2R5bmFtaWNfbWFuaWZlc3RzXzE1MDgyIjp7ImJ1Y2tldCI6InRydWVfYml0cmF0ZSIsInZlcnNpb24iOm51bGx9LCJ0ZndfbGVnYWN5X3RpbWVsaW5lX3N1bnNldCI6eyJidWNrZXQiOnRydWUsInZlcnNpb24iOm51bGx9LCJ0ZndfdHdlZXRfZWRpdF9mcm9udGVuZCI6eyJidWNrZXQiOiJvbiIsInZlcnNpb24iOm51bGx9fQ%3D%3D&amp;frame=false&amp;hideCard=false&amp;hideThread=false&amp;id=1693735306380427375&amp;lang=pl&amp;origin=https%3A%2F%2Fwyborcza.pl%2F7%2C75399%2C30104856%2Conz-przemoc-na-bliskim-wschodzie-najwieksza-od-lat.html&amp;sessionId=f97416f98169d09d6f4fdfe9c201d994196bbd0f&amp;theme=light&amp;widgetsVersion=aaf4084522e3a%3A1674595607486&amp;width=550px\" width=\"680\" height=\"600\" frameborder=\"0\" scrolling=\"yes\" allowfullscreen=\"allowfullscreen\" data-tweet-id=\"1693735306380427375\" data-mce-fragment=\"1\"><\/iframe><\/p>\n<div class=\"is-initialized\" data-mc-placeholder-id=\"PLDM_NEWSLT2\"><\/div>\n<h4 class=\"text--title font-head-700\" style=\"text-align: center;\"><strong>Hamas: Ataki terrorystyczne to reakcja na rozbudow\u0119 osiedli<\/strong><\/h4>\n<p class=\"text--paragraph\" style=\"text-align: left;\"><span style=\"color: #000080;\">Nie tylko Wennesland alarmowa\u0142 na poniedzia\u0142kowym spotkaniu Rady Bezpiecze\u0144stwa, \u017ce sytuacja na Bliskim Wschodzie jest dzi\u015b wyj\u0105tkowo niebezpieczna. Ambasador USA przy ONZ Linda Thomas wezwa\u0142a do podj\u0119cia \u201enatychmiastowych krok\u00f3w na rzecz deeskalacji przemocy&#8221; i przypomnia\u0142a, \u017ce Waszyngton wspiera rozwi\u0105zanie konfliktu bliskowschodniego poprzez utworzenie dw\u00f3ch pa\u0144stw \u2013 izraelskiego i palesty\u0144skiego.<\/span><\/p>\n<div id=\"banC1\" style=\"text-align: left;\"><span style=\"color: #000080;\">Atak na Izraelk\u0119, o kt\u00f3rym wspomnia\u0142 Wennesland, mia\u0142 miejsce kilka godzin przed spotkaniem Rady Bezpiecze\u0144stwa. Kobieta zgin\u0119\u0142a, kiedy samoch\u00f3d, kt\u00f3rym jecha\u0142a, zosta\u0142 ostrzelany niedaleko Hebronu na Zachodnim Brzegu Jordanu.<\/span><\/div>\n<p style=\"text-align: center;\"><img decoding=\"async\" class=\"aligncenter\" src=\"https:\/\/bi.im-g.pl\/im\/87\/b5\/1c\/z30104967IH,Sluzby-na-miejscu-palestynskiego-ataku-w-poblizu-m.jpg\" width=\"100%\" \/><span style=\"color: #808080;\"><em>S\u0142u\u017cby na miejscu palesty\u0144skiego ataku w pobli\u017cu miasta Hebron na Zachodnim Brzegu Jordanu, w kt\u00f3rym zgin\u0119\u0142a izraelska przedszkolanka, 21 sierpnia 2023 r. Fot. Mahmoud Illean \/ AP Photo<\/em><\/span><\/p>\n<p class=\"text--paragraph\" style=\"text-align: left;\"><span style=\"color: #000080;\">Jak opisuje BBC, z samochodu przeje\u017cd\u017caj\u0105cego niedaleko osiedla Bejt Hagai wystrzelono ponad dwadzie\u015bcia pocisk\u00f3w. Wed\u0142ug izraelskich medi\u00f3w ofiar\u0105 jest Batszewa Nigri, przedszkolanka z Bejt Hagai, matka tr\u00f3jki dzieci. Jej sze\u015bcioletnia c\u00f3rka, kt\u00f3ra r\u00f3wnie\u017c by\u0142a w ostrzelanym samochodzie, nie zosta\u0142a ranna.<\/span><\/p>\n<p class=\"text--paragraph\" style=\"text-align: left;\"><span style=\"color: #000080;\">Trwa poszukiwanie sprawc\u00f3w. Jak informuje izraelska armia, \u017co\u0142nierze \u015bcigaj\u0105 podejrzanych, w rejonie rozstawiono blokady. Wed\u0142ug palesty\u0144skich medi\u00f3w armia otoczy\u0142a Hebron, a Palesty\u0144czycy wje\u017cd\u017caj\u0105cy do miasta i opuszczaj\u0105cy je s\u0105 przes\u0142uchiwani.<\/span><\/p>\n<p class=\"text--paragraph\" style=\"text-align: left;\"><span style=\"color: #000080;\">Cho\u0107 nikt nie przyzna\u0142 si\u0119 do ostrzelania samochodu, radyka\u0142owie z palesty\u0144skiego Hamasu pochwalili atak, nazywaj\u0105c go \u201enaturaln\u0105 reakcj\u0105&#8221; na rozbudow\u0119 izraelskich osiedli na Zachodnim Brzegu.<\/span><\/p>\n<p class=\"text--paragraph\" style=\"text-align: left;\"><span style=\"color: #000080;\">Na miejsce wydarze\u0144 przyjecha\u0142 izraelski premier Beniamin Netanjahu, kt\u00f3ry przypomnia\u0142, \u017ce \u201eIzrael jest ofiar\u0105 atak\u00f3w terrorystycznych wspieranych, fundowanych i nadzorowanych przez Iran i jego kraje satelickie&#8221;. Szef rz\u0105du ma na my\u015bli wsparcie, jakiego Teheran od lat udziela palesty\u0144skim radyka\u0142om.<\/span><\/p>\n<p style=\"text-align: center;\"><img decoding=\"async\" class=\"aligncenter\" src=\"https:\/\/bi.im-g.pl\/im\/8d\/b5\/1c\/z30104973IH,Pogrzeb-Batszewy-Nigri--ofiary-palestynskiego-atak.jpg\" width=\"100%\" \/><span style=\"color: #808080;\"><em>Pogrzeb Batszewy Nigri, ofiary palesty\u0144skiego ataku. Osiedle Kfar Etzion na Zachodnim Brzegu, 21 sierpnia 2023 r. Fot. Ohad Zwigenberg \/ AP Photo<\/em><\/span><\/p>\n<h4 class=\"text--title font-head-700\" style=\"text-align: center;\"><strong>Bliski Wsch\u00f3d. Coraz wi\u0119cej palesty\u0144skich atak\u00f3w i izraelskich nalot\u00f3w<\/strong><\/h4>\n<p class=\"text--paragraph\" style=\"text-align: left;\"><span style=\"color: #000080;\">By\u0142 to niejedyny w ostatnich dniach akt przemocy.<\/span><\/p>\n<p class=\"text--paragraph\" style=\"text-align: left;\"><span style=\"color: #000080;\">Jak informuje palesty\u0144skie ministerstwo zdrowia, tak\u017ce w poniedzia\u0142ek w starciach w wiosce Bejta na p\u00f3\u0142nocy Zachodniego Brzegu izraelskie si\u0142y rani\u0142y sze\u015bciu Palesty\u0144czyk\u00f3w. Jedna osoba jest w stanie krytycznym. Wed\u0142ug BBC na nagraniach, jakie trafi\u0142y do sieci, wida\u0107 m\u0119\u017cczyzn\u0119 postrzelonego w ty\u0142 g\u0142owy podczas\u00a0ucieczki przed \u017co\u0142nierzami.<\/span><\/p>\n<p class=\"text--paragraph\" style=\"text-align: left;\"><span style=\"color: #000080;\">Z kolei w ostatni\u0105 sobot\u0119 w pobli\u017cu wioski Huwara na Zachodnim Brzegu palesty\u0144ski terrorysta zastrzeli\u0142 sze\u015b\u0107dziesi\u0119cioletniego Izraelczyka i jego syna, a dzie\u0144 wcze\u015bniej izraelskie si\u0142y powa\u017cnie postrzeli\u0142y pi\u0119tnastoletniego Palesty\u0144czyka we Wschodniej Jerozolimie. Wed\u0142ug policji ch\u0142opak rzuca\u0142 w Izraelczyk\u00f3w koktajlem Mo\u0142otowa.<\/span><\/p>\n<p class=\"text--paragraph\" style=\"text-align: left;\"><span style=\"color: #000080;\">Od pocz\u0105tku roku liczba akt\u00f3w przemocy w Izraelu i na Zachodnim Brzegu Jordanu wyra\u017anie ro\u015bnie. Izraelska armia przeprowadza dziesi\u0105tki operacji zbrojnych w palesty\u0144skich miastach i obozach dla uchod\u017ac\u00f3w, gdzie \u015bciga radyka\u0142\u00f3w z Islamskiego D\u017cihadu, Hamasu i innych ugrupowa\u0144, z kt\u00f3rymi nie radz\u0105 sobie palesty\u0144skie s\u0142u\u017cby bezpiecze\u0144stwa. Oliwy do ognia dolewa skrajnie prawicowy izraelski rz\u0105d z udzia\u0142em otwarcie antyarabskich polityk\u00f3w, kt\u00f3ry forsuje rozbudow\u0119 \u017cydowskich osiedli na okupowanych terenach, co jest jedn\u0105 z przeszk\u00f3d na drodze do utworzenia w przysz\u0142o\u015bci palesty\u0144skiego pa\u0144stwa.<\/span><\/p>\n<p class=\"text--paragraph\" style=\"text-align: left;\"><span style=\"color: #000080;\">Jednocze\u015bnie palesty\u0144scy terrory\u015bci coraz cz\u0119\u015bciej atakuj\u0105 izraelskich cywil\u00f3w zar\u00f3wno w Izraelu, jak i na Zachodnim Brzegu Jordanu, a palesty\u0144ska opinia publiczna mocno si\u0119 radykalizuje. Szczeg\u00f3lnie m\u0142odzi maj\u0105 do\u015b\u0107 bezczynno\u015bci nieudolnych, skorumpowanych w\u0142adz,<a id=\"LinkArea:embed_link\" class=\"text--link \" style=\"color: #000080;\" title=\" nie wierz\u0105 w martwy od lat proces pokojowy\" href=\"https:\/\/wyborcza.pl\/7,75399,29507497,izrael-atak-na-osadnikow-i-zamieszki-na-zachodnim-brzegu.html#S.embed_link-K.C-B.1-L.1.zw\" rel=\"dofollow\" data-bd-viewability=\"1\" data-bd-viewability-id=\"embed_link\" data-bd-viewability-href=\"https:\/\/wyborcza.pl\/7,75399,29507497,izrael-atak-na-osadnikow-i-zamieszki-na-zachodnim-brzegu.html#S.embed_link-K.C-B.1-L.1.zw\">\u00a0nie wierz\u0105 w martwy od lat proces pokojowy<\/a>\u00a0i popieraj\u0105 zbrojny op\u00f3r wobec izraelskiej okupacji.<\/span><\/p>\n<p class=\"text--paragraph\" style=\"text-align: left;\"><span style=\"color: #000080;\">W efekcie gwa\u0142townie ro\u015bnie liczba atak\u00f3w po obu stronach. A tak\u017ce \u2013 jak alarmuje ONZ \u2013<a id=\"LinkArea:embed_link\" class=\"text--link \" style=\"color: #000080;\" title=\" liczba ofiar \u015bmiertelnych.\" href=\"https:\/\/wyborcza.pl\/7,75399,29891737,izrael-palestynscy-napastnicy-zabili-czterech-izraelczykow.html#S.embed_link-K.C-B.1-L.2.zw\" rel=\"dofollow\" data-bd-viewability=\"1\" data-bd-viewability-id=\"embed_link\" data-bd-viewability-href=\"https:\/\/wyborcza.pl\/7,75399,29891737,izrael-palestynscy-napastnicy-zabili-czterech-izraelczykow.html#S.embed_link-K.C-B.1-L.2.zw\">\u00a0liczba ofiar \u015bmiertelnych.<\/a><\/span><\/p>\n<hr style=\"height: 15px; background: #d0e6fa; width: 100%;\" \/>\n<h3 style=\"text-align: center;\"><span style=\"color: #808080;\"><strong>Komentarze<\/strong><\/span><\/h3>\n<hr style=\"height: 15px; background: #d0e6fa; width: 100%;\" \/>\n<h5 class=\"cHead\" style=\"text-align: center;\"><strong><span class=\"cName\" style=\"color: #800000;\">Andrzej Koraszewski\u00a0 <\/span><span class=\"cDate\">24.08.2023, 10:07<\/span><\/strong><\/h5>\n<div class=\"cBody\" style=\"text-align: left;\"><span style=\"color: #000080;\">Na poz\u00f3r czytelnik otrzymuje bezstronn\u0105 informacj\u0119 o stanowisku wa\u017cnej instytucji. Rada Bezpiecze\u0144stwa Organizacji Narod\u00f3w Zjednoczonych jest zaniepokojona wzrostem przemocy na Bliskim Wschodzie. Pierwszy akapit (kt\u00f3ry dla wielu b\u0119dzie r\u00f3wnie\u017c ostatnim) g\u0142osi:<\/span><\/div>\n<div class=\"cBody\" style=\"text-align: left; padding-left: 40px;\">\n<strong>&#8220;Rada Bezpiecze\u0144stwa ONZ alarmuje, \u017ce od pocz\u0105tku roku w wyniku przemocy na Bliskim Wschodzie zgin\u0119\u0142o ju\u017c ponad 200 Palesty\u0144czyk\u00f3w i ok. 30 Izraelczyk\u00f3w. To najwi\u0119ksza liczba ofiar od blisko dw\u00f3ch dekad.&#8221;<\/strong><\/div>\n<div class=\"cBody\" style=\"text-align: left;\">\n<span style=\"color: #000080;\">Z <strong>200<\/strong> Palesty\u0144czyk\u00f3w <strong>199<\/strong> by\u0142o uzbrojonymi terrorystami, <strong>30<\/strong> Izraelczyk\u00f3w to ofiary terroru. <\/span><span style=\"color: #000080;\">Czy jest to \u015bwiadome pod\u017ceganie do antysemityzmu w spo\u0142ecze\u0144stwie i bez tego prze\u017cartym antysemityzmem?<\/span><\/div>\n<div class=\"cBody\" style=\"text-align: left;\">\n<span style=\"color: #000080;\">Specjalny wys\u0142annik ONZ na Bliski Wsch\u00f3d Tor Wennesland alarmuje w typowy dla siebie spos\u00f3b. Nie informuje, \u017ce jest to \u015bwiadomie nakr\u0119cana przez Iran spirala terroru, nie informuje, \u017ce Izrael zaledwie si\u0119 broni, jak tylko mo\u017ce unikaj\u0105c ofiar w\u015br\u00f3d palesty\u0144skich cywil\u00f3w, Wennesland chce i udaje mu si\u0119 przedstawi\u0107 t\u0119 spraw\u0119 jako dysproporcjonaln\u0105<\/span> &#8220;<span style=\"color: #800000;\"><strong>spirale przemocy<\/strong><\/span>&#8220;, <span style=\"color: #000080;\">w kt\u00f3rej ginie nieproporcjonalnie ma\u0142o \u017byd\u00f3w.<\/span><\/div>\n<div class=\"cBody\" style=\"text-align: left;\">\n<span style=\"color: #000080;\">Autorka artyku\u0142u przekazuje odra\u017caj\u0105c\u0105 antysemick\u0105 propagand\u0119, a redakcja podkre\u015bla j\u0105 materia\u0142em zdj\u0119ciowym. Tu\u017c pod tytu\u0142em artyku\u0142u, kt\u00f3ry g\u0142osi: ONZ ? PRZEMOC NA BLISKIM WSCHODZIE NAJWI\u0118KSZA OD LAT widzimy ckliwe zdj\u0119cie ma\u0142ego ch\u0142opca i podpis:<\/span><\/div>\n<div><\/div>\n<div class=\"cBody\" style=\"text-align: left; padding-left: 40px;\"><strong>&#8220;Palesty\u0144ski ch\u0142opiec ucierpia\u0142 podczas zamieszek &#8211; nawdycha\u0142 si\u0119 gazu \u0142zawi\u0105cego u\u017cytego przez izraelskich \u017co\u0142nierzy.&#8221;<\/strong><\/div>\n<div class=\"cBody\" style=\"text-align: left;\">\n<span style=\"color: #000080;\">\u017beby czytelnik si\u0119 nie zgubi\u0142 gazeta informuje wielkimi literami, \u017ce Palesty\u0144czycy walcz\u0105 przeciw izraelskiej okupacji. Dalszy tekst powtarza zbitki z poradnika agitatora:<\/span><\/div>\n<div class=\"cBody\" style=\"text-align: left; padding-left: 40px;\">\n<strong>&#8220;Palesty\u0144czycy i Izraelczycy s\u0105 zabijani i ranieni w aktach przemocy&#8221;<\/strong><\/div>\n<div class=\"cBody\" style=\"text-align: left;\">\n<span style=\"color: #000080;\">Znaj\u0105cy sytuacj\u0119 czytelnik musi si\u0119 zastanawia\u0107, czy pani Marta Urz\u0119dowska serwuje \u015bwiadome k\u0142amstwa, czy automatycznie jedzie szablonem z \u015bwiatowej prasy:<\/span><\/div>\n<div><\/div>\n<div class=\"cBody\" style=\"text-align: left;\"><span style=\"color: #000080;\">Cho\u0107 [Wennesland ] przyzna\u0142, \u017ce zar\u00f3wno izraelskie, jak i palesty\u0144skie w\u0142adze podejmuj\u0105 dzia\u0142ania, by ustabilizowa\u0107 obecn\u0105 niespokojn\u0105 sytuacj\u0119, liczba akt\u00f3w przemocy nie spada z powodu &#8220;jednostronnych akcji&#8221; prowadz\u0105cych do eskalacji.<\/span><\/div>\n<div class=\"cBody\" style=\"text-align: left;\">\n<span style=\"color: #000080;\">Dla symetrii pani Urz\u0119dowska wspomina, \u017ce Netanjahu przypomnia\u0142, \u017ce -Izrael jest ofiar\u0105 atak\u00f3w terrorystycznych wspieranych, fundowanych i nadzorowanych przez Iran i jego kraje satelickie&#8221;.<\/span><\/div>\n<div class=\"cBody\" style=\"text-align: left;\">\n<span style=\"color: #000080;\">Pani Urz\u0119dowska prawdopodobnie wie, \u017ce w 2006 roku <strong>Komisja Praw Cz\u0142owieka ONZ<\/strong> zosta\u0142a zlikwidowana z powodu jej skandalicznie antyizraelskiego dzia\u0142ania i \u017ce zosta\u0142a zast\u0105piona <strong>Rad\u0105 Praw Cz\u0142owieka ONZ<\/strong>, kt\u00f3ra podobnie jak palesty\u0144skie s\u0142u\u017cby bezpiecze\u0144stwa nie radzi sobie z w\u0142asnym antysemityzmem. <\/span><\/div>\n<div><\/div>\n<div class=\"cBody\" style=\"text-align: left;\"><span style=\"color: #000080;\">Pani Urz\u0119dowska prawdopodobnie wie, \u017ce ONZ wydaje wi\u0119cej pot\u0119pie\u0144 Izraela ni\u017c pot\u0119pie\u0144 reszty kraj\u00f3w \u015bwiata \u0142\u0105cznie i \u017ce s\u0105 po temu powody, poniewa\u017c ONZ s\u0142u\u017cy ukrywaniu zbrodni swoich cz\u0142onk\u00f3w, a nie ich ujawnianiu. <\/span><\/div>\n<div><\/div>\n<div class=\"cBody\" style=\"text-align: left;\"><span style=\"color: #000080;\">Autorka tego artyku\u0142u zapewne wie, \u017ce nie jest to \u017caden &#8220;<strong>cykl przemocy<\/strong>&#8221; tylko kolejna fala terroru wobec \u017cydowskiego pa\u0144stwa. <span style=\"color: #800000;\"><strong>Uczciwa relacja o terrorze i jego dyskretnym wsparciu przez ONZ by\u0142aby jednak \u017ale przyj\u0119ta przez redakcj\u0119 i przez czytelnik\u00f3w.<\/strong><\/span><\/span><\/div>\n<hr style=\"height: 15px; background: #d0e6fa; width: 100%;\" \/>\n<div id=\"content\" class=\"content-alignment\">\n<div id=\"watch-description\" class=\"yt-uix-button-panel\">\n<div id=\"watch-description-text\" style=\"text-align: center;\">\n<p><em>Zawarto\u015b\u0107 publikowanych artyku\u0142\u00f3w i materia\u0142\u00f3w nie reprezentuje pogl\u0105d\u00f3w ani opinii Reunion&#8217;68,<\/em><em><br \/>\nani te\u017c webmastera Blogu Reunion&#8217;68, chyba ze jest to wyra\u017anie zaznaczone.<br \/>\nTwoje uwagi, linki, w\u0142asne artyku\u0142y lub wiadomo\u015bci prze\u015blij na adres:<br \/>\n<\/em><span style=\"color: #000080;\"><strong><em><a style=\"color: #000080;\" href=\"mailto:webmaster@reunion68.com\"><span style=\"text-decoration: underline;\">webmaster@reunion68.com<\/span><\/a><\/em><\/strong><\/span><\/p>\n<\/div>\n<\/div>\n<\/div>\n<hr style=\"width: 100%;\" \/>\n<\/div>\n<\/div>\n","protected":false},"excerpt":{"rendered":"<p>Cz\u0142onek zespo\u0142u Zaka Rescue and Recovery pracuje na miejscu strzelaniny w pobli\u017cu miasta Hebron na Zachodnim Brzegu, 21 sierpnia 2023 r. ONZ: Przemoc na Bliskim Wschodzie najwi\u0119ksza od lat Marta Urz\u0119dowska Rada Bezpiecze\u0144stwa ONZ alarmuje, \u017ce od pocz\u0105tku roku w wyniku przemocy na Bliskim Wschodzie zgin\u0119\u0142o ju\u017c ponad 200 Palesty\u0144czyk\u00f3w i ok. 30 Izraelczyk\u00f3w. To [&hellip;]<\/p>\n","protected":false},"author":1,"featured_media":0,"comment_status":"closed","ping_status":"closed","sticky":false,"template":"","format":"standard","meta":[],"categories":[6],"tags":[26,24],"_links":{"self":[{"href":"https:\/\/www.reunion68.se\/index.php?rest_route=\/wp\/v2\/posts\/106538"}],"collection":[{"href":"https:\/\/www.reunion68.se\/index.php?rest_route=\/wp\/v2\/posts"}],"about":[{"href":"https:\/\/www.reunion68.se\/index.php?rest_route=\/wp\/v2\/types\/post"}],"author":[{"embeddable":true,"href":"https:\/\/www.reunion68.se\/index.php?rest_route=\/wp\/v2\/users\/1"}],"replies":[{"embeddable":true,"href":"https:\/\/www.reunion68.se\/index.php?rest_route=%2Fwp%2Fv2%2Fcomments&post=106538"}],"version-history":[{"count":18,"href":"https:\/\/www.reunion68.se\/index.php?rest_route=\/wp\/v2\/posts\/106538\/revisions"}],"predecessor-version":[{"id":106560,"href":"https:\/\/www.reunion68.se\/index.php?rest_route=\/wp\/v2\/posts\/106538\/revisions\/106560"}],"wp:attachment":[{"href":"https:\/\/www.reunion68.se\/index.php?rest_route=%2Fwp%2Fv2%2Fmedia&parent=106538"}],"wp:term":[{"taxonomy":"category","embeddable":true,"href":"https:\/\/www.reunion68.se\/index.php?rest_route=%2Fwp%2Fv2%2Fcategories&post=106538"},{"taxonomy":"post_tag","embeddable":true,"href":"https:\/\/www.reunion68.se\/index.php?rest_route=%2Fwp%2Fv2%2Ftags&post=106538"}],"curies":[{"name":"wp","href":"https:\/\/api.w.org\/{rel}","templated":true}]}}