{"id":106542,"date":"2023-09-04T17:00:31","date_gmt":"2023-09-04T15:00:31","guid":{"rendered":"http:\/\/www.reunion68.se\/?p=106542"},"modified":"2023-08-30T09:36:55","modified_gmt":"2023-08-30T07:36:55","slug":"30-00-79","status":"publish","type":"post","link":"https:\/\/www.reunion68.se\/?p=106542","title":{"rendered":"Australian Pop Singer Troye Sivan Releases Lifestyle Brand Inspired by His Jewish Heritage"},"content":{"rendered":"<h5 style=\"text-align: center;\"><a href=\"https:\/\/www.algemeiner.com\/\" target=\"_blank\" rel=\"noopener noreferrer\"><img decoding=\"async\" class=\"center alignleft\" src=\"http:\/\/www.reunion68.com\/Biuletyn\/img\/algem.png\" alt=\"\" width=\"35%\"><\/a><span style=\"text-decoration: underline; color: #000080;\"><span><strong><a style=\"color: #000080; text-decoration: underline;\" href=\"https:\/\/www.algemeiner.com\/2023\/08\/24\/australian-pop-singer-troye-sivan-releases-lifestyle-brand-inspired-jewish-heritage\/\" target=\"_blank\" rel=\"noopener noreferrer\">Australian Pop Singer Troye Sivan Releases Lifestyle Brand Inspired by His Jewish Heritage<\/a><\/strong><\/span><\/span><\/h5>\n<p style=\"text-align: center;\"><span style=\"color: #000000;\"><strong>Shiryn Ghermezian<\/strong><\/span><\/p>\n<hr style=\"height: 15px; background: #d0e6fa; width: 100%;\">\n<p style=\"text-align: center;\"><img decoding=\"async\" class=\"aligncenter\" src=\"https:\/\/www.algemeiner.com\/wp-content\/uploads\/2023\/08\/2023-06-19T000000Z_2075796941_MT1NURPHO0007VM4Z6_RTRMADP_3_ITALY-CELEBRITIES-1.jpg\" width=\"100%\"><span style=\"color: #808080;\"><em>Troye Sivan attends the Prada Dinner Party during the Milan Men\u2019s Fashion Week Spring Summer 2024 on June 18, 2023 in Milan, Italy. Photo by Alessandro Bremec\/NurPhoto via Reuters Connect<\/em><\/span><\/p>\n<p style=\"text-align: left;\"><span style=\"color: #000080;\">Australian Jewish pop singer and actor Troye Sivan recently released his own new luxury lifestyle brand that is an ode to his Jewish ancestry and derives its name from a Yiddish phrase.<\/span><\/p>\n<p style=\"text-align: left;\"><span style=\"color: #000080;\">The Australia-based company that Sivan, 28, independently started with his brother is called Tsu Lange Yor and it \u201cmeans \u2018to long years\u2019 in Yiddish, which is the language that my great-grandmother spoke,\u201d he explained in an&nbsp;<a style=\"color: #000080;\" href=\"https:\/\/www.instagram.com\/reel\/CwBc88eIL4i\/?utm_source=ig_embed&amp;ig_rid=e999ae14-c4dd-48f1-abb6-ba7e7cd05ff2\" target=\"_blank\" rel=\"noopener noreferrer\">Instagram video<\/a>. \u201cIt\u2019s all about taking a second to treat yourself, slow down, and be present in your space that you love.\u201d<\/span><\/p>\n<p style=\"text-align: left;\"><span style=\"color: #000080;\">Tsu Lange Yor includes all Australian-made products like candles, fragrances, and some home decor pieces, such as a limited edition dreidel and base signed by Sivan. The Melbourne-based actor, who stars in the drama series&nbsp;<em>The Idol&nbsp;<\/em>on HBO Max, told the American fashion magazine<em>&nbsp;W<\/em>&nbsp;in a&nbsp;<a style=\"color: #000080;\" href=\"https:\/\/www.wmagazine.com\/life\/troye-sivan-fragrance-home-tsu-lange-yor-interview\" target=\"_blank\" rel=\"noopener noreferrer\">new interview<\/a>&nbsp;that he really wanted to add elements from his Jewish heritage into the collection, saying, \u201cI\u2019m not particularly religious; I kind of tapped out after my bar mitzvah. But culturally, it\u2019s a huge part of who I am.\u201d<\/span><\/p>\n<p style=\"text-align: left;\"><span style=\"color: #000080;\">\u201cA lot of the culturally Jewish stuff I do reminds me of my family; my great-grandmother spoke Yiddish in the house when I was young,\u201d Sivan explained. \u201cAnd I\u2019ve always said, I don\u2019t care if we don\u2019t say the prayer necessarily, but doing Shabbat dinner is important to me. I did it every single Friday night growing up. That\u2019s the kind of stuff that makes up my fondest childhood memories.\u201d<\/span><\/p>\n<div id=\"post_content\">\n<p style=\"text-align: left;\"><span style=\"color: #000080;\">The&nbsp;<em>Rush<\/em>&nbsp;singer went on to say that, despite struggling at times with his identity, he\u2019s a proud Jew.<\/span><\/p>\n<p style=\"text-align: left;\"><span style=\"color: #000080;\">\u201cAnd considering I\u2019m not very religious and I\u2019m queer, my Jewish identity was something I grappled with and was unsure about,\u201d he added. \u201cI liked the idea of reclaiming it and proudly saying, even to other Jewish people, \u2018I\u2019m queer and I\u2019m also a Jew \u2014 and these are things that are both equally important in the makeup of who I am.&#8217;\u201d<\/span><\/p>\n<p style=\"text-align: left;\"><span style=\"color: #000080;\">Sivan\u2019s grandmother fled antisemitism in Eastern Europe. The singer was born in Johannesburg, South Africa, but his family moved to Australia when he was two years old. Some of his first public performances included singing at Yom Kippur services, according to&nbsp;<em>Daze<\/em>&nbsp;magazine.<\/span><\/p>\n<p style=\"text-align: left;\"><span style=\"color: #000080;\">Sivan \u2014 who played a young Wolverine in the 2009 film&nbsp;<em>X-Men Origins: Wolverine \u2014&nbsp;<\/em>told&nbsp;<em>W<\/em>&nbsp;magazine he had a \u201clit\u201d bar mitzvah party in the garage of his family home and also showed off some of his Yiddish skills, saying some of his favorite words in the language include such as&nbsp;<em>schlep<\/em>,&nbsp;<em>schmuck<\/em>,&nbsp;<em>nebbish<\/em>, and&nbsp;<em>davka<\/em>.<\/span><\/p>\n<p style=\"text-align: left;\"><span style=\"color: #000080;\">He added that while Tsu Lange Yor features a dreidel in its first launch, he\u2019s unsure if he will design other Judaica pieces.<\/span><\/p>\n<p style=\"text-align: left;\"><span style=\"color: #000080;\">\u201cIt was important to have an object off the bat that felt a little bit eccentric and indulgent and also spoke to the brand\u2019s Jewish identity and my Jewish identity. But I don\u2019t know that it\u2019s necessarily going to be an ongoing theme,\u201d he said. \u201cI mean, if Jewish people all around the world are like, \u2018Troye, make a mezuzah case,\u2019 maybe I will.\u201d<\/span><\/p>\n<\/div>\n<hr style=\"height: 15px; background: #d0e6fa; width: 100%;\">\n<div id=\"content\" class=\"content-alignment\">\n<div id=\"watch-description\" class=\"yt-uix-button-panel\">\n<div id=\"watch-description-text\" style=\"text-align: center;\">\n<p><em>Zawarto\u015b\u0107 publikowanych artyku\u0142\u00f3w i materia\u0142\u00f3w nie reprezentuje pogl\u0105d\u00f3w ani opinii Reunion&#8217;68,<\/em><em><br \/>\nani te\u017c webmastera Blogu Reunion&#8217;68, chyba ze jest to wyra\u017anie zaznaczone.<br \/>\nTwoje uwagi, linki, w\u0142asne artyku\u0142y lub wiadomo\u015bci prze\u015blij na adres:<br \/>\n<\/em><span style=\"color: #000080;\"><strong><em><a style=\"color: #000080;\" href=\"mailto:webmaster@reunion68.com\"><span style=\"text-decoration: underline;\">webmaster@reunion68.com<\/span><\/a><\/em><\/strong><\/span><\/p>\n<\/div>\n<\/div>\n<\/div>\n<hr style=\"width: 100%;\">\n","protected":false},"excerpt":{"rendered":"<p>Australian Pop Singer Troye Sivan Releases Lifestyle Brand Inspired by His Jewish Heritage Shiryn Ghermezian Troye Sivan attends the Prada Dinner Party during the Milan Men\u2019s Fashion Week Spring Summer 2024 on June 18, 2023 in Milan, Italy. Photo by Alessandro Bremec\/NurPhoto via Reuters Connect Australian Jewish pop singer and actor Troye Sivan recently released [&hellip;]<\/p>\n","protected":false},"author":1,"featured_media":0,"comment_status":"closed","ping_status":"closed","sticky":false,"template":"","format":"standard","meta":[],"categories":[6],"tags":[26,24],"_links":{"self":[{"href":"https:\/\/www.reunion68.se\/index.php?rest_route=\/wp\/v2\/posts\/106542"}],"collection":[{"href":"https:\/\/www.reunion68.se\/index.php?rest_route=\/wp\/v2\/posts"}],"about":[{"href":"https:\/\/www.reunion68.se\/index.php?rest_route=\/wp\/v2\/types\/post"}],"author":[{"embeddable":true,"href":"https:\/\/www.reunion68.se\/index.php?rest_route=\/wp\/v2\/users\/1"}],"replies":[{"embeddable":true,"href":"https:\/\/www.reunion68.se\/index.php?rest_route=%2Fwp%2Fv2%2Fcomments&post=106542"}],"version-history":[{"count":4,"href":"https:\/\/www.reunion68.se\/index.php?rest_route=\/wp\/v2\/posts\/106542\/revisions"}],"predecessor-version":[{"id":106698,"href":"https:\/\/www.reunion68.se\/index.php?rest_route=\/wp\/v2\/posts\/106542\/revisions\/106698"}],"wp:attachment":[{"href":"https:\/\/www.reunion68.se\/index.php?rest_route=%2Fwp%2Fv2%2Fmedia&parent=106542"}],"wp:term":[{"taxonomy":"category","embeddable":true,"href":"https:\/\/www.reunion68.se\/index.php?rest_route=%2Fwp%2Fv2%2Fcategories&post=106542"},{"taxonomy":"post_tag","embeddable":true,"href":"https:\/\/www.reunion68.se\/index.php?rest_route=%2Fwp%2Fv2%2Ftags&post=106542"}],"curies":[{"name":"wp","href":"https:\/\/api.w.org\/{rel}","templated":true}]}}