{"id":106570,"date":"2023-08-26T17:05:42","date_gmt":"2023-08-26T15:05:42","guid":{"rendered":"http:\/\/www.reunion68.se\/?p=106570"},"modified":"2023-08-26T14:48:45","modified_gmt":"2023-08-26T12:48:45","slug":"31-05-48","status":"publish","type":"post","link":"https:\/\/www.reunion68.se\/?p=106570","title":{"rendered":"Is it racist to prioritize freedom from terror?"},"content":{"rendered":"<h5 style=\"text-align: center;\"><a href=\"https:\/\/www.jns.org\/\" target=\"_blank\" rel=\"noopener noreferrer\"><img decoding=\"async\" class=\"center alignleft\" src=\"http:\/\/www.reunion68.com\/Biuletyn\/img\/jns-1.png\" alt=\"\" width=\"35%\" \/><\/a><span style=\"text-decoration: underline; color: #000080;\"><strong><a style=\"color: #000080; text-decoration: underline;\" href=\"https:\/\/www.jns.org\/israel-palestinianconflict\/itamar-ben-gvir\/23\/8\/25\/313549\/\" target=\"_blank\" rel=\"noopener noreferrer\">Is it racist to prioritize freedom from terror?<\/a><\/strong><\/span><\/h5>\n<p style=\"text-align: center;\"><span style=\"color: #000000;\"><strong>JONATHAN S. TOBIN<\/strong><\/span><\/p>\n<hr style=\"height: 15px; background: #d0e6fa; width: 100%;\" \/>\n<h4 style=\"text-align: center;\"><strong>The U.S. State Department condemned recent comments by Itamar Ben-Gvir. But the <span style=\"color: #800000;\">real problem is<\/span> not what the controversial cabinet member said; it\u2019s (USA) <span style=\"color: #800000;\">support for a Palestinian right to terror<\/span>.<\/strong><\/h4>\n<p style=\"text-align: center;\">.<br \/>\n<img decoding=\"async\" src=\"https:\/\/cdn.jns.org\/uploads\/2023\/02\/F230215YS25-1320x880.jpg\" width=\"100%\" \/><span style=\"color: #808080;\"><em>Israel&#8217;s National Security Minister Itamar Ben-Gvir speaks during a Knesset Foreign Affairs and Defense Committee meeting, Feb. 15, 2023. Photo by Yonatan Sindel\/Flash90.<\/em><\/span><\/p>\n<p class=\"wp-block-paragraph\" style=\"text-align: left;\"><span style=\"color: #000080;\">So much of what has been tearing Israel apart in the last several months can be traced back to public opinion about one man\u2014and his last name isn\u2019t Benjamin Netanyahu. The list of issues dividing Israelis since protests ostensibly against judicial reform began in January is long. But there can be no underestimating the way that attitudes towards National Security Minister Itamar Ben-Gvir have influenced the debate about the international campaign to delegitimize the government that was formed after last November\u2019s Knesset election.<\/span><\/p>\n<p class=\"wp-block-paragraph\" style=\"text-align: left;\"><span style=\"color: #000080;\">Ben-Gvir was back in the news this week when his comments during an interview on Israel\u2019s\u00a0<em>Channel 12<\/em>\u00a0made him the focus of renewed controversy. In discussing the recent surge of Arab terrorism with Israeli-Arab journalist Mohammad Magadli and whether more stringent measures should be taken to stop the bloodshed, Ben-Gvir said, <strong>\u201cMy right, the right of my wife and my children to move around Judea and Samaria is more important than freedom of movement for the Arabs. <span style=\"color: #800000;\">The right to life comes before freedom of movement.<\/span>\u201d<\/strong><\/span><\/p>\n<p class=\"wp-block-paragraph\" style=\"text-align: left;\"><span style=\"color: #000080;\">Most media sources quoting Ben-Gvir didn\u2019t include the last sentence in the quote they used. Shorn of that line and taken out of the context of a discussion of a series of murders of Jews by Palestinians who are then celebrated by their community and its leadership as heroes, the comment came across as unabashed racism. The notion that a Jewish right to free movement takes precedence over similar rights for Arabs is repugnant.<\/span><\/p>\n<p class=\"wp-block-paragraph\" style=\"text-align: left;\"><span style=\"color: #000080;\">That was the way it was interpreted by numerous media outlets, as well as the U.S. State Department, which took the trouble to specifically\u00a0<a style=\"color: #000080;\" href=\"https:\/\/www.bbc.com\/news\/world-middle-east-66614459\">conde<\/a><a style=\"color: #000080;\" href=\"https:\/\/www.bbc.com\/news\/world-middle-east-66614459\" target=\"_blank\" rel=\"noreferrer noopener\">m<\/a><a style=\"color: #000080;\" href=\"https:\/\/www.bbc.com\/news\/world-middle-east-66614459\">n<\/a>\u00a0Ben-Gvir for what it described as \u201cinflammatory comments\u201d and \u201call racist rhetoric.\u201d<\/span><\/p>\n<p class=\"wp-block-paragraph\" style=\"text-align: left;\"><span style=\"color: #000080;\">The contretemps also caused a furor on social media where Palestinian-American supermodel Bella Hadid posted a video of Ben-Gvir\u2019s statement on an Instagram\u00a0<a style=\"color: #000080;\" href=\"https:\/\/www.instagram.com\/stories\/bellahadid\/3176499827882124261\/\" target=\"_blank\" rel=\"noreferrer noopener\">story<\/a>\u00a0to her 60 million followers to which she appended the pious sentiment that: \u201cIn no place, no time, especially in 2023 should one life be more valuable than another\u2019s. Especially simply because of their ethnicity, culture or pure hatred.\u201d<\/span><\/p>\n<p class=\"wp-block-paragraph\" style=\"text-align: left;\"><span style=\"color: #000080;\">Ben-Gvir pushed back at the model, calling her an \u201cIsrael-hater,\u201d something that is easily proved by reading her own history of inflammatory and mendacious comments about the Jewish state. But in this case, Hadid\u2019s sentiments were shared by many centrist and liberal Jews who consider Ben-Gvir to be not merely an embarrassment to Israel, but believe his rise to power is a sign of the country\u2019s decline into right-wing extremism.<\/span><\/p>\n<p class=\"wp-block-paragraph\"><strong>A right-wing provocateur<\/strong><\/p>\n<p class=\"wp-block-paragraph\" style=\"text-align: left;\"><span style=\"color: #000080;\">Throughout his career, Netanyahu has been demonized by political opponents who have shown that they are willing to do just about anything, including pursuing bogus corruption charges, to topple him. But the fact that he named Ben-Gvir as national security minister was enough to convince many in Israel and elsewhere that the current government is one that shouldn\u2019t be merely opposed but resisted as illegitimate. Regardless of whether or not he was taken out of context, Ben-Gvir\u2019s controversial words simply act to confirm the belief that those leading the Jewish state have abandoned the values that Jews have traditionally upheld as well as those that unite Israel with Americans.<\/span><\/p>\n<p class=\"wp-block-paragraph\" style=\"text-align: left;\"><span style=\"color: #000080;\">The problem with these assumptions is that those condemning Ben-Gvir are ignoring not only the context of his comments but also why a heretofore marginal figure has risen so far in Israeli politics. What\u2019s at stake in this discussion isn\u2019t whether he thinks Arabs deserve to be treated with dignity or as having the same rights as Jews. Rather, it\u2019s whether there is an intrinsic right for Palestinian Arabs to attack and murder Jews that trumps the latter\u2019s right to live in security in their own country, let alone their freedom of movement.<\/span><\/p>\n<p class=\"wp-block-paragraph\" style=\"text-align: left;\"><span style=\"color: #000080;\">There\u2019s no mystery about why Ben-Gvir is having trouble making himself understood by anyone but those who already share his opinions. The leader of the Otzma Yehudit Party, which together with Bezalel Smotrich\u2019s Religious Zionist Party won 13 seats in the last election, is easy to dismiss as an extremist.<\/span><\/p>\n<p class=\"wp-block-paragraph\" style=\"text-align: left;\"><span style=\"color: #000080;\">As a youngster, Ben-Gvir was a disciple of the late American-born Rabbi Meir Kahane, who advocated for the \u201ctransfer\u201d of Arabs from Israel and the territories. Ben-Gvir was labeled as an extremist and denied the right to serve in the Israel Defense Forces\u2014something still thrown in his face today. He went on to become a lawyer, best known for defending those accused of violence against Arabs and others associated with extreme right-wing activism. He has acknowledged having a picture hanging in his home of Dr. Baruch Goldstein, who perpetrated the massacre of 29 Muslim worshippers at the Cave of the Patriarchs in Hebron (though apparently, the portrait was taken down as he advanced in politics). That picture and all it symbolizes is responsible for the fact that few are willing to give Ben-Gvir the benefit of the doubt when he stirs up controversy.<\/span><\/p>\n<p class=\"wp-block-paragraph\" style=\"text-align: left;\"><span style=\"color: #000080;\">Israeli politics would be more civil and more presentable to the outside world if Ben-Gvir and Otzma Yehudit, which while not advocating for the transfer of Arabs is still seen as neo-Kahanist, had not risen to prominence. But the reason why Netanyahu felt obliged to include him in his cabinet is that Ben-Gvir\u2019s support is too great to ignore. And the reason for that is not due to the rabble-rouser\u2019s personal appeal. Instead, it is the anger among voters about Palestinian support for terrorism and the belief that the security establishment doesn\u2019t take that threat seriously enough.<\/span><\/p>\n<p class=\"wp-block-paragraph\" style=\"text-align: left;\"><span style=\"color: #000080;\"><strong>Stopping terror shouldn\u2019t be controversial<\/strong><\/span><\/p>\n<p class=\"wp-block-paragraph\" style=\"text-align: left;\"><span style=\"color: #000080;\">Were Ben-Gvir actually advocating for a position in which one people\u2019s right to free movement should be protected and another\u2019s denied irrespective of terrorist threats, the accusations of racism would be correct. But that\u2019s not what he was saying. His position was that if the right of Jews to live in Judea and Samaria was to be preserved, then they had to be protected against terrorism by means that would inevitably inconvenience the population that both produced and supported the terrorists.<\/span><\/p>\n<p class=\"wp-block-paragraph\" style=\"text-align: left;\"><span style=\"color: #000080;\">This is not an extreme position. Support in Israel for the checkpoints and security fence that helped to prevent terrorist attacks and essentially ended the horror of the Second Intifada in the early 2000s is a matter of national consensus. Actions taken by all governments to curtail terrorism inevitably involve some impingement if not abrogation of rights.<\/span><\/p>\n<p class=\"wp-block-paragraph\" style=\"text-align: left;\"><span style=\"color: #000080;\">But in the case of the Jews who do live in Judea and Samaria, the position taken by most Palestinians and their foreign cheerleaders is that Jews have no right to be in the \u201cWest Bank\u201d and are therefore legitimate targets for attacks, be they civilians or soldiers.<\/span><\/p>\n<p class=\"wp-block-paragraph\" style=\"text-align: left;\"><span style=\"color: #000080;\">In most discussions of the situation in the territories, the onus is on the violence allegedly committed by Jews, coupled with the notion that the presence of Jews in Judea and Samaria is illegal. That is what the international community thinks, but that position is itself mistaken. Jews were guaranteed the right to live in the land that is now called the West Bank by the United Nations\u2019 predecessor, the League of Nations, dating back to the 1920s and the San Remo agreement. No other country has a recognized legal title to the land and, at best, Palestinian ambitions for statehood make it disputed rather than \u201coccupied.\u201d<\/span><\/p>\n<p class=\"wp-block-paragraph\" style=\"text-align: left;\"><span style=\"color: #000080;\">Even if you think it\u2019s unwise for Israel to build communities in what is the heart of the ancient Jewish homeland, the idea that the hundreds of thousands of Jews who live there should be treated as legitimate targets for terrorism is both legally untenable and immoral.<\/span><\/p>\n<p class=\"wp-block-paragraph\" style=\"text-align: left;\"><span style=\"color: #000080;\">Yet that is exactly the position that Palestinians assert.<\/span><\/p>\n<p class=\"wp-block-paragraph\" style=\"text-align: left;\"><span style=\"color: #000080;\">It is demonstrated by celebrations held by Palestinians on the streets of their cities\u2014handing candy to children to encourage them\u2014as well as on social media every time there is a terrorist attack on Jews. Were terror against Jews not such a routine occurrence\u2014and if they were treated as the act of deranged outliers by the Arabs\u2014then measures like checkpoints or fences would be unnecessary. Yet not only are they commonplace, they are widely supported by the Palestinian street and financially rewarded by the Palestinian Authority.<\/span><\/p>\n<p class=\"wp-block-paragraph\" style=\"text-align: left;\"><span style=\"color: #000080;\">So, when Ben-Gvir says that the right of Jews \u201cto life\u201d takes precedence over the right of Arabs to freedom of movement, he\u2019s not making a theoretical racist statement. If Palestinians think that it\u2019s open season on Jews\u2014something clearly shown by the unending string of lethal terror attacks and the applause they generate\u2014then the authorities are obligated to take measures that limit their ability to carry out those murders.<\/span><\/p>\n<p class=\"wp-block-paragraph\" style=\"text-align: left;\"><span style=\"color: #000080;\">Whatever one may think about Ben-Gvir, he was doing no more than stating the obvious about an intolerable situation that is in no small measure responsible for the support he has among Israelis. At stake in this debate is not the right of Palestinians to freedom of movement or even the right of Jews to settle in Judea and Samaria. Rather, it is whether there is a right to commit terrorism against Jews.<\/span><\/p>\n<p class=\"wp-block-paragraph\" style=\"text-align: left;\"><span style=\"color: #000080;\">Unless you support such an immoral \u201cright\u201d (and those who believe Palestinians are justified in murdering Jews who have the temerity to live in the one Jewish state on the planet do just that), then what Ben-Gvir said is not only not racist, it\u2019s entirely reasonable. More than that, it\u2019s also not a question of him being, in the State Department\u2019s words, \u201cinflammatory,\u201d he\u2019s actually shining a light on an issue that can\u2019t be ignored. While Ben-Gvir\u2019s presence in the government and the things he says are always bound to be controversial, it is imperative that this debate not be about him, but instead, about the belief of Israel\u2019s enemies that every Jew on either side of the \u201cGreen Line\u201d is fair game.<\/span><\/p>\n<hr \/>\n<p style=\"text-align: left;\"><img decoding=\"async\" class=\"alignleft\" src=\"https:\/\/cdn.jns.org\/uploads\/2018\/02\/authorpic-tobin2color-480x480.png\" width=\"20%\" \/><span style=\"color: #808080;\"><em><strong>Jonathan S. Tobin<\/strong> is editor-in-chief of JNS (Jewish News Syndicate). He is also a senior contributor to The Federalist and a columnist for Newsweek, as well as a writer for other publications. Follow him on Twitter: @jonathans_tobin.<\/em><\/span><\/p>\n<hr style=\"height: 15px; background: #d0e6fa; width: 100%;\" \/>\n<div id=\"content\" class=\"content-alignment\">\n<div id=\"watch-description\" class=\"yt-uix-button-panel\">\n<div id=\"watch-description-text\" style=\"text-align: center;\">\n<p><em>Zawarto\u015b\u0107 publikowanych artyku\u0142\u00f3w i materia\u0142\u00f3w nie reprezentuje pogl\u0105d\u00f3w ani opinii Reunion&#8217;68,<\/em><em><br \/>\nani te\u017c webmastera Blogu Reunion&#8217;68, chyba ze jest to wyra\u017anie zaznaczone.<br \/>\nTwoje uwagi, linki, w\u0142asne artyku\u0142y lub wiadomo\u015bci prze\u015blij na adres:<br \/>\n<\/em><span style=\"color: #000080;\"><strong><em><a style=\"color: #000080;\" href=\"mailto:webmaster@reunion68.com\"><span style=\"text-decoration: underline;\">webmaster@reunion68.com<\/span><\/a><\/em><\/strong><\/span><\/p>\n<\/div>\n<\/div>\n<\/div>\n<hr style=\"width: 100%;\" \/>\n","protected":false},"excerpt":{"rendered":"<p>Is it racist to prioritize freedom from terror? JONATHAN S. TOBIN The U.S. State Department condemned recent comments by Itamar Ben-Gvir. But the real problem is not what the controversial cabinet member said; it\u2019s (USA) support for a Palestinian right to terror. . Israel&#8217;s National Security Minister Itamar Ben-Gvir speaks during a Knesset Foreign Affairs [&hellip;]<\/p>\n","protected":false},"author":1,"featured_media":0,"comment_status":"closed","ping_status":"closed","sticky":false,"template":"","format":"standard","meta":[],"categories":[6],"tags":[26,24],"_links":{"self":[{"href":"https:\/\/www.reunion68.se\/index.php?rest_route=\/wp\/v2\/posts\/106570"}],"collection":[{"href":"https:\/\/www.reunion68.se\/index.php?rest_route=\/wp\/v2\/posts"}],"about":[{"href":"https:\/\/www.reunion68.se\/index.php?rest_route=\/wp\/v2\/types\/post"}],"author":[{"embeddable":true,"href":"https:\/\/www.reunion68.se\/index.php?rest_route=\/wp\/v2\/users\/1"}],"replies":[{"embeddable":true,"href":"https:\/\/www.reunion68.se\/index.php?rest_route=%2Fwp%2Fv2%2Fcomments&post=106570"}],"version-history":[{"count":8,"href":"https:\/\/www.reunion68.se\/index.php?rest_route=\/wp\/v2\/posts\/106570\/revisions"}],"predecessor-version":[{"id":106595,"href":"https:\/\/www.reunion68.se\/index.php?rest_route=\/wp\/v2\/posts\/106570\/revisions\/106595"}],"wp:attachment":[{"href":"https:\/\/www.reunion68.se\/index.php?rest_route=%2Fwp%2Fv2%2Fmedia&parent=106570"}],"wp:term":[{"taxonomy":"category","embeddable":true,"href":"https:\/\/www.reunion68.se\/index.php?rest_route=%2Fwp%2Fv2%2Fcategories&post=106570"},{"taxonomy":"post_tag","embeddable":true,"href":"https:\/\/www.reunion68.se\/index.php?rest_route=%2Fwp%2Fv2%2Ftags&post=106570"}],"curies":[{"name":"wp","href":"https:\/\/api.w.org\/{rel}","templated":true}]}}