{"id":106602,"date":"2023-08-27T17:09:54","date_gmt":"2023-08-27T15:09:54","guid":{"rendered":"http:\/\/www.reunion68.se\/?p=106602"},"modified":"2023-08-27T16:46:56","modified_gmt":"2023-08-27T14:46:56","slug":"01-09-76","status":"publish","type":"post","link":"https:\/\/www.reunion68.se\/?p=106602","title":{"rendered":"Norweg melduje Radzie Bezpiecze\u0144stwa"},"content":{"rendered":"<p style=\"text-align: center;\"><img decoding=\"async\" class=\"aligncenter\" src=\"https:\/\/unsco.unmissions.org\/sites\/default\/files\/styles\/full_width_image\/public\/field\/image\/special_coordiantor_wennesland_media_stakeout_-_un_photoeskinder_debebe_-_30_nov_2021_2.jpg?itok=olAv0aXR\" width=\"100%\"><span style=\"color: #808080;\"><em>Specjalny koordynator ONZ Wennesland ds. procesu pokojowego na Bliskim Wschodzie, Tor Wennesland, obserwacja medi\u00f3w (UN Photo\/Eskinder Debebe \u2013 30 listopada 2021 r.)<\/em><\/span><\/p>\n<hr>\n<h5 style=\"text-align: center;\"><a href=\"http:\/\/www.listyznaszegosadu.pl\/\" target=\"_blank\" rel=\"noopener noreferrer\"><img decoding=\"async\" class=\"center alignleft\" src=\"http:\/\/www.reunion68.com\/Biuletyn\/img\/z-naszego.jpg\" alt=\"\" width=\"50%\"><\/a><span style=\"text-decoration: underline; color: #000080;\"><strong><a style=\"color: #000080; text-decoration: underline;\" href=\"http:\/\/www.listyznaszegosadu.pl\/brunatna-fala\/norweg-melduje-radzie-bezpieczenstwa\" target=\"_blank\" rel=\"noopener noreferrer\">Norweg melduje Radzie Bezpiecze\u0144stwa<\/a><\/strong><\/span><\/h5>\n<p style=\"text-align: center;\"><span style=\"color: #000000;\"><strong>Andrzej Koraszewski<\/strong><\/span><\/p>\n<hr style=\"height: 15px; background: #d0e6fa; width: 100%;\">\n<div class=\"templateArticleIngress\">\n<p style=\"text-align: left;\"><span style=\"color: #000080;\">Pozwolenie \u017bydom na zbrojn\u0105 obron\u0119 swojego \u017cycia jest sprzeczne z tradycj\u0105 europejsk\u0105 i azjatyck\u0105, z tradycj\u0105 chrze\u015bcija\u0144sk\u0105 i muzu\u0142ma\u0144sk\u0105, z narodowym socjalizmem i z internacjonalizmem, narusza prawa cz\u0142owieka i prowadzi do cykli przemocy.<\/span><\/p>\n<p style=\"text-align: left;\"><span style=\"color: #000080;\">Por\u00f3wnuj\u0119 dwa doniesienia o stosunkowo b\u0142ahym wydarzeniu, czyli o rutynowej informacji specjalnego wys\u0142annika ONZ na Bliski Wsch\u00f3d przekazanej 21 sierpnia 2023 r. Radzie Bezpiecze\u0144stwa ONZ.<\/span><\/p>\n<\/div>\n<div class=\"templateArticleBrodtext\">\n<p style=\"text-align: left;\"><span style=\"color: #000080;\"><a style=\"color: #000080;\" href=\"https:\/\/wyborcza.pl\/7,75399,30104856,onz-przemoc-na-bliskim-wschodzie-najwieksza-od-lat.html\">Doniesienie<\/a>&nbsp;\u201eGazety Wyborczej\u201d oraz&nbsp;<a style=\"color: #000080;\" href=\"https:\/\/www.aljazeera.com\/news\/2023\/8\/22\/more-than-200-palestinians-nearly-30-israelis-killed-so-far-this-year-un\">doniesienie<\/a>&nbsp;Al D\u017caziry s\u0105 praktycznie jednobrzmi\u0105ce. W obydwu znajdujemy rzetelne streszczenie tego, co ten wys\u0142annik faktycznie&nbsp;<a style=\"color: #000080;\" href=\"https:\/\/unsco.unmissions.org\/briefing-security-council-situation-middle-east-delivered-special-coordinator-tor-wennesland\">powiedzia\u0142<\/a>.<\/span><\/p>\n<p style=\"text-align: left;\"><span style=\"color: #000080;\">Obydwa doniesienia zaczynaj\u0105 si\u0119 identycznie:<\/span><\/p>\n<blockquote><p>Jak dot\u0105d na okupowanym Zachodnim Brzegu i w Izraelu zgin\u0119\u0142o w tym roku ponad 200 Palesty\u0144czyk\u00f3w i prawie 30 Izraelczyk\u00f3w \u2013 poziom przemocy przekroczy\u0142 ca\u0142\u0105 ubieg\u0142oroczn\u0105 liczb\u0119 ofiar \u015bmiertelnych i najwy\u017csz\u0105 liczb\u0119 ofiar \u015bmiertelnych od 2005 r. &#8211; powiedzia\u0142 wys\u0142annik Organizacji Narod\u00f3w Zjednoczonych na Bliski Wsch\u00f3d.<\/p><\/blockquote>\n<p style=\"text-align: left;\"><span style=\"color: #000080;\">Tor Wennesland, specjalny koordynator ONZ ds. procesu pokojowego na Bliskim Wschodzie, powiedzia\u0142 w poniedzia\u0142ek Radzie Bezpiecze\u0144stwa ONZ, \u017ce&nbsp;<a style=\"color: #000080;\" href=\"https:\/\/www.aljazeera.com\/news\/2023\/8\/20\/how-israel-targets-palestinian-first-responders-in-occupied-west-bank\">eskalacj\u0119 przemocy<\/a>&nbsp;nap\u0119dza rosn\u0105ca rozpacz co do przysz\u0142o\u015bci w\u015br\u00f3d Palesty\u0144czyk\u00f3w i brak post\u0119p\u00f3w w kierunku uzyskania niepodleg\u0142ego pa\u0144stwa &#8211; czytamy w obydwu doniesieniach. Reszta wypowiedzi tego norweskiego dyplomaty, (kt\u00f3ry wcze\u015bniej reprezentowa\u0142 Norwegi\u0119 w Autonomii Palesty\u0144skiej, a nast\u0119pnie by\u0142 ambasadorem swego kraju w Egipcie i Libii) by\u0142a w tym samym tonie.<\/span><\/p>\n<p style=\"text-align: left;\"><span style=\"color: #000080;\">\u201eWyborcza\u201d nie przekazuje ciekawego tweeta specjalnego wys\u0142annika, kt\u00f3ry pisa\u0142:<\/span><\/p>\n<\/div>\n<p><img decoding=\"async\" class=\"aligncenter\" src=\"http:\/\/www.listyznaszegosadu.pl\/upload\/article\/bild\/7360\/1009951\/_00aa_2d___1__s.png\" width=\"100%\"><\/p>\n<div class=\"webnewsArticleImageContainer \">\n<div style=\"text-align: left;\"><span class=\"templateArticleBildtext\" style=\"color: #000080;\">[Dzi\u015b informowa\u0142em Rad\u0119 Bezpiecze\u0144stwa ONZ, \u017ce zaledwie kilka godzin wcze\u015bniej kolejna Izraelka zgin\u0119\u0142a na o.(kupowanym) Zachodnim Brzegu &amp; podczas mojego brifingu byli\u015bmy \u015bwiadkami jeszcze innej przemocy, Palesty\u0144czyk otrzyma\u0142 strza\u0142 w ty\u0142 g\u0142owy &amp;krytycznie ranny w pobli\u017cu Neblusu. Moje my\u015bli s\u0105 z rodzinami.]<\/span><\/p>\n<\/div>\n<\/div>\n<p style=\"text-align: left;\"><span style=\"color: #000080;\">Twitter nie pozwala na nadmiar szczeg\u00f3\u0142\u00f3w, wi\u0119c specjalny wys\u0142annik nie napisa\u0142, \u017ce w zamachu terrorystycznym zgin\u0119\u0142a 40-letnia przedszkolanka, matka trzech c\u00f3rek, \u017ce w tym zamachu ci\u0119\u017cko ranny zosta\u0142 r\u00f3wnie\u017c kierowca samochodu, do kt\u00f3rego oddano z karabinu ponad 20 strza\u0142\u00f3w. Tymczasem Palesty\u0144czyk zgin\u0105\u0142 podczas wymiany ognia mi\u0119dzy \u017co\u0142nierzami IDF a grup\u0105 terroryst\u00f3w. (IDF przyznaje, \u017ce m\u00f3g\u0142 by\u0107 przypadkow\u0105 ofiar\u0105, kt\u00f3ra znalaz\u0142a si\u0119 w krzy\u017cowym ogniu, ale wszystkie szczeg\u00f3\u0142owe informacje opieraj\u0105 si\u0119 wy\u0142\u0105cznie na \u017ar\u00f3d\u0142ach palesty\u0144skich.)<\/span><\/p>\n<p style=\"text-align: left;\"><span style=\"color: #000080;\">Tor Wennesland ma d\u0142ug\u0105 histori\u0119 popierania palesty\u0144skiego terroru. Na pocz\u0105tku grudnia 2022r.&nbsp;<a style=\"color: #000080;\" href=\"https:\/\/www.jpost.com\/israel-news\/article-724023\">Palesty\u0144czyk Ammar Mefleh<\/a>&nbsp;pr\u00f3bowa\u0142 ukra\u015b\u0107 karabin izraelskiemu policjantowi, d\u017agaj\u0105c go no\u017cem, w wyniku czego ranny funkcjonariusz zastrzeli\u0142 Mefleha.&nbsp;Na nagraniu z kamery monitoringu wyra\u017anie wida\u0107 pchni\u0119cie no\u017cem i reakcj\u0119 policjanta.<\/span><\/p>\n<p style=\"text-align: left;\"><span style=\"color: #000080;\">Wennesland zamie\u015bci\u0142 w\u00f3wczas na Twitterze kondolencje rodzinie napastnika, pisz\u0105c: \u201eJestem przera\u017cony dzisiejszym zab\u00f3jstwem Palesty\u0144czyka Ammara Mefleha&nbsp;<a style=\"color: #000080;\" href=\"https:\/\/www.jpost.com\/israel-news\/article-723984\">podczas b\u00f3jki<\/a>&nbsp;z izraelskim \u017co\u0142nierzem w pobli\u017cu Huwara we wtorek.&nbsp;Na o.(kupownym) Zachodnim Brzegu.&nbsp;Sk\u0142adam najszczersze kondolencje jego pogr\u0105\u017conej w \u017ca\u0142obie rodzinie.&nbsp;Takie incydenty musz\u0105 zosta\u0107 w pe\u0142ni i szybko zbadane, a osoby odpowiedzialne powinny zosta\u0107 poci\u0105gni\u0119te do odpowiedzialno\u015bci\u201d.<\/span><\/p>\n<p style=\"text-align: left;\"><span style=\"color: #000080;\">Drugi tweet tego specjalnego wys\u0142annika z 21 sierpnia br., (kt\u00f3ry \u201eWyborcza\u201d zmie\u015bci\u0142a) brzmia\u0142: \u201eCz\u0142onkowie Rady [Bezpiecze\u0144stwa ONZ] stwierdzili dzi\u015b wyra\u017anie, \u017ce przemoc musi by\u0107 zatrzymana. Wzywam przyw\u00f3dc\u00f3w do podj\u0119cia dzia\u0142a\u0144 [w celu] uspokojenia sytuacji. Spirala przemocy nie daje nic, pr\u00f3cz rozlewu krwi.\u201d<\/span><\/p>\n<p style=\"text-align: left;\"><span style=\"color: #000080;\">W\u015br\u00f3d sta\u0142ych cz\u0142onk\u00f3w Rady Bezpiecze\u0144stwa ONZ mamy Rosj\u0119 i Chiny (obok USA, Wielkiej Brytanii i Francji), w\u015br\u00f3d 10 niesta\u0142ych mamy obecnie m.in. Niger, Wietnam, Meksyk, Keni\u0119. Tak wi\u0119c, specjalny wys\u0142annik, zwraca\u0142 si\u0119 z apelem o uspokojenie sytuacji w Izraelu do Putina i Xi, (je\u015bli idzie o Niger, to nie wiadomo, czy apelowa\u0142 do przyw\u00f3dcy zamachu wojskowego, czy do aresztowanego prezydenta Nigru). Pewne jest, \u017ce cz\u0142onkowie Rady z ca\u0142ym przekonaniem musieli stwierdzi\u0107, \u017ce przemoc musi by\u0107 zatrzymana, a sprawa ka\u017cdego zabitego (przez \u017byd\u00f3w) cywila musi by\u0107 dok\u0142adnie zbadana bez udzia\u0142u w\u0142adz izraelskich.<\/span><\/p>\n<p style=\"text-align: left;\"><span style=\"color: #000080;\">Wennesland jako przedstawiciel demokratycznej Norwegii w Autonomii Palesty\u0144skiej &nbsp;nie zauwa\u017ca\u0142, czym zajmuj\u0105 si\u0119 prowadzone przez UNRWA szko\u0142y w AP, nie zauwa\u017ca\u0142 wychwalania terroryst\u00f3w przez dyktatora Autonomii Mahmouda Abbasa (nie zauwa\u017ca\u0142, \u017ce \u201eprezydent\u201d jest wykszta\u0142conym w ZSRR i podtrzymywanym przy w\u0142adzy przez Zach\u00f3d dyktatorem), nie zauwa\u017ca\u0142, \u017ce palesty\u0144scy terrory\u015bci lubi\u0105 pozdrawia\u0107 si\u0119 nazistowskim salutem, nie zauwa\u017ca\u0142 zapowiedzi Islamskiej Republiki Iranu, \u017ce uzbroi Autonomi\u0119 Palesty\u0144sk\u0105 tak jak uzbroi\u0142a Gaz\u0119. Specjalny wys\u0142annik mia\u0142 wtedy i ma dzisiaj zupe\u0142nie inn\u0105 misj\u0119, walk\u0119 o niepodleg\u0142e pa\u0144stwo palesty\u0144skie.<\/span><\/p>\n<p style=\"text-align: center;\"><img decoding=\"async\" class=\"aligncenter\" src=\"http:\/\/www.listyznaszegosadu.pl\/upload\/article\/bild\/4828\/1009953\/_00aa_2d___1y__s.png\" width=\"100%\"><span style=\"color: #808080;\"><em>Dyrektorka obozu letniego dla dzieci w Askar w Autonomii, Nura Al-Masimi m\u00f3wi: \u201eDzieci b\u0119d\u0105 si\u0119 uczy\u0142y heroizmu od m\u0119czennik\u00f3w.\u201d Kadr z filmu Askar \u2013UNRWA: Ko\u0142yska morderc\u00f3w.<\/em><\/span><\/p>\n<p style=\"text-align: left;\"><span style=\"color: #000080;\">Czy Organizacja Narod\u00f3w Zjednoczonych jest instytucj\u0105 antysemick\u0105? Z pewno\u015bci\u0105 jest instytucj\u0105 demokratyczn\u0105, w kt\u00f3rej demokratyczna wi\u0119kszo\u015b\u0107 woli koncentrowa\u0107 si\u0119 na jednym kraju, wi\u0119c wyb\u00f3r takich os\u00f3b jak Tor Wennesland,&nbsp;<a style=\"color: #000080;\" href=\"https:\/\/www.jpost.com\/arab-israeli-conflict\/article-708715\">Francesca Albanese<\/a>&nbsp;czy&nbsp;<a style=\"color: #000080;\" href=\"https:\/\/www.listyznaszegosadu.pl\/brunatna-fala\/onz-ustanawia-stala-izraelozercza-komisje-dochodzeniowa-pod-przewodnictwem-znanej-z-nienawisci-do-izraela-apologetki-antysemityzmu-navi-pillay?newspaper=12377&amp;liststyle=list&amp;sort=author&amp;group=86091\">Nevi Pillay<\/a>&nbsp;jest naturaln\u0105 odpowiedzi\u0105 tej organizacji na zapotrzebowanie jej cz\u0142onk\u00f3w.<\/span><\/p>\n<p style=\"text-align: left;\"><span style=\"color: #000080;\">W 1976 roku Zwi\u0105zek Radziecki sponsorowa\u0142 rezolucj\u0119 ONZ zr\u00f3wnuj\u0105c\u0105 syjonizm z rasizmem. (Jedyna rezolucja ONZ, kt\u00f3ra po upadku ZSRR zosta\u0142a uznana za haniebn\u0105 i anulowana.) Wsp\u00f3\u0142czesny antysemityzm bardzo cz\u0119sto kr\u0105\u017cy po \u015bwiecie w przebraniu obro\u0144cy praw cz\u0142owieka.<\/span><\/p>\n<p style=\"text-align: left;\"><span style=\"color: #000080;\">Emerytowany s\u0119dzia Europejskiego Trybuna\u0142u Praw Cz\u0142owieka, Bo\u0161tjan M. Zupan\u010di\u010d ma biografi\u0119 r\u00f3wnie, a mo\u017ce nawet bardziej imponuj\u0105c\u0105 jak Nevi Pillay, studiowa\u0142 i doktoryzowa\u0142 si\u0119 na Harvardzie, by\u0142 s\u0119dzi\u0105 Trybuna\u0142u Konstytucyjnego w S\u0142owenii, by\u0142 wiceprzewodnicz\u0105cym oenzetowskiego Komitetu Przeciw Torturom, potem przez 17 lat by\u0142 szanowanym s\u0119dzi\u0105 Europejskiego Trybuna\u0142u,&nbsp; jest obywatelem francuskim, kt\u00f3ry zapowiedzia\u0142 start do Parlamentu Europejskiego z ramienia skrajnie prawicowej partii politycznej, wi\u0119c nagle okaza\u0142o si\u0119, \u017ce uprawia w\u015bciekle antysemick\u0105 propagand\u0119 i wezwano Trybuna\u0142 do ponownego rozpatrzenia spraw, w kt\u00f3rych bra\u0142 udzia\u0142, a w kt\u00f3rych w jakikolwiek spos\u00f3b oskar\u017cani byli \u017bydzi.<\/span><\/p>\n<p style=\"text-align: left;\"><span style=\"color: #000080;\">Zupan\u010di\u010d&nbsp;<a style=\"color: #000080;\" href=\"https:\/\/www.thejc.com\/news\/news\/european-court-judge-who-presided-over-jewish-cases-has-history-of-antisemitism-19mT2i5ytHtfHpvZy9ujJs?utm_source=sharebutton&amp;utm_medium=twitter&amp;utm_campaign=top\">wyg\u0142asza\u0142 s\u0105dy<\/a>, \u017ce<strong>&nbsp;<\/strong>\u017bydzi to \u201eg\u0142\u00f3wni wrogowie zachodniej cywilizacji\u201d, przekazywa\u0142 karykatury z haczykowatymi nosami rodem z nazistowskiej propagandy, pisa\u0142 na Twitterze, \u017ce \u017bydzi \u201ewprowadzili\u2026 wszelkiego rodzaju perwersje seksualne\u2026 sadyzm, masochizm, du\u017co homoseksualizmu\u201d, opowiada\u0142 o \u201emafii bankowej Rothschild\u00f3w\u201d.<\/span><\/p>\n<p style=\"text-align: left;\"><span style=\"color: #000080;\">Trudno powiedzie\u0107 od jak dawna ten szanowany prawnik cierpi, ale ma\u0142o prawdopodobne, by ta dolegliwo\u015b\u0107 by\u0142a nowa i \u017ceby nikt wcze\u015bniej jej u niego nie zauwa\u017cy\u0142.&nbsp;Podobno w tym roku ob\u0142\u0105kane wpisy tego szacownego prawnika sta\u0142y si\u0119 cz\u0119stsze, albo dopiero teraz zacz\u0119to je ujawnia\u0107. W sierpniu ubieg\u0142ego roku zamie\u015bci\u0142 artyku\u0142 zatytu\u0142owany \u201eSystem karteli chazarskiej mafii maj\u0105cy na celu podporz\u0105dkowanie sobie ca\u0142ej planety\u201d.<\/span><br \/>\n<span style=\"color: #000080;\">Jest nadzieja, \u017ce kto\u015b zgromadzi\u0142 jego wcze\u015bniejszy dorobek, bo Twitter zablokowa\u0142 jego konto we wtorek 22 sierpnia 2023 r. uznaj\u0105c nagle, \u017ce mo\u017ce szerzy\u0107 nienawi\u015b\u0107.<\/span><\/p>\n<p style=\"text-align: left;\">\n<img decoding=\"async\" class=\"aligncenter\" src=\"http:\/\/www.listyznaszegosadu.pl\/upload\/article\/bild\/3655\/1009955\/_00aa_2d___1r__s.png\" width=\"100%\"><span style=\"color: #800000;\"><strong>Lewicowy antysemityzm jest znacznie bardziej wyrafinowany, traktuje o prawach cz\u0142owieka, niepokoi si\u0119 losem biednych Palesty\u0144czyk\u00f3w.<\/strong> <\/span><span style=\"color: #000080;\">Je\u015bli jednak spojrzysz co na tych samych platformach pisze si\u0119 po persku, arabsku, czy po turecku okazuje si\u0119, \u017ce m\u00f3wi\u0105 to samo co doktor Zupan\u010di\u010d. Zagl\u0105danie, co w\u0142a\u015bciwie kryje si\u0119 za s\u0142owami ludzi takich jak Tor Wennesland jest jednak islamofobi\u0105 i rasizmem. Donosimy o jego szlachetnych wysi\u0142kach na rzecz pokoju i praw cz\u0142owieka.<\/span><\/p>\n<hr style=\"height: 15px; background: #d0e6fa; width: 100%;\">\n<div id=\"content\" class=\"content-alignment\">\n<div id=\"watch-description\" class=\"yt-uix-button-panel\">\n<div id=\"watch-description-text\" style=\"text-align: center;\">\n<p><em>Zawarto\u015b\u0107 publikowanych artyku\u0142\u00f3w i materia\u0142\u00f3w nie reprezentuje pogl\u0105d\u00f3w ani opinii Reunion&#8217;68,<\/em><em><br \/>\nani te\u017c webmastera Blogu Reunion&#8217;68, chyba ze jest to wyra\u017anie zaznaczone.<br \/>\nTwoje uwagi, linki, w\u0142asne artyku\u0142y lub wiadomo\u015bci prze\u015blij na adres:<br \/>\n<\/em><span style=\"color: #000080;\"><strong><em><a style=\"color: #000080;\" href=\"mailto:webmaster@reunion68.com\"><span style=\"text-decoration: underline;\">webmaster@reunion68.com<\/span><\/a><\/em><\/strong><\/span><\/p>\n<\/div>\n<\/div>\n<\/div>\n<hr style=\"width: 100%;\">\n","protected":false},"excerpt":{"rendered":"<p>Specjalny koordynator ONZ Wennesland ds. procesu pokojowego na Bliskim Wschodzie, Tor Wennesland, obserwacja medi\u00f3w (UN Photo\/Eskinder Debebe \u2013 30 listopada 2021 r.) Norweg melduje Radzie Bezpiecze\u0144stwa Andrzej Koraszewski Pozwolenie \u017bydom na zbrojn\u0105 obron\u0119 swojego \u017cycia jest sprzeczne z tradycj\u0105 europejsk\u0105 i azjatyck\u0105, z tradycj\u0105 chrze\u015bcija\u0144sk\u0105 i muzu\u0142ma\u0144sk\u0105, z narodowym socjalizmem i z internacjonalizmem, narusza prawa [&hellip;]<\/p>\n","protected":false},"author":1,"featured_media":0,"comment_status":"closed","ping_status":"closed","sticky":false,"template":"","format":"standard","meta":[],"categories":[6],"tags":[26,24],"_links":{"self":[{"href":"https:\/\/www.reunion68.se\/index.php?rest_route=\/wp\/v2\/posts\/106602"}],"collection":[{"href":"https:\/\/www.reunion68.se\/index.php?rest_route=\/wp\/v2\/posts"}],"about":[{"href":"https:\/\/www.reunion68.se\/index.php?rest_route=\/wp\/v2\/types\/post"}],"author":[{"embeddable":true,"href":"https:\/\/www.reunion68.se\/index.php?rest_route=\/wp\/v2\/users\/1"}],"replies":[{"embeddable":true,"href":"https:\/\/www.reunion68.se\/index.php?rest_route=%2Fwp%2Fv2%2Fcomments&post=106602"}],"version-history":[{"count":10,"href":"https:\/\/www.reunion68.se\/index.php?rest_route=\/wp\/v2\/posts\/106602\/revisions"}],"predecessor-version":[{"id":106616,"href":"https:\/\/www.reunion68.se\/index.php?rest_route=\/wp\/v2\/posts\/106602\/revisions\/106616"}],"wp:attachment":[{"href":"https:\/\/www.reunion68.se\/index.php?rest_route=%2Fwp%2Fv2%2Fmedia&parent=106602"}],"wp:term":[{"taxonomy":"category","embeddable":true,"href":"https:\/\/www.reunion68.se\/index.php?rest_route=%2Fwp%2Fv2%2Fcategories&post=106602"},{"taxonomy":"post_tag","embeddable":true,"href":"https:\/\/www.reunion68.se\/index.php?rest_route=%2Fwp%2Fv2%2Ftags&post=106602"}],"curies":[{"name":"wp","href":"https:\/\/api.w.org\/{rel}","templated":true}]}}