{"id":106655,"date":"2023-08-29T17:05:25","date_gmt":"2023-08-29T15:05:25","guid":{"rendered":"http:\/\/www.reunion68.se\/?p=106655"},"modified":"2023-08-29T16:04:09","modified_gmt":"2023-08-29T14:04:09","slug":"03-00-90","status":"publish","type":"post","link":"https:\/\/www.reunion68.se\/?p=106655","title":{"rendered":"Once Again, BBC Hides Facts About Palestinian Terrorists and Terror Groups"},"content":{"rendered":"<h5 style=\"text-align: center;\"><a href=\"https:\/\/www.algemeiner.com\/\" target=\"_blank\" rel=\"noopener noreferrer\"><img decoding=\"async\" class=\"center alignleft\" src=\"http:\/\/www.reunion68.com\/Biuletyn\/img\/algem.png\" alt=\"\" width=\"35%\"><\/a><span style=\"text-decoration: underline; color: #000080;\"><strong><a style=\"color: #000080; text-decoration: underline;\" href=\"https:\/\/www.algemeiner.com\/2023\/08\/28\/once-again-bbc-hides-facts-about-palestinian-terrorists-and-terror-groups\/\" target=\"_blank\" rel=\"noopener noreferrer\">Once Again, BBC Hides Facts About Palestinian Terrorists and Terror Groups<\/a><\/strong><\/span><\/h5>\n<p style=\"text-align: center;\"><span style=\"color: #000000;\"><strong>Hadar Sela<\/strong><\/span><\/p>\n<hr style=\"height: 15px; background: #d0e6fa; width: 100%;\">\n<p style=\"text-align: center;\"><img decoding=\"async\" class=\"aligncenter\" src=\"https:\/\/www.algemeiner.com\/wp-content\/uploads\/2023\/05\/2023-05-10T104714Z_1_LYNXMPEJ490FD_RTROPTP_4_ISRAEL-PALESTINIANS-VIOLENCE-1.jpg\" width=\"100%\"><span style=\"color: #808080;\"><em>Militants stand during the funeral of two Palestinian Islamic Jihad gunmen who were killed in an Israeli raid, in Jenin refugee camp, in the West Bank on May 10, 2023. Photo: REUTERS\/Raneen Sawafta<\/em><\/span><\/p>\n<p style=\"text-align: left;\"><span style=\"color: #000080;\">On the afternoon of August 22, the BBC News website published an article by the BBC Jerusalem bureau\u2019s Tom Bateman under the headline \u201c<a style=\"color: #000080;\" href=\"https:\/\/www.bbc.com\/news\/world-middle-east-66582163\" target=\"_blank\" rel=\"noopener external noreferrer\" data-wpel-link=\"external\">Palestinian militant, 17, killed during Israeli West Bank raid.<\/a>\u201d<\/span><\/p>\n<p style=\"text-align: left;\"><span style=\"color: #000080;\">The report opens with a five-paragraph account of that headline\u2019s subject matter: the&nbsp;<a style=\"color: #000080;\" href=\"https:\/\/elderofziyon.blogspot.com\/2023\/08\/the-child-killed-by-idf-was-expert-in.html\" target=\"_blank\" rel=\"noopener external noreferrer\" data-wpel-link=\"external\">death<\/a>&nbsp;of&nbsp;<a style=\"color: #000080;\" href=\"https:\/\/www.terrorism-info.org.il\/en\/spotlight-on-terrorism-and-the-israeli-palestinian-conflict-august-16-22-2023\/\" target=\"_blank\" rel=\"noopener external noreferrer\" data-wpel-link=\"external\">Palestinian Islamic Jihad fighter<\/a>&nbsp;Othman Abu Kharj&nbsp;<a style=\"color: #000080;\" href=\"https:\/\/www.timesofisrael.com\/palestinian-teenager-said-killed-during-clashes-with-idf-near-jenin\/\" target=\"_blank\" rel=\"noopener external noreferrer\" data-wpel-link=\"external\">during a counter-terrorism operation<\/a>&nbsp;earlier the same day.<\/span><\/p>\n<p style=\"text-align: left;\"><span style=\"color: #000080;\">Bateman also mentions recent incidents in Beita, Silwan and Qalqilya \u2014 all of which&nbsp;<a style=\"color: #000080;\" href=\"https:\/\/camera-uk.org\/2023\/08\/23\/bbc-news-reports-an-attack-on-a-car\/\" target=\"_blank\" rel=\"noopener noreferrer\" data-wpel-link=\"internal\">had already been reported the previous day<\/a>&nbsp;by his colleague David Gritten \u2014 as well as the latest terror attacks in&nbsp;<a style=\"color: #000080;\" href=\"https:\/\/camera-uk.org\/2023\/08\/21\/first-stand-alone-bbc-news-website-report-on-terror-in-huwara\/\" target=\"_blank\" rel=\"noopener noreferrer\" data-wpel-link=\"internal\">Huwara<\/a>&nbsp;and at&nbsp;<a style=\"color: #000080;\" href=\"https:\/\/camera-uk.org\/2023\/08\/23\/bbc-news-reports-an-attack-on-a-car\/\" target=\"_blank\" rel=\"noopener noreferrer\" data-wpel-link=\"internal\">Beit Hagai junction<\/a>, which of course are not described as such.<\/span><\/p>\n<p style=\"text-align: left;\"><span style=\"color: #000080;\">Later in the report readers are told that:<\/span><\/p>\n<blockquote><p><strong>Meanwhile, Hamas praised Monday\u2019s attack near Hebron, calling it a \u201cnatural response\u201d to Israeli settlement construction in the West Bank and linked it to \u201cthreats\u201d on the al-Aqsa mosque in Jerusalem. The militant group Islamic Jihad said it sent a warning \u201cthat what is coming will be more severe and harsh.\u201d<\/strong><\/p><\/blockquote>\n<p style=\"text-align: left;\"><span style=\"color: #000080;\">Bateman does not provide his readers with any explanation of those alleged \u201cthreats,\u201d and their&nbsp;<a style=\"color: #000080;\" href=\"https:\/\/camera-uk.org\/2023\/08\/25\/bbc-news-silent-on-palestinian-incitement-and-gaza-rioting\/\" target=\"_blank\" rel=\"noopener noreferrer\" data-wpel-link=\"internal\">connection to Palestinian incitement and rioting<\/a>.<\/span><\/p>\n<p style=\"text-align: left;\"><span style=\"color: #000080;\">As was also the case in Gritten\u2019s report from a day earlier, Bateman chose to note a statement from Israel\u2019s prime minister:<\/span><\/p>\n<blockquote>\n<p style=\"text-align: left;\"><strong>Israel\u2019s Prime Minister, Benjamin Netanyahu, pledged to \u201csettle the score with the murderers and those who send them, near and far.\u201d He ultimately blamed the killings on Iran, which backs Islamic Jihad and the largest Palestinian militant group, Hamas.<\/strong><\/p>\n<\/blockquote>\n<p style=\"text-align: left;\"><span style=\"color: #000080;\">Once again BBC audiences were given no further information on the topic of&nbsp;<a style=\"color: #000080;\" href=\"https:\/\/www.jpost.com\/middle-east\/article-755675\" target=\"_blank\" rel=\"noopener external noreferrer\" data-wpel-link=\"external\">Iran\u2019s contributions<\/a>&nbsp;to the current wave of terrorism: a topic repeatedly&nbsp;<a style=\"color: #000080;\" href=\"https:\/\/camera-uk.org\/2023\/07\/03\/bbcs-knell-avoids-joining-the-dots-on-iranian-terror\/\" target=\"_blank\" rel=\"noopener noreferrer\" data-wpel-link=\"internal\">avoided<\/a>&nbsp;by&nbsp;<a style=\"color: #000080;\" href=\"https:\/\/camera-uk.org\/2023\/07\/19\/how-did-the-bbc-explain-the-jenin-counter-terror-operation\/\" target=\"_blank\" rel=\"noopener noreferrer\" data-wpel-link=\"internal\">BBC journalists<\/a>.<\/span><\/p>\n<p style=\"text-align: left;\"><span style=\"color: #000080;\">Bateman\u2019s portrayal of the background to topic of his article is particularly notable.<\/span><\/p>\n<blockquote>\n<p style=\"text-align: left;\"><strong>The West Bank is in the grip of the worst violence in two decades amid the absence of any political solution to the conflict, while Israel\u2019s military occupation is now into its 57th year.<\/strong><\/p>\n<p style=\"text-align: left;\"><strong>Israel has the most ultranationalist government in its history in which politicians now routinely call for more strident military operations and further Israeli settlement expansion.<\/strong><\/p>\n<p style=\"text-align: left;\"><strong>Meanwhile, internecine divisions have seen Palestinian political rivalries deepen and its official leadership lose control of key West Bank cities to militant groups.<\/strong><\/p>\n<\/blockquote>\n<p style=\"text-align: left;\"><span style=\"color: #000080;\">The framing of the rise in violence that&nbsp;<a style=\"color: #000080;\" href=\"https:\/\/www.fdd.org\/analysis\/2023\/02\/24\/why-the-west-bank-is-in-chaos\/\" target=\"_blank\" rel=\"noopener external noreferrer\" data-wpel-link=\"external\">began over two years ago<\/a>&nbsp;as being the outcome of \u201cthe absence of any political solution to the conflict\u201d is of course by no means novel in BBC reporting. However, in order to promote that narrative, BBC journalists have to avoid the inconvenient fact that neither Hamas nor the Palestinian Islamic Jihad \u2014 two of the main&nbsp;<a style=\"color: #000080;\" href=\"https:\/\/www.timesofisrael.com\/hamas-and-islamic-jihad-seen-importing-gaza-military-tactics-to-the-west-bank\/\" target=\"_blank\" rel=\"external noopener noreferrer\" data-wpel-link=\"external\">proponents<\/a>&nbsp;of the current violence in Judea &amp; Samaria \u2014 are remotely interested in any \u201cpolitical solution\u201d because&nbsp;<a style=\"color: #000080;\" href=\"https:\/\/www.memri.org\/tv\/top-hamas-official-mousa-abu-marzouk-hamas-not-committed-intl-law-sixtyseven-borders-not-enough-we-want-river-sea-rosh-hanikra-aqaba-rafah\" target=\"_blank\" rel=\"noopener external noreferrer\" data-wpel-link=\"external\">their openly-stated aim<\/a>&nbsp;is to&nbsp;<a style=\"color: #000080;\" href=\"https:\/\/www.memri.org\/reports\/palestinian-islamic-jihad-pij-secretary-general-ziad-al-nakhaleh-interviews-iranian-media-we\" target=\"_blank\" rel=\"noopener external noreferrer\" data-wpel-link=\"external\">wipe Israel off the map<\/a>. Interestingly, those parties do not earn the description \u201cultranationalist\u201d from Bateman.<\/span><\/p>\n<p style=\"text-align: left;\"><span style=\"color: #000080;\">Towards the end of the article readers are told that:<\/span><\/p>\n<blockquote>\n<p style=\"text-align: left;\"><strong>In July, the army carried out its biggest military assault in years on Jenin refugee camp, in which 12 Palestinians, including militants and children, were killed.<\/strong><\/p>\n<\/blockquote>\n<p style=\"text-align: left;\"><span style=\"color: #000080;\">Bateman\u2019s chosen phrasing fails to clarify that<a style=\"color: #000080;\" href=\"https:\/\/www.terrorism-info.org.il\/en\/israeli-security-force-operation-in-jenin-and-the-jenin-refugee-camp-review-and-summary\/\" target=\"_blank\" rel=\"noopener external noreferrer\" data-wpel-link=\"external\">&nbsp;10 of the 12<\/a>&nbsp;Palestinians killed during that counter-terror operation were claimed by terror groups, including at least three \u201cchildren.\u201d<\/span><\/p>\n<p style=\"text-align: left;\"><span style=\"color: #000080;\">Bateman closes his report with the following statement: \u201cAt least 219 Palestinians in the West Bank and Gaza, and 31 Israelis have been killed this year.\u201d<\/span><\/p>\n<p style=\"text-align: left;\"><span style=\"color: #000080;\">Bateman refrains from clarifying to his readers that the majority of the&nbsp;<a style=\"color: #000080;\" href=\"https:\/\/camera-uk.org\/2023\/05\/09\/palestinian-casualties-in-2023-the-facts\/\" target=\"_blank\" rel=\"noopener noreferrer\" data-wpel-link=\"internal\">Palestinians killed this year<\/a>&nbsp;were affiliated with terrorist organizations, that a significant proportion were killed while carrying out terror attacks or shortly afterwards, and that the majority of Israelis murdered in Palestinian terror attacks were civilians.<\/span><\/p>\n<hr>\n<p style=\"text-align: left;\"><span style=\"color: #808080;\"><em><strong>Hadar Sela<\/strong> is the co-editor of CAMERA UK \u2013 an affiliate of the Committee for Accuracy in Middle East Reporting and Analysis (CAMERA), where a version of this article&nbsp;<\/em><a style=\"color: #808080;\" href=\"https:\/\/camera-uk.org\/2023\/08\/27\/bbc-news-again-avoids-inconvenient-facts-about-hamas-and-the-pij\/\" target=\"_blank\" rel=\"noopener noreferrer\"><em>first appeared.<\/em><\/a><\/span><\/p>\n<hr style=\"height: 15px; background: #d0e6fa; width: 100%;\">\n<div id=\"content\" class=\"content-alignment\">\n<div id=\"watch-description\" class=\"yt-uix-button-panel\">\n<div id=\"watch-description-text\" style=\"text-align: center;\">\n<p><em>Zawarto\u015b\u0107 publikowanych artyku\u0142\u00f3w i materia\u0142\u00f3w nie reprezentuje pogl\u0105d\u00f3w ani opinii Reunion&#8217;68,<\/em><em><br \/>\nani te\u017c webmastera Blogu Reunion&#8217;68, chyba ze jest to wyra\u017anie zaznaczone.<br \/>\nTwoje uwagi, linki, w\u0142asne artyku\u0142y lub wiadomo\u015bci prze\u015blij na adres:<br \/>\n<\/em><span style=\"color: #000080;\"><strong><em><a style=\"color: #000080;\" href=\"mailto:webmaster@reunion68.com\"><span style=\"text-decoration: underline;\">webmaster@reunion68.com<\/span><\/a><\/em><\/strong><\/span><\/p>\n<\/div>\n<\/div>\n<\/div>\n<hr style=\"width: 100%;\">\n","protected":false},"excerpt":{"rendered":"<p>Once Again, BBC Hides Facts About Palestinian Terrorists and Terror Groups Hadar Sela Militants stand during the funeral of two Palestinian Islamic Jihad gunmen who were killed in an Israeli raid, in Jenin refugee camp, in the West Bank on May 10, 2023. Photo: REUTERS\/Raneen Sawafta On the afternoon of August 22, the BBC News [&hellip;]<\/p>\n","protected":false},"author":1,"featured_media":0,"comment_status":"closed","ping_status":"closed","sticky":false,"template":"","format":"standard","meta":[],"categories":[6],"tags":[26,24],"_links":{"self":[{"href":"https:\/\/www.reunion68.se\/index.php?rest_route=\/wp\/v2\/posts\/106655"}],"collection":[{"href":"https:\/\/www.reunion68.se\/index.php?rest_route=\/wp\/v2\/posts"}],"about":[{"href":"https:\/\/www.reunion68.se\/index.php?rest_route=\/wp\/v2\/types\/post"}],"author":[{"embeddable":true,"href":"https:\/\/www.reunion68.se\/index.php?rest_route=\/wp\/v2\/users\/1"}],"replies":[{"embeddable":true,"href":"https:\/\/www.reunion68.se\/index.php?rest_route=%2Fwp%2Fv2%2Fcomments&post=106655"}],"version-history":[{"count":5,"href":"https:\/\/www.reunion68.se\/index.php?rest_route=\/wp\/v2\/posts\/106655\/revisions"}],"predecessor-version":[{"id":106678,"href":"https:\/\/www.reunion68.se\/index.php?rest_route=\/wp\/v2\/posts\/106655\/revisions\/106678"}],"wp:attachment":[{"href":"https:\/\/www.reunion68.se\/index.php?rest_route=%2Fwp%2Fv2%2Fmedia&parent=106655"}],"wp:term":[{"taxonomy":"category","embeddable":true,"href":"https:\/\/www.reunion68.se\/index.php?rest_route=%2Fwp%2Fv2%2Fcategories&post=106655"},{"taxonomy":"post_tag","embeddable":true,"href":"https:\/\/www.reunion68.se\/index.php?rest_route=%2Fwp%2Fv2%2Ftags&post=106655"}],"curies":[{"name":"wp","href":"https:\/\/api.w.org\/{rel}","templated":true}]}}