{"id":106765,"date":"2023-09-03T17:09:17","date_gmt":"2023-09-03T15:09:17","guid":{"rendered":"http:\/\/www.reunion68.se\/?p=106765"},"modified":"2023-09-03T13:50:41","modified_gmt":"2023-09-03T11:50:41","slug":"08-09-82","status":"publish","type":"post","link":"https:\/\/www.reunion68.se\/?p=106765","title":{"rendered":"Izrael rozwa\u017ca reakcj\u0119 po zamieszkach w Tel Awiwie, w wyniku kt\u00f3rych 170 os\u00f3b zosta\u0142o rannych"},"content":{"rendered":"<h5 style=\"text-align: center;\"><strong><a style=\"color: #000080; text-decoration: underline;\" href=\"https:\/\/www.jns.org\/\" target=\"_blank\" rel=\"noopener noreferrer\"><img decoding=\"async\" class=\"center alignleft\" src=\"http:\/\/www.reunion68.com\/Biuletyn\/img\/jns-1.png\" alt=\"\" width=\"35%\"><\/a><span style=\"text-decoration: underline; color: #000080;\"><strong><a style=\"color: #000080; text-decoration: underline;\" href=\"https:\/\/www.jns.org\/israel-news\/benjamin-netanyahu\/23\/9\/3\/315513\/\" target=\"_blank\" rel=\"noopener noreferrer\">Izrael rozwa\u017ca reakcj\u0119 po zamieszkach w Tel Awiwie, w wyniku kt\u00f3rych 170 os\u00f3b zosta\u0142o rannych<\/a><\/strong><\/span><\/strong><\/h5>\n<p style=\"text-align: center;\"><span style=\"color: #000000;\"><strong>JNS.org<\/strong><\/span><\/p>\n<hr style=\"height: 15px; background: #d0e6fa; width: 100%;\">\n<h4 style=\"text-align: center;\"><span style=\"color: #808080;\"><strong>Netanjahu powo\u0142uje specjalny zesp\u00f3\u0142 ministerialny, aby rozwa\u017cy\u0107 dalsze posuni\u0119cia pa\u0144stwa po tym, jak protest os\u00f3b ubiegaj\u0105cych si\u0119 o azyl z Erytrei sta\u0142 si\u0119 brutalny, w wyniku czego 49 funkcjonariuszy policji zosta\u0142o rannych.<\/strong><\/span><\/h4>\n<p style=\"text-align: center;\">.<img decoding=\"async\" src=\"https:\/\/cdn.jns.org\/uploads\/2023\/09\/F230902OF44-1-1320x880.jpg\" width=\"100%\"><span style=\"color: #808080;\"><em>Erytrei ubiegaj\u0105cy si\u0119 o azyl starcia z izraelsk\u0105 policj\u0105 w po\u0142udniowym Tel Awiwie, 2 wrze\u015bnia 2023 r. Zdj\u0119cie: Omer Fichman\/Flash90<\/em><\/span>.<\/p>\n<p style=\"text-align: left;\"><span style=\"color: #000080;\">Izraelscy ministrowie spotkali si\u0119 w niedziel\u0119 rano, aby om\u00f3wi\u0107 reakcj\u0119 rz\u0105du na brutalne zamieszki, kt\u00f3re mia\u0142y miejsce poprzedniego dnia w Tel Awiwie pomi\u0119dzy rywalizuj\u0105cymi frakcjami Erytrei.<\/span><\/p>\n<p style=\"text-align: left;\"><span style=\"color: #000080;\">Ponad 170 os\u00f3b zosta\u0142o rannych, w tym 49 funkcjonariuszy policji, gdy demonstracja os\u00f3b ubiegaj\u0105cych si\u0119 o azyl z Erytrei przeciwko wydarzeniom w ambasadzie Erytrei w po\u0142udniowej cz\u0119\u015bci miasta przybra\u0142a gwa\u0142towny charakter.<\/span><\/p>\n<p style=\"text-align: left;\"><span style=\"color: #000080;\">Przeciw policji i innym uczestnikom zamieszek u\u017cyto kamieni, pa\u0142ek i innej broni, a lokalne firmy i zaparkowane pojazdy zosta\u0142y zniszczone.<\/span><\/p>\n<hr>\n<blockquote class=\"twitter-tweet\" data-width=\"550\" data-dnt=\"true\">\n<p lang=\"iw\" dir=\"rtl\">\u05ea\u05d9\u05e2\u05d5\u05d3: \u05e2\u05d9\u05de\u05d5\u05ea\u05d9\u05dd \u05d0\u05dc\u05d9\u05de\u05d9\u05dd \u05d1\u05d3\u05e8\u05d5\u05dd \u05ea\u05dc \u05d0\u05d1\u05d9\u05d1 \u05d1\u05d9\u05df \u05de\u05ea\u05e0\u05d2\u05d3\u05d9 \u05dc\u05ea\u05d5\u05de\u05db\u05d9 \u05d4\u05de\u05e9\u05d8\u05e8 \u05d1\u05d0\u05e8\u05d9\u05ea\u05e8\u05d0\u05d4<a href=\"https:\/\/twitter.com\/hadasgrinberg?ref_src=twsrc%5Etfw\">@hadasgrinberg<\/a> <a href=\"https:\/\/t.co\/dwgqWoOYly\">pic.twitter.com\/dwgqWoOYly<\/a><\/p>\n<p>&mdash; \u05db\u05d0\u05df \u05d7\u05d3\u05e9\u05d5\u05ea (@kann_news) <a href=\"https:\/\/twitter.com\/kann_news\/status\/1697929744237375567?ref_src=twsrc%5Etfw\">September 2, 2023<\/a><\/p><\/blockquote>\n<p><script async src=\"https:\/\/platform.twitter.com\/widgets.js\" charset=\"utf-8\"><\/script><\/p>\n<hr>\n<p style=\"text-align: left;\"><span style=\"color: #000080;\">Wed\u0142ug policji funkcjonariusze u\u017cyli narz\u0119dzi do rozproszenia zamieszek, w tym gazu \u0142zawi\u0105cego, ale gdy okaza\u0142y si\u0119 one nieskuteczne, w obawie o swoje \u017cycie u\u017cyli ostrej amunicji. Dokonano trzydziestu dziewi\u0119ciu aresztowa\u0144, a w nadchodz\u0105cych dniach spodziewane s\u0105 kolejne. W sprawie zdarzenia wszcz\u0119to wewn\u0119trzne \u015bledztwo policji.<\/span><\/p>\n<p style=\"text-align: left;\"><span style=\"color: #000080;\">W nast\u0119pstwie zamieszek i zmia\u017cd\u017cenia rannych os\u00f3b wymagaj\u0105cych leczenia szpitalnego organizacja reagowania kryzysowego Magen David Adom zaapelowa\u0142a do spo\u0142ecze\u0144stwa o oddanie krwi, a w sobot\u0119 wieczorem w szpitalu Ichilov (Centrum Medyczne Sourasky w Tel Awiwie) zebra\u0142y si\u0119 t\u0142umy. Dyrektor szpitala, profesor Ronni Gamzu, powiedzia\u0142 wcze\u015bniej, \u017ce szpital ma do czynienia z wypadkiem masowym.<\/span><\/p>\n<p style=\"text-align: left;\"><span style=\"color: #000080;\">Stan jednego z funkcjonariuszy szpitala Sheba Medical Center w Ramat Gan zosta\u0142 uznany za ci\u0119\u017cki po tym, jak lekarze usun\u0119li mu z g\u0142owy cz\u0119\u015b\u0107 kuchenki kempingowej.<\/span><\/p>\n<p style=\"text-align: left;\"><span style=\"color: #000080;\">\u201eW nast\u0119pstwie powa\u017cnych zamieszek w Tel Awiwie premier Benjamin Netanjahu podj\u0105\u0142 decyzj\u0119 o zwo\u0142aniu specjalnego zespo\u0142u ministerialnego w celu zbadania \u015brodk\u00f3w, jakie nale\u017cy podj\u0105\u0107 przeciwko nielegalnym infiltratorom, kt\u00f3rzy brali udzia\u0142 w zamieszkach, w tym krok\u00f3w prowadz\u0105cych do deportacji\u201d \u2013 poda\u0142o Biuro Premiera w o\u015bwiadczeniu. o\u015bwiadczenie.<\/span><\/p>\n<p style=\"text-align: left;\"><span style=\"color: #000080;\">Jak wynika z odczytania jego uwag, podczas spotkania Netanjahu powiedzia\u0142, \u017ce sobotnia przemoc \u201eprzekroczy\u0142a czerwon\u0105 lini\u0119\u201d.<\/span><\/p>\n<p style=\"text-align: left;\"><span style=\"color: #000080;\">\u201eTe zamieszki, rozlew krwi to rzeczy, kt\u00f3rych nie mo\u017cemy tolerowa\u0107\u201d \u2013 kontynuowa\u0142 premier.<\/span><\/p>\n<p style=\"text-align: center;\"><img decoding=\"async\" class=\"aligncenter\" src=\"https:\/\/cdn.jns.org\/uploads\/2023\/09\/Photo1-1320x880.jpg\" width=\"100%\"><span style=\"color: #808080;\"><em>Israeli Prime Minister Benjamin Netanyahu convenes a special ministerial meeting on the Tel Aviv riots, Jerusalem, Sept. 3, 2023. Photo by Haim Zach\/GPO.<\/em><\/span><\/p>\n<p style=\"text-align: left;\"><span style=\"color: #000080;\">\u201eDlatego pierwsz\u0105 rzecz\u0105, kt\u00f3r\u0105 robi\u0119, jest \u017cyczenie pe\u0142nego powrotu do zdrowia policjantom, kt\u00f3rzy odnie\u015bli obra\u017cenia podczas przywracania porz\u0105dku. D\u0105\u017cymy do podj\u0119cia zdecydowanych krok\u00f3w przeciwko uczestnikom zamieszek, w tym do natychmiastowego wydalenia tych, kt\u00f3rzy wzi\u0119li udzia\u0142. Trudno mi zrozumie\u0107, dlaczego mieliby\u015bmy mie\u0107 problem z tymi, kt\u00f3rzy deklaruj\u0105, \u017ce wspieraj\u0105 re\u017cim; z pewno\u015bci\u0105 nie mog\u0105 ubiega\u0107 si\u0119 o status uchod\u017acy.<\/span><\/p>\n<p style=\"text-align: left;\"><span style=\"color: #000080;\">\u201eChcia\u0142bym r\u00f3wnie\u017c, aby to forum przygotowa\u0142o kompletny i zaktualizowany plan repatriacji wszystkich pozosta\u0142ych nielegalnych infiltrator\u00f3w z Pa\u0144stwa Izrael; taki jest cel naszego dzisiejszego spotkania.\u201d<\/span><\/p>\n<p style=\"text-align: left;\"><span style=\"color: #000080;\">Netanjahu przypisa\u0142 ogrodzeniu bezpiecze\u0144stwa zbudowanemu na granicy Synaju zatrzymanie infiltrator\u00f3w z Afryki, kt\u00f3rzy, jego zdaniem, \u201estanowili namacalne zagro\u017cenie dla przysz\u0142o\u015bci Izraela jako pa\u0144stwa \u017cydowskiego i demokratycznego\u201d. Wskaza\u0142 tak\u017ce palcem na S\u0105d Najwy\u017cszy, pe\u0142ni\u0105cy funkcj\u0119 Wysokiego Trybuna\u0142u Sprawiedliwo\u015bci, za blokowanie wysi\u0142k\u00f3w na rzecz znalezienia rozwi\u0105zania.<\/span><\/p>\n<p style=\"text-align: left;\"><span style=\"color: #000080;\">Netanjahu powt\u00f3rzy\u0142 opini\u0119 innych cz\u0142onk\u00f3w koalicji rz\u0105dz\u0105cej, kt\u00f3rzy w sobot\u0119 oskar\u017cyli S\u0105d Najwy\u017cszy o stworzenie sytuacji, kt\u00f3ra doprowadzi\u0142a do zamieszek.<\/span><\/p>\n<p style=\"text-align: left;\"><span style=\"color: #000080;\">\u201eJe\u015bli kto\u015b mia\u0142 w\u0105tpliwo\u015bci, dlaczego reforma [s\u0105du] jest tak wa\u017cna i o co walczymy, otrzyma\u0142 dzi\u015b mia\u017cd\u017c\u0105c\u0105 odpowied\u017a\u201d \u2013 powiedzia\u0142 minister sprawiedliwo\u015bci Yariv Levin.<\/span><\/p>\n<p style=\"text-align: left;\"><span style=\"color: #000080;\">\u201eWalczymy o to, \u017ceby pa\u0144stwo by\u0142o \u017cydowskie i demokratyczne. Na prawo mieszka\u0144c\u00f3w po\u0142udniowego Tel Awiwu i Ejlatu do bezpiecznego \u017cycia. \u017be po\u0142udniowy Tel Awiw nie zamieni si\u0119 w Dziki Zach\u00f3d. Rz\u0105d, a Kneset na przestrzeni lat uchwali\u0142 wiele przepis\u00f3w maj\u0105cych zaradzi\u0107 zjawisku infiltrator\u00f3w, ale Wysoki Trybuna\u0142 raz po raz odrzuca\u0142 te posuni\u0119cia\u201d \u2013 powiedzia\u0142.<\/span><\/p>\n<p style=\"text-align: left;\"><span style=\"color: #000080;\">Erytrejczycy wzi\u0119li ostatnio udzia\u0142 w zamieszkach w innych miastach na ca\u0142ym \u015bwiecie, w tym w sobot\u0119 w Calgary w Kanadzie. W zesz\u0142ym miesi\u0105cu w Sztokholmie protestuj\u0105cy przeciwko re\u017cimowi wtargn\u0119li na erytrejski festiwal w stolicy Szwecji, w wyniku czego ponad 50 os\u00f3b zosta\u0142o rannych, a dziesi\u0105tki aresztowano.<\/span><\/p>\n<p style=\"text-align: left;\"><span style=\"color: #000080;\">Zar\u00f3wno w Sztokholmie, jak i w Tel Awiwie przeciwnicy re\u017cimu Erytrei zostali upowa\u017cnieni do zorganizowania protest\u00f3w, zanim zapanowa\u0142 chaos.<\/span><\/p>\n<p style=\"text-align: left;\"><span style=\"color: #000080;\">Organizacje praw cz\u0142owieka opisuj\u0105 kraj Rogu Afryki jako jeden z najbardziej represyjnych na \u015bwiecie od czasu oderwania si\u0119 od s\u0105siedniej Etiopii trzydzie\u015bci lat temu. Rz\u0105dzi nim prezydent Isaias Afwerki. Wielu uciek\u0142o przed obowi\u0105zkowym poborem do wojska.<\/span><\/p>\n<p style=\"text-align: left;\"><span style=\"color: #000080;\">G\u0142\u00f3wnym tematem star\u0107 s\u0105 wydarzenia z tego roku, w kt\u00f3rych przypada 30. rocznica oddzielenia si\u0119 Erytrei od Etiopii.<\/span><\/p>\n<hr style=\"height: 15px; background: #d0e6fa; width: 100%;\">\n<div id=\"content\" class=\"content-alignment\">\n<div id=\"watch-description\" class=\"yt-uix-button-panel\">\n<div id=\"watch-description-text\" style=\"text-align: center;\">\n<p><em>Zawarto\u015b\u0107 publikowanych artyku\u0142\u00f3w i materia\u0142\u00f3w nie reprezentuje pogl\u0105d\u00f3w ani opinii Reunion&#8217;68,<\/em><em><br \/>\nani te\u017c webmastera Blogu Reunion&#8217;68, chyba ze jest to wyra\u017anie zaznaczone.<br \/>\nTwoje uwagi, linki, w\u0142asne artyku\u0142y lub wiadomo\u015bci prze\u015blij na adres:<br \/>\n<\/em><span style=\"color: #000080;\"><strong><em><a style=\"color: #000080;\" href=\"mailto:webmaster@reunion68.com\"><span style=\"text-decoration: underline;\">webmaster@reunion68.com<\/span><\/a><\/em><\/strong><\/span><\/p>\n<\/div>\n<\/div>\n<\/div>\n<hr style=\"width: 100%;\">\n","protected":false},"excerpt":{"rendered":"<p>Izrael rozwa\u017ca reakcj\u0119 po zamieszkach w Tel Awiwie, w wyniku kt\u00f3rych 170 os\u00f3b zosta\u0142o rannych JNS.org Netanjahu powo\u0142uje specjalny zesp\u00f3\u0142 ministerialny, aby rozwa\u017cy\u0107 dalsze posuni\u0119cia pa\u0144stwa po tym, jak protest os\u00f3b ubiegaj\u0105cych si\u0119 o azyl z Erytrei sta\u0142 si\u0119 brutalny, w wyniku czego 49 funkcjonariuszy policji zosta\u0142o rannych. .Erytrei ubiegaj\u0105cy si\u0119 o azyl starcia z [&hellip;]<\/p>\n","protected":false},"author":1,"featured_media":0,"comment_status":"closed","ping_status":"closed","sticky":false,"template":"","format":"standard","meta":[],"categories":[6],"tags":[26,24],"_links":{"self":[{"href":"https:\/\/www.reunion68.se\/index.php?rest_route=\/wp\/v2\/posts\/106765"}],"collection":[{"href":"https:\/\/www.reunion68.se\/index.php?rest_route=\/wp\/v2\/posts"}],"about":[{"href":"https:\/\/www.reunion68.se\/index.php?rest_route=\/wp\/v2\/types\/post"}],"author":[{"embeddable":true,"href":"https:\/\/www.reunion68.se\/index.php?rest_route=\/wp\/v2\/users\/1"}],"replies":[{"embeddable":true,"href":"https:\/\/www.reunion68.se\/index.php?rest_route=%2Fwp%2Fv2%2Fcomments&post=106765"}],"version-history":[{"count":22,"href":"https:\/\/www.reunion68.se\/index.php?rest_route=\/wp\/v2\/posts\/106765\/revisions"}],"predecessor-version":[{"id":106792,"href":"https:\/\/www.reunion68.se\/index.php?rest_route=\/wp\/v2\/posts\/106765\/revisions\/106792"}],"wp:attachment":[{"href":"https:\/\/www.reunion68.se\/index.php?rest_route=%2Fwp%2Fv2%2Fmedia&parent=106765"}],"wp:term":[{"taxonomy":"category","embeddable":true,"href":"https:\/\/www.reunion68.se\/index.php?rest_route=%2Fwp%2Fv2%2Fcategories&post=106765"},{"taxonomy":"post_tag","embeddable":true,"href":"https:\/\/www.reunion68.se\/index.php?rest_route=%2Fwp%2Fv2%2Ftags&post=106765"}],"curies":[{"name":"wp","href":"https:\/\/api.w.org\/{rel}","templated":true}]}}