{"id":106769,"date":"2023-09-03T17:00:15","date_gmt":"2023-09-03T15:00:15","guid":{"rendered":"http:\/\/www.reunion68.se\/?p=106769"},"modified":"2023-09-03T14:15:50","modified_gmt":"2023-09-03T12:15:50","slug":"08-00-86","status":"publish","type":"post","link":"https:\/\/www.reunion68.se\/?p=106769","title":{"rendered":"Hamas Chief Blames Arab Crime Wave in Israel on \u2018Zionist Occupation\u2019"},"content":{"rendered":"<h5 style=\"text-align: center;\"><a href=\"https:\/\/www.algemeiner.com\/\" target=\"_blank\" rel=\"noopener noreferrer\"><img decoding=\"async\" class=\"center alignleft\" src=\"http:\/\/www.reunion68.com\/Biuletyn\/img\/algem.png\" alt=\"\" width=\"35%\" \/><\/a><span style=\"text-decoration: underline; color: #000080;\"><span><strong><a style=\"color: #000080; text-decoration: underline;\" href=\"https:\/\/www.algemeiner.com\/2023\/09\/02\/hamas-chief-blames-arab-crime-wave-in-israel-on-zionist-occupation\/\" target=\"_blank\" rel=\"noopener noreferrer\">Hamas Chief Blames Arab Crime Wave in Israel on \u2018Zionist Occupation\u2019<\/a><\/strong><\/span><\/span><\/h5>\n<p style=\"text-align: center;\"><span style=\"color: #000000;\"><strong>i24 News<\/strong><\/span><\/p>\n<hr style=\"height: 15px; background: #d0e6fa; width: 100%;\" \/>\n<p style=\"text-align: center;\"><img decoding=\"async\" class=\"aligncenter\" src=\"https:\/\/www.middle-east-online.com\/sites\/default\/files\/styles\/home_special_coverage_1920xauto\/public\/2023-05\/Haniyeh.jpg?itok=R253ZeOK\" width=\"100%\" \/><span style=\"color: #808080;\"><em>Hamas chief Ismail Haniyeh<\/em><\/span><\/p>\n<p style=\"text-align: left;\"><em>\u00a0<\/em><span style=\"color: #000080;\">Israel is to blame for the ongoing deadly crime wave engulfing Israel\u2019s Arab community, Hamas\u2019 chief said Saturday, referring to the Jewish state as \u201cthe Zionist occupation.\u201d Israel\u2019s Arab sector is seeing its deadliest year ever with 166 people killed in 2023 so far.<\/span><\/p>\n<p class=\"\" style=\"text-align: left;\" data-is=\"component-paragraph\"><span style=\"color: #000080;\">\u201cWe regard the Zionist occupation as the responsible party for the blood spilled and the\u00a0<a class=\"link\" style=\"color: #000080;\" title=\"https:\/\/www.i24news.tv\/en\/news\/israel\/society\/1692782105-fear-and-disbelief-in-arab-israeli-town-after-shocking-quadruple-murder\" href=\"https:\/\/www.i24news.tv\/en\/news\/israel\/society\/1692782105-fear-and-disbelief-in-arab-israeli-town-after-shocking-quadruple-murder\" target=\"_blank\" rel=\"noopener noreferrer\" data-is=\"component-link\">murders running wild<\/a>\u00a0inside the lands of 1948,\u201d a statement issued by Ismail Haniyeh\u2019s office read, couched in the habitual language of the terror group.<\/span><\/p>\n<p class=\"\" style=\"text-align: left;\" data-is=\"component-paragraph\"><span style=\"color: #000080;\">\u201cThe security arms of the Zionist enemy play a dangerous game in trying to embroil our people in another struggle, intended to make them forget their religious and historical ties to the Palestinian people in Gaza, the West Bank, and in exile,\u201d the statement added.<\/span><\/p>\n<p class=\"\" style=\"text-align: left;\" data-is=\"component-paragraph\"><span style=\"color: #000080;\">According to the Israeli Central Bureau of Statistics, there are\u00a0<a class=\"link\" style=\"color: #000080;\" title=\"https:\/\/www.i24news.tv\/en\/news\/israel\/politics\/1686580356-israel-ben-gvir-officially-asks-shin-bet-to-investigate-murders-in-arab-community\" href=\"https:\/\/www.i24news.tv\/en\/news\/israel\/politics\/1686580356-israel-ben-gvir-officially-asks-shin-bet-to-investigate-murders-in-arab-community\" target=\"_blank\" rel=\"noopener noreferrer\" data-is=\"component-link\">over two million Arabs in Israel<\/a>, accounting for some 21 percent of the population.<\/span><\/p>\n<hr style=\"height: 15px; background: #d0e6fa; width: 100%;\" \/>\n<div id=\"content\" class=\"content-alignment\">\n<div id=\"watch-description\" class=\"yt-uix-button-panel\">\n<div id=\"watch-description-text\" style=\"text-align: center;\">\n<p><em>Zawarto\u015b\u0107 publikowanych artyku\u0142\u00f3w i materia\u0142\u00f3w nie reprezentuje pogl\u0105d\u00f3w ani opinii Reunion&#8217;68,<\/em><em><br \/>\nani te\u017c webmastera Blogu Reunion&#8217;68, chyba ze jest to wyra\u017anie zaznaczone.<br \/>\nTwoje uwagi, linki, w\u0142asne artyku\u0142y lub wiadomo\u015bci prze\u015blij na adres:<br \/>\n<\/em><span style=\"color: #000080;\"><strong><em><a style=\"color: #000080;\" href=\"mailto:webmaster@reunion68.com\"><span style=\"text-decoration: underline;\">webmaster@reunion68.com<\/span><\/a><\/em><\/strong><\/span><\/p>\n<\/div>\n<\/div>\n<\/div>\n<hr style=\"width: 100%;\" \/>\n","protected":false},"excerpt":{"rendered":"<p>Hamas Chief Blames Arab Crime Wave in Israel on \u2018Zionist Occupation\u2019 i24 News Hamas chief Ismail Haniyeh \u00a0Israel is to blame for the ongoing deadly crime wave engulfing Israel\u2019s Arab community, Hamas\u2019 chief said Saturday, referring to the Jewish state as \u201cthe Zionist occupation.\u201d Israel\u2019s Arab sector is seeing its deadliest year ever with 166 [&hellip;]<\/p>\n","protected":false},"author":1,"featured_media":0,"comment_status":"closed","ping_status":"closed","sticky":false,"template":"","format":"standard","meta":[],"categories":[3],"tags":[26,24],"_links":{"self":[{"href":"https:\/\/www.reunion68.se\/index.php?rest_route=\/wp\/v2\/posts\/106769"}],"collection":[{"href":"https:\/\/www.reunion68.se\/index.php?rest_route=\/wp\/v2\/posts"}],"about":[{"href":"https:\/\/www.reunion68.se\/index.php?rest_route=\/wp\/v2\/types\/post"}],"author":[{"embeddable":true,"href":"https:\/\/www.reunion68.se\/index.php?rest_route=\/wp\/v2\/users\/1"}],"replies":[{"embeddable":true,"href":"https:\/\/www.reunion68.se\/index.php?rest_route=%2Fwp%2Fv2%2Fcomments&post=106769"}],"version-history":[{"count":4,"href":"https:\/\/www.reunion68.se\/index.php?rest_route=\/wp\/v2\/posts\/106769\/revisions"}],"predecessor-version":[{"id":106805,"href":"https:\/\/www.reunion68.se\/index.php?rest_route=\/wp\/v2\/posts\/106769\/revisions\/106805"}],"wp:attachment":[{"href":"https:\/\/www.reunion68.se\/index.php?rest_route=%2Fwp%2Fv2%2Fmedia&parent=106769"}],"wp:term":[{"taxonomy":"category","embeddable":true,"href":"https:\/\/www.reunion68.se\/index.php?rest_route=%2Fwp%2Fv2%2Fcategories&post=106769"},{"taxonomy":"post_tag","embeddable":true,"href":"https:\/\/www.reunion68.se\/index.php?rest_route=%2Fwp%2Fv2%2Ftags&post=106769"}],"curies":[{"name":"wp","href":"https:\/\/api.w.org\/{rel}","templated":true}]}}