{"id":106872,"date":"2023-09-11T17:00:33","date_gmt":"2023-09-11T15:00:33","guid":{"rendered":"http:\/\/www.reunion68.se\/?p=106872"},"modified":"2023-09-06T14:02:38","modified_gmt":"2023-09-06T12:02:38","slug":"11-00-89","status":"publish","type":"post","link":"https:\/\/www.reunion68.se\/?p=106872","title":{"rendered":"At Venice Film Festival, Celebrities Show Solidarity With Iranian Anti-Regime Protesters"},"content":{"rendered":"<h5 style=\"text-align: center;\"><a href=\"https:\/\/www.algemeiner.com\/\" target=\"_blank\" rel=\"noopener noreferrer\"><img decoding=\"async\" class=\"center alignleft\" src=\"http:\/\/www.reunion68.com\/Biuletyn\/img\/algem.png\" alt=\"\" width=\"35%\" \/><\/a><span style=\"text-decoration: underline; color: #000080;\"><span><strong><a style=\"color: #000080; text-decoration: underline;\" href=\"https:\/\/www.algemeiner.com\/2023\/09\/05\/venice-film-festival-celebrities-show-solidarity-iranian-anti-regime-protesters\/\" target=\"_blank\" rel=\"noopener noreferrer\">At Venice Film Festival, Celebrities Show Solidarity With Iranian Anti-Regime Protesters<\/a><\/strong><\/span><\/span><\/h5>\n<p style=\"text-align: center;\"><span style=\"color: #000000;\"><strong>Shiryn Ghermezian<\/strong><\/span><\/p>\n<hr style=\"height: 15px; background: #d0e6fa; width: 100%;\" \/>\n<p style=\"text-align: center;\"><img decoding=\"async\" class=\"aligncenter\" src=\"https:\/\/www.algemeiner.com\/wp-content\/uploads\/2023\/09\/2023-09-03T112848Z_771028061_RC2G03AM030S_RTRMADP_3_FILMFESTIVAL-VENICE-TATAMI-1.jpg\" width=\"100%\" \/><span style=\"color: #808080;\"><em>Venice Film Festival director Alberto Barbera and jury members Jane Campion and Saleh Bakri take part in a flash mob in solidarity with the Iranian people at the 80th Venice Film Festival on Sept. 2, 2023. Photo: REUTERS\/Guglielmo Mangiapane<\/em><\/span><\/p>\n<p style=\"text-align: left;\"><span style=\"color: #000080;\">Actors, filmmakers, and other celebrities took to the red carpet at the 80th Venice International Film Festival on Saturday \u2014 but not to show off their outfits. Instead, they joined activists in demonstrating in support of ongoing anti-government protests that erupted across Iran last year and triggered a brutal crackdown by the regime.<\/span><\/p>\n<p style=\"text-align: left;\"><span style=\"color: #000080;\">Demonstrators, including festival director Alberto Barbera and several jury members, chanted \u201cFree Iran\u201d and \u201cWomen, Life, Freedom\u201d \u2014 the latter of which has become the unofficial slogan for the protests in Iran. Protesters in Venice also held placards and banners showing the slogan\u2019s Italian translation \u2014 \u201cDonna, Vita, Libert\u00e0\u201d \u2014 and \u201crise with the women of Iran.\u201d<\/span><\/p>\n<p style=\"text-align: left;\"><span style=\"color: #000080;\">Other signs featured the image of Mahsa Amini, the 22-year-old Kurdish women whose death\u00a0<a style=\"color: #000080;\" href=\"https:\/\/www.algemeiner.com\/2023\/09\/04\/say-her-name-with-me-jewish-led-indie-rock-band-releasing-new-song-honoring-mahsa-amini-symbol-of-iranian-protest-movement\/\" target=\"_blank\" rel=\"noopener noreferrer\">almost a year ago<\/a>\u00a0while in the custody of Iran\u2019s \u201cMorality Police\u201d sparked the protests in Iran. Amini was arrested and allegedly tortured by Iranian regime forces for wearing her hijab, or head covering, inappropriately.<\/span><\/p>\n<p style=\"text-align: left;\"><span style=\"color: #000080;\">At the Venice Film Festival, some posters held by demonstrators also included pictures of Iranian director Saeed Roustaee, who was sentenced to six months in prison in Iran for screening his family drama\u00a0<em>Leila\u2019s Brothers\u00a0<\/em>at the Cannes Film Festival last year without government permission. One sign read, \u201cFreedom of speech for Iranian artists now! Artists\u2019 rights are human rights!\u201d<\/span><\/p>\n<p style=\"text-align: left;\"><span style=\"color: #000080;\">The demonstration took place ahead of the festival\u2019s screening of\u00a0<em><a style=\"color: #000080;\" href=\"https:\/\/www.algemeiner.com\/2023\/08\/30\/leonard-bernsteins-daughter-says-upcoming-film-maestro-love-story-dives-into-intimate-details\/\" target=\"_blank\" rel=\"noopener noreferrer\">Maestro<\/a>,\u00a0<\/em>a film about the late and renowned Jewish composer and conductor Leonard Bernstein. Others who participated in the protest included Saleh Bakri, a Palestinian actor and Venice Film Festival jury member, as well as jury president Damien Chazelle, Iranian actress and director Zar Amir Ebrahimi, and Israeli director Guy Nattiv.<\/span><\/p>\n<p style=\"text-align: left;\"><span style=\"color: #000080;\">Ebrahimi and Nattiv co-directed the film\u00a0<em>Tatami<\/em>, which made its\u00a0<a style=\"color: #000080;\" href=\"https:\/\/www.algemeiner.com\/2023\/08\/31\/israeli-iranian-directors-talk-about-making-historic-risky-movie-about-female-iranian-judoka\/\" target=\"_blank\" rel=\"noopener noreferrer\">world premiere<\/a>\u00a0at the Venice Film Festival earlier on Saturday. The movie \u2014 which tells the story of an Iranian female judoka ordered to fake an injury and withdraw from an international competition to avoid facing an Israeli opponent \u2014 is the first feature co-directed by an Israeli and an Iranian filmmaker. It received a standing ovation at its premiere.<\/span><\/p>\n<p style=\"text-align: left;\"><span style=\"color: #000080;\">During a scene in the film, the protagonist says, \u201cI wore what they ordered me to; I repeated everything they told me. I am one of millions of people under the control of the Islamic regime of Iran. None of us matter to them. We are all tools.\u201d<\/span><\/p>\n<hr style=\"height: 15px; background: #d0e6fa; width: 100%;\" \/>\n<div id=\"content\" class=\"content-alignment\">\n<div id=\"watch-description\" class=\"yt-uix-button-panel\">\n<div id=\"watch-description-text\" style=\"text-align: center;\">\n<p><em>Zawarto\u015b\u0107 publikowanych artyku\u0142\u00f3w i materia\u0142\u00f3w nie reprezentuje pogl\u0105d\u00f3w ani opinii Reunion&#8217;68,<\/em><em><br \/>\nani te\u017c webmastera Blogu Reunion&#8217;68, chyba ze jest to wyra\u017anie zaznaczone.<br \/>\nTwoje uwagi, linki, w\u0142asne artyku\u0142y lub wiadomo\u015bci prze\u015blij na adres:<br \/>\n<\/em><span style=\"color: #000080;\"><strong><em><a style=\"color: #000080;\" href=\"mailto:webmaster@reunion68.com\"><span style=\"text-decoration: underline;\">webmaster@reunion68.com<\/span><\/a><\/em><\/strong><\/span><\/p>\n<\/div>\n<\/div>\n<\/div>\n<hr style=\"width: 100%;\" \/>\n","protected":false},"excerpt":{"rendered":"<p>At Venice Film Festival, Celebrities Show Solidarity With Iranian Anti-Regime Protesters Shiryn Ghermezian Venice Film Festival director Alberto Barbera and jury members Jane Campion and Saleh Bakri take part in a flash mob in solidarity with the Iranian people at the 80th Venice Film Festival on Sept. 2, 2023. Photo: REUTERS\/Guglielmo Mangiapane Actors, filmmakers, and [&hellip;]<\/p>\n","protected":false},"author":1,"featured_media":0,"comment_status":"closed","ping_status":"closed","sticky":false,"template":"","format":"standard","meta":[],"categories":[6],"tags":[26,24],"_links":{"self":[{"href":"https:\/\/www.reunion68.se\/index.php?rest_route=\/wp\/v2\/posts\/106872"}],"collection":[{"href":"https:\/\/www.reunion68.se\/index.php?rest_route=\/wp\/v2\/posts"}],"about":[{"href":"https:\/\/www.reunion68.se\/index.php?rest_route=\/wp\/v2\/types\/post"}],"author":[{"embeddable":true,"href":"https:\/\/www.reunion68.se\/index.php?rest_route=\/wp\/v2\/users\/1"}],"replies":[{"embeddable":true,"href":"https:\/\/www.reunion68.se\/index.php?rest_route=%2Fwp%2Fv2%2Fcomments&post=106872"}],"version-history":[{"count":4,"href":"https:\/\/www.reunion68.se\/index.php?rest_route=\/wp\/v2\/posts\/106872\/revisions"}],"predecessor-version":[{"id":106889,"href":"https:\/\/www.reunion68.se\/index.php?rest_route=\/wp\/v2\/posts\/106872\/revisions\/106889"}],"wp:attachment":[{"href":"https:\/\/www.reunion68.se\/index.php?rest_route=%2Fwp%2Fv2%2Fmedia&parent=106872"}],"wp:term":[{"taxonomy":"category","embeddable":true,"href":"https:\/\/www.reunion68.se\/index.php?rest_route=%2Fwp%2Fv2%2Fcategories&post=106872"},{"taxonomy":"post_tag","embeddable":true,"href":"https:\/\/www.reunion68.se\/index.php?rest_route=%2Fwp%2Fv2%2Ftags&post=106872"}],"curies":[{"name":"wp","href":"https:\/\/api.w.org\/{rel}","templated":true}]}}