{"id":106892,"date":"2023-09-08T17:09:43","date_gmt":"2023-09-08T15:09:43","guid":{"rendered":"http:\/\/www.reunion68.se\/?p=106892"},"modified":"2023-09-08T13:31:14","modified_gmt":"2023-09-08T11:31:14","slug":"13-09-69","status":"publish","type":"post","link":"https:\/\/www.reunion68.se\/?p=106892","title":{"rendered":"Naukowcy pisz\u0105 do Beniamina Netanjahu w obronie dyrektora Instytutu Yad Vashem"},"content":{"rendered":"<p style=\"text-align: center;\"><img decoding=\"async\" class=\"aligncenter\" src=\"https:\/\/bi.im-g.pl\/im\/b7\/c4\/1c\/z30166455AMP,Premier-Izraela-Benjamin-Netanjahu--4-wrzesnia-202.jpg\" width=\"100%\"><span style=\"color: #808080;\"><em>Premier Izraela Benjamin Netanjahu, 4 wrze\u015bnia 2023 r. (Fot. Petros Karadjias \/ AP Photo)<\/em><\/span><\/p>\n<hr>\n<h5 style=\"text-align: center;\"><a href=\"https:\/\/wyborcza.pl\/\" target=\"_blank\" rel=\"noopener noreferrer\"><img decoding=\"async\" class=\"center alignleft\" src=\"http:\/\/www.reunion68.com\/Biuletyn\/img\/wyborcza.png\" alt=\"\" width=\"35%\"><\/a><span style=\"text-decoration: underline; color: #000080;\"><span style=\"text-decoration: underline;\"><strong><a style=\"color: #000080; text-decoration: underline;\" href=\"https:\/\/wyborcza.pl\/7,75399,30165128,naukowcy-pisza-do-benjamina-netanjahu-w-obronie-dyrektora-instytutu.html\" target=\"_blank\" rel=\"noopener noreferrer\">Naukowcy pisz\u0105 do Beniamina Netanjahu w obronie dyrektora Instytutu Yad Vashem<\/a><\/strong><\/span><\/span><\/h5>\n<p style=\"text-align: center;\"><span style=\"color: #000000;\"><strong>Jan Grabowski<\/strong><\/span><\/p>\n<hr style=\"height: 15px; background: #d0e6fa; width: 100%;\">\n<h4 class=\"text--lead \" style=\"text-align: center;\"><strong>Od kilku dni trwaj\u0105 pr\u00f3by usuni\u0119cia Daniego Dayana ze stanowiska dyrektora jerozolimskiego Instytutu Yad Vashem, instytucji stoj\u0105cej na stra\u017cy pami\u0119ci o Holocau\u015bcie.<\/strong><\/h4>\n<div class=\"column-54\" data-position=\"54,4\">\n<p class=\"text--paragraph\" style=\"text-align: left;\"><span style=\"color: #000080;\">Pierwszy atak przepu\u015bci\u0142 Yoav Kisch, minister edukacji Izraela, zarzucaj\u0105c Dayanowi pogwa\u0142cenie wewn\u0119trznych regulamin\u00f3w Yad Vashem oraz ignorowanie samego ministra Kischa.<\/span><\/p>\n<p class=\"text--paragraph\" style=\"text-align: left;\"><span style=\"color: #000080;\">R\u00f3wnocze\u015bnie zabra\u0142a g\u0142os Sara Netanjahu, wp\u0142ywowa \u017cona izraelskiego premiera, pot\u0119piaj\u0105c zaproszenie przez Dayana na uroczysto\u015bci w Yad Vashem piosenkarki Keren Peles, znanej z krytycznych wypowiedzi pod adresem obecnych w\u0142adz Izraela.<\/span><\/p>\n<h5 class=\"text--title font-head-700\" style=\"text-align: left;\"><strong>Sp\u00f3r o polityk\u0119 wobec Polski i W\u0119gier<\/strong><\/h5>\n<p class=\"text--paragraph\" style=\"text-align: left;\"><span style=\"color: #000080;\">To jednak tylko preteksty. Jak twierdz\u0105 ludzie lepiej poinformowani, planowana dymisja dyrektora Yad Vashem wi\u0105\u017ce si\u0119 przede wszystkim z jego nieust\u0119pliwym stanowiskiem w kwestii ceny, jak\u0105 rz\u0105d Izraela got\u00f3w jest zap\u0142aci\u0107 za zacie\u015bnienie kontakt\u00f3w dyplomatycznych z w\u0142adzami Polski i W\u0119gier.<\/span><\/p>\n<p class=\"text--paragraph\" style=\"text-align: left;\"><span style=\"color: #000080;\">W obu wypadkach chodzi o kraje, kt\u00f3rych narracja historyczna dotycz\u0105ca lat 1939-45 oparta jest w znacznej cz\u0119\u015bci na zniekszta\u0142caniu historii Zag\u0142ady (po angielsku Holocaust distortion). W wypadku Polski nie tak dawno w\u0142adze Izraela zgodzi\u0142y si\u0119 na przyj\u0119cie opracowanej przez polskich urz\u0119dnik\u00f3w listy muze\u00f3w polecanych m\u0142odzie\u017cy izraelskiej przyje\u017cd\u017caj\u0105cej na wycieczki edukacyjne do Polski. Skandal wybuch\u0142, gdy okaza\u0142o si\u0119, \u017ce na zatwierdzonej li\u015bcie znalaz\u0142y si\u0119 muzea &#8220;\u017co\u0142nierzy wykl\u0119tych&#8221;, w\u015br\u00f3d kt\u00f3rych nie brak morderc\u00f3w \u017byd\u00f3w.<\/span><\/p>\n<h5 class=\"text--title font-head-700\"><strong>Dayan walczy\u0142 z handlem pami\u0119ci\u0105 Zag\u0142ady<\/strong><\/h5>\n<p class=\"text--paragraph\" style=\"text-align: left;\"><span style=\"color: #000080;\">Dla obecnych w\u0142adz Izraela pami\u0119\u0107 o 6 mln ofiar Zag\u0142ady ma wymiern\u0105 cen\u0119, a cen\u0105 t\u0105 jest dyplomatyczny sojusz z nacjonalistami rz\u0105dz\u0105cymi w Polsce czy na W\u0119grzech. Dani Dayan, oraz kierowany przez niego Instytut Yad Vashem, niejednokrotnie dawali zna\u0107, \u017ce handel pami\u0119ci\u0105 Zag\u0142ady jest czym\u015b niegodnym i niedopuszczalnym.<\/span><\/p>\n<p class=\"text--paragraph\" style=\"text-align: left;\"><span style=\"color: #000080;\">W obronie Dani Dayana i niezale\u017cno\u015bci Yad Vashem wyst\u0105pi\u0142 ameryka\u0144ski Departament Stanu oraz ponad 200 badaczy Zag\u0142ady,&nbsp;<a id=\"LinkArea:embed_link\" class=\"text--link text--link-ext\" style=\"color: #000080;\" title=\"kt\u00f3rych petycja przes\u0142ana zosta\u0142a na r\u0119ce ministra Yoava Kischa oraz premiera Beniamina Netanjahu.\" href=\"https:\/\/docs.google.com\/forms\/d\/e\/1FAIpQLSdPndMVw0zV41B3oVS2iBE2BvZvNTmuYH0D57OH7WMzvVbQRQ\/viewform?fbclid=IwAR0v3h7EnD93dnGsMd1fTxnsMeHKTnohL-KO3RyQMNAKC9CUKPrTxmR1DTw\" rel=\"nofollow\">kt\u00f3rych petycja przes\u0142ana zosta\u0142a na r\u0119ce ministra Yoava Kischa oraz premiera Beniamina Netanjahu.<\/a><\/span><\/p>\n<hr>\n<p class=\"text--paragraph\" style=\"text-align: left;\"><span style=\"color: #808080;\"><i><strong>Jan Grabowski<\/strong> jest historykiem, pracuje na uniwersytecie w Ottawie. W 2022 r. otrzyma\u0142 najbardziej presti\u017cow\u0105 kanadyjsk\u0105 nagrod\u0119 naukow\u0105 Impact Award 2022 za badania nad Holocaustem, kt\u00f3r\u0105 przyznaje kanadyjska Rada ds. Bada\u0144 Nauk Spo\u0142ecznych i Humanistycznych (SSHRC)<\/i><\/span><\/p>\n<\/div>\n<hr style=\"height: 15px; background: #d0e6fa; width: 100%;\">\n<div id=\"content\" class=\"content-alignment\">\n<div id=\"watch-description\" class=\"yt-uix-button-panel\">\n<div id=\"watch-description-text\" style=\"text-align: center;\">\n<p><em>Zawarto\u015b\u0107 publikowanych artyku\u0142\u00f3w i materia\u0142\u00f3w nie reprezentuje pogl\u0105d\u00f3w ani opinii Reunion&#8217;68,<\/em><em><br \/>\nani te\u017c webmastera Blogu Reunion&#8217;68, chyba ze jest to wyra\u017anie zaznaczone.<br \/>\nTwoje uwagi, linki, w\u0142asne artyku\u0142y lub wiadomo\u015bci prze\u015blij na adres:<br \/>\n<\/em><span style=\"color: #000080;\"><strong><em><a style=\"color: #000080;\" href=\"mailto:webmaster@reunion68.com\"><span style=\"text-decoration: underline;\">webmaster@reunion68.com<\/span><\/a><\/em><\/strong><\/span><\/p>\n<\/div>\n<\/div>\n<\/div>\n<hr style=\"width: 100%;\">\n","protected":false},"excerpt":{"rendered":"<p>Premier Izraela Benjamin Netanjahu, 4 wrze\u015bnia 2023 r. (Fot. Petros Karadjias \/ AP Photo) Naukowcy pisz\u0105 do Beniamina Netanjahu w obronie dyrektora Instytutu Yad Vashem Jan Grabowski Od kilku dni trwaj\u0105 pr\u00f3by usuni\u0119cia Daniego Dayana ze stanowiska dyrektora jerozolimskiego Instytutu Yad Vashem, instytucji stoj\u0105cej na stra\u017cy pami\u0119ci o Holocau\u015bcie. Pierwszy atak przepu\u015bci\u0142 Yoav Kisch, minister [&hellip;]<\/p>\n","protected":false},"author":1,"featured_media":0,"comment_status":"closed","ping_status":"closed","sticky":false,"template":"","format":"standard","meta":[],"categories":[6],"tags":[26,24],"_links":{"self":[{"href":"https:\/\/www.reunion68.se\/index.php?rest_route=\/wp\/v2\/posts\/106892"}],"collection":[{"href":"https:\/\/www.reunion68.se\/index.php?rest_route=\/wp\/v2\/posts"}],"about":[{"href":"https:\/\/www.reunion68.se\/index.php?rest_route=\/wp\/v2\/types\/post"}],"author":[{"embeddable":true,"href":"https:\/\/www.reunion68.se\/index.php?rest_route=\/wp\/v2\/users\/1"}],"replies":[{"embeddable":true,"href":"https:\/\/www.reunion68.se\/index.php?rest_route=%2Fwp%2Fv2%2Fcomments&post=106892"}],"version-history":[{"count":4,"href":"https:\/\/www.reunion68.se\/index.php?rest_route=\/wp\/v2\/posts\/106892\/revisions"}],"predecessor-version":[{"id":106939,"href":"https:\/\/www.reunion68.se\/index.php?rest_route=\/wp\/v2\/posts\/106892\/revisions\/106939"}],"wp:attachment":[{"href":"https:\/\/www.reunion68.se\/index.php?rest_route=%2Fwp%2Fv2%2Fmedia&parent=106892"}],"wp:term":[{"taxonomy":"category","embeddable":true,"href":"https:\/\/www.reunion68.se\/index.php?rest_route=%2Fwp%2Fv2%2Fcategories&post=106892"},{"taxonomy":"post_tag","embeddable":true,"href":"https:\/\/www.reunion68.se\/index.php?rest_route=%2Fwp%2Fv2%2Ftags&post=106892"}],"curies":[{"name":"wp","href":"https:\/\/api.w.org\/{rel}","templated":true}]}}