{"id":106894,"date":"2023-09-07T17:05:11","date_gmt":"2023-09-07T15:05:11","guid":{"rendered":"http:\/\/www.reunion68.se\/?p=106894"},"modified":"2023-09-07T08:36:09","modified_gmt":"2023-09-07T06:36:09","slug":"12-05-91","status":"publish","type":"post","link":"https:\/\/www.reunion68.se\/?p=106894","title":{"rendered":"8 Historical Figures You Didn\u2019t Know Were Antisemitic"},"content":{"rendered":"<h5 style=\"text-align: center;\"><a href=\"https:\/\/aish.com\/\" target=\"_blank\" rel=\"noopener noreferrer\"><img decoding=\"async\" class=\"center alignleft\" src=\"https:\/\/f6h6i8w5.stackpathcdn.com\/wp-content\/uploads\/2022\/07\/logo.png\" alt=\"\" width=\"35%\" \/><\/a><span style=\"text-decoration: underline; color: #000080;\"><strong><a style=\"color: #000080; text-decoration: underline;\" href=\"https:\/\/aish.com\/8-historical-figures-you-didnt-known-were-antisemitic\/\" target=\"_blank\" rel=\"noopener noreferrer\">8 Historical Figures You Didn\u2019t Know Were Antisemitic<\/a><\/strong><\/span><\/h5>\n<p style=\"text-align: center;\"><span style=\"color: #000000;\"><strong>Mark Miller<\/strong><\/span><\/p>\n<hr style=\"height: 15px; background: #d0e6fa; width: 100%;\" \/>\n<h3 style=\"text-align: center;\"><img decoding=\"async\" src=\"https:\/\/f6h6i8w5.stackpathcdn.com\/wp-content\/uploads\/2023\/04\/8-Historical-Figures-You-Didnt-Known-Were-Antisemitic-1240_x_698.jpg\" width=\"100%\" \/><\/h3>\n<h3 style=\"text-align: center;\"><span style=\"color: #808080;\"><strong>These diverse historical figures are all dead. Sadly, antisemitism did not die with them.<\/strong><\/span><\/h3>\n<p style=\"text-align: left;\"><span style=\"color: #000080;\">Some of history\u2019s most accomplished men and women revealed their repugnant antisemitic nature.<\/span><\/p>\n<p style=\"text-align: left;\"><span style=\"color: #000080;\">Will that knowledge about their character change how you think of them? Should we excuse them because antisemitic sentiment was so prevalent in their time? Will you still be able to admire and appreciate their creations when you\u2019re aware of this poisonous part of their souls?<\/span><\/p>\n<p><img decoding=\"async\" class=\"center aligncenter\" src=\"http:\/\/www.reunion68.com\/Biuletyn\/img\/break.png\" alt=\"\" \/><\/p>\n<h4 class=\"article-subheader\" style=\"text-align: center;\"><strong>Gabrielle \u201cCoco\u201d Chanel<\/strong><\/h4>\n<p style=\"text-align: left;\"><img decoding=\"async\" class=\"alignleft\" src=\"https:\/\/f6h6i8w5.stackpathcdn.com\/wp-content\/uploads\/2023\/04\/Historical-Figures-You-Might-Not-Have-Known-Were-AntisemitesNC_htm_60e18bef1ee0eb5c.jpg\" \/><\/p>\n<p style=\"text-align: left;\"><span style=\"color: #000080;\"><a style=\"color: #000080;\" href=\"https:\/\/aish.com\/wouldjew_believe_29\/\">Coco Chanel<\/a> has long been admired as a fashion and feminist icon. For her reputation as an antisemite\u2014less so. Despite having used Jewish investors to fund her fashion empire before World War II, she had a notorious affair with a Nazi officer. At one point, she fled to Switzerland to avoid criminal charges for her collaboration as a Nazi spy.<br \/>\nChanel was \u201coften given to antisemitic outbursts\u201d about the &#8220;greedy&#8221; and &#8220;aggressive&#8221; nature of Jewish people. The French editor-in-chief of\u00a0<i>Marie Claire\u00a0<\/i>observed after a conversation\u00a0<a href=\"https:\/\/www.issuu.com\/magiimaa\/docs\/-oceanofpdf.com-sleeping_with_the_e\/19\" target=\"_blank\" rel=\"noopener noreferrer\">with Chanel<\/a>, \u201cChanel\u2019s antisemitism was not only verbal; but passionate and often embarrassing.\u201d But she did popularize the Chanel tweed suit and the little black dress, so there\u2019s that.<br \/>\n<\/span><\/p>\n<p><img decoding=\"async\" class=\"center aligncenter\" src=\"http:\/\/www.reunion68.com\/Biuletyn\/img\/break.png\" alt=\"\" \/><\/p>\n<h4 class=\"article-subheader\" style=\"text-align: center;\"><strong>Martin Luther<\/strong><\/h4>\n<p><img decoding=\"async\" class=\"alignleft\" src=\"https:\/\/f6h6i8w5.stackpathcdn.com\/wp-content\/uploads\/2023\/04\/Historical-Figures-You-Might-Not-Have-Known-Were-AntisemitesNC_htm_62f4cb5c277b6ba2.jpg\" \/><\/p>\n<p style=\"text-align: left;\"><span style=\"color: #000080;\">No, not the Black leader Martin Luther King who shares part of his name but thankfully not his prejudices. This is the\u00a0<a style=\"color: #000080;\" href=\"https:\/\/aish.com\/martin-luthers-reformation-and-antisemitism\/\">Martin Luther, the Father of the Protestant Reformation<\/a>. In terms of his antisemitism, let\u2019s just say that subtlety and humanity weren\u2019t Luther\u2019s strong points. In his 1543 treatise, &#8220;On the Jews and Their Lies,&#8221; Luther called for synagogues to be burned, Jewish homes to be destroyed, and Jewish people to be expelled from their communities.<\/span><\/p>\n<blockquote class=\"pullquote\">\n<p style=\"text-align: left;\"><strong>There is something uncannily adaptive about antisemitism: the way it can hide, unsuspected, in the most progressive minds. Author James Lasdun<\/strong><\/p>\n<\/blockquote>\n<p style=\"text-align: left;\"><span style=\"color: #000080;\">So, while he gets points for establishing the Lutheran Church, we\u2019ll have to deduct points for his referring to Jews as &#8220;venomous beasts&#8221; and &#8220;rejected and condemned by God.&#8221; Apparently, as Luther saw it, spreading love and peace is not all-encompassing.<\/span><\/p>\n<p><img decoding=\"async\" class=\"center aligncenter\" src=\"http:\/\/www.reunion68.com\/Biuletyn\/img\/break.png\" alt=\"\" \/><\/p>\n<h4 class=\"article-subheader\" style=\"text-align: center;\"><strong>Ezra Pound<\/strong><\/h4>\n<p><img decoding=\"async\" class=\"alignleft\" src=\"https:\/\/f6h6i8w5.stackpathcdn.com\/wp-content\/uploads\/2023\/04\/Historical-Figures-You-Might-Not-Have-Known-Were-AntisemitesNC_htm_b1f4586fbd6578d-2.jpg\" \/><\/p>\n<p style=\"text-align: left;\"><span style=\"color: #000080;\">Ezra Pound was a distinguished poet and writer, but pound for pound, he was also a malignant antisemite. He believed Jews to be responsible for a multitude of the world\u2019s problems and embraced stereotypical conspiracy theories about Jewish control of the media and banking industries.<\/span><\/p>\n<p style=\"text-align: left;\"><span style=\"color: #000080;\">Pound was an ardent supporter of Hitler and Mussolini, going so far as to give radio broadcasts for the Italian Fascist government during World War II. He described the U.S. president as \u201cFranklin D. Frankfurter Jewsfeld,\u201d and the Chinese leader as \u201cChiang Kike Chek.\u201d<\/span><\/p>\n<p style=\"text-align: left;\"><span style=\"color: #000080;\">He had an impressive \u201cear\u201d for words, a faultless sense of cadence, and appealed through the sheer beauty of language \u201cto people who would rather talk about poets than read them.\u201d And yet this was the same man who said things like, \u201cThe Jew alone can retain his detestable qualities, despite climatic conditions.\u201d<\/span><\/p>\n<p><img decoding=\"async\" class=\"center aligncenter\" src=\"http:\/\/www.reunion68.com\/Biuletyn\/img\/break.png\" alt=\"\" \/><\/p>\n<h4 class=\"article-subheader\" style=\"text-align: center;\"><strong>T.S. Eliot<\/strong><\/h4>\n<p><img decoding=\"async\" class=\"alignleft\" src=\"https:\/\/f6h6i8w5.stackpathcdn.com\/wp-content\/uploads\/2023\/04\/Historical-Figures-You-Might-Not-Have-Known-Were-AntisemitesNC_htm_6092151bdde93f4f-1.jpg\" \/><\/p>\n<p style=\"text-align: left;\"><span style=\"color: #000080;\">T.S. Eliot was a poet, essayist, publisher, playwright, literary critic, editor \u2013 and antisemite. One of the most acclaimed poets of the 20th century, T.S. Eliot, actually incorporated his antisemitism into his poetry. In his poem &#8220;Burbank with a Baedeker: Bleistein with a Cigar,&#8221; Eliot wrote, &#8220;The rats are underneath the piles, the Jew is underneath the lot. Money and furs.&#8221;<\/span><\/p>\n<p style=\"text-align: left;\"><span style=\"color: #000080;\">In his private letters, Elliot referred to Jews as &#8220;unpleasant people&#8221; and &#8220;a race that has no sense of proportion.&#8221; As Joseph Black observes, \u201cFew published works displayed the consistency of association that one finds in Eliot\u2019s early poetry between what is Jewish and what is squalid and distasteful.\u201d And during a 1934 lecture in Virginia, Eliot stressed the importance of social \u201cunity of religious background\u2026. Reasons of race and religion combine to make any large number of free-thinking Jews undesirable.\u201d Apparently, we can rule out \u201cTorah study\u201d for what the T.S. in his name stood for.<\/span><\/p>\n<h4 class=\"article-subheader\" style=\"text-align: center;\"><img decoding=\"async\" src=\"http:\/\/www.reunion68.com\/Biuletyn\/img\/break.png\" \/><\/h4>\n<h4 class=\"article-subheader\" style=\"text-align: center;\"><strong>Charles Lindbergh<\/strong><\/h4>\n<p><img decoding=\"async\" class=\"alignleft\" src=\"https:\/\/f6h6i8w5.stackpathcdn.com\/wp-content\/uploads\/2023\/04\/Historical-Figures-You-Might-Not-Have-Known-Were-AntisemitesNC_htm_d0198227430acc74.jpg\" \/><\/p>\n<p style=\"text-align: left;\"><a href=\"https:\/\/aish.com\/48956701\/\">C<span style=\"color: #000080;\">harles Lindbergh<\/span><\/a><span style=\"color: #000080;\">\u00a0was one of the greatest American heroes. He was an aviator who made the first solo flight across the Atlantic Ocean. He was also a Nazi sympathizer and unapologetic antisemite. In a speech in 1941, Lindbergh claimed that Jewish people were trying to drag the United States into World War II for their own benefit. He even gave speeches in which he warned of a Jewish &#8220;stranglehold&#8221; on America and praised Nazi Germany&#8217;s treatment of Jews.<\/span><\/p>\n<p style=\"text-align: left;\"><span style=\"color: #000080;\">As late as April 1939&#x200d;\u2014\u200cafter Germany overtook Czechoslovakia&#x200d;\u2014\u200cLindbergh was willing to make excuses for Adolf Hitler. In a 1941 speech, Lindbergh said of the Jews, \u201cTheir greatest danger to this country lies in their large ownership and influence in our motion pictures, our press, our radio, and our government.&#8221; Perhaps the thin air and lack of oxygen while doing all that flying, affected his brain and reason. But you didn\u2019t hear it from me.<\/span><\/p>\n<p style=\"text-align: left;\"><img decoding=\"async\" class=\"aligncenter\" src=\"http:\/\/www.reunion68.com\/Biuletyn\/img\/break.png\" \/><\/p>\n<h4 class=\"article-subheader\" style=\"text-align: center;\"><strong>Richard Wagner<\/strong><\/h4>\n<p><img decoding=\"async\" class=\"alignleft\" src=\"https:\/\/f6h6i8w5.stackpathcdn.com\/wp-content\/uploads\/2023\/04\/Historical-Figures-You-Might-Not-Have-Known-Were-AntisemitesNC_htm_a59e208a50ee68a9.jpg\" \/><\/p>\n<p style=\"text-align: left;\"><a href=\"https:\/\/aish.com\/wagners-anti-semitism\/\"><span style=\"color: #000080;\">Wilhelm Richard Wagner<\/span><\/a><span style=\"color: #000080;\">\u00a0was a German composer, theatre director, polemicist, and conductor who is chiefly known for his operas. Unlike most opera composers, Wagner wrote both the libretto and the music for each of his stage works. He also openly articulated his antisemitic views in a number of publications. Wagner wrote that the German people were repelled by Jews due to their &#8216;alien&#8217; appearance and behavior. The favorite composer of Adolf Hitler, Wagner often found a scapegoat\u2014such as the Jewish population\u2014to account for his personal and musical misfortunes.<\/span><\/p>\n<p style=\"text-align: left;\"><span style=\"color: #000080;\">Victims of Hitler have associated Wagner and his music with Nazism to such an extent that in Israel a ban on public performance of that music is upheld to this day. Perhaps karma kicked in, however, as payback for his views: Until his final years, Wagner&#8217;s life was characterized by political exile, turbulent love affairs, poverty, and repeated flight from his creditors. What a life he might have had if there were no Jews!<\/span><\/p>\n<h4 class=\"article-subheader\" style=\"text-align: center;\"><img decoding=\"async\" src=\"http:\/\/www.reunion68.com\/Biuletyn\/img\/break.png\" \/><\/h4>\n<h4 class=\"article-subheader\" style=\"text-align: center;\"><strong>Charles Dickens<\/strong><\/h4>\n<p><img decoding=\"async\" class=\"alignleft\" src=\"https:\/\/f6h6i8w5.stackpathcdn.com\/wp-content\/uploads\/2023\/04\/Historical-Figures-You-Might-Not-Have-Known-Were-AntisemitesNC_htm_2908de1e72f8800a.jpg\" \/><\/p>\n<p style=\"text-align: left;\"><span style=\"color: #000080;\">Charles Dickens was an English writer and social critic who created some of the world&#8217;s best-known fictional characters and is regarded by many as the greatest novelist of the Victorian era. His works enjoyed unprecedented popularity during his lifetime and, by the 20th century, critics and scholars had recognized him as a literary genius. His novels and short stories are widely read today. His works, however clearly have their antisemitic aspects.<\/span><\/p>\n<p style=\"text-align: left;\"><span style=\"color: #000080;\">For example, along with Shakespeare\u2019s Shylock, Dickens\u2019s Fagin is probably the best-known Jewish character in English literature \u2014 and perhaps also the most repellent. He is described in\u00a0<i>Oliver Twist<\/i>\u00a0as \u201ca very old shriveled Jew whose villainous-looking and repulsive face was obscured by a quantity of matted old hair.\u201d In the book, in case you didn\u2019t get the message of the character, Dickens refers to the odious, criminal Fagin as \u201cthe Jew\u201d more than 250 times in its first 38 chapters.<\/span><\/p>\n<p style=\"text-align: left;\"><span style=\"color: #000080;\">In other works, Dickens describes the dirty ways, thieving tendencies, and lisping accents of Jews, along with Jewish \u201cmammas\u201d who are obese and averse to using soap and water. Dickens even refers to a situation in which he wanted to borrow money and was offered a loan at an outrageous interest rate of 120 percent by a Jew of \u201cdecidedly Israelite caste of countenance.\u201d To paraphrase Dickens\u2019 opening of\u00a0<i>A Tale of Two Cities<\/i>, \u201cIt was the best of times, it was the worst of times, it was the most prejudiced of times.\u201d<\/span><\/p>\n<h4 class=\"article-subheader\" style=\"text-align: center;\"><img decoding=\"async\" src=\"http:\/\/www.reunion68.com\/Biuletyn\/img\/break.png\" \/><\/h4>\n<h4 class=\"article-subheader\" style=\"text-align: center;\"><strong>Roald Dahl<\/strong><\/h4>\n<p><img decoding=\"async\" class=\"alignleft\" src=\"https:\/\/f6h6i8w5.stackpathcdn.com\/wp-content\/uploads\/2023\/04\/Historical-Figures-You-Might-Not-Have-Known-Were-AntisemitesNC_htm_e1c5b7a18dc5b685.jpg\" \/><\/p>\n<p style=\"text-align: left;\"><span style=\"color: #000080;\">Much beloved author\u00a0<a style=\"color: #000080;\" href=\"https:\/\/aish.com\/roald-dahls-anti-semitism\/\">Roald Dahl<\/a>\u00a0is celebrated for his whimsical children\u2019s books, including\u00a0<i>Charlie and the Chocolate Factory<\/i>\u00a0and\u00a0<i>Matilda<\/i>. He is understandably less known for his darker side, illustrated by a number of antisemitic comments he\u2019s on record for making throughout his life. He referred, for example, to Jews as, \u201ca filthy, dirty, noxious, and repellent race\u201d and \u201cthe hardest people to teach a lesson to.\u201d<\/span><\/p>\n<p style=\"text-align: left;\"><span style=\"color: #000080;\">Dahl said, \u201cThere\u2019s a trait in the Jewish character that does provoke animosity, maybe it\u2019s a kind of lack of generosity towards non-Jews.\u201d Sounds like a guy who might go so far as defending Hitler? You betcha. Said Dahl, \u201cI mean, there\u2019s always a reason why anti-anything crops up anywhere; even a stinker like Hitler didn\u2019t just pick on them for no reason.\u201d Well, firstly, I believe that what Hitler did went lightyears beyond \u201cpicking on them.\u201d And secondly, apparently, the Holocaust was our own fault.<\/span><\/p>\n<p style=\"text-align: left;\"><span style=\"color: #000080;\">These diverse historical figures are all dead. Sadly, antisemitism did not die with them.<\/span><\/p>\n<hr \/>\n<p class=\"author-info-head\" style=\"text-align: left;\"><span style=\"color: #808080;\"><em>More About The Author &#8211; <strong>Mark Miller<\/strong><\/em><\/span><\/p>\n<div class=\"auth-bio\">\n<p style=\"text-align: left;\"><span style=\"color: #808080;\"><em>Mark Miller has held positions as a nationally syndicated humor columnist for the\u00a0Los Angeles Times, an interviewer and humor blogger for\u00a0The Huffington Post\u00a0(along with a wealth of other publications), a TV sitcom staff writer\/producer, a stand-up comic in nightclubs and on TV, and a writer for comedians such as Jay Leno, Dana Carvey, Roseanne Barr, Rodney Dangerfield, and Jim Carrey. His first book, a collection of his humor essays on dating and romance, is\u00a0<a style=\"color: #808080;\" href=\"https:\/\/www.amazon.com\/500-Dates-Dispatches-Online-Dating\/dp\/1629144665\/friendsofaishhat\">500 Dates: Dispatches From the Front Lines of the Online Dating Wars<\/a>. But he says he\u2019d trade all his success away in a minute for immortality, inner peace and limitless wealth. Follow his website\/blog at:\u00a0<a style=\"color: #808080;\" href=\"http:\/\/www.markmillerhumorist.com\/\">http:\/\/www.markmillerhumorist.com\/<\/a>. Reach him at:\u00a0<a style=\"color: #808080;\" href=\"mailto:mark.writer@gmail.com\">mark.writer@gmail.com<\/a><\/em><\/span><\/p>\n<\/div>\n<hr style=\"height: 15px; background: #d0e6fa; width: 100%;\" \/>\n<div id=\"content\" class=\"content-alignment\">\n<div id=\"watch-description\" class=\"yt-uix-button-panel\">\n<div id=\"watch-description-text\" style=\"text-align: center;\">\n<p><em>Zawarto\u015b\u0107 publikowanych artyku\u0142\u00f3w i materia\u0142\u00f3w nie reprezentuje pogl\u0105d\u00f3w ani opinii Reunion&#8217;68,<\/em><em><br \/>\nani te\u017c webmastera Blogu Reunion&#8217;68, chyba ze jest to wyra\u017anie zaznaczone.<br \/>\nTwoje uwagi, linki, w\u0142asne artyku\u0142y lub wiadomo\u015bci prze\u015blij na adres:<br \/>\n<\/em><span style=\"color: #000080;\"><strong><em><a style=\"color: #000080;\" href=\"mailto:webmaster@reunion68.com\"><span style=\"text-decoration: underline;\">webmaster@reunion68.com<\/span><\/a><\/em><\/strong><\/span><\/p>\n<\/div>\n<\/div>\n<\/div>\n<hr style=\"width: 100%;\" \/>\n","protected":false},"excerpt":{"rendered":"<p>8 Historical Figures You Didn\u2019t Know Were Antisemitic Mark Miller These diverse historical figures are all dead. Sadly, antisemitism did not die with them. Some of history\u2019s most accomplished men and women revealed their repugnant antisemitic nature. Will that knowledge about their character change how you think of them? Should we excuse them because antisemitic [&hellip;]<\/p>\n","protected":false},"author":1,"featured_media":0,"comment_status":"closed","ping_status":"closed","sticky":false,"template":"","format":"standard","meta":[],"categories":[6],"tags":[26,24],"_links":{"self":[{"href":"https:\/\/www.reunion68.se\/index.php?rest_route=\/wp\/v2\/posts\/106894"}],"collection":[{"href":"https:\/\/www.reunion68.se\/index.php?rest_route=\/wp\/v2\/posts"}],"about":[{"href":"https:\/\/www.reunion68.se\/index.php?rest_route=\/wp\/v2\/types\/post"}],"author":[{"embeddable":true,"href":"https:\/\/www.reunion68.se\/index.php?rest_route=\/wp\/v2\/users\/1"}],"replies":[{"embeddable":true,"href":"https:\/\/www.reunion68.se\/index.php?rest_route=%2Fwp%2Fv2%2Fcomments&post=106894"}],"version-history":[{"count":12,"href":"https:\/\/www.reunion68.se\/index.php?rest_route=\/wp\/v2\/posts\/106894\/revisions"}],"predecessor-version":[{"id":106912,"href":"https:\/\/www.reunion68.se\/index.php?rest_route=\/wp\/v2\/posts\/106894\/revisions\/106912"}],"wp:attachment":[{"href":"https:\/\/www.reunion68.se\/index.php?rest_route=%2Fwp%2Fv2%2Fmedia&parent=106894"}],"wp:term":[{"taxonomy":"category","embeddable":true,"href":"https:\/\/www.reunion68.se\/index.php?rest_route=%2Fwp%2Fv2%2Fcategories&post=106894"},{"taxonomy":"post_tag","embeddable":true,"href":"https:\/\/www.reunion68.se\/index.php?rest_route=%2Fwp%2Fv2%2Ftags&post=106894"}],"curies":[{"name":"wp","href":"https:\/\/api.w.org\/{rel}","templated":true}]}}