{"id":106900,"date":"2023-10-04T17:00:33","date_gmt":"2023-10-04T15:00:33","guid":{"rendered":"http:\/\/www.reunion68.se\/?p=106900"},"modified":"2023-09-27T12:01:13","modified_gmt":"2023-09-27T10:01:13","slug":"13-00-85","status":"publish","type":"post","link":"https:\/\/www.reunion68.se\/?p=106900","title":{"rendered":"Little Known Nazi Monument Near Philadelphia Draws Outrage From Jewish Groups"},"content":{"rendered":"<h5 style=\"text-align: center;\"><a href=\"https:\/\/www.algemeiner.com\/\" target=\"_blank\" rel=\"noopener noreferrer\"><img decoding=\"async\" class=\"center alignleft\" src=\"http:\/\/www.reunion68.com\/Biuletyn\/img\/algem.png\" alt=\"\" width=\"35%\"><\/a><span style=\"text-decoration: underline; color: #000080;\"><span><strong><a style=\"color: #000080; text-decoration: underline;\" href=\"https:\/\/www.algemeiner.com\/2023\/09\/07\/little-known-nazi-monument-near-philadelphia-draws-outrage-jewish-groups\/\" target=\"_blank\" rel=\"noopener noreferrer\">Little Known Nazi Monument Near Philadelphia Draws Outrage From Jewish Groups<\/a><\/strong><\/span><\/span><\/h5>\n<p style=\"text-align: center;\"><span style=\"color: #000000;\"><strong>Andrew Bernard<\/strong><\/span><\/p>\n<hr style=\"height: 15px; background: #d0e6fa; width: 100%;\">\n<p style=\"text-align: center;\"><img decoding=\"async\" class=\"aligncenter\" src=\"https:\/\/www.algemeiner.com\/wp-content\/uploads\/2023\/09\/SSmonument.jpg\" width=\"100%\"><span style=\"color: #808080;\"><em>Illustrative: The monument to Ukrainian SS volunteers at St. Volodymyr Ukrainian Cemetery, in Oakville, Canada. Photo: Wikimedia Commons<\/em><\/span><\/p>\n<p style=\"text-align: left;\"><span style=\"color: #000080;\">A Philadelphia-area monument to a Nazi military division has drawn condemnation from Jewish groups demanding its removal and calling it \u201cone of the worst examples\u201d of attempts to rehabilitate Nazi collaborators.<\/span><\/p>\n<p style=\"text-align: left;\"><span style=\"color: #000080;\">The 30-year-old monument to the 14th Waffen Grenadier Division of the Schutzstaffel \u2014 the Nazi military branch known as \u201cthe SS\u201d \u2014 sits in a Ukrainian Catholic cemetery in Elkins Park, Pennsylvania. The division was made up of military volunteers who were primarily ethnic&nbsp;Ukrainians.<\/span><\/p>\n<p style=\"text-align: left;\"><span style=\"color: #000080;\">Remaining hidden in place sight for years, the monument&nbsp;was&nbsp;noticed&nbsp;late last month in&nbsp;<i>The Forward,<\/i>&nbsp;which keeps an international database of monuments to Nazis and Nazi collaborators. Since then, the structure\u2019s existence has triggered shock and outrage.<\/span><\/p>\n<p style=\"text-align: left;\"><span style=\"color: #000080;\">The American Jewish Committee (AJC) on Tuesday called for the removal of the monument, which like similar monuments to Ukrainian collaborators attempted to conceal the unit\u2019s Nazi connection under the guise of Ukrainian nationalism.<\/span><\/p>\n<p style=\"text-align: left;\"><span style=\"color: #000080;\">\u201cMore than 30 years have passed since the fall of Communism and the establishment of democratic governments in Central and Eastern Europe. They had never been forced to openly confront their own Holocaust-era past and the role of local collaborators and perpetrators,\u201d the AJC said in a statement. \u201cIn fact, many first saw independence as an opportunity to rehabilitate wartime fascist leaders, honoring their anti-Communist struggles while ignoring their documented role in the murder of Jews.\u201d<\/span><\/p>\n<p style=\"text-align: left;\"><span style=\"color: #000080;\">\u201cWe trust our Ukrainian friends and colleagues recognize that [the Elkins Park memorial] cannot remain,\u201d the statement continued. \u201cWe urge them to act in the same spirit that motivated Ukrainian President Zelensky to correct these historical myths at home and remove this memorial stone from our community.\u201d<\/span><\/p>\n<p style=\"text-align: left;\"><span style=\"color: #000080;\">The AJC added that it looks forward to working with the Ukrainian Federation of America and the local Ukrainian community to condemn and remove the monument.<\/span><\/p>\n<p style=\"text-align: left;\"><span style=\"color: #000080;\">The Anti-Defamation League (ADL) echoed that sentiment, saying that the Jewish civil rights group rejects any memorializing of Nazi or Nazi-adjacent groups.<\/span><\/p>\n<p style=\"text-align: left;\"><span style=\"color: #000080;\">\u201cWe have no objection to the national symbol of Ukraine appearing on any monument; however, we do object to monuments dedicated to Waffen SS soldiers,\u201d ADL Philadelphia director Andrew Goretsky in a statement.<\/span><\/p>\n<p style=\"text-align: left;\"><span style=\"color: #000080;\">The 14th Grenadier Division of the SS, also called the 1st Galician division, was formed in 1943 and made up largely of ethnic Ukrainian volunteers from the Galicia region of Nazi-occupied Poland.&nbsp;<\/span><\/p>\n<p style=\"text-align: left;\"><span style=\"color: #000080;\">The unit has been implicated in war crimes, but as SS leader Heinrich Himmler noted in a speech to the division in 1944, the Jews of Galicia had already been murdered in the Holocaust before the group could collaborate with the Nazis.<\/span><\/p>\n<p style=\"text-align: left;\"><span style=\"color: #000080;\">\u201cYour homeland has become so much more beautiful since you have lost \u2014 on our initiative, I must say \u2014 those residents who were so often a dirty blemish on Galicia\u2019s good name, namely the Jews,\u201d Himmler said. \u201cI know that if I ordered you to liquidate the Poles \u2026 I would be giving you permission to do what you are eager to do anyway.\u201d<\/span><\/p>\n<p style=\"text-align: left;\"><span style=\"color: #000080;\">The division participated in the massacre of Polish civilians in 1944, but was not specifically accused of criminality after the war.<\/span><\/p>\n<p style=\"text-align: left;\"><span style=\"color: #000080;\">In 1945, the division was rebranded as the 1st Ukrainian Division of the Ukrainian National Army, which is how it is referred to on the Elkins Park monument. But the monument also includes the division\u2019s emblem from its time as an SS unit.<\/span><\/p>\n<p style=\"text-align: left;\"><span style=\"color: #000080;\">Memorials to the unit have in previous years also been&nbsp;<a style=\"color: #000080;\" href=\"https:\/\/www.algemeiner.com\/2020\/07\/31\/canadian-jewish-and-polish-groups-join-forces-to-demand-removal-of-ss-monument-at-ontario-cemetery\/\" target=\"_blank\" rel=\"noopener noreferrer\">identified and condemned in Canada<\/a>, where a large number of its veterans eventually settled. A similar memorial without the Galician insignia has also been found in Warren, Michigan.<\/span><\/p>\n<hr style=\"height: 15px; background: #d0e6fa; width: 100%;\">\n<div id=\"content\" class=\"content-alignment\">\n<div id=\"watch-description\" class=\"yt-uix-button-panel\">\n<div id=\"watch-description-text\" style=\"text-align: center;\">\n<p><em>Zawarto\u015b\u0107 publikowanych artyku\u0142\u00f3w i materia\u0142\u00f3w nie reprezentuje pogl\u0105d\u00f3w ani opinii Reunion&#8217;68,<\/em><em><br \/>\nani te\u017c webmastera Blogu Reunion&#8217;68, chyba ze jest to wyra\u017anie zaznaczone.<br \/>\nTwoje uwagi, linki, w\u0142asne artyku\u0142y lub wiadomo\u015bci prze\u015blij na adres:<br \/>\n<\/em><span style=\"color: #000080;\"><strong><em><a style=\"color: #000080;\" href=\"mailto:webmaster@reunion68.com\"><span style=\"text-decoration: underline;\">webmaster@reunion68.com<\/span><\/a><\/em><\/strong><\/span><\/p>\n<\/div>\n<\/div>\n<\/div>\n<hr style=\"width: 100%;\">\n","protected":false},"excerpt":{"rendered":"<p>Little Known Nazi Monument Near Philadelphia Draws Outrage From Jewish Groups Andrew Bernard Illustrative: The monument to Ukrainian SS volunteers at St. Volodymyr Ukrainian Cemetery, in Oakville, Canada. Photo: Wikimedia Commons A Philadelphia-area monument to a Nazi military division has drawn condemnation from Jewish groups demanding its removal and calling it \u201cone of the worst [&hellip;]<\/p>\n","protected":false},"author":1,"featured_media":0,"comment_status":"closed","ping_status":"closed","sticky":false,"template":"","format":"standard","meta":[],"categories":[6],"tags":[26,24],"_links":{"self":[{"href":"https:\/\/www.reunion68.se\/index.php?rest_route=\/wp\/v2\/posts\/106900"}],"collection":[{"href":"https:\/\/www.reunion68.se\/index.php?rest_route=\/wp\/v2\/posts"}],"about":[{"href":"https:\/\/www.reunion68.se\/index.php?rest_route=\/wp\/v2\/types\/post"}],"author":[{"embeddable":true,"href":"https:\/\/www.reunion68.se\/index.php?rest_route=\/wp\/v2\/users\/1"}],"replies":[{"embeddable":true,"href":"https:\/\/www.reunion68.se\/index.php?rest_route=%2Fwp%2Fv2%2Fcomments&post=106900"}],"version-history":[{"count":6,"href":"https:\/\/www.reunion68.se\/index.php?rest_route=\/wp\/v2\/posts\/106900\/revisions"}],"predecessor-version":[{"id":107074,"href":"https:\/\/www.reunion68.se\/index.php?rest_route=\/wp\/v2\/posts\/106900\/revisions\/107074"}],"wp:attachment":[{"href":"https:\/\/www.reunion68.se\/index.php?rest_route=%2Fwp%2Fv2%2Fmedia&parent=106900"}],"wp:term":[{"taxonomy":"category","embeddable":true,"href":"https:\/\/www.reunion68.se\/index.php?rest_route=%2Fwp%2Fv2%2Fcategories&post=106900"},{"taxonomy":"post_tag","embeddable":true,"href":"https:\/\/www.reunion68.se\/index.php?rest_route=%2Fwp%2Fv2%2Ftags&post=106900"}],"curies":[{"name":"wp","href":"https:\/\/api.w.org\/{rel}","templated":true}]}}