{"id":107187,"date":"2023-09-19T17:09:28","date_gmt":"2023-09-19T15:09:28","guid":{"rendered":"http:\/\/www.reunion68.se\/?p=107187"},"modified":"2023-09-19T14:04:19","modified_gmt":"2023-09-19T12:04:19","slug":"27-09-87","status":"publish","type":"post","link":"https:\/\/www.reunion68.se\/?p=107187","title":{"rendered":"Festiwal \u017bydowskiego Instytutu Historycznego 2023"},"content":{"rendered":"<p><img decoding=\"async\" src=\"https:\/\/www.jhi.pl\/storage\/image\/core_files\/2021\/1\/4\/dc409bbfd765032572fe7e72e35c47f6\/jpg\/jhi\/header\/JHI_thumbnail_1.webp\" width=\"100%\" \/><\/p>\n<hr \/>\n<h5 style=\"text-align: center;\"><a href=\"https:\/\/www.jhi.pl\/\" target=\"_blank\" rel=\"noopener noreferrer\"><img decoding=\"async\" class=\"center alignleft\" src=\"http:\/\/www.reunion68.com\/Biuletyn\/img\/zih-1.png\" alt=\"\" width=\"35%\" \/><\/a><span style=\"text-decoration: underline; color: #000080;\"><span style=\"text-decoration: underline;\"><strong><a style=\"color: #000080; text-decoration: underline;\" href=\"https:\/\/www.jhi.pl\/artykuly\/festiwal-zydowskiego-instytutu-historycznego-2023,7231\" target=\"_blank\" rel=\"noopener noreferrer\">Festiwal \u017bydowskiego Instytutu Historycznego 2023<\/a><\/strong><\/span><\/span><\/h5>\n<p style=\"text-align: center;\"><span style=\"color: #000000;\"><strong>\u017bydowski Instytut Historyczny<\/strong><\/span><\/p>\n<hr style=\"height: 15px; background: #d0e6fa; width: 100%;\" \/>\n<h4 style=\"text-align: center;\"><span style=\"color: #808080;\"><strong>18 wrze\u015bnia 1946 roku z piwnicy zniszczonego domu przy ulicy Nowolipki 68 wydobyto metalowe skrzynki, kt\u00f3re zawiera\u0142y pierwsz\u0105 cz\u0119\u015b\u0107 Podziemnego Archiwum Getta Warszawy, wyj\u0105tkowego zbioru \u015bwiadectw, dokument\u00f3w, dzie\u0142 sztuki i fotografii z warszawskiej \u201edzielnicy zamkni\u0119tej\u201d, nazywanego na cze\u015b\u0107 jego inicjatora Archiwum Ringelbluma. W 77. rocznic\u0119 tego wydarzenia zapraszamy na Festiwal \u017bydowskiego Instytutu Historycznego \u2013 tydzie\u0144 pe\u0142en bezp\u0142atnych wydarze\u0144 po\u015bwi\u0119conych Archiwum i grupie Oneg Szabat.<\/strong><\/span><br \/>\n.<br \/>\n<img decoding=\"async\" class=\"aligncenter\" src=\"https:\/\/www.jhi.pl\/storage\/image\/core_files\/2023\/8\/31\/f5f5472a4416ef03eac41c530e6d6937\/png\/jhi\/normal_big\/Grafika_Strona.webp\" width=\"100%\" \/><\/h4>\n<h4 style=\"text-align: left;\"><\/h4>\n<p style=\"text-align: left;\"><strong>Festiwal b\u0119dzie trwa\u0142 od 18 do 24 wrze\u015bnia 2023 r.<\/strong><\/p>\n<p style=\"text-align: left;\"><strong>Wst\u0119p na wszystkie wydarzenia jest bezp\u0142atny.<\/strong><\/p>\n<div style=\"text-align: left;\"><strong>Przez ca\u0142y tydzie\u0144 wst\u0119p na wystawy jest bezp\u0142atny.<\/strong><\/div>\n<div style=\"text-align: left;\">\n<strong>Godziny otwarcia:<\/strong><\/div>\n<div>\n<ul>\n<li><span style=\"color: #000080;\">poniedzia\u0142ek 9\u201318<\/span><\/li>\n<li><span style=\"color: #000080;\">wtorek 9\u201320<\/span><\/li>\n<li><span style=\"color: #000080;\">\u015broda 9\u201318\u00a0<\/span><\/li>\n<li><span style=\"color: #000080;\">czwartek 9\u201318\u00a0<\/span><\/li>\n<li><span style=\"color: #000080;\">pi\u0105tek 9\u201316<\/span><\/li>\n<li><span style=\"color: #000080;\">sobota 10\u201318<\/span><\/li>\n<li><span style=\"color: #000080;\">niedziela 10\u201318<\/span><\/li>\n<\/ul>\n<\/div>\n<p><strong>Program wydarze\u0144:<\/strong><\/p>\n<table>\n<tbody>\n<tr>\n<td><strong>Data<\/strong><\/td>\n<td><strong>Temat<\/strong><\/td>\n<td><strong>Go\u015bcie\/Prowadz\u0105cy<\/strong><\/td>\n<td><strong>Dodatkowe informacje<br \/>\n<\/strong><\/td>\n<\/tr>\n<tr>\n<td>18 wrze\u015bnia, poniedzia\u0142ek, 18:00<\/td>\n<td><strong><a href=\"https:\/\/www.jhi.pl\/wydarzenia\/festiwal-zih--pokaz-rysunkow-beniamina-rozenfelda,1960\">Pokaz rysunk\u00f3w Beniamina Rozenfelda<\/a><\/strong><\/td>\n<td>Micha\u0142 Krasicki<\/td>\n<td>Zapisy pod adresem:\u00a0<a href=\"mailto:rezerwacja@jhi.pl\">rezerwacja@jhi.pl<\/a><\/td>\n<\/tr>\n<tr>\n<td>19 wrze\u015bnia, wtorek, 18:00<\/td>\n<td><strong><a href=\"https:\/\/www.jhi.pl\/wydarzenia\/oprowadzanie-po-wystawie-stalej-,1957\">Festiwal \u017bIH | Oprowadzanie po wystawie sta\u0142ej \/ \u0424\u0435\u0441\u0442\u0438\u0432\u0430\u043b\u044c JHI | \u0422\u0443\u0440 \u043f\u043e\u0441\u0442\u0456\u0439\u043d\u043e\u044e \u0435\u043a\u0441\u043f\u043e\u0437\u0438\u0446\u0456\u0454\u044e<\/a><\/strong><\/td>\n<td>Justyna Majewska \/ \u042e\u0441\u0442\u0438\u043d\u0430 \u041c\u0430\u0454\u0432\u0441\u044c\u043a\u0430<\/td>\n<td>Oprowadzanie w j\u0119zyku polskim i ukrai\u0144skim. Zapisy pod adresem:\u00a0<a href=\"mailto:rezerwacja@jhi.pl\">rezerwacja@jhi.pl<\/a><\/p>\n<p><span class=\"HwtZe\" lang=\"uk\"><span class=\"jCAhz ChMk0b\"><span class=\"ryNqvb\">\u0422\u0443\u0440 \u043f\u043e\u043b\u044c\u0441\u044c\u043a\u043e\u044e \u0442\u0430 \u0443\u043a\u0440\u0430\u0457\u043d\u0441\u044c\u043a\u043e\u044e \u043c\u043e\u0432\u0430\u043c\u0438. \u0420\u0435\u0454\u0441\u0442\u0440\u0430\u0446\u0456\u044f \u0437\u0430 \u0430\u0434\u0440\u0435\u0441\u043e\u044e:\u00a0<a href=\"mailto:rezerwacja@jhi.pl\">rezerwacja@jhi.pl<\/a><br \/>\n<\/span><\/span><\/span><\/td>\n<\/tr>\n<tr>\n<td>20 wrze\u015bnia, \u015broda, 18:00<\/td>\n<td><strong><a href=\"https:\/\/www.jhi.pl\/wydarzenia\/dokumentowanie-zaglady-i-zbrodni-wojennych-miedzy-archiwum-ringelbluma-a-wojna-w-ukrainie--spotkanie,1964\">Dokumentowanie Zag\u0142ady i zbrodni wojennych. Mi\u0119dzy Archiwum Ringelbluma a wojn\u0105 w Ukrainie\u00a0<\/a>| Spotkanie<\/strong><\/td>\n<td>Nikita Grekowicz, Katarzyna Person<\/td>\n<td>Na \u017cywo w \u017bydowskim Instytucie Historycznym<\/td>\n<\/tr>\n<tr>\n<td>21 wrze\u015bnia, czwartek 18:00<\/td>\n<td><strong><a href=\"https:\/\/www.jhi.pl\/wydarzenia\/festiwal-zih--otwarty-finisaz-wystawy-korzenie-powstania-,1968\">Otwarty finisa\u017c wystawy \u201eKorzenie powstania. Op\u00f3r w getcie warszawskim\u201d<\/a><\/strong><\/td>\n<td><\/td>\n<td>Miejsce: Skwer Batalionu Harcerskiego AK \u201eWigry&#8221; przy Kinie Muran\u00f3w<\/td>\n<\/tr>\n<tr>\n<td>23 wrze\u015bnia, sobota<\/td>\n<td><strong>Wystawy otwarte od 10:00 do 18:00<\/strong><\/td>\n<td><\/td>\n<td><\/td>\n<\/tr>\n<tr>\n<td>23 wrze\u015bnia, sobota, 11:00<\/td>\n<td><strong><a href=\"https:\/\/www.jhi.pl\/wydarzenia\/festiwal-zih--tworczynie-archiwum-ringelbluma--gra-miejska,1969\">Tw\u00f3rczynie Archiwum Ringelbluma \u2013 gra miejska<\/a><\/strong><\/td>\n<td><\/td>\n<td>Zapisy pod adresem:\u00a0<a href=\"mailto:rezerwacja@jhi.pl\">rezerwacja@jhi.pl<\/a><\/td>\n<\/tr>\n<tr>\n<td>23 wrze\u015bnia, sobota, 16:00<\/td>\n<td><strong><a href=\"https:\/\/www.jhi.pl\/wydarzenia\/festiwal-zih--spacer-sladami-oneg-szabat,1965\">Spacer \u015bladami Oneg Szabat<\/a><\/strong><\/td>\n<td>Szymon Pietrzykowski<\/td>\n<td>Zapisy pod adresem:\u00a0<a href=\"mailto:rezerwacja@jhi.pl\">rezerwacja@jhi.pl<\/a><\/td>\n<\/tr>\n<tr>\n<td>24 wrze\u015bnia, niedziela, 11:00<\/td>\n<td><strong><a href=\"https:\/\/www.jhi.pl\/wydarzenia\/festiwal-zih--ostatnie-oprowadzanie-po-wystawie-czasowej-pomniki-oporu-sztuka-wobec-powstania-w-getcie-warszawskim-1943-,1951\">Ostatnie oprowadzanie po wystawie czasowej \u201ePomniki oporu. Sztuka wobec powstania w getcie warszawskim (1943-1956)&#8221;<\/a><\/strong><\/td>\n<td>Micha\u0142 Krasicki<\/td>\n<td>Zapisy pod adresem:\u00a0<a href=\"mailto:rezerwacja@jhi.pl\">rezerwacja@jhi.pl<\/a><\/td>\n<\/tr>\n<tr>\n<td>24 wrze\u015bnia, niedziela, 15:00<\/td>\n<td><strong><a href=\"https:\/\/www.jhi.pl\/wydarzenia\/festiwal-zih--spacer-rowerowy-sladami-upamietnien-archiwum-ringelbluma,1980\">Spacer rowerowy \u015bladami upami\u0119tnie\u0144 Archiwum Ringelbluma<\/a><\/strong><\/td>\n<td>Franciszek Boja\u0144czyk<\/td>\n<td>Zapisy pod adresem:\u00a0<a href=\"mailto:rezerwacja@jhi.pl\">rezerwacja@jhi.pl<\/a><\/td>\n<\/tr>\n<tr>\n<td>24 wrze\u015bnia, niedziela, 17:00<\/td>\n<td><strong><a href=\"https:\/\/www.jhi.pl\/wydarzenia\/festiwal-zih--napisz-mi-moja-droga-czy-masz-listy-od-szanownego-syna--czytanie-performatywne-dokumentow-z-archiwum-ringe,1970\">\u201eNapisz mi, moja droga, czy masz listy od szanownego syna&#8221; \u2013 Czytanie performatywne dokument\u00f3w z Archiwum Ringelbluma<\/a><\/strong><\/td>\n<td>Aktorzy Teatru Ochoty<\/td>\n<td>Zapisy pod adresem:\u00a0<a href=\"mailto:rezerwacja@jhi.pl\">rezerwacja@jhi.pl<\/a><\/td>\n<\/tr>\n<\/tbody>\n<\/table>\n<p>Partnerem Festiwalu jest Stowarzyszenie \u017bydowski Instytut Historyczny w Polsce.<\/p>\n<p>Patroni medialni: Magazyn \u201eStolica&#8221;, Radio Kampus, TVP Kultura<\/p>\n<p>Wydarzenie jest finansowane przez Islandi\u0119, Liechtenstein i Norwegi\u0119 w ramach Funduszu EOG oraz przez bud\u017cet krajowy\u00a0<a href=\"https:\/\/www.facebook.com\/hashtag\/eeagrants?__eep__=6&amp;__cft__%5b0%5d=AZWVbdLFaGyOQbegB9Iz-uErSAK41smcrfe3Ua4e_LAq_s5V8TPzL1kZZ3kJ665Z4TYWyDeNgKO6LrHKyLpTCol9O9U--VVGbqX3XKZaJb1JyPHhlihhlw-Of1jqSOffDFw&amp;__tn__=*NK-R\">#EEAGrants<\/a><a href=\"https:\/\/www.facebook.com\/hashtag\/funduszenorweskie?__eep__=6&amp;__cft__%5b0%5d=AZUqPup1qwAxyzCJhSsIOafOb4k-tlLzgJ6PadnFyHnxqI6agoxvuGh7ODSz_vX1vr_YuLGeHSpcLXnAo6urvv_zD6xuhYi8UcbfjoolLzCM2ccYMfHCh-2qVWoPEwGRIlt-2dhnEevpi8ReZiI77QcBua9tQwdxRPGjYX4nJS9dckolrTeVyxbmY1aUfmESA1Ruti_kzCYeZOP1Q0AE6XIw&amp;__tn__=*NK-R\">\u00a0#Funduszenorweskie<\/a>\u00a0<a href=\"https:\/\/www.facebook.com\/hashtag\/eog?__eep__=6&amp;__cft__%5b0%5d=AZUqPup1qwAxyzCJhSsIOafOb4k-tlLzgJ6PadnFyHnxqI6agoxvuGh7ODSz_vX1vr_YuLGeHSpcLXnAo6urvv_zD6xuhYi8UcbfjoolLzCM2ccYMfHCh-2qVWoPEwGRIlt-2dhnEevpi8ReZiI77QcBua9tQwdxRPGjYX4nJS9dckolrTeVyxbmY1aUfmESA1Ruti_kzCYeZOP1Q0AE6XIw&amp;__tn__=*NK-R\">#EOG<\/a>\u00a0<a href=\"https:\/\/www.facebook.com\/hashtag\/eeanorwaygrants?__eep__=6&amp;__cft__%5b0%5d=AZUqPup1qwAxyzCJhSsIOafOb4k-tlLzgJ6PadnFyHnxqI6agoxvuGh7ODSz_vX1vr_YuLGeHSpcLXnAo6urvv_zD6xuhYi8UcbfjoolLzCM2ccYMfHCh-2qVWoPEwGRIlt-2dhnEevpi8ReZiI77QcBua9tQwdxRPGjYX4nJS9dckolrTeVyxbmY1aUfmESA1Ruti_kzCYeZOP1Q0AE6XIw&amp;__tn__=*NK-R\">#EEANorwayGrants<\/a><\/p>\n<p><img decoding=\"async\" loading=\"lazy\" class=\"aligncenter\" src=\"https:\/\/www.jhi.pl\/storage\/image\/core_files\/2023\/1\/24\/b6447e968a174fc0353d035e7821e056\/png\/jhi\/preview\/ZDK%202022%20B%20PL.png\" alt=\"ZDK 2022 B PL.png [45.41 KB]\" width=\"620\" height=\"130\" \/><\/p>\n<hr style=\"height: 15px; background: #d0e6fa; width: 100%;\" \/>\n<div id=\"content\" class=\"content-alignment\">\n<div id=\"watch-description\" class=\"yt-uix-button-panel\">\n<div id=\"watch-description-text\" style=\"text-align: center;\">\n<p><em>Zawarto\u015b\u0107 publikowanych artyku\u0142\u00f3w i materia\u0142\u00f3w nie reprezentuje pogl\u0105d\u00f3w ani opinii Reunion&#8217;68,<\/em><em><br \/>\nani te\u017c webmastera Blogu Reunion&#8217;68, chyba ze jest to wyra\u017anie zaznaczone.<br \/>\nTwoje uwagi, linki, w\u0142asne artyku\u0142y lub wiadomo\u015bci prze\u015blij na adres:<br \/>\n<\/em><span style=\"color: #000080;\"><strong><em><a style=\"color: #000080;\" href=\"mailto:webmaster@reunion68.com\"><span style=\"text-decoration: underline;\">webmaster@reunion68.com<\/span><\/a><\/em><\/strong><\/span><\/p>\n<\/div>\n<\/div>\n<\/div>\n<hr style=\"width: 100%;\" \/>\n","protected":false},"excerpt":{"rendered":"<p>Festiwal \u017bydowskiego Instytutu Historycznego 2023 \u017bydowski Instytut Historyczny 18 wrze\u015bnia 1946 roku z piwnicy zniszczonego domu przy ulicy Nowolipki 68 wydobyto metalowe skrzynki, kt\u00f3re zawiera\u0142y pierwsz\u0105 cz\u0119\u015b\u0107 Podziemnego Archiwum Getta Warszawy, wyj\u0105tkowego zbioru \u015bwiadectw, dokument\u00f3w, dzie\u0142 sztuki i fotografii z warszawskiej \u201edzielnicy zamkni\u0119tej\u201d, nazywanego na cze\u015b\u0107 jego inicjatora Archiwum Ringelbluma. W 77. rocznic\u0119 tego wydarzenia [&hellip;]<\/p>\n","protected":false},"author":1,"featured_media":0,"comment_status":"closed","ping_status":"closed","sticky":false,"template":"","format":"standard","meta":[],"categories":[6],"tags":[26,24],"_links":{"self":[{"href":"https:\/\/www.reunion68.se\/index.php?rest_route=\/wp\/v2\/posts\/107187"}],"collection":[{"href":"https:\/\/www.reunion68.se\/index.php?rest_route=\/wp\/v2\/posts"}],"about":[{"href":"https:\/\/www.reunion68.se\/index.php?rest_route=\/wp\/v2\/types\/post"}],"author":[{"embeddable":true,"href":"https:\/\/www.reunion68.se\/index.php?rest_route=\/wp\/v2\/users\/1"}],"replies":[{"embeddable":true,"href":"https:\/\/www.reunion68.se\/index.php?rest_route=%2Fwp%2Fv2%2Fcomments&post=107187"}],"version-history":[{"count":4,"href":"https:\/\/www.reunion68.se\/index.php?rest_route=\/wp\/v2\/posts\/107187\/revisions"}],"predecessor-version":[{"id":107218,"href":"https:\/\/www.reunion68.se\/index.php?rest_route=\/wp\/v2\/posts\/107187\/revisions\/107218"}],"wp:attachment":[{"href":"https:\/\/www.reunion68.se\/index.php?rest_route=%2Fwp%2Fv2%2Fmedia&parent=107187"}],"wp:term":[{"taxonomy":"category","embeddable":true,"href":"https:\/\/www.reunion68.se\/index.php?rest_route=%2Fwp%2Fv2%2Fcategories&post=107187"},{"taxonomy":"post_tag","embeddable":true,"href":"https:\/\/www.reunion68.se\/index.php?rest_route=%2Fwp%2Fv2%2Ftags&post=107187"}],"curies":[{"name":"wp","href":"https:\/\/api.w.org\/{rel}","templated":true}]}}