{"id":107244,"date":"2023-09-21T17:09:50","date_gmt":"2023-09-21T15:09:50","guid":{"rendered":"http:\/\/www.reunion68.se\/?p=107244"},"modified":"2023-09-21T10:43:29","modified_gmt":"2023-09-21T08:43:29","slug":"29-09-75","status":"publish","type":"post","link":"https:\/\/www.reunion68.se\/?p=107244","title":{"rendered":"Donald Tusk, \u201ecz\u0142owiek Euroislamu\u201d w Unii Europejskiej"},"content":{"rendered":"<p><img decoding=\"async\" class=\"aligncenter\" src=\"https:\/\/rmx.news\/rmx\/media\/184\/184b08990729e702b5025d122ba8cb6469dca7ba.jpeg\" width=\"100%\" \/><\/p>\n<h5 style=\"text-align: center;\"><a href=\"http:\/\/www.listyznaszegosadu.pl\/\" target=\"_blank\" rel=\"noopener noreferrer\"><img decoding=\"async\" class=\"center alignleft\" src=\"http:\/\/www.reunion68.com\/Biuletyn\/img\/z-naszego.jpg\" alt=\"\" width=\"50%\" \/><\/a><span style=\"text-decoration: underline; color: #000080;\"><strong><a style=\"color: #000080; text-decoration: underline;\" href=\"http:\/\/www.listyznaszegosadu.pl\/notatki\/donald-tusk-a-czlowiek-euroislamu-w-unii-europejskiej\" target=\"_blank\" rel=\"noopener noreferrer\">Donald Tusk, \u201ecz\u0142owiek Euroislamu\u201d w Unii Europejskiej<\/a><\/strong><\/span><\/h5>\n<p style=\"text-align: center;\"><span style=\"color: #000000;\"><strong>Grzegorz Lindenberg<\/strong><\/span><\/p>\n<hr style=\"height: 15px; background: #d0e6fa; width: 100%;\" \/>\n<div class=\"templateArticleIngress\">\n<p><strong>Wielokrotnie w czasie kryzysu imigracyjnego 2015-2016 byli\u015bmy krytykowani w mediach za nasze antyimigracyjne stanowisko. Wygl\u0105da jednak na to, \u017ce mieli\u015bmy ca\u0142kowit\u0105 racj\u0119, a potwierdzaj\u0105 to s\u0142owa samego Donalda Tuska.<\/strong><\/p>\n<p style=\"text-align: left;\">\n<span style=\"color: #000080;\">W czasie kryzysu imigracyjnego w 2015-2016 roku stanowisko Stowarzyszenia Europa Przysz\u0142o\u015bci (wydawcy portalu Euroislam.pl) by\u0142o jednoznaczne: uwa\u017cali\u015bmy, \u017ce masow\u0105 imigracj\u0119, kt\u00f3ra jest zagro\u017ceniem dla spokoju spo\u0142ecznego, \u0142adu politycznego i bezpiecze\u0144stwa kraj\u00f3w unijnych, trzeba powstrzyma\u0107. Pomaga\u0107 uchod\u017acom z Syrii trzeba tam, gdzie si\u0119 znajduj\u0105 obecnie (Turcja, Jordania, Liban), a do Europy przyjmowa\u0107 wy\u0142\u0105cznie osoby prze\u015bladowane z powod\u00f3w politycznych i obyczajowych, kt\u00f3rych \u017cycie jest zagro\u017cone.<\/span><\/p>\n<\/div>\n<p style=\"text-align: left;\">\n<div class=\"templateArticleBrodtext\">\n<p style=\"text-align: left;\"><span style=\"color: #000080;\">Relokacja, wskazywali\u015bmy, jest b\u0142\u0119dem i odwracaniem uwagi od rzeczywistych problem\u00f3w imigracji (<em>dokumenty s\u0105<\/em><em>\u00a0<\/em><em><a style=\"color: #000080;\" href=\"https:\/\/euroislam.pl\/nie-zgadzajmy-sie-na-relokacje-stanowisko-stowarzyszenia\/\">tutaj<\/a>\u00a0 i<\/em><em>\u00a0<\/em><em><a style=\"color: #000080;\" href=\"https:\/\/testowa-14e5f.kxcdn.com\/app\/themes\/euroislam\/assets\/img\/Uzasadnienie.pdf\">tutaj,<\/a>\u00a0trzeba zwr\u00f3ci\u0107 uwag\u0119, \u017ce pochodz\u0105 z pierwszego p\u00f3\u0142rocza 2015 roku.<\/em><em>\u00a0<\/em>\u2013 Wszystkie komentarze kursyw\u0105 i w nawiasach pochodz\u0105 od autora artyku\u0142u \u2013 red.<em>)<\/em>.<\/span><\/p>\n<p style=\"text-align: left;\">\n<span style=\"color: #000080;\">Jak si\u0119 teraz okaza\u0142o, identyczne do naszych pogl\u0105dy mia\u0142 Donald Tusk, w\u00f3wczas przewodnicz\u0105cy Rady Europejskiej (zgromadzenia przyw\u00f3dc\u00f3w Unii Europejskiej). Wysz\u0142y niedawno jego dzienniki z tego okresu (Donald Tusk: \u201eSzczerze\u201d, wyd. Agora, 2019), z kt\u00f3rych wybrali\u015bmy wszystkie fragmenty dotycz\u0105ce kryzysu imigracyjnego 2015-2016.\u00a0Z drugiej strony, wywa\u017cone stanowisko przewodnicz\u0105cego RE \u2013 cho\u0107 nie mieli\u015bmy tak pe\u0142nego obrazu \u2013\u00a0<a style=\"color: #000080;\" href=\"https:\/\/euroislam.pl\/nie-grillujcie-tuska-za-uchodzcow\/\" target=\"_blank\" rel=\"noopener noreferrer\">zauwa\u017cali\u015bmy wcze\u015bniej<\/a>.<\/span><\/p>\n<p style=\"text-align: left;\">\n<span style=\"color: #000080;\">Czytaj\u0105c warto zwr\u00f3ci\u0107 uwag\u0119 na kilka rzeczy:<\/span><br \/>\n<span style=\"color: #000080;\">\u2013 brak przygotowania Unii Europejskiej na nag\u0142y nap\u0142yw imigrant\u00f3w i niezdolno\u015b\u0107 Komisji Europejskiej (i innych unijnych instytucji) do stworzenia planu dzia\u0142ania w trakcie kryzysu; natomiast po kryzysie \u017cadne d\u0142ugoterminowe planowanie dla zapobie\u017cenia podobnym kryzysom nie powsta\u0142o;<\/span><br \/>\n<span style=\"color: #000080;\">\u2013 upieranie si\u0119 przez KE przy programie relokacji imigrant\u00f3w jako jedynym sposobie radzenia sobie z kryzysem, co jednak tylko zwi\u0119ksza\u0142o ich nap\u0142yw;<\/span><br \/>\n<span style=\"color: #000080;\">\u2013 katastrofaln\u0105 polityk\u0119 kanclerz Angeli Merkel, kt\u00f3ra to polityka by\u0142a przez imigrant\u00f3w rozumiana jako zach\u0119ta do przybywania do Niemiec;<\/span><br \/>\n<span style=\"color: #000080;\">\u2013 szanta\u017cowanie UE przez prezydenta Turcji, Erdogana, nap\u0142ywem imigrant\u00f3w; te szanta\u017ce mog\u0105 si\u0119 powtarza\u0107 w przysz\u0142o\u015bci;<\/span><br \/>\n<span style=\"color: #000080;\">\u2013 niebezpiecze\u0144stwo (na razie tylko potencjalne) ogromnej imigracji z Egiptu, po\u0142o\u017conego zaledwie o 400 km od UE (Cypr).<\/span><\/p>\n<p style=\"text-align: left;\">\n<span style=\"color: #000080;\">Oto fragmenty ksi\u0105\u017cki Donalda Tuska (wszystkie wyt\u0142uszczenia w poni\u017cszym tek\u015bcie pochodz\u0105 od redakcji Euroislam.pl.):<\/span><\/p>\n<p style=\"text-align: left;\">\n<strong><span style=\"color: #000080;\">25 czerwca 2015<\/span><\/strong><\/p>\n<p style=\"text-align: left;\"><span style=\"color: #000080;\">Spieramy si\u0119 o propozycj\u0119 Komisji Europejskiej dotycz\u0105c\u0105 obowi\u0105zkowej relokacji czterdziestu tysi\u0119cy uchod\u017ac\u00f3w.<\/span><\/p>\n<p style=\"text-align: left;\">\n<span style=\"color: #000080;\">Do ataku do\u0142\u0105czy\u0142 Juncker, m\u00f3wi\u0105c, \u017ce kwietniowa decyzja o dobrowolno\u015bci relokacji by\u0142a podj\u0119ta pospiesznie i bez namys\u0142u. Po raz pierwszy i ostatni w trakcie Rady Europejskiej odpowiedzia\u0142em po polsku: Nie mog\u0119 si\u0119 zgodzi\u0107 ze stanowiskiem Jeana-Claude\u2019a, \u017ce kwietniowa decyzja by\u0142a podj\u0119ta nierozwa\u017cnie. Po d\u0142ugiej debacie wypracowali\u015bmy wsp\u00f3lne stanowisko, \u017ce mechanizm relokacji powinien si\u0119 opiera\u0107 na zasadzie dobrowolno\u015bci. To Komisja Europejska przed\u0142o\u017cy\u0142a p\u00f3\u017aniej propozycj\u0119 sprzeczn\u0105 z t\u0105 decyzj\u0105 Rady.<\/span><\/p>\n<p style=\"text-align: left;\">\n<span style=\"color: #000080;\">Po d\u0142ugiej dyskusji mamy wst\u0119pn\u0105 zgod\u0119 na rozlokowanie 40 tysi\u0119cy uchod\u017ac\u00f3w ale nie b\u0119dzie to mechanizm obowi\u0105zkowy i sta\u0142y. Nie s\u0105dz\u0119, \u017ceby si\u0119 to kiedykolwiek zmieni\u0142o. Op\u00f3r pa\u0144stw naszego regionu jest zbyt du\u017cy i\u00a0<strong>poparty mocnymi argumentami<\/strong>. \u201eSta\u0142a relokacja bez kontroli granic zwi\u0119kszy tylko nap\u0142yw nielegalnych imigrant\u00f3w\u201d \u2013 staram si\u0119 t\u0142umaczy\u0107. \u201eNie ma mowy o polityce imigracyjnej bez efektywnej kontroli granic.<strong>\u00a0<\/strong><strong>Trzeba umie\u0107 zatrzyma\u0107 fal\u0119 setek tysi\u0119cy imigrant\u00f3w, \u017ceby m\u00f3c pom\u00f3c prawdziwym uchod\u017acom uprawnionym do azylu politycznego<\/strong>, kt\u00f3rych s\u0105 tysi\u0105ce, ale nie setki tysi\u0119cy.\u201d<\/span><\/p>\n<p style=\"text-align: left;\">\n<strong><span style=\"color: #000080;\">10 wrze\u015bnia 2015<\/span><\/strong><\/p>\n<p style=\"text-align: left;\"><span style=\"color: #000080;\">Turcy chc\u0105 mi pokaza\u0107 jeden z oboz\u00f3w dla uchod\u017ac\u00f3w.<\/span><br \/>\n<span style=\"color: #000080;\">Schodzimy do obozu. Przebywa w nim dziesi\u0119\u0107 tysi\u0119cy ludzi. Witaj\u0105 mnie z niezwyk\u0142\u0105 serdeczno\u015bci\u0105. Jeden z rozm\u00f3wc\u00f3w, przy aplauzie ca\u0142ego t\u0142umu, prosi, \u017ceby podzi\u0119kowa\u0107 pani Merkel za zaproszenie i przeprasza (!), \u017ce jeszcze nie wyjechali do Niemiec, ale na razie nie maj\u0105 transportu i dopiero zbieraj\u0105 pieni\u0105dze! Niekt\u00f3rzy pokazuj\u0105 mi na kom\u00f3rkach selfie, kt\u00f3re jaki\u015b uchod\u017aca zrobi\u0142 sobie dzisiaj z Angel\u0105 w Berlinie. Od razu sta\u0142o si\u0119 przebojem internetu. Ludzie tutaj interpretuj\u0105 je jako zaproszenie, chyba wbrew intencji pani kanclerz.\u00a0<strong>Wszyscy w obozie ju\u017c wiedz\u0105, co znaczy niemieckie s\u0142owo \u201ewillkommen\u201d, maj\u0105 telewizj\u0119, internet, kom\u00f3rki. Znajomi i rodziny z Niemiec codziennie informuj\u0105 ich o sytuacji. S\u0105 autentycznie przekonani, \u017ce Europa czeka na nich z otwartymi ramionami.<\/strong><\/span><\/p>\n<p style=\"text-align: left;\">\n<span style=\"color: #000080;\">(T<em>rzy dni p\u00f3\u017aniej Piotr \u015alusarczyk publikuje artyku\u0142 pt. \u201e<a style=\"color: #000080;\" href=\"https:\/\/euroislam.pl\/kabaret-zielony-balonik\/\" target=\"_blank\" rel=\"noopener noreferrer\">Kabaret zielony balonik<\/a>\u201d o\u00a0skutkach polityki \u201eWillkommen\u201d i naiwnym my\u015bleniu imigrant\u00f3w. Jednocze\u015bnie Jan W\u00f3jcik<\/em><em>\u00a0<\/em><em><a style=\"color: #000080;\" href=\"https:\/\/natemat.pl\/blogi\/janwojcik\/153881,u-cioci-na-imieninach-czyli-redaktorska-dyskusja-polska-o-imigrantach\" target=\"_blank\" rel=\"noopener noreferrer\">publikuje krytyczny artyku\u0142<\/a><\/em><em>\u00a0<\/em><em>wobec medialnego \u015brodowiska zwi\u0105zanego z Donaldem Tuskiem, powo\u0142uj\u0105c si\u0119 m.in. na s\u0142owa samego Tuska z pocz\u0105tku kryzysu. Tak\u017ce we wrze\u015bniu &#8216;Gazeta Wyborcza\u2019 publikuje wywiad Piotra Ibrahima Kalwasa z nasz\u0105 redakcj\u0105 \u201e<a style=\"color: #000080;\" href=\"https:\/\/wyborcza.pl\/duzyformat\/1,127290,18743131,tworcy-portalu-euroislam-otworzcie-oczy-szariat-jest-nie-do.html\" target=\"_blank\" rel=\"noopener noreferrer\">Tw\u00f3rcy portalu Euroislam: Otw\u00f3rzcie Oczy<\/a>\u201d .<\/em>)<\/span><\/p>\n<p style=\"text-align: left;\">\n<strong><span style=\"color: #000080;\">20 wrze\u015bnia 2015<\/span><\/strong><\/p>\n<p style=\"text-align: left;\"><span style=\"color: #000080;\">Nie ma ju\u017c innych temat\u00f3w ni\u017c migracja. Niemcy s\u0105 zachwyceni sami sob\u0105, pokazuj\u0105 Europie, co znaczy otwarto\u015b\u0107 i go\u015bcinno\u015b\u0107, ale coraz wyra\u017aniej wida\u0107, \u017ce szlachetne intencje i moralne pobudki niekoniecznie s\u0142u\u017c\u0105 rozwi\u0105zaniu problemu.<\/span><\/p>\n<p style=\"text-align: left;\">\n<span style=\"color: #000080;\">Dzi\u015b rozmawiam z prezydentem Al-Sisim w Kairze. Egipt na razie skutecznie blokuje szmugiel migrant\u00f3w, Sisi m\u00f3wi, \u017ce dla Egiptu to kwestia honoru. Jednak na terytorium jego kraju zgromadzi\u0142o si\u0119 ju\u017c kilkaset tysi\u0119cy migrant\u00f3w. Liczy na pomoc, du\u017c\u0105 pomoc,\u00a0<strong>z u\u015bmiechem t\u0142umaczy, \u017ce jedna jego decyzja wystarczy, aby w stron\u0119 Europy ruszy\u0142a fala dziesi\u0119ciu milion\u00f3w m\u0142odych Egipcjan<\/strong>, kt\u00f3rym musi zapewni\u0107 edukacj\u0119 i stworzy\u0107 miejsca pracy. \u201eTylko na to czekaj\u0105\u201d \u2013 stwierdza spokojnie i patrzy mi znacz\u0105co w oczy. To by\u0142a jego odpowied\u017a na pytanie, czy Egipt zgodzi si\u0119 na utworzenie nowych oboz\u00f3w dla uchod\u017ac\u00f3w.<\/span><\/p>\n<p style=\"text-align: left;\"><span style=\"color: #000080;\"><em><br \/>\n(Tydzie\u0144 wcze\u015bniej publikuj\u0119 w &#8216;Gazecie Wyborczej\u2019 artyku\u0142, w kt\u00f3rym<\/em><em>\u00a0<\/em><em><a style=\"color: #000080;\" href=\"https:\/\/wyborcza.pl\/1,75968,18816660,spor-o-uchodzcow-lindenberg-zniechecajmy-ich-do-europy-polemisci.html\" target=\"_blank\" rel=\"noopener noreferrer\">t\u0142umacz\u0119, \u017ce nale\u017cy pomaga\u0107 na miejscu<\/a>, a imigrant\u00f3w zniech\u0119ca\u0107 do przybywania do Europy. Gazeta wystawia a\u017c trzech publicyst\u00f3w przeciwko zawartym tam tezom. Wynik \u201eg\u0142osowania\u201d czytelnik\u00f3w przyciskiem \u201epolub\u201d \u2013 \u00a02000 do 20 dla naszych pogl\u0105d\u00f3w. Wkr\u00f3tce debata stanie si\u0119 tak ostra, \u017ce GW zamknie mo\u017cliwo\u015b\u0107 komentowania. Pr\u00f3bujemy bezskutecznie przekaza\u0107 Platformie Obywatelskiej na podstawie tych nastroj\u00f3w, \u017ce jak nie zmieni kursu, to przegra nadchodz\u0105ce wybory jeszcze bardziej.)<\/em><\/span><\/p>\n<p style=\"text-align: left;\">\n<strong><span style=\"color: #000080;\">23 wrze\u015bnia 2015<\/span><\/strong><\/p>\n<p style=\"text-align: left;\"><span style=\"color: #000080;\">Rada Europejska (..) Opowiadam o statystykach z porannych raport\u00f3w, jakie przygotowali eksperci nasi i UNHCR. Wynika z nich, \u017ce ludzi wyrzuconych ze swych siedlisk przez wojny, represj\u0119 i n\u0119dz\u0119 jest w p\u00f3\u0142nocnej Afryce oraz na Bliskim i \u015arodkowym Wschodzie kilkana\u015bcie milion\u00f3w. To potencjalni imigranci, a Europa jest i b\u0119dzie dla nich g\u0142\u00f3wnym celem. Wnioski s\u0105 trzy: trzeba natychmiast odbudowa\u0107 granice zewn\u0119trzne Unii, zwi\u0119kszy\u0107 radykalnie pomoc dla Afryki i kraj\u00f3w takich, jak Jordania czy Turcja, pom\u00f3c w rozlokowaniu uchod\u017ac\u00f3w, kt\u00f3rzy ju\u017c s\u0105 na terenie Unii i maj\u0105 powody, by domaga\u0107 si\u0119 azylu. Narasta \u015bwiadomo\u015b\u0107, \u017ce mamy do czynienia z problemem cywilizacyjnym na d\u0142ugie lata. Nie ma prostych rozwi\u0105za\u0144, tylko ci\u0105g\u0142a i bardzo trudna praca.<\/span><\/p>\n<p style=\"text-align: left;\"><span style=\"color: #000080;\"><em><br \/>\n(O tym tak\u017ce pisali\u015bmy w maju 2015 roku, we wspomnianym na pocz\u0105tku opracowaniu, to problem na najbli\u017csze dekady, tymczasowe \u015brodki go nie rozwi\u0105\u017c\u0105)<\/em><\/span><\/p>\n<p style=\"text-align: left;\"><span style=\"color: #000080;\"><em><br \/>\nJe\u015bli nie b\u0119dzie kontroli na zewn\u0119trznych granicach Unii, to nieuchronnie pojawi si\u0119 ona na granicach wewn\u0119trznych i b\u0119dziemy mogli zapomnie\u0107 o Schengen (2015).<\/em><\/span><\/p>\n<p style=\"text-align: left;\">\n<strong><span style=\"color: #000080;\">5 pa\u017adziernika 2015<\/span><\/strong><\/p>\n<p style=\"text-align: left;\"><span style=\"color: #000080;\">Erdo\u011fan ma oczekiwania. Mo\u017ce zatrzyma\u0107 albo chocia\u017c zredukowa\u0107 fal\u0119 uchod\u017ac\u00f3w, ale pyta przy okazji: \u201eA co z rozmowami na temat przyst\u0105pienia Turcji do Unii i ruchem bezwizowym; czy pokryjemy koszty utrzymania migrant\u00f3w na jego terenie, czy b\u0119dziemy w pe\u0142ni solidarni z nim w walce z kurdyjskimi terrorystami?\u201d.\u00a0<strong>Migranci staj\u0105 si\u0119 u\u017cytecznym narz\u0119dziem polityki wymuszania ust\u0119pstw.<\/strong><\/span><\/p>\n<p style=\"text-align: left;\">\n<strong><span style=\"color: #000080;\">6 pa\u017adziernika 2015<\/span><\/strong><\/p>\n<p style=\"text-align: left;\"><span style=\"color: #000080;\">W Parlamencie Europejskim powtarzam swoj\u0105 mantr\u0119, ale po raz pierwszy tak mocno k\u0142ad\u0119 nacisk na ochron\u0119 granicy zewn\u0119trznej. \u201e\u017beby pom\u00f3c uchod\u017acom, nie mo\u017cemy wpuszcza\u0107 wszystkich ch\u0119tnych. Je\u015bli nie b\u0119dzie kontroli na zewn\u0119trznych granicach Unii, to nieuchronnie pojawi si\u0119 ona na granicach wewn\u0119trznych i b\u0119dziemy mogli zapomnie\u0107 o Schengen.<\/span><\/p>\n<p style=\"text-align: left;\"><span style=\"color: #000080;\"><strong><br \/>\n\u201eSkupianie si\u0119 na relokacji tylko przyci\u0105gnie migrant\u00f3w\u201d \u2013 staram si\u0119 t\u0142umaczy\u0107, ale z sali wieje ch\u0142odem. Podzielona jest na dwa obozy: pe\u0142nego otwarcia i ca\u0142kowitego zamkni\u0119cia Europy, a t\u0142umaczenie, \u017ce nie ma efektywnej pomocy bez skutecznej kontroli granicznej, jest rzucaniem grochem o \u015bcian\u0119<\/strong>. Chc\u0105 si\u0119 oburza\u0107, zamiast si\u0119 zastanawia\u0107, jak rozwi\u0105za\u0107 problem.<\/span><\/p>\n<p style=\"text-align: left;\">\n<strong><span style=\"color: #000080;\">16 pa\u017adziernika 2015<\/span><\/strong><\/p>\n<p style=\"text-align: left;\"><span style=\"color: #000080;\">Tylko we wrze\u015bniu 150 tysi\u0119cy os\u00f3b przesz\u0142o z Turcji do Unii. Zanosi si\u0119 na to, \u017ce w pa\u017adzierniku b\u0119dzie ich jeszcze wi\u0119cej. Ta fala zmienia nastroje spo\u0142eczne nawet w najbardziej do tej pory proimigrancko nastawionych krajach. Powoli do wszystkich dociera, \u017ce bez skutecznej ochrony zewn\u0119trznej granicy Unii odtworz\u0105 si\u0119 granice wewn\u0105trz Unii. Schengen umrze. To wa\u017cne tak\u017ce dla bezpiecze\u0144stwa wewn\u0105trz Unii.\u00a0<strong>W fali p\u0142yn\u0105cej z Turcji mog\u0105 si\u0119 znale\u017a\u0107 terrory\u015bci. Nikt tego nie kontroluje, nikt nie wie, kto do nas trafia.\u00a0<\/strong>Z tego powodu maj\u0105 powsta\u0107 tzw. hot spoty, przez kt\u00f3re powinien przej\u015b\u0107 ka\u017cdy imigrant, kt\u00f3ry trafi\u0142 do Europy.<\/span><\/p>\n<p style=\"text-align: left;\"><span style=\"color: #000080;\"><em><br \/>\n(Ostrzegali\u015bmy przed tym w 2015 roku, po czym pe\u0142nomocnik rz\u0105du ds. r\u00f3wnego traktowania prof. Ma\u0142gorzata Fuszara<\/em><em>\u00a0<\/em><em><a style=\"color: #000080;\" href=\"https:\/\/tinyurl.com\/thma2n7\">zwr\u00f3ci\u0142a si\u0119 z wnioskiem<\/a><\/em><em>\u00a0<\/em><em>do Prokuratora Generalnego o zbadanie, czy nasze dzia\u0142anie nie jest przest\u0119pstwem. Tusk mia\u0142 szcz\u0119\u015bcie, \u017ce tego co napisa\u0142, nie opublikowa\u0142 wtedy, bo te\u017c trafi\u0142by do prokuratury. A w\u015br\u00f3d imigrant\u00f3w w latach 2014-2018 znalaz\u0142o si\u0119<a style=\"color: #000080;\" href=\"https:\/\/euroislam.pl\/terrorysci-wsrod-migrantow-prawda-czy-mit\/\">\u00a0ponad 100 terroryst\u00f3w<\/a><\/em><a style=\"color: #000080;\" href=\"https:\/\/euroislam.pl\/terrorysci-wsrod-migrantow-prawda-czy-mit\/\"><em>)<\/em>.<\/a><\/span><\/p>\n<p style=\"text-align: left;\">\n<strong><span style=\"color: #000080;\">24 pa\u017adziernika 2015<\/span><\/strong><\/p>\n<p style=\"text-align: left;\"><span style=\"color: #000080;\">\u201eJe\u015bli liberalne warto\u015bci oznacza\u0107 maj\u0105 abdykacj\u0119 z obowi\u0105zku ochrony terytorium i zapewnienia bezpiecze\u0144stwa swoim obywatelom, to znaczy, \u017ce ju\u017c przegrali\u015bmy\u201d \u2013 m\u00f3wi\u0119 do libera\u0142\u00f3w holenderskich, zgromadzonych na Dniu Europy w Hadze.<\/span><\/p>\n<p style=\"text-align: left;\">\n<strong><span style=\"color: #000080;\">9 listopada 2015<\/span><\/strong><\/p>\n<p style=\"text-align: left;\"><span style=\"color: #000080;\">Merkel z lekkimi pretensjami, \u017ce w jakim\u015b wywiadzie skomentowa\u0142em negatywnie jej polityk\u0119 migracyjn\u0105. Powiedzia\u0142a niedawno, \u017ce fala migracyjna jest za du\u017ca, by j\u0105 zatrzyma\u0107, na co odrzek\u0142em, \u017ce jest dok\u0142adnie odwrotnie, \u017ce ta fala jest zbyt du\u017ca, \u017ceby jej nie zatrzymywa\u0107.<\/span><\/p>\n<p style=\"text-align: left;\">\n<strong><span style=\"color: #000080;\">10 listopada 2015<\/span><\/strong><\/p>\n<p style=\"text-align: left;\"><span style=\"color: #000080;\">Jestem na Malcie, jutro rozpocznie si\u0119 szczyt Unia \u2013 Afryka. Naszym celem jest zmiana modelu wsp\u00f3\u0142pracy z krajami afryka\u0144skimi na bli\u017cszy hiszpa\u0144skiemu:\u00a0<strong>pomagamy wam, ale tylko wtedy, gdy wy przyjmujecie z powrotem w\u0142asnych obywateli, kt\u00f3rzy nie maj\u0105 prawa do azylu i przebywaj\u0105 nielegalnie na terytorium Unii. Ale to wci\u0105\u017c w Brukseli bardzo niepopularny pogl\u0105d.<\/strong><\/span><\/p>\n<p style=\"text-align: left;\">\n<strong><span style=\"color: #000080;\">12 listopada 2015<\/span><\/strong><\/p>\n<p style=\"text-align: left;\"><span style=\"color: #000080;\">Ca\u0142y dzie\u0144 dyskutujemy o nowych formach wsp\u00f3\u0142pracy, ostro\u017cnie dobieramy s\u0142owa, chcemy by\u0107 wobec siebie eleganccy, ale prawda jest brutalna: je\u015bli chcemy ograniczy\u0107 fal\u0119 imigrant\u00f3w, musimy zacz\u0105\u0107 p\u0142aci\u0107 bez por\u00f3wnania wi\u0119cej ni\u017c do tej pory.<\/span><\/p>\n<p style=\"text-align: left;\">\n<span style=\"color: #000080;\">Plan dla Afryki, obliczony na dziesi\u0105tki, mo\u017ce setki miliard\u00f3w euro, \u017ceby pom\u00f3c realnie zmieni\u0107 tamtejsz\u0105 rzeczywisto\u015b\u0107, brzmi politycznie poprawnie, ale ma\u0142o kto wierzy w jego skuteczno\u015b\u0107.<\/span><\/p>\n<p style=\"text-align: left;\">\n<strong><span style=\"color: #000080;\">17 listopada 2015<\/span><\/strong><\/p>\n<p style=\"text-align: left;\"><span style=\"color: #000080;\">Po szczycie\u00a0<strong>spotkanie z Erdo\u011fanem, kt\u00f3ry podniesionym g\u0142osem straszy mnie i Junckera, \u017ce zaraz otworzy granice i do Bu\u0142garii i Grecji pu\u015bci autobusy z imigrantami. Bez \u017cadnej kontroli. \u201eI co, b\u0119dziecie do nich strzela\u0107?\u201d \u2013 pyta z agresywn\u0105 ironi\u0105. \u201e<\/strong>Znajdziemy spos\u00f3b, \u017ceby ich zatrzyma\u0107 i odes\u0142a\u0107\u201d \u2013 odpowiadam, sugeruj\u0105c, \u017ce granica na Ba\u0142kanach jest ju\u017c kontrolowana. Troch\u0119 spuszcza z tonu, ale prowokuje Junckera (\u201e<strong>Ty, Juncker, pami\u0119taj, \u017ce Luksemburg jest mniejszy od \u015bredniego miasta w tej prowincji\u201d \u2013 zwraca si\u0119 do niego po nazwisku<\/strong>). Staram si\u0119 tonowa\u0107 nastr\u00f3j, ale w g\u0142owie mam jedn\u0105 my\u015bl: musimy kontrolowa\u0107 granice, inaczej b\u0119dziemy bezradni wobec szanta\u017cu.<\/span><\/p>\n<p style=\"text-align: left;\">\n<strong><span style=\"color: #000080;\">22 listopada 2015<\/span><\/strong><\/p>\n<p style=\"text-align: left;\"><span style=\"color: #000080;\">Niestety,\u00a0<strong>prawda jest taka, \u017ce z g\u0142\u00f3wnych stolic europejskich ale i z Komisji wci\u0105\u017c p\u0142ynie komunikat: przepuszczajcie.<\/strong>\u00a0Jak to zmieni\u0107? Rozmowy z Erdo\u011fanem w Antalyi nie pozostawiaj\u0105 w\u0105tpliwo\u015bci: je\u015bli sami nie poradzimy sobie z zamkni\u0119ciem szlaku ba\u0142ka\u0144skiego, Turcja mo\u017ce \u017c\u0105da\u0107 od nas, czego tylko zechce. I b\u0119dziemy musieli jej to da\u0107.<\/span><\/p>\n<p style=\"text-align: left;\">\n<span style=\"color: #000080;\">Niby wszyscy chc\u0105 wsp\u00f3\u0142pracowa\u0107, ale jak do tej pory nigdzie \u2013 ani w Afryce, ani na Ba\u0142kanach \u2013 nie znalaz\u0142em ch\u0119tnych do organizowania oboz\u00f3w przej\u015bciowych na w\u0142asnych terytoriach.<\/span><\/p>\n<p style=\"text-align: left;\">\n<strong><span style=\"color: #000080;\">18 grudnia 2015<\/span><\/strong><\/p>\n<p style=\"text-align: left;\"><span style=\"color: #000080;\">Pocieszam si\u0119, \u017ce w ko\u0144cu do wszystkich dotar\u0142o, i\u017c kluczowa jest ochrona zewn\u0119trznej granicy Unii, a nie relokacje. Lepiej p\u00f3\u017ano ni\u017c wcale. Ale nie wystarczy zapisa\u0107 w konkluzjach punktu o ochronie granic. Nie wierz\u0119 te\u017c, \u017ce nowa propozycja Komisji, by utworzy\u0107 Europejsk\u0105 Stra\u017c Graniczn\u0105, rozwi\u0105\u017ce problem. Potrzeba wi\u0119cej Europy, ale przede wszystkim potrzeba wi\u0119kszej aktywno\u015bci pa\u0144stw cz\u0142onkowskich.<\/span><\/p>\n<p style=\"text-align: left;\">\n<strong><span style=\"color: #000080;\">19 lutego 2916<\/span><\/strong><\/p>\n<p style=\"text-align: left;\"><span style=\"color: #000080;\">Przyj\u0119li\u015bmy konkluzj\u0119 w sprawie imigracji. A w niej jedno kluczowe zdanie: musimy sko\u0144czy\u0107 z polityk\u0105 przepuszczania imigrant\u00f3w przez kolejne granice na szlaku ba\u0142ka\u0144skim. Na Ba\u0142kanach mog\u0119 w ko\u0144cu powiedzie\u0107: b\u0105d\u017acie gotowi na zamkni\u0119cie granic. Taka po wielu miesi\u0105cach sprzecznych komunikat\u00f3w b\u0119dzie teraz wola ca\u0142ej Unii.<\/span><\/p>\n<p style=\"text-align: left;\"><span style=\"color: #000080;\"><em><br \/>\n(W tym samym czasie zawierane jest ostatecznie porozumienie z Turcj\u0105. Do dzisiaj trwaj\u0105 dyskusje, czy to zamkni\u0119cie granic na Ba\u0142kanach, czy zap\u0142acenie Turcji powstrzyma\u0142o fal\u0119 imigracyjn\u0105 w tamtym czasie. W marcu 2016 pisz\u0119 artyku\u0142<\/em><em>\u00a0<\/em><em><a style=\"color: #000080;\" href=\"https:\/\/euroislam.pl\/porozumienie-z-turcja-nie-rozwiaze-problemu-uchodzcow\/\" target=\"_blank\" rel=\"noopener noreferrer\">krytykuj\u0105cy to porozumienie<\/a>, a nadzieje zwi\u0105zane z nim uwa\u017cam za przesadne.)<\/em><\/span><\/p>\n<p style=\"text-align: left;\">\n<strong><span style=\"color: #000080;\">19 sierpnia 2016<\/span><\/strong><\/p>\n<p style=\"text-align: left;\"><span style=\"color: #000080;\">Merkel jest zaniepokojona moimi propozycjami w sprawie migracji. Spieramy si\u0119 d\u0142u\u017cszy czas, ale<strong>\u00a0<\/strong><strong>bardzo mocno obstaj\u0119 przy swoim: nie relokacja, ale ochrona granicy zewn\u0119trznej powinna by\u0107 naszym priorytetem. Niby si\u0119 zgadza, ale obawia si\u0119, \u017ce zmiana paradygmatu b\u0119dzie interpretowana jako jej pora\u017cka.<\/strong><\/span><\/p>\n<p style=\"text-align: left;\">\n<strong><span style=\"color: #000080;\">11 pa\u017adziernika 2017<\/span><\/strong><\/p>\n<p style=\"text-align: left;\"><span style=\"color: #000080;\">W Nikozji mam do wykonania proste, zdawa\u0142oby si\u0119, zadanie \u2013 wyrazi\u0107 jednoznacznie solidarno\u015b\u0107 w konflikcie z Turcj\u0105 o prawo do wierce\u0144 na wodach terytorialnych Cypru. Ale Grecy, Niemcy i Holendrzy nie chc\u0105 zaognia\u0107 relacji z Ankar\u0105, boj\u0105 si\u0119, \u017ce Erdogan skieruje do Europy kolejn\u0105 fal\u0119 imigrant\u00f3w.<\/span><\/p>\n<p style=\"text-align: left;\">\n<strong><span style=\"color: #000080;\">13 grudnia 2017<\/span><\/strong><\/p>\n<p style=\"text-align: left;\"><span style=\"color: #000080;\">\u201eTa idea g\u0142\u0119boko dzieli pa\u0144stwa Unii i przyku\u0142a nieproporcjonalnie du\u017co uwagi w stosunku do rezultat\u00f3w; w tym sensie okaza\u0142a si\u0119 nieefektywna\u201d. W ten spos\u00f3b oceni\u0142em w swoim li\u015bcie do lider\u00f3w temat kwot imigracyjnych. Za jaki\u015b czas pewnie trudno b\u0119dzie w to uwierzy\u0107, ale dzi\u015b te s\u0142owa spowodowa\u0142y w Brukseli histeri\u0119, a ja zosta\u0142em wyzwany od anty-Europejczyk\u00f3w.<strong>\u00a0<\/strong><strong>Chcia\u0142bym ju\u017c zamkn\u0105\u0107 ten temat niepotrzebnie wywo\u0142any przez Komisj\u0119 na wyra\u017an\u0105 sugesti\u0119 Berlina. Wielokrotnie ostrzega\u0142em Schulza i Junckera przed konsekwencjami, ale uparli si\u0119 i sprowokowali ostry konflikt, kt\u00f3ry nie przyni\u00f3s\u0142 \u017cadnych pozytywnych rezultat\u00f3w.<\/strong><\/span><\/p>\n<p style=\"text-align: left;\"><em><br \/>\n(P\u00f3\u0142 roku wcze\u015bniej ukazuje si\u0119 u nas<\/em><em>\u00a0<\/em><a href=\"https:\/\/euroislam.pl\/relokacja-uchodzcow-fakty-liczby-perspektywy\/\" target=\"_blank\" rel=\"noopener noreferrer\">analiza pokazuj\u0105ca hucp\u0119<\/a>,\u00a0<em>zwi\u0105zan\u0105 z procedur\u0105 relokacji, \u0142amanie um\u00f3w, pozorowanie jej realizowania przez wi\u0119kszo\u015b\u0107 pa\u0144stw i sztuczny podzia\u0142 \u2013 istniej\u0105cy w\u015br\u00f3d polityk\u00f3w, bo wi\u0119kszo\u015b\u0107 obywateli Europy jest w og\u00f3le przeciwko imigracji z kraj\u00f3w muzu\u0142ma\u0144skich)<\/em><\/p>\n<\/div>\n<hr \/>\n<p style=\"text-align: left;\"><span style=\"color: #808080;\"><em>Pierwsza publikacja: <strong><a style=\"color: #808080;\" href=\"https:\/\/euroislam.pl\/donald-tusk-czlowiek-euroislamu-w-unii-europejskiej\/ 26.02.2020\">https:\/\/euroislam.pl\/donald-tusk-czlowiek-euroislamu-w-unii-europejskiej\/ 26.02.2020<\/a><\/strong><\/em><\/span><\/p>\n<p style=\"text-align: left;\"><span style=\"color: #808080;\"><em><strong>Grzegorz Lindenberg<\/strong>\u00a0 &#8211; <\/em><\/span><span style=\"color: #808080;\"><em>Socjolog, dr nauk spo\u0142ecznych, jeden z za\u0142o\u017cycieli \u201eGazety Wyborczej\u201d, tw\u00f3rca \u201eSuper Expressu\u201d i dw\u00f3ch firm internetowych. Pracowa\u0142 naukowo na Uniwersytecie Warszawskim, Uniwersytecie Harvarda i wyk\u0142ada\u0142 na Uniwersytecie w Bostonie. W latach &#8217;90 w zarz\u0105dzie Fundacji im. Stefana Batorego. Autor m.in. \u201eLudzko\u015b\u0107 poprawiona. Jak najbli\u017csze lata zmieni\u0105 \u015bwiat, w kt\u00f3rym \u017cyjemy\u201d. (2018), &#8220;Wzbieraj\u0105ca fala. Europa wobec eksplozji demograficznej w Afryce&#8221; (2019).<\/em><\/span><\/p>\n<hr style=\"height: 15px; background: #d0e6fa; width: 100%;\" \/>\n<div id=\"content\" class=\"content-alignment\">\n<div id=\"watch-description\" class=\"yt-uix-button-panel\">\n<div id=\"watch-description-text\" style=\"text-align: center;\">\n<p><em>Zawarto\u015b\u0107 publikowanych artyku\u0142\u00f3w i materia\u0142\u00f3w nie reprezentuje pogl\u0105d\u00f3w ani opinii Reunion&#8217;68,<\/em><em><br \/>\nani te\u017c webmastera Blogu Reunion&#8217;68, chyba ze jest to wyra\u017anie zaznaczone.<br \/>\nTwoje uwagi, linki, w\u0142asne artyku\u0142y lub wiadomo\u015bci prze\u015blij na adres:<br \/>\n<\/em><span style=\"color: #000080;\"><strong><em><a style=\"color: #000080;\" href=\"mailto:webmaster@reunion68.com\"><span style=\"text-decoration: underline;\">webmaster@reunion68.com<\/span><\/a><\/em><\/strong><\/span><\/p>\n<\/div>\n<\/div>\n<\/div>\n<hr style=\"width: 100%;\" \/>\n","protected":false},"excerpt":{"rendered":"<p>Donald Tusk, \u201ecz\u0142owiek Euroislamu\u201d w Unii Europejskiej Grzegorz Lindenberg Wielokrotnie w czasie kryzysu imigracyjnego 2015-2016 byli\u015bmy krytykowani w mediach za nasze antyimigracyjne stanowisko. Wygl\u0105da jednak na to, \u017ce mieli\u015bmy ca\u0142kowit\u0105 racj\u0119, a potwierdzaj\u0105 to s\u0142owa samego Donalda Tuska. W czasie kryzysu imigracyjnego w 2015-2016 roku stanowisko Stowarzyszenia Europa Przysz\u0142o\u015bci (wydawcy portalu Euroislam.pl) by\u0142o jednoznaczne: uwa\u017cali\u015bmy, [&hellip;]<\/p>\n","protected":false},"author":1,"featured_media":0,"comment_status":"closed","ping_status":"closed","sticky":false,"template":"","format":"standard","meta":[],"categories":[6],"tags":[26,24],"_links":{"self":[{"href":"https:\/\/www.reunion68.se\/index.php?rest_route=\/wp\/v2\/posts\/107244"}],"collection":[{"href":"https:\/\/www.reunion68.se\/index.php?rest_route=\/wp\/v2\/posts"}],"about":[{"href":"https:\/\/www.reunion68.se\/index.php?rest_route=\/wp\/v2\/types\/post"}],"author":[{"embeddable":true,"href":"https:\/\/www.reunion68.se\/index.php?rest_route=\/wp\/v2\/users\/1"}],"replies":[{"embeddable":true,"href":"https:\/\/www.reunion68.se\/index.php?rest_route=%2Fwp%2Fv2%2Fcomments&post=107244"}],"version-history":[{"count":9,"href":"https:\/\/www.reunion68.se\/index.php?rest_route=\/wp\/v2\/posts\/107244\/revisions"}],"predecessor-version":[{"id":107267,"href":"https:\/\/www.reunion68.se\/index.php?rest_route=\/wp\/v2\/posts\/107244\/revisions\/107267"}],"wp:attachment":[{"href":"https:\/\/www.reunion68.se\/index.php?rest_route=%2Fwp%2Fv2%2Fmedia&parent=107244"}],"wp:term":[{"taxonomy":"category","embeddable":true,"href":"https:\/\/www.reunion68.se\/index.php?rest_route=%2Fwp%2Fv2%2Fcategories&post=107244"},{"taxonomy":"post_tag","embeddable":true,"href":"https:\/\/www.reunion68.se\/index.php?rest_route=%2Fwp%2Fv2%2Ftags&post=107244"}],"curies":[{"name":"wp","href":"https:\/\/api.w.org\/{rel}","templated":true}]}}