{"id":107248,"date":"2023-09-20T17:09:08","date_gmt":"2023-09-20T15:09:08","guid":{"rendered":"http:\/\/www.reunion68.se\/?p=107248"},"modified":"2023-09-20T08:34:51","modified_gmt":"2023-09-20T06:34:51","slug":"28-09-88","status":"publish","type":"post","link":"https:\/\/www.reunion68.se\/?p=107248","title":{"rendered":"Dlaczego film Holland jest z\u0142y"},"content":{"rendered":"<p style=\"text-align: center;\"><img decoding=\"async\" class=\"aligncenter\" src=\"https:\/\/cdn.forbes.ru\/forbes-static\/new\/2023\/09\/Screenshot-2023-09-18-at-16-44-40-copy-650855a63979b.webp\" width=\"100%\" \/><span style=\"color: #808080;\"><em>Kadr z zajawki filmu &#8220;Zielona granica&#8221; Agnieszki Holland<\/em><\/span><\/p>\n<hr \/>\n<h5 style=\"text-align: center;\"><a href=\"http:\/\/www.listyznaszegosadu.pl\/\" target=\"_blank\" rel=\"noopener noreferrer\"><img decoding=\"async\" class=\"center alignleft\" src=\"http:\/\/www.reunion68.com\/Biuletyn\/img\/z-naszego.jpg\" alt=\"\" width=\"35%\" \/><\/a><span style=\"text-decoration: underline; color: #000080;\"><span style=\"text-decoration: underline;\"><strong><a style=\"color: #000080; text-decoration: underline;\" href=\"http:\/\/www.listyznaszegosadu.pl\/znasz-li-ten-kraj\/dlaczego-film-holland-jest-zly\" target=\"_blank\" rel=\"noopener noreferrer\">Dlaczego film Holland jest z\u0142y<\/a><\/strong><\/span><\/span><\/h5>\n<p style=\"text-align: center;\"><span style=\"color: #000000;\"><strong>Jan W\u00f3jcik<\/strong><\/span><\/p>\n<hr style=\"height: 15px; background: #d0e6fa; width: 100%;\" \/>\n<h5 class=\"templateArticleIngress\"><strong>Film Agnieszki Holland \u201eZielona granica\u201d to chyba pierwszy polski film, kt\u00f3ry zebra\u0142 tyle recenzji i ocen od tych, kt\u00f3rzy go jeszcze nie widzieli. Autor poni\u017cszego tekstu,<\/strong>\u00a0<strong>wbrew radom gor\u0105cych zwolennik\u00f3w obrazu, uzna\u0142, \u017ce jest mimo wszystko sens odnie\u015b\u0107 si\u0119 do sprawy nawet przed jego obejrzeniem.<\/strong><\/h5>\n<p>.<\/p>\n<div class=\"templateArticleBrodtext\">\n<p style=\"text-align: left;\"><span style=\"color: #000080;\">W\u0142a\u015bciwie trudno m\u00f3wi\u0107 tu o ocenach filmu, bowiem w przestrzeni dominuj\u0105 przekazy jego politycznych zwolennik\u00f3w i politycznych przeciwnik\u00f3w. Politycznych, bo film sta\u0142 si\u0119 politycznym manifestem i jego ocena wyra\u017cana obecnie stawia oceniaj\u0105cego po jednej ze stron sporu. W\u0142a\u015bciwie trudno nawet powiedzie\u0107, \u017ce sta\u0142 si\u0119, bo on od pocz\u0105tku nim by\u0142. \u015awiadcz\u0105 o tym wcze\u015bniejsze komentarze jego tw\u00f3rc\u00f3w, gdy powstawa\u0142.<\/span><\/p>\n<p style=\"text-align: left;\">\n<span style=\"color: #000080;\">I to polityczne zaanga\u017cowanie jest jego najwi\u0119ksz\u0105 wad\u0105, bo film ten zasysa ca\u0142\u0105 przestrze\u0144 dyskusji wobec imigracji, antagonizuje po najprymitywniejszych liniach podzia\u0142\u00f3w i odwraca uwag\u0119 od powa\u017cniejszych zagadnie\u0144 ca\u0142ej polityki migracyjnej, koncentruj\u0105c si\u0119 na jej w\u0105skim wycinku.<\/span><\/p>\n<p style=\"text-align: left;\">\n<span style=\"color: #000080;\">Ostrej dyskusji wok\u00f3\u0142 filmu dziwi\u0142 si\u0119 ekspert do spraw migracji profesor Maciej Duszczyk pisz\u0105c, \u017ce jest to przecie\u017c fikcja literacka, a nie raport. I chocia\u017c co do meritum ma racj\u0119, to jednak film i dyskusja \u017cyj\u0105 swoim \u017cyciem. Dla jednych film ten \u201eujawnia\u201d, \u201eodkrywa\u201d, \u201eobna\u017ca\u201d, a dla innych \u201epluje\u201d, \u201ezak\u0142amuje\u201d, \u201eponi\u017ca\u201d.<\/span><\/p>\n<p style=\"text-align: left;\">\n<span style=\"color: #000080;\">I nie chodzi tu tylko o internetowy komentariat, ale te\u017c o powa\u017cne gazety. Brytyjski\u00a0<a style=\"color: #000080;\" href=\"https:\/\/www.theguardian.com\/film\/2023\/sep\/05\/green-border-review-refugees-venice-film-festival-agnieszka-holland\" target=\"_blank\" rel=\"noopener noreferrer\">\u201eThe Guardian\u201d pisze<\/a>, \u017ce film Holland \u201erzuca ciemne \u015bwiat\u0142o na okropno\u015bci, z jakimi borykaj\u0105 si\u0119 uchod\u017acy w strefie wykluczenia mi\u0119dzy Polsk\u0105 a Bia\u0142orusi\u0105\u201d. A wi\u0119c traktuje film jako \u015bwiadectwo, chocia\u017c jest on fabu\u0142\u0105, a nie dokumentem. Podobne g\u0142osy padaj\u0105 z innych stron, wi\u0119c z punktu widzenia politycznego nie ma ju\u017c znaczenia to, \u017ce obraz nie jest dokumentem, bowiem za takowy zosta\u0142 uznany.<\/span><\/p>\n<p><span style=\"color: #000080;\">Drug\u0105 kwesti\u0105 jest to s\u0142ynne \u201enie widzia\u0142e\u015b, to si\u0119\u00a0nie wypowiadaj\u201d. Niestety trudno mi sobie wyobrazi\u0107, \u017ce wyd\u017awi\u0119k tego filmu b\u0119dzie jakikolwiek inny po wcze\u015bniejszych wypowiedziach na temat zaj\u015b\u0107 na granicy ze strony jego tw\u00f3rczyni, jak i niekt\u00f3rych odtw\u00f3rc\u00f3w r\u00f3l. Nawet je\u017celi stonuj\u0105 wypowiedzi, wprowadz\u0105 niuanse, to stawiam dolary przeciwko orzechom, \u017ce jest to obraz jednostronny.<\/span><\/p>\n<p style=\"text-align: left;\">\n<span style=\"color: #000080;\">Z pomoc\u0105 przychodzi te\u017c wspomniana recenzja \u201eGuardiana\u201d, kt\u00f3ra nie zostawia w\u0105tpliwo\u015bci. Jak pisze jej autor, Holland zestawia reakcje stra\u017cnik\u00f3w granicznych wobec imigrant\u00f3w przedostaj\u0105cych si\u0119 nielegalnie przez granic\u0119 bia\u0142orusk\u0105 z witaniem uchod\u017ac\u00f3w uciekaj\u0105cych przed wojn\u0105 na Ukrainie.<\/span><\/p>\n<p style=\"text-align: left;\">\n<span style=\"color: #000080;\">Czy uj\u0119te zosta\u0142y w filmie takie niuanse, \u017ce wi\u0119kszo\u015b\u0107 tych imigrant\u00f3w nie chce zosta\u0107 w Polsce, w przeciwie\u0144stwie do Ukrai\u0144c\u00f3w? Albo to, \u017ce w wi\u0119kszo\u015bci nie b\u0119d\u0105 kwalifikowali si\u0119 do ochrony mi\u0119dzynarodowej, a nawet je\u015bli, to wyruszali z tych kraj\u00f3w gdzie mogli j\u0105 uzyska\u0107? W\u0105tpi\u0119.<\/span><\/p>\n<p style=\"text-align: left;\">\n<span style=\"color: #000080;\">Ten temat poruszy\u0142em w wywiadzie z ekspertem ds. migracji prof. Ruudem Koopmansem z berli\u0144skiego O\u015brodka Bada\u0144 Spo\u0142ecznych, kt\u00f3ry uka\u017ce si\u0119 w najnowszym \u201eUk\u0142adzie Si\u0142\u201d. Koopmans, jako zachodni badacz znaj\u0105cy blaski i cienie polityki migracyjnej, jasno m\u00f3wi, \u017ce nasza reakcja i rozr\u00f3\u017cnienie tych dw\u00f3ch strumieni migracyjnych, nie s\u0105 w wi\u0119kszo\u015bci przypadk\u00f3w efektem rasistowskich uprzedze\u0144, lecz inn\u0105 natur\u0105 tych strumieni. R\u00f3\u017cni si\u0119 ona tym, \u017ce Ukrai\u0144cy przybywaj\u0105 do nas z bezpo\u015brednio zagro\u017conego rejonu i nie maj\u0105 innych opcji znalezienia po drodze bezpiecznego miejsca.<\/span><\/p>\n<p style=\"text-align: left;\">\n<span style=\"color: #000080;\">O r\u00f3\u017cnych aspektach tego filmu ju\u017c trwaj\u0105\u00a0dyskusje i b\u0119d\u0105 trwa\u0107. Natomiast nie na tym polega prawdziwy problem. G\u0142\u00f3wn\u0105 wad\u0105 tego filmu jest to, \u017ce re\u017cyserka Agnieszka Holland sprawi\u0142a prezent prezesowi Jaros\u0142awowi Kaczy\u0144skiemu. Polska stoi dzi\u015b przed debat\u0105 co do ca\u0142ego kszta\u0142tu przysz\u0142ej polityki imigracyjnej. PiS chce w referendum skierowa\u0107 nasz\u0105 uwag\u0119 ku rzekomej przymusowej relokacji, a jak si\u0119 okaza\u0142o, sam niefrasobliwie wpuszcza\u0142 do kraju mas\u0119 imigrant\u00f3w, przed kt\u00f3rymi sam przez lata przestrzega\u0142.<\/span><\/p>\n<p style=\"text-align: left;\">\n<span style=\"color: #000080;\">Dyskusja powinna wi\u0119c dotyczy\u0107 przede wszystkim ekonomicznej polityki imigracyjnej oraz rzeczywistego, wsp\u00f3lnego podej\u015bcia wobec wyzwania, przed kt\u00f3rym stoi Unia Europejska. Naprawd\u0119 dobrze przygotowani dziennikarze czy politycy opozycji mogliby\u00a0partii sprawuj\u0105cej w\u0142adz\u0119\u00a0postawi\u0107 w tej kwestii trudne pytania.<\/span><\/p>\n<p style=\"text-align: left;\">\n<span style=\"color: #000080;\">Niestety nie b\u0119dzie takiej okazji, poniewa\u017c b\u0119dziemy s\u0142ucha\u0107 wydpowiedzi tylko o tym, \u017ce Holland oplu\u0142a polski mundur, \u017ce dzia\u0142a po linii Mi\u0144ska i Moskwy, \u017ce \u201etylko\u00a0\u015bwinie siedz\u0105 w kinie\u201d. Jest to du\u017co \u0142atwiejsze dla rz\u0105dz\u0105cych ni\u017c wyja\u015bnianie, jak nale\u017ca\u0142oby po\u0142\u0105czy\u0107 zmiany spo\u0142eczne, zmiany na rynku pracy i potrzeby imigracyjne pracodawc\u00f3w, z obawami spo\u0142ecze\u0144stwa wynikaj\u0105cymi z do\u015bwiadcze\u0144 Europy, a na ko\u0144cu odpowiedzie\u0107 na zjawisko nielegalnej imigracji, kt\u00f3rej uczestnicy w du\u017cej mierze pr\u00f3buj\u0105 przedosta\u0107 si\u0119 do UE pod przykrywk\u0105 szukania azylu.<\/span><\/p>\n<p style=\"text-align: left;\">\n<span style=\"color: #000080;\">Tak wi\u0119c kosz kwiat\u00f3w i butelk\u0119 najlepszego wina prezes Kaczy\u0144ski powinien wys\u0142a\u0107 na r\u0119ce pani Holland. Re\u017cyserka, aktorzy i aktorki, zyskaj\u0105 swoj\u0105 s\u0142aw\u0119 bojownik\u00f3w o prawd\u0119 i moralno\u015b\u0107 w PiSowskiej dyktaturze. Za to my, jako nar\u00f3d, stracimy okazj\u0119 do rzetelnej debaty na temat istotny dla przysz\u0142o\u015bci kraju.<\/span><\/p>\n<p style=\"text-align: left;\">\n<span style=\"color: #000080;\">Zamiast tego poszczeg\u00f3lne grupy b\u0119d\u0105 mobilizowane przez referendum, z kt\u00f3rego nic nie wyniknie, lub poprzez film, kt\u00f3ry b\u0119dzie mo\u017cna pot\u0119pi\u0107 lub wychwala\u0107, tylko po to, \u017ceby i tak odda\u0107 g\u0142os na tych, na kt\u00f3rych g\u0142osowa\u0107 si\u0119 zamierza\u0142o.<\/span><\/p>\n<hr \/>\n<p style=\"text-align: left;\"><span style=\"color: #808080;\"><strong><em>Jan W\u00f3jcik &#8211; <\/em><\/strong><em>Za\u0142o\u017cyciel portalu euroislam.pl, cz\u0142onek zarz\u0105du Fundacji Instytut Spraw Europejskich, koordynator mi\u0119dzynarodowej inicjatywy przeciwko cz\u0142onkostwu Turcji w UE. Autor artyku\u0142\u00f3w i publikacji naukowych na temat islamizmu, terroryzmu i stosunk\u00f3w<\/em><\/span><\/p>\n<\/div>\n<hr style=\"height: 15px; background: #d0e6fa; width: 100%;\" \/>\n<div id=\"content\" class=\"content-alignment\">\n<div id=\"watch-description\" class=\"yt-uix-button-panel\">\n<div id=\"watch-description-text\" style=\"text-align: center;\">\n<p><em>Zawarto\u015b\u0107 publikowanych artyku\u0142\u00f3w i materia\u0142\u00f3w nie reprezentuje pogl\u0105d\u00f3w ani opinii Reunion&#8217;68,<\/em><em><br \/>\nani te\u017c webmastera Blogu Reunion&#8217;68, chyba ze jest to wyra\u017anie zaznaczone.<br \/>\nTwoje uwagi, linki, w\u0142asne artyku\u0142y lub wiadomo\u015bci prze\u015blij na adres:<br \/>\n<\/em><span style=\"color: #000080;\"><strong><em><a style=\"color: #000080;\" href=\"mailto:webmaster@reunion68.com\"><span style=\"text-decoration: underline;\">webmaster@reunion68.com<\/span><\/a><\/em><\/strong><\/span><\/p>\n<\/div>\n<\/div>\n<\/div>\n<hr style=\"width: 100%;\" \/>\n","protected":false},"excerpt":{"rendered":"<p>Kadr z zajawki filmu &#8220;Zielona granica&#8221; Agnieszki Holland Dlaczego film Holland jest z\u0142y Jan W\u00f3jcik Film Agnieszki Holland \u201eZielona granica\u201d to chyba pierwszy polski film, kt\u00f3ry zebra\u0142 tyle recenzji i ocen od tych, kt\u00f3rzy go jeszcze nie widzieli. Autor poni\u017cszego tekstu,\u00a0wbrew radom gor\u0105cych zwolennik\u00f3w obrazu, uzna\u0142, \u017ce jest mimo wszystko sens odnie\u015b\u0107 si\u0119 do sprawy [&hellip;]<\/p>\n","protected":false},"author":1,"featured_media":0,"comment_status":"closed","ping_status":"closed","sticky":false,"template":"","format":"standard","meta":[],"categories":[6],"tags":[26,24],"_links":{"self":[{"href":"https:\/\/www.reunion68.se\/index.php?rest_route=\/wp\/v2\/posts\/107248"}],"collection":[{"href":"https:\/\/www.reunion68.se\/index.php?rest_route=\/wp\/v2\/posts"}],"about":[{"href":"https:\/\/www.reunion68.se\/index.php?rest_route=\/wp\/v2\/types\/post"}],"author":[{"embeddable":true,"href":"https:\/\/www.reunion68.se\/index.php?rest_route=\/wp\/v2\/users\/1"}],"replies":[{"embeddable":true,"href":"https:\/\/www.reunion68.se\/index.php?rest_route=%2Fwp%2Fv2%2Fcomments&post=107248"}],"version-history":[{"count":6,"href":"https:\/\/www.reunion68.se\/index.php?rest_route=\/wp\/v2\/posts\/107248\/revisions"}],"predecessor-version":[{"id":107259,"href":"https:\/\/www.reunion68.se\/index.php?rest_route=\/wp\/v2\/posts\/107248\/revisions\/107259"}],"wp:attachment":[{"href":"https:\/\/www.reunion68.se\/index.php?rest_route=%2Fwp%2Fv2%2Fmedia&parent=107248"}],"wp:term":[{"taxonomy":"category","embeddable":true,"href":"https:\/\/www.reunion68.se\/index.php?rest_route=%2Fwp%2Fv2%2Fcategories&post=107248"},{"taxonomy":"post_tag","embeddable":true,"href":"https:\/\/www.reunion68.se\/index.php?rest_route=%2Fwp%2Fv2%2Ftags&post=107248"}],"curies":[{"name":"wp","href":"https:\/\/api.w.org\/{rel}","templated":true}]}}