{"id":107273,"date":"2023-11-10T18:09:06","date_gmt":"2023-11-10T16:09:06","guid":{"rendered":"http:\/\/www.reunion68.se\/?p=107273"},"modified":"2023-11-10T14:37:08","modified_gmt":"2023-11-10T12:37:08","slug":"30-09-74","status":"publish","type":"post","link":"https:\/\/www.reunion68.se\/?p=107273","title":{"rendered":"Skwer przy ul. Pawiej skwerem im. Racheli Auerbach!"},"content":{"rendered":"<p><img decoding=\"async\" class=\"aligncenter\" src=\"https:\/\/www.jhi.pl\/storage\/image\/core_files\/2020\/11\/13\/925b3951b759af642b84883326731c04\/jpg\/jhi\/header\/nalewki_B_1.webp\" width=\"100%\"><\/p>\n<hr>\n<h5 style=\"text-align: center;\"><a href=\"https:\/\/www.jhi.pl\/\" target=\"_blank\" rel=\"noopener noreferrer\"><img decoding=\"async\" class=\"center alignleft\" src=\"http:\/\/www.reunion68.com\/Biuletyn\/img\/zih-1.png\" alt=\"\" width=\"35%\"><\/a><span style=\"text-decoration: underline; color: #000080;\"><strong><a style=\"color: #000080; text-decoration: underline;\" href=\"https:\/\/www.jhi.pl\/artykuly\/skwer-przy-ul-pawiej-skwerem-im-racheli-auerbach,7274\" target=\"_blank\" rel=\"noopener noreferrer\">Skwer przy ul. Pawiej skwerem im. Racheli Auerbach!<\/a><\/strong><\/span><\/h5>\n<p style=\"text-align: center;\"><span style=\"color: #000000;\"><strong>\u017bydowski Instytut Historyczny<\/strong><\/span><\/p>\n<hr style=\"height: 15px; background: #d0e6fa; width: 100%;\">\n<h4 style=\"text-align: center;\"><span style=\"color: #808080;\"><strong>Po kilkumiesi\u0119cznym oczekiwaniu na decyzj\u0119 Rady m.st. Warszawy mo\u017cemy potwierdzi\u0107 \u2013 skwer przy ul. Pawiej na warszawskiej Woli nosi imi\u0119 Racheli Auerbach!<\/strong><\/span><br \/>\n.<br \/>\n<img decoding=\"async\" src=\"https:\/\/www.jhi.pl\/storage\/image\/core_files\/2023\/9\/13\/0d990124619dcff06bfe5b0c8dab6f3d\/jpg\/jhi\/normal_big\/09.2022_auerbach_skwer_wniosek.webp\" width=\"100%\"><\/h4>\n<p style=\"text-align: left;\"><span style=\"color: #000080;\">Rok temu zbierali\u015bmy podpisy pod wnioskiem o zmian\u0119 nazwy skweru im. Mieczys\u0142awa Dawida Apfelbauma na warszawskiej Woli na skwer im. Racheli Auerbach. Sprawa toczy\u0142a si\u0119 przez kilka miesi\u0119cy, a dzisiaj przychodzimy z dobrymi wie\u015bciami \u2013 31 sierpnia podczas LXXXVI sesji Rady m.st. Warszawy podj\u0119to uchwa\u0142\u0119 o zmianie nazwy skweru.<\/span><\/p>\n<p style=\"text-align: left;\"><span style=\"color: #000080;\">Jeste\u015bmy niezmiernie osobom zaanga\u017cowanym w t\u0119 inicjatyw\u0119 i wszystkim, kt\u00f3rzy z\u0142o\u017cyli podpisy pod wnioskiem, umo\u017cliwiaj\u0105c przeprowadzenie procesu zmiany nazwy.<\/span><\/p>\n<p style=\"text-align: left;\"><span style=\"color: #000080;\">_____<\/span><\/p>\n<p style=\"text-align: left;\"><span style=\"color: #000080;\">Dlaczego wnioskowali\u015bmy o zmian\u0119 nazwy skweru?<\/span><\/p>\n<p style=\"text-align: left;\"><span style=\"color: #000080;\"><strong>Mieczys\u0142aw Dawid Apfelbaum mia\u0142 by\u0107 przyw\u00f3dc\u0105&nbsp;<\/strong><a style=\"color: #000080;\" href=\"https:\/\/www.jhi.pl\/artykuly\/zapomniana-walka-udzial-zzw-w-powstaniu-w-getcie-warszawskim,596\"><strong>\u017bydowskiego Zwi\u0105zku Wojskowego<\/strong><\/a>&nbsp;\u2013 jednej z dw\u00f3ch, obok \u017bydowskiej Organizacji Bojowej, formacji zbrojnego ruchu oporu w getcie warszawskim.&nbsp;<strong>Jednak aktualne badania historyczne wskazuj\u0105, \u017ce cz\u0142owiek ten nigdy nie istnia\u0142.<\/strong><\/span><\/p>\n<p style=\"text-align: left;\"><span style=\"color: #000080;\">O \u017bZW wiemy znacznie mniej ni\u017c o \u017bOB, poniewa\u017c niemal wszyscy jego cz\u0142onkowie zostali zabici podczas wojny. W latach 50. i 60. grupa by\u0142ych \u017co\u0142nierzy Armii Krajowej, zacz\u0119\u0142a \u2013 w celu uzyskania przywilej\u00f3w kombatanckich \u2013 przypisywa\u0107 sobie wsp\u00f3\u0142prac\u0119 z \u017bZW i kreowa\u0107 nieistniej\u0105ce postacie, takie jak Apfelbaum. W wyniku ich dzia\u0142a\u0144 imieniem Apfelbauma nazwano w 2004 r. skwer na zachodnim Muranowie, mi\u0119dzy ulicami Pawi\u0105, Smocz\u0105 i Dzieln\u0105.<\/span><\/p>\n<p style=\"text-align: left;\"><span style=\"color: #000080;\">W 2011 r. Dariusz Libionka i Laurence Weinbaum opublikowali ksi\u0105\u017ck\u0119 \u201eBohaterowie, hochsztaplerzy, opisywacze \u2013 wok\u00f3\u0142 \u017bydowskiego Zwi\u0105zku Wojskowego\u201d, w kt\u00f3rej udowadniaj\u0105, \u017ce pami\u0119\u0107 o \u017bZW zosta\u0142a poddana manipulacji.<\/span><\/p>\n<p style=\"text-align: left;\"><span style=\"color: #000080;\"><strong>\u201ePrzyw\u00f3dcy i \u017co\u0142nierze \u017bZW zas\u0142uguj\u0105 na inne, zgodne z prawd\u0105 historyczn\u0105 upami\u0119tnienie, a skwer powinien otrzyma\u0107 nowego patrona\u201d \u2013 napisa\u0142 w swojej opinii prof. Andrzej \u017bbikowski, kierownik Dzia\u0142u Naukowego \u017bIH.<\/strong><\/span><\/p>\n<figure class=\"image\"><img decoding=\"async\" class=\"aligncenter\" src=\"https:\/\/www.jhi.pl\/storage\/image\/core_files\/2022\/8\/23\/8886c9933887d41742d60b4a5a929c37\/jpg\/jhi\/preview\/Rachela_Auerbach_large.jpg\" alt=\"Rachela_Auerbach_large.jpg [238.04 KB]\" width=\"100%\"><figcaption><span style=\"color: #808080;\"><em>Rachela Auerbach<\/em><\/span><\/figcaption><\/figure>\n<p style=\"text-align: left;\"><span style=\"color: #000080;\">W przysz\u0142o\u015bci zamierzamy wnioskowa\u0107 o oddanie ho\u0142du bohaterom \u017bZW przez nadanie ich imienia innemu miejscu w Warszawie. Tymczasem<strong>&nbsp;skwer im. Apfelbauma powinien otrzyma\u0107 now\u0105 patronk\u0119 \u2013 chcemy, by by\u0142a ni\u0105 Rachela Auerbach.&nbsp;<\/strong>Dziennikarka, pisarka i dzia\u0142aczka spo\u0142eczna, w getcie warszawskim prowadzi\u0142a kuchni\u0119 ludow\u0105, zbiera\u0142a wywiady \u2013 m.in.&nbsp;<a style=\"color: #000080;\" href=\"https:\/\/www.jhi.pl\/artykuly\/czlowiek-uciekl-z-treblinek,391\">relacj\u0119 Abrama Jakuba Krzepickiego, uciekiniera z Treblinki<\/a>&nbsp;\u2013 i pisa\u0142a teksty dla Archiwum Ringelbluma. By\u0142a jedn\u0105 z trojga cz\u0142onk\u00f3w grupy Oneg Szabat, kt\u00f3rzy prze\u017cyli wojn\u0119. Potem zosta\u0142a kierowniczk\u0105 Wydzia\u0142u \u015awiadectw Instytutu Yad Vashem, przyczyniaj\u0105c si\u0119 do stworzenia ogromnej kolekcji relacji z Zag\u0142ady. Zeznawa\u0142a na procesie Adolfa Eichmanna i do ko\u0144ca \u017cycia niestrudzenie pracowa\u0142a nad zachowaniem pami\u0119ci o wydarzeniach wojny.<\/span><\/p>\n<p style=\"text-align: left;\"><span style=\"color: #000080;\">\u201eObecny skwer im. Mieczys\u0142awa Dawida Apfelbauma znajduje si\u0119 niedaleko miejsca, gdzie ukryto Archiwum Ringelbluma, kt\u00f3rego Auerbach by\u0142a wsp\u00f3\u0142pracowniczk\u0105\u201d \u2013 pisze w swojej opinii dr Karolina Szymaniak z Dzia\u0142u Naukowego \u017bIH, badaczka tw\u00f3rczo\u015bci Auerbach. \u2013 \u201eRachela Auerbach ze wszech miar zas\u0142uguje na to, by zosta\u0142a upami\u0119tniona na mapie warszawskiego Muranowa. Ale te\u017c i Warszawa, miasto, z kt\u00f3rym tragicznie i nierozerwalnie splot\u0142y si\u0119 losy pisarki, zas\u0142uguje na to, by mie\u0107 tak\u0105 patronk\u0119\u201d.<\/span><\/p>\n<hr style=\"height: 15px; background: #d0e6fa; width: 100%;\">\n<div id=\"content\" class=\"content-alignment\">\n<div id=\"watch-description\" class=\"yt-uix-button-panel\">\n<div id=\"watch-description-text\" style=\"text-align: center;\">\n<p><em>Zawarto\u015b\u0107 publikowanych artyku\u0142\u00f3w i materia\u0142\u00f3w nie reprezentuje pogl\u0105d\u00f3w ani opinii Reunion&#8217;68,<\/em><em><br \/>\nani te\u017c webmastera Blogu Reunion&#8217;68, chyba ze jest to wyra\u017anie zaznaczone.<br \/>\nTwoje uwagi, linki, w\u0142asne artyku\u0142y lub wiadomo\u015bci prze\u015blij na adres:<br \/>\n<\/em><span style=\"color: #000080;\"><strong><em><a style=\"color: #000080;\" href=\"mailto:webmaster@reunion68.com\"><span style=\"text-decoration: underline;\">webmaster@reunion68.com<\/span><\/a><\/em><\/strong><\/span><\/p>\n<\/div>\n<\/div>\n<\/div>\n<hr style=\"width: 100%;\">\n","protected":false},"excerpt":{"rendered":"<p>Skwer przy ul. Pawiej skwerem im. Racheli Auerbach! \u017bydowski Instytut Historyczny Po kilkumiesi\u0119cznym oczekiwaniu na decyzj\u0119 Rady m.st. Warszawy mo\u017cemy potwierdzi\u0107 \u2013 skwer przy ul. Pawiej na warszawskiej Woli nosi imi\u0119 Racheli Auerbach! . Rok temu zbierali\u015bmy podpisy pod wnioskiem o zmian\u0119 nazwy skweru im. Mieczys\u0142awa Dawida Apfelbauma na warszawskiej Woli na skwer im. Racheli [&hellip;]<\/p>\n","protected":false},"author":1,"featured_media":0,"comment_status":"closed","ping_status":"closed","sticky":false,"template":"","format":"standard","meta":[],"categories":[6],"tags":[26,24],"_links":{"self":[{"href":"https:\/\/www.reunion68.se\/index.php?rest_route=\/wp\/v2\/posts\/107273"}],"collection":[{"href":"https:\/\/www.reunion68.se\/index.php?rest_route=\/wp\/v2\/posts"}],"about":[{"href":"https:\/\/www.reunion68.se\/index.php?rest_route=\/wp\/v2\/types\/post"}],"author":[{"embeddable":true,"href":"https:\/\/www.reunion68.se\/index.php?rest_route=\/wp\/v2\/users\/1"}],"replies":[{"embeddable":true,"href":"https:\/\/www.reunion68.se\/index.php?rest_route=%2Fwp%2Fv2%2Fcomments&post=107273"}],"version-history":[{"count":7,"href":"https:\/\/www.reunion68.se\/index.php?rest_route=\/wp\/v2\/posts\/107273\/revisions"}],"predecessor-version":[{"id":107433,"href":"https:\/\/www.reunion68.se\/index.php?rest_route=\/wp\/v2\/posts\/107273\/revisions\/107433"}],"wp:attachment":[{"href":"https:\/\/www.reunion68.se\/index.php?rest_route=%2Fwp%2Fv2%2Fmedia&parent=107273"}],"wp:term":[{"taxonomy":"category","embeddable":true,"href":"https:\/\/www.reunion68.se\/index.php?rest_route=%2Fwp%2Fv2%2Fcategories&post=107273"},{"taxonomy":"post_tag","embeddable":true,"href":"https:\/\/www.reunion68.se\/index.php?rest_route=%2Fwp%2Fv2%2Ftags&post=107273"}],"curies":[{"name":"wp","href":"https:\/\/api.w.org\/{rel}","templated":true}]}}