{"id":107275,"date":"2023-09-22T17:00:45","date_gmt":"2023-09-22T15:00:45","guid":{"rendered":"http:\/\/www.reunion68.se\/?p=107275"},"modified":"2023-09-22T13:18:53","modified_gmt":"2023-09-22T11:18:53","slug":"30-05-83","status":"publish","type":"post","link":"https:\/\/www.reunion68.se\/?p=107275","title":{"rendered":"Speech at rally for judicial reform"},"content":{"rendered":"<p><img decoding=\"async\" src=\"https:\/\/carolineglick.com\/wp-content\/uploads\/2017\/03\/CarolineGlick-header.jpg\" width=\"100%\" \/><\/p>\n<h5 style=\"text-align: center;\"><a href=\"*******\" target=\"_blank\" rel=\"noopener noreferrer\"><img decoding=\"async\" class=\"center alignleft\" src=\"https:\/\/scontent.fbma6-1.fna.fbcdn.net\/v\/t39.30808-6\/379488854_9946626132074718_795032454300262890_n.jpg?stp=dst-jpg_p180x540&amp;_nc_cat=104&amp;ccb=1-7&amp;_nc_sid=52f669&amp;_nc_ohc=R2xiPYLvbsgAX-r7nSt&amp;_nc_ht=scontent.fbma6-1.fna&amp;oh=00_AfBHIlmTvZ7UetZ6RTYipuVhwLd5IMJ3ipS8QalKojX6Xw&amp;oe=65121C7A\" alt=\"\" width=\"35%\" \/><\/a><span style=\"text-decoration: underline; color: #000080;\"><span><strong><a style=\"color: #000080; text-decoration: underline;\" href=\"https:\/\/carolineglick.com\/speech-at-rally-for-judicial-reform\/\" target=\"_blank\" rel=\"noopener noreferrer\">Speech at rally for judicial reform<\/a><\/strong><\/span><\/span><\/h5>\n<p style=\"text-align: center;\"><span style=\"color: #000000;\"><strong>Caroline Glick<\/strong><\/span><\/p>\n<hr style=\"height: 15px; background: #d0e6fa; width: 100%;\" \/>\n<p style=\"text-align: left;\"><span style=\"color: #000080;\">On September 7, I spoke outside the Supreme Court in Jerusalem at a mass rally in favor of judicial reform. The event was held on the eve of the Supreme Court hearing last week on a petition from a U.S.-funded far left group asking it to abrogate an amendment to Basic Law: The Judiciary. The Supreme Court has no power to adjudicate Basic Laws. It certainly has no power to adjudicate Basic Laws that relate to its own powers.<\/span><\/p>\n<p style=\"text-align: left;\"><span style=\"color: #000080;\">Here is the video of my speech with English subtitles.<\/span><\/p>\n<div id=\"content\" class=\"content-alignment\">\n<div id=\"watch-description\" class=\"yt-uix-button-panel\">\n<div id=\"watch-description-text\" style=\"text-align: center;\"><iframe loading=\"lazy\" title=\"Caroline Glick Speaks at Protest in Front  of the Supreme Court w\/ English Subtitles\" src=\"https:\/\/www.youtube.com\/embed\/Bh2T0u6Ar90\" width=\"680\" height=\"400\" frameborder=\"0\" allowfullscreen=\"allowfullscreen\"><\/iframe><\/div>\n<\/div>\n<\/div>\n<hr style=\"height: 15px; background: #d0e6fa; width: 100%;\" \/>\n<div id=\"content\" class=\"content-alignment\">\n<div id=\"watch-description\" class=\"yt-uix-button-panel\">\n<div id=\"watch-description-text\" style=\"text-align: center;\">\n<p><em>Zawarto\u015b\u0107 publikowanych artyku\u0142\u00f3w i materia\u0142\u00f3w nie reprezentuje pogl\u0105d\u00f3w ani opinii Reunion&#8217;68,<\/em><em><br \/>\nani te\u017c webmastera Blogu Reunion&#8217;68, chyba ze jest to wyra\u017anie zaznaczone.<br \/>\nTwoje uwagi, linki, w\u0142asne artyku\u0142y lub wiadomo\u015bci prze\u015blij na adres:<br \/>\n<\/em><span style=\"color: #000080;\"><strong><em><a style=\"color: #000080;\" href=\"mailto:webmaster@reunion68.com\"><span style=\"text-decoration: underline;\">webmaster@reunion68.com<\/span><\/a><\/em><\/strong><\/span><\/p>\n<\/div>\n<\/div>\n<\/div>\n<hr style=\"width: 100%;\" \/>\n","protected":false},"excerpt":{"rendered":"<p>Speech at rally for judicial reform Caroline Glick On September 7, I spoke outside the Supreme Court in Jerusalem at a mass rally in favor of judicial reform. The event was held on the eve of the Supreme Court hearing last week on a petition from a U.S.-funded far left group asking it to abrogate [&hellip;]<\/p>\n","protected":false},"author":1,"featured_media":0,"comment_status":"closed","ping_status":"closed","sticky":false,"template":"","format":"standard","meta":[],"categories":[1],"tags":[26,24],"_links":{"self":[{"href":"https:\/\/www.reunion68.se\/index.php?rest_route=\/wp\/v2\/posts\/107275"}],"collection":[{"href":"https:\/\/www.reunion68.se\/index.php?rest_route=\/wp\/v2\/posts"}],"about":[{"href":"https:\/\/www.reunion68.se\/index.php?rest_route=\/wp\/v2\/types\/post"}],"author":[{"embeddable":true,"href":"https:\/\/www.reunion68.se\/index.php?rest_route=\/wp\/v2\/users\/1"}],"replies":[{"embeddable":true,"href":"https:\/\/www.reunion68.se\/index.php?rest_route=%2Fwp%2Fv2%2Fcomments&post=107275"}],"version-history":[{"count":6,"href":"https:\/\/www.reunion68.se\/index.php?rest_route=\/wp\/v2\/posts\/107275\/revisions"}],"predecessor-version":[{"id":107291,"href":"https:\/\/www.reunion68.se\/index.php?rest_route=\/wp\/v2\/posts\/107275\/revisions\/107291"}],"wp:attachment":[{"href":"https:\/\/www.reunion68.se\/index.php?rest_route=%2Fwp%2Fv2%2Fmedia&parent=107275"}],"wp:term":[{"taxonomy":"category","embeddable":true,"href":"https:\/\/www.reunion68.se\/index.php?rest_route=%2Fwp%2Fv2%2Fcategories&post=107275"},{"taxonomy":"post_tag","embeddable":true,"href":"https:\/\/www.reunion68.se\/index.php?rest_route=%2Fwp%2Fv2%2Ftags&post=107275"}],"curies":[{"name":"wp","href":"https:\/\/api.w.org\/{rel}","templated":true}]}}