{"id":107462,"date":"2024-01-09T18:00:24","date_gmt":"2024-01-09T16:00:24","guid":{"rendered":"http:\/\/www.reunion68.se\/?p=107462"},"modified":"2024-01-02T15:30:26","modified_gmt":"2024-01-02T13:30:26","slug":"09-05-97","status":"publish","type":"post","link":"https:\/\/www.reunion68.se\/?p=107462","title":{"rendered":"\u2018You Have to Ignore the Allegations\u2019: Roger Waters Defiant After Documentary Exposes History of Antisemitic Comments"},"content":{"rendered":"<h5 style=\"text-align: center;\"><a href=\"https:\/\/www.algemeiner.com\/\" target=\"_blank\" rel=\"noopener noreferrer\"><img decoding=\"async\" class=\"center alignleft\" src=\"http:\/\/www.reunion68.com\/Biuletyn\/img\/algem.png\" alt=\"\" width=\"35%\"><\/a><span style=\"text-decoration: underline; color: #000080;\"><strong><a style=\"color: #000080; text-decoration: underline;\" href=\"https:\/\/www.algemeiner.com\/2023\/09\/29\/you-have-ignore-allegations-roger-waters-defiant-after-documentary-exposes-history-antisemitic-comments\/\" target=\"_blank\" rel=\"noopener noreferrer\">\u2018You Have to Ignore the Allegations\u2019: Roger Waters Defiant After Documentary Exposes History of Antisemitic Comments<\/a><\/strong><\/span><\/h5>\n<p style=\"text-align: center;\"><span style=\"color: #000000;\"><strong>Ben Cohen<\/strong><\/span><\/p>\n<hr style=\"height: 15px; background: #d0e6fa; width: 100%;\">\n<p style=\"text-align: center;\"><img decoding=\"async\" class=\"aligncenter\" src=\"https:\/\/www.lehighvalleylive.com\/resizer\/R2HOUgPoj1hAdOn6CV_25UZZJkc=\/1280x0\/smart\/cloudfront-us-east-1.images.arcpublishing.com\/advancelocal\/2SX5Y22KXBFVTALTZIJLQA2PXA.jpg\" width=\"100%\"><span style=\"color: #808080;\"><em>Roger Waters is playing all over the world on his upcoming &#8220;This Is Not A Drill Tour.&#8221;AP<\/em><\/span><\/p>\n<p style=\"text-align: left;\"><span style=\"color: #000080;\">Former Pink Floyd vocalist Roger Waters on Friday issued another full-throated denial of the accusation that he is antisemitic, one day after the release of a damning documentary in which close former colleagues of the musician detailed his&nbsp;<a style=\"color: #000080;\" href=\"https:\/\/www.algemeiner.com\/2023\/09\/28\/take-away-this-jew-food-new-documentary-exposes-roger-waters-antisemitic-barbs\/\" target=\"_blank\" rel=\"noopener noreferrer\">record of antisemitic barbs<\/a>.<\/span><\/p>\n<p style=\"text-align: left;\"><span style=\"color: #000080;\">In a black-and-white video posted to the X\/Twitter social media platform, Waters answered a series of questions posed by his fans. One fan, Tamara Saif \u2014 whose last name was mispronounced by Waters as \u201cSalf\u201d \u2014 asked him about his recent experience in Germany, where his five city tour earlier this year was&nbsp;<a style=\"color: #000080;\" href=\"https:\/\/www.algemeiner.com\/2023\/03\/22\/unbearable-roger-waters-concert-in-munich-to-go-ahead-despite-fears-of-antisemitism\/\" target=\"_blank\" rel=\"noopener noreferrer\">met with protests<\/a>&nbsp;from the German Jewish community as well as politicians across the spectrum.<\/span><\/p>\n<p style=\"text-align: left;\"><span style=\"color: #000080;\">Waters then read out Saif\u2019s comment that the allegations of antisemitism he has faced are \u201csenseless,\u201d as he had \u201cmerely been standing up to colonialism.\u201d<\/span><\/p>\n<p style=\"text-align: left;\"><span style=\"color: #000080;\">\u201cOoh, Tamara, I\u2019m beginning to love you, babe,\u201d Waters gushed.<\/span><\/p>\n<div id=\"post_content\">\n<p style=\"text-align: left;\"><span style=\"color: #000080;\">Responding to Saif\u2019s request for advice as a Palestinian in Germany who \u201cwants to fight for the rights of her people without facing such allegations,\u201d Waters answered, \u201cyou have to ignore the allegations, Palestinian or not.\u201d<\/span><\/p>\n<p style=\"text-align: left;\"><span style=\"color: #000080;\">Waters claimed that he knew \u201cIsraelis in Germany who stand up for Palestinian rights,\u201d going on to charge that they had been \u201cattacked\u201d by the German police as a result.<\/span><\/p>\n<p style=\"text-align: left;\"><span style=\"color: #000080;\">\u201cYou\u2019re not allowed to gather together in public if you\u2019re in the BDS [the boycott, divestment, and sanctions movement targeting Israel],\u201d Waters asserted. He alleged that German law gave the police \u201ca free hand to throw tear gas at you and beat you over the head with a baton if you gather in the street with a Palestinian flag to complain about the apartheid state of the occupation in Palestine.\u201d<\/span><\/p>\n<p style=\"text-align: left;\"><span style=\"color: #000080;\">Waters did not cite any examples of where such police brutality against BDS supporters occurred. While the Bundestag, Germany\u2019s parliament, passed a resolution with cross-party support in May 2019 branding the BDS movement as \u201cantisemitic,\u201d elements of the judiciary have declined to prevent pro-BDS events from being staged on the grounds of freedom of speech. Indeed, Waters\u2019 own concert tour this year benefited from this approach when an attempt to cancel his appearance in Frankfurt was&nbsp;<a style=\"color: #000080;\" href=\"https:\/\/www.algemeiner.com\/2023\/04\/24\/antisemitic-roger-waters-concert-in-frankfurt-may-now-go-ahead-german-court-rules\/\" target=\"_blank\" rel=\"noopener noreferrer\">overturned on appeal<\/a>.<\/span><\/p>\n<p style=\"text-align: left;\"><span style=\"color: #000080;\">More broadly, antisemitic offenses have risen markedly in Germany over the last decade, with at least five incidents reported on a daily basis. Many experts believe the true number is&nbsp;<a style=\"color: #000080;\" href=\"https:\/\/www.algemeiner.com\/2023\/06\/06\/the-real-number-of-antisemitic-incidents-is-five-times-what-is-reported-federal-commissioner-felix-klein-on-combating-jew-hatred-in-germany\/\" target=\"_blank\" rel=\"noopener noreferrer\">five times higher<\/a>.<\/span><\/p>\n<p style=\"text-align: left;\"><span style=\"color: #000080;\">Waters urged Saif to \u201cjust keep doing what you\u2019re doing.\u201d<\/span><\/p>\n<p style=\"text-align: left;\"><span style=\"color: #000080;\">He continued: \u201cThat\u2019s all you can do, don\u2019t give in.\u201d<\/span><\/p>\n<p style=\"text-align: left;\"><span style=\"color: #000080;\">The documentary released on Thursday \u2014 titled \u201cThe Dark Side of Roger Waters\u201d \u2014 features extensive interviews with legendary producer Bob Ezrin and saxophonist Norbert Statchel, both of whom are Jewish, in which they recalled several occasions when Waters uttered antisemitic remarks. Waters has always taken offense at the suggestion that his stridently anti-Zionist views are rooted in a personal antipathy towards Jews.<\/span><\/p>\n<p style=\"text-align: left;\"><span style=\"color: #000080;\">Among the several incidents related by Ezrin was one concerning an impromptu song that Waters wrote about Bryan Morrison, Pink Floyd\u2019s Jewish agent. \u201cI can\u2019t remember the exact circumstance, but something like, you know \u2026 the last line of the couplet was \u2018cos Morrie is a f\u2013king Jew,&#8217;\u201d Ezrin said. \u201cIt was my first inclination that there may be some antisemitism under the surface.\u201d<\/span><\/p>\n<p style=\"text-align: left;\"><span style=\"color: #000080;\">Statchel said that when he told Waters that his family were Ashkenazi Jews and that most of his father\u2019s relatives had been murdered during the Holocaust, the singer offered to introduce him to \u201cyour dead grandmother,\u201d launching into a hackneyed imitation of how he imagined a Polish Jewish woman might speak. On another occasion, Statchel said, Waters objected to a procession of vegetarian dishes served during a dinner at a Lebanese restaurant by denouncing the meal as \u201cJew food\u201d and demanding that the servers remove it from the table.<\/span><\/p>\n<p style=\"text-align: left;\"><span style=\"color: #000080;\">The UK-based Campaign Against Antisemitism (CAA), which produced the documentary, has launched a petition calling on London\u2019s Palladium venue \u2014 owned by the famous British composer Andrew Lloyd Webber \u2014 to refrain from hosting two concerts by Waters on Oct. 8 and 9.<\/span><\/p>\n<\/div>\n<hr style=\"height: 15px; background: #d0e6fa; width: 100%;\">\n<div id=\"content\" class=\"content-alignment\">\n<div id=\"watch-description\" class=\"yt-uix-button-panel\">\n<div id=\"watch-description-text\" style=\"text-align: center;\">\n<p><em>Zawarto\u015b\u0107 publikowanych artyku\u0142\u00f3w i materia\u0142\u00f3w nie reprezentuje pogl\u0105d\u00f3w ani opinii Reunion&#8217;68,<\/em><em><br \/>\nani te\u017c webmastera Blogu Reunion&#8217;68, chyba ze jest to wyra\u017anie zaznaczone.<br \/>\nTwoje uwagi, linki, w\u0142asne artyku\u0142y lub wiadomo\u015bci prze\u015blij na adres:<br \/>\n<\/em><span style=\"color: #000080;\"><strong><em><a style=\"color: #000080;\" href=\"mailto:webmaster@reunion68.com\"><span style=\"text-decoration: underline;\">webmaster@reunion68.com<\/span><\/a><\/em><\/strong><\/span><\/p>\n<\/div>\n<\/div>\n<\/div>\n<hr style=\"width: 100%;\">\n","protected":false},"excerpt":{"rendered":"<p>\u2018You Have to Ignore the Allegations\u2019: Roger Waters Defiant After Documentary Exposes History of Antisemitic Comments Ben Cohen Roger Waters is playing all over the world on his upcoming &#8220;This Is Not A Drill Tour.&#8221;AP Former Pink Floyd vocalist Roger Waters on Friday issued another full-throated denial of the accusation that he is antisemitic, one [&hellip;]<\/p>\n","protected":false},"author":1,"featured_media":0,"comment_status":"closed","ping_status":"closed","sticky":false,"template":"","format":"standard","meta":[],"categories":[6],"tags":[26,24],"_links":{"self":[{"href":"https:\/\/www.reunion68.se\/index.php?rest_route=\/wp\/v2\/posts\/107462"}],"collection":[{"href":"https:\/\/www.reunion68.se\/index.php?rest_route=\/wp\/v2\/posts"}],"about":[{"href":"https:\/\/www.reunion68.se\/index.php?rest_route=\/wp\/v2\/types\/post"}],"author":[{"embeddable":true,"href":"https:\/\/www.reunion68.se\/index.php?rest_route=\/wp\/v2\/users\/1"}],"replies":[{"embeddable":true,"href":"https:\/\/www.reunion68.se\/index.php?rest_route=%2Fwp%2Fv2%2Fcomments&post=107462"}],"version-history":[{"count":8,"href":"https:\/\/www.reunion68.se\/index.php?rest_route=\/wp\/v2\/posts\/107462\/revisions"}],"predecessor-version":[{"id":107510,"href":"https:\/\/www.reunion68.se\/index.php?rest_route=\/wp\/v2\/posts\/107462\/revisions\/107510"}],"wp:attachment":[{"href":"https:\/\/www.reunion68.se\/index.php?rest_route=%2Fwp%2Fv2%2Fmedia&parent=107462"}],"wp:term":[{"taxonomy":"category","embeddable":true,"href":"https:\/\/www.reunion68.se\/index.php?rest_route=%2Fwp%2Fv2%2Fcategories&post=107462"},{"taxonomy":"post_tag","embeddable":true,"href":"https:\/\/www.reunion68.se\/index.php?rest_route=%2Fwp%2Fv2%2Ftags&post=107462"}],"curies":[{"name":"wp","href":"https:\/\/api.w.org\/{rel}","templated":true}]}}