{"id":107567,"date":"2023-10-05T17:09:06","date_gmt":"2023-10-05T15:09:06","guid":{"rendered":"http:\/\/www.reunion68.se\/?p=107567"},"modified":"2023-10-05T06:59:01","modified_gmt":"2023-10-05T04:59:01","slug":"14-09-86","status":"publish","type":"post","link":"https:\/\/www.reunion68.se\/?p=107567","title":{"rendered":"Holenderski minister, kt\u00f3ry finansowa\u0142 palesty\u0144ski terror, przemawia podczas obchod\u00f3w Nocy Kryszta\u0142owej"},"content":{"rendered":"<p style=\"text-align: center;\"><img decoding=\"async\" class=\"aligncenter\" src=\"https:\/\/cdn.jns.org\/uploads\/2023\/10\/shutterstock_2107926329-1320x880.jpg\" width=\"100%\" \/><span style=\"color: #808080;\"><em>Holenderska minister finans\u00f3w Sigrid Kaag przemawia przed spotkaniem ministr\u00f3w finans\u00f3w Eurogrupy w Brukseli, Belgia, 17 stycznia 2022 r. Zdj\u0119cie: Alexandros Michailidis\/Shutterstock.<\/em><\/span><\/p>\n<hr \/>\n<h5 style=\"text-align: center;\"><a href=\"https:\/\/www.jns.org\/\" target=\"_blank\" rel=\"noopener noreferrer\"><img decoding=\"async\" class=\"center alignleft\" src=\"http:\/\/www.reunion68.com\/Biuletyn\/img\/jns-1.png\" alt=\"\" width=\"35%\" \/><\/a><span style=\"text-decoration: underline; color: #000080;\"><strong><a style=\"color: #000080; text-decoration: underline;\" href=\"https:\/\/www.jns.org\/dutch-minister-who-financed-palestinian-terror-to-speak-at-kristallnacht-commemoration\/\" target=\"_blank\" rel=\"noopener noreferrer\">Holenderski minister, kt\u00f3ry finansowa\u0142 palesty\u0144ski terror, przemawia podczas obchod\u00f3w Nocy Kryszta\u0142owej<\/a><\/strong><\/span><\/h5>\n<p style=\"text-align: center;\"><span style=\"color: #000000;\"><strong>AKIVA VAN KONINGSVELD <\/strong><br \/>\nT\u0142umaczenie: &#8220;google.com&#8221;<\/span><\/p>\n<hr style=\"height: 15px; background: #d0e6fa; width: 100%;\" \/>\n<h4 style=\"text-align: center;\"><span style=\"color: #808080;\"><strong>Holenderska minister finans\u00f3w Sigrid Kaag, kt\u00f3ra jest \u017con\u0105 by\u0142ego palesty\u0144skiego urz\u0119dnika, wys\u0142a\u0142a miliony na rzecz palesty\u0144skiej organizacji pozarz\u0105dowej powi\u0105zanej z terroryzmem.<\/strong><br \/>\n<\/span><\/h4>\n<p>.<br \/>\n<span style=\"color: #000080;\">Przyw\u00f3dcy gmin \u017cydowskich w Holandii stoj\u0105 przed trudnymi pytaniami po zaproszeniu na doroczne obchody Nocy Kryszta\u0142owej ministra rz\u0105du, kt\u00f3ry wys\u0142a\u0142 miliony euro palesty\u0144skiej organizacji non-profit powi\u0105zanej z terroryzmem.<\/span><\/p>\n<p><span style=\"color: #000080;\">Holenderska minister finans\u00f3w Sigrid Kaag, kt\u00f3ra wcze\u015bniej pe\u0142ni\u0142a funkcj\u0119 ministra spraw zagranicznych i wsp\u00f3\u0142pracy rozwojowej europejskiego kraju, przyzna\u0142a w 2020 r. przed parlamentem, \u017ce jej ministerstwo wyp\u0142aci\u0142o cz\u0119\u015b\u0107 pensji dw\u00f3m terrorystom zamieszanym w morderstwo izraelskiego nastolatka.<\/span><\/p>\n<p><span style=\"color: #000080;\">Rina Shnerb (17 l.) zgin\u0119\u0142a, a jej ojciec i brat zostali ci\u0119\u017cko ranni w zamachu bombowym w sierpniu 2019 r. w pobli\u017cu gminy Dolev w Samarii.<\/span><\/p>\n<p><span style=\"color: #000080;\">Terrory\u015bci zamieszani w atak, Samer Arbid i Abdul Razeq Farraj, byli zatrudnieni przez Zwi\u0105zek Komitet\u00f3w Pracy Rolnej (UAWC), kt\u00f3ry ma bliskie powi\u0105zania z grup\u0105 terrorystyczn\u0105 Ludowy Front Wyzwolenia Palestyny.<\/span><\/p>\n<p><span style=\"color: #000080;\">Ignoruj\u0105c wielokrotne ostrze\u017cenia izraelskich grup nadzoruj\u0105cych, Kaag, kt\u00f3ry jest \u017conaty z Anisem al-Qaqiem, by\u0142ym wiceministrem Autonomii Palesty\u0144skiej i ambasadorem OWP, w dalszym ci\u0105gu wspiera\u0142 UAWC, przekazuj\u0105c oko\u0142o 11,7 mln euro (prawie 12,3 mln dolar\u00f3w) w latach 2017\u20132020.<\/span><\/p>\n<p><span style=\"color: #000080;\">Na domiar z\u0142ego Kaag zosta\u0142a przy\u0142apana na k\u0142amstwie, gdy w wywiadzie stwierdzi\u0142a, \u017ce ambasador Holandii odwiedzi\u0142 pogr\u0105\u017con\u0105 w \u017ca\u0142obie rodzin\u0119. W rzeczywisto\u015bci ambasador nigdy nie skontaktowa\u0142 si\u0119 z Shnerbami i cho\u0107 ostatecznie zerwa\u0142 on stosunki z UAWC, Haga nie wyda\u0142a jeszcze oficjalnych przeprosin.<\/span><\/p>\n<p><span style=\"color: #000080;\">Niemniej jednak holenderscy przyw\u00f3dcy \u017cydowscy zaprosili Kaaga do przemawiania podczas przysz\u0142omiesi\u0119cznych obchod\u00f3w Nocy Kryszta\u0142owej wraz z przewodnicz\u0105cym Centralnej Rady \u017bydowskiej Chananem Hertzbergerem, ambasadorem USA w Holandii Shefali Razdanem Duggalem i ocala\u0142\u0105 z Auschwitz Mirjam Weitzner-Smuk.<\/span><\/p>\n<p><span style=\"color: #000080;\">\u201e\u017bycz\u0119 spo\u0142eczno\u015bci lepszych przyjaci\u00f3\u0142\u201d<\/span><\/p>\n<p><span style=\"color: #000080;\">Noc kryszta\u0142owa, zwana tak\u017ce \u201enoc\u0105 t\u0142uczonego szk\u0142a\u201d, by\u0142a masowym atakiem anty\u017cydowskim, kt\u00f3ry mia\u0142 miejsce w nocy z 9 na 10 listopada w Niemczech, Austrii i okupowanym przez Niemc\u00f3w regionie Czechos\u0142owacji. W ci\u0105gu 48 godzin nazi\u015bci zniszczyli synagogi, spl\u0105drowali i zdewastowali \u017cydowskie firmy, domy i cmentarze, zabijaj\u0105c \u017byd\u00f3w na miejscu.<\/span><\/p>\n<p><span style=\"color: #000080;\">W ekskluzywnym o\u015bwiadczeniu dla JNS rodzina Shnerb stwierdzi\u0142a, \u017ce \u201eoburzaj\u0105ce\u201d jest zaproszenie Kaaga do udzia\u0142u w jakimkolwiek wydarzeniu zwi\u0105zanym z Shoah.<\/span><\/p>\n<p><span style=\"color: #000080;\">\u201eKaag m\u00f3g\u0142 zdecydowa\u0107, czy finansowa\u0107 terroryst\u00f3w-zab\u00f3jc\u00f3w, kt\u00f3rzy podobnie jak nazi\u015bci pr\u00f3bowali mordowa\u0107 \u017byd\u00f3w tylko dlatego, \u017ce byli \u017bydami. Kaag zignorowa\u0142 wszystkie znaki ostrzegawcze i nalega\u0142 na finansowanie terroryst\u00f3w LFWP. Nast\u0119pnie terrory\u015bci zamordowali Rin\u0119\u201d \u2013 stwierdzi\u0142a rodzina.<\/span><\/p>\n<p><span style=\"color: #000080;\">\u201eJak mo\u017ce rzeczywi\u015bcie pot\u0119pia\u0107 dzia\u0142ania nazist\u00f3w, aktywnie wspieraj\u0105c terroryst\u00f3w morduj\u0105cych \u017byd\u00f3w?\u201d zako\u0144czy\u0142 o\u015bwiadczenie.<\/span><\/p>\n<p><span style=\"color: #000080;\">Sprzeciw wobec obecno\u015bci Kaaga na wydarzeniu 9 listopada rozpocz\u0105\u0142 we wtorek Geert Wilders, lider prawicowej Partii Wolno\u015bci (PVV). Wilders, zagorza\u0142y zwolennik Izraela, mieszka\u0142 w pa\u0144stwie \u017cydowskim i jest \u017conaty z by\u0142\u0105 w\u0119giersk\u0105 dyplomat\u0105 pochodzenia \u017cydowskiego.<\/span><\/p>\n<p><span style=\"color: #000080;\">\u201eKaag b\u0119dzie przemawia\u0142 podczas obchod\u00f3w Nocy Kryszta\u0142owej?\u201d \u2013 napisa\u0142 Wilders na Twitterze w po\u015bcie skierowanym do Centralnego Zarz\u0105du \u017bydowskiego. \u201eZosta\u0142a sfotografowana z terroryst\u0105 [Jaserem] Arafatem i finansowa\u0142a terroryst\u00f3w palesty\u0144skich. \u017bycz\u0119 spo\u0142eczno\u015bci \u017cydowskiej lepszych przyjaci\u00f3\u0142\u201d \u2013 doda\u0142.<\/span><\/p>\n<p><span style=\"color: #000080;\">Uderzenie Wildersa nawi\u0105za\u0142o do rodzinnego zdj\u0119cia z lat 90. XX wieku, na kt\u00f3rym Kaag, jej m\u0105\u017c i czw\u00f3rka dzieci pozowali z przewodnicz\u0105cym OWP. W tym czasie Kaag pracowa\u0142 dla Agencji ONZ ds. Pomocy i Pracy dla Uchod\u017ac\u00f3w Palestyny na Bliskim Wschodzie (UNRWA).<\/span><\/p>\n<p><span style=\"color: #000080;\">Tymczasem instytut badawczy NGO Monitor z siedzib\u0105 w Jerozolimie, kt\u00f3ry sta\u0142 na czele \u015bledztwa w sprawie holenderskiego wsparcia dla palesty\u0144skiego terroryzmu, stwierdzi\u0142, \u017ce Kaag \u201ema histori\u0119 wspierania kampanii dezinformacyjnych, kt\u00f3re demonizuj\u0105 Izrael poprzez fasad\u0119 praw cz\u0142owieka\u201d.<\/span><\/p>\n<p><span style=\"color: #000080;\">Prof. Gerald Steinberg, za\u0142o\u017cyciel i prezes organizacji pozarz\u0105dowej Monitor, powiedzia\u0142 w \u015brod\u0119 JNS, \u017ce chocia\u017c holenderska spo\u0142eczno\u015b\u0107 \u017cydowska mog\u0142a zaprasza\u0107 na to wydarzenie, kogo chcia\u0142a, wyb\u00f3r Kaaga by\u0142 \u201etrudny do zrozumienia\u201d.<\/span><\/p>\n<p><span style=\"color: #000080;\">\u201eJako minister rozwoju zignorowa\u0142a raporty z bada\u0144 NGO Monitor dotycz\u0105ce finansowania sieci palesty\u0144skich organizacji pozarz\u0105dowych powi\u0105zanych z terroryzmem. Niezale\u017cne \u015bledztwo zlecone przez parlament zweryfikowa\u0142o p\u00f3\u017aniej dowody wskazuj\u0105ce, \u017ce ministerstwo Kaaga wyp\u0142aci\u0142o pensj\u0119 organizacji pozarz\u0105dowej terrorystom LFWP, kt\u00f3rzy zamordowali\u2026 Rin\u0119 Shnerb, i dopiero wtedy zako\u0144czono finansowanie\u201d \u2013 doda\u0142.<\/span><\/p>\n<hr \/>\n<figure class=\"wp-block-embed is-type-rich is-provider-twitter wp-block-embed-twitter\">\n<div class=\"wp-block-embed__wrapper\">\n<div class=\"media-oembed-video\">\n<div class=\"twitter-tweet twitter-tweet-rendered\" style=\"display: flex; max-width: 550px; width: 100%; margin-top: 10px; margin-bottom: 10px;\"><iframe id=\"twitter-widget-0\" class=\"\" style=\"position: static; visibility: visible; width: 550px; height: 808px; display: block; flex-grow: 1;\" title=\"Twitter Tweet\" src=\"https:\/\/platform.twitter.com\/embed\/Tweet.html?dnt=true&amp;embedId=twitter-widget-0&amp;features=eyJ0ZndfdGltZWxpbmVfbGlzdCI6eyJidWNrZXQiOltdLCJ2ZXJzaW9uIjpudWxsfSwidGZ3X2ZvbGxvd2VyX2NvdW50X3N1bnNldCI6eyJidWNrZXQiOnRydWUsInZlcnNpb24iOm51bGx9LCJ0ZndfdHdlZXRfZWRpdF9iYWNrZW5kIjp7ImJ1Y2tldCI6Im9uIiwidmVyc2lvbiI6bnVsbH0sInRmd19yZWZzcmNfc2Vzc2lvbiI6eyJidWNrZXQiOiJvbiIsInZlcnNpb24iOm51bGx9LCJ0ZndfZm9zbnJfc29mdF9pbnRlcnZlbnRpb25zX2VuYWJsZWQiOnsiYnVja2V0Ijoib24iLCJ2ZXJzaW9uIjpudWxsfSwidGZ3X21peGVkX21lZGlhXzE1ODk3Ijp7ImJ1Y2tldCI6InRyZWF0bWVudCIsInZlcnNpb24iOm51bGx9LCJ0ZndfZXhwZXJpbWVudHNfY29va2llX2V4cGlyYXRpb24iOnsiYnVja2V0IjoxMjA5NjAwLCJ2ZXJzaW9uIjpudWxsfSwidGZ3X3Nob3dfYmlyZHdhdGNoX3Bpdm90c19lbmFibGVkIjp7ImJ1Y2tldCI6Im9uIiwidmVyc2lvbiI6bnVsbH0sInRmd19kdXBsaWNhdGVfc2NyaWJlc190b19zZXR0aW5ncyI6eyJidWNrZXQiOiJvbiIsInZlcnNpb24iOm51bGx9LCJ0ZndfdXNlX3Byb2ZpbGVfaW1hZ2Vfc2hhcGVfZW5hYmxlZCI6eyJidWNrZXQiOiJvbiIsInZlcnNpb24iOm51bGx9LCJ0ZndfdmlkZW9faGxzX2R5bmFtaWNfbWFuaWZlc3RzXzE1MDgyIjp7ImJ1Y2tldCI6InRydWVfYml0cmF0ZSIsInZlcnNpb24iOm51bGx9LCJ0ZndfbGVnYWN5X3RpbWVsaW5lX3N1bnNldCI6eyJidWNrZXQiOnRydWUsInZlcnNpb24iOm51bGx9LCJ0ZndfdHdlZXRfZWRpdF9mcm9udGVuZCI6eyJidWNrZXQiOiJvbiIsInZlcnNpb24iOm51bGx9fQ%3D%3D&amp;frame=false&amp;hideCard=false&amp;hideThread=false&amp;id=1709475867695477193&amp;lang=en&amp;origin=https%3A%2F%2Fwww.jns.org%2Fdutch-minister-who-financed-palestinian-terror-to-speak-at-kristallnacht-commemoration%2F&amp;sessionId=cf788ad6391fcd1325aab0a8078e4b386b9e13e5&amp;theme=light&amp;widgetsVersion=7e31f10ca29dc%3A1696453545681&amp;width=550px\" frameborder=\"0\" scrolling=\"no\" allowfullscreen=\"allowfullscreen\" data-tweet-id=\"1709475867695477193\"><\/iframe><\/div>\n<div><\/div>\n<\/div>\n<\/div>\n<\/figure>\n<hr \/>\n<p style=\"text-align: left;\"><span style=\"color: #000080;\">The Central Jewish Board of the Netherlands, which was founded in 1997 and counts among its member organizations some of the country\u2019s most prominent Jewish religious and pro-Israel interest groups, claims to \u201crepresent the interests of the Jewish community with the government and in society.\u201d<\/span><\/p>\n<p style=\"text-align: left;\"><span style=\"color: #000080;\">Central Jewish Board chairman Hertzberger did not respond to multiple JNS queries for comment.<\/span><\/p>\n<hr style=\"height: 15px; background: #d0e6fa; width: 100%;\" \/>\n<div id=\"content\" class=\"content-alignment\">\n<div id=\"watch-description\" class=\"yt-uix-button-panel\">\n<div id=\"watch-description-text\" style=\"text-align: center;\">\n<p><em>Zawarto\u015b\u0107 publikowanych artyku\u0142\u00f3w i materia\u0142\u00f3w nie reprezentuje pogl\u0105d\u00f3w ani opinii Reunion&#8217;68,<\/em><em><br \/>\nani te\u017c webmastera Blogu Reunion&#8217;68, chyba ze jest to wyra\u017anie zaznaczone.<br \/>\nTwoje uwagi, linki, w\u0142asne artyku\u0142y lub wiadomo\u015bci prze\u015blij na adres:<br \/>\n<\/em><span style=\"color: #000080;\"><strong><em><a style=\"color: #000080;\" href=\"mailto:webmaster@reunion68.com\"><span style=\"text-decoration: underline;\">webmaster@reunion68.com<\/span><\/a><\/em><\/strong><\/span><\/p>\n<\/div>\n<\/div>\n<\/div>\n<hr style=\"width: 100%;\" \/>\n","protected":false},"excerpt":{"rendered":"<p>Holenderska minister finans\u00f3w Sigrid Kaag przemawia przed spotkaniem ministr\u00f3w finans\u00f3w Eurogrupy w Brukseli, Belgia, 17 stycznia 2022 r. Zdj\u0119cie: Alexandros Michailidis\/Shutterstock. Holenderski minister, kt\u00f3ry finansowa\u0142 palesty\u0144ski terror, przemawia podczas obchod\u00f3w Nocy Kryszta\u0142owej AKIVA VAN KONINGSVELD T\u0142umaczenie: &#8220;google.com&#8221; Holenderska minister finans\u00f3w Sigrid Kaag, kt\u00f3ra jest \u017con\u0105 by\u0142ego palesty\u0144skiego urz\u0119dnika, wys\u0142a\u0142a miliony na rzecz palesty\u0144skiej organizacji pozarz\u0105dowej [&hellip;]<\/p>\n","protected":false},"author":1,"featured_media":0,"comment_status":"closed","ping_status":"closed","sticky":false,"template":"","format":"standard","meta":[],"categories":[6],"tags":[26,24],"_links":{"self":[{"href":"https:\/\/www.reunion68.se\/index.php?rest_route=\/wp\/v2\/posts\/107567"}],"collection":[{"href":"https:\/\/www.reunion68.se\/index.php?rest_route=\/wp\/v2\/posts"}],"about":[{"href":"https:\/\/www.reunion68.se\/index.php?rest_route=\/wp\/v2\/types\/post"}],"author":[{"embeddable":true,"href":"https:\/\/www.reunion68.se\/index.php?rest_route=\/wp\/v2\/users\/1"}],"replies":[{"embeddable":true,"href":"https:\/\/www.reunion68.se\/index.php?rest_route=%2Fwp%2Fv2%2Fcomments&post=107567"}],"version-history":[{"count":13,"href":"https:\/\/www.reunion68.se\/index.php?rest_route=\/wp\/v2\/posts\/107567\/revisions"}],"predecessor-version":[{"id":107584,"href":"https:\/\/www.reunion68.se\/index.php?rest_route=\/wp\/v2\/posts\/107567\/revisions\/107584"}],"wp:attachment":[{"href":"https:\/\/www.reunion68.se\/index.php?rest_route=%2Fwp%2Fv2%2Fmedia&parent=107567"}],"wp:term":[{"taxonomy":"category","embeddable":true,"href":"https:\/\/www.reunion68.se\/index.php?rest_route=%2Fwp%2Fv2%2Fcategories&post=107567"},{"taxonomy":"post_tag","embeddable":true,"href":"https:\/\/www.reunion68.se\/index.php?rest_route=%2Fwp%2Fv2%2Ftags&post=107567"}],"curies":[{"name":"wp","href":"https:\/\/api.w.org\/{rel}","templated":true}]}}