{"id":107603,"date":"2023-10-06T17:00:30","date_gmt":"2023-10-06T15:00:30","guid":{"rendered":"http:\/\/www.reunion68.se\/?p=107603"},"modified":"2023-10-06T09:12:36","modified_gmt":"2023-10-06T07:12:36","slug":"15-00-86","status":"publish","type":"post","link":"https:\/\/www.reunion68.se\/?p=107603","title":{"rendered":"\u2018A Lot of Anti-Israeli Feeling Is Antisemitism,\u2019 Says Writer of Golda Meir Film"},"content":{"rendered":"<h5 style=\"text-align: center;\"><a href=\"https:\/\/www.algemeiner.com\/\" target=\"_blank\" rel=\"noopener noreferrer\"><img decoding=\"async\" class=\"center alignleft\" src=\"http:\/\/www.reunion68.com\/Biuletyn\/img\/algem.png\" alt=\"\" width=\"35%\" \/><\/a><span style=\"text-decoration: underline; color: #000080;\"><span><strong><a style=\"color: #000080; text-decoration: underline;\" href=\"https:\/\/www.algemeiner.com\/2023\/10\/05\/a-lot-of-anti-israeli-feeling-is-antisemitism-says-writer-of-golda-meir-film\/\" target=\"_blank\" rel=\"noopener noreferrer\">\u2018A Lot of Anti-Israeli Feeling Is Antisemitism,\u2019 Says Writer of Golda Meir Film<\/a><\/strong><\/span><\/span><\/h5>\n<p style=\"text-align: center;\"><span style=\"color: #000000;\"><strong>Shiryn Ghermezian<\/strong><\/span><\/p>\n<hr style=\"height: 15px; background: #d0e6fa; width: 100%;\" \/>\n<p style=\"text-align: center;\"><img decoding=\"async\" class=\"aligncenter\" src=\"https:\/\/www.algemeiner.com\/wp-content\/uploads\/2023\/10\/Golda_20211122_00280-1.jpg\" width=\"100%\" \/><span style=\"color: #808080;\"><em>Helen Mirren in character as Golda Meir in a scene from the Bleecker Street\/ShivHans Pictures\u2019 film \u201cGolda.\u201d Photo: Sean Gleason, courtesy of Bleecker Street\/ShivHans Pictures<\/em><\/span><\/p>\n<p style=\"text-align: left;\"><span style=\"color: #000080;\">The screenwriter of the recently released film<em>\u00a0Golda,<\/em>\u00a0a biographical drama about former Israeli Prime Minister Golda Meir, said in a new interview that he hoped the movie would \u201chelp people understand\u201d Israel\u2019s history and provide some education to audience members who are critical of the Jewish state.<\/span><\/p>\n<p style=\"text-align: left;\"><span style=\"color: #000080;\">\u201cThere is antisemitism and there is anti-Israeli feeling, and the two crossover,\u201d Academy Award-nominated screenwriter Nicholas Martin told Yahoo UK. \u201cIf the truth is told, I think that a lot of anti-Israeli feeling is antisemitism in disguise.\u201d<\/span><\/p>\n<p style=\"text-align: left;\"><span style=\"color: #000080;\">\u201cWhen people are talking about Israel, they usually don\u2019t know what they\u2019re talking about, and they have no sense of the complexity and the nuances of Israel\u2019s history,\u201d Martin continued. \u201cIf we are ever going to diffuse this tremendous problem, this tremendous hatred felt between these two communities, the only way it will be done will be through learning and education.\u201d<\/span><\/p>\n<p style=\"text-align: left;\"><span style=\"color: #000080;\"><em>Golda<\/em>, directed by Israeli filmmaker Guy Nattiv, stars British actress Dame Helen Mirren as Meir and focuses on the late prime minister\u2019s time in office during the Yom Kippur War in October 1973, when she was forced to make hard-pressing decisions for her country.<\/span><\/p>\n<p style=\"text-align: left;\"><span style=\"color: #000080;\">Martin said\u00a0<em>Golda<\/em>\u00a0is the first film about Israel in the English language that is \u201caccurate\u201d in its portrayal of the country. He added that he hoped the movie would be \u201cuseful\u201d for audiences and shed a new light on Meir, who received criticism for some of her decisions during the Yom Kippur War.<\/span><\/p>\n<p style=\"text-align: left;\"><span style=\"color: #000080;\">\u201cI\u2019ve had very, very positive feedback from Israeli historians who have been saying that they felt that the movie was very accurate,\u201d he noted. \u201cSo I think we have changed the narrative, or certainly moved the narrative on with regards to Golda, and that\u2019s been very gratifying. And it\u2019s been very gratifying for her family who have always felt that. Her grandsons have always felt that their grandmother\u2019s reputation needed rescuing, and I think we\u2019re on the way to doing that.\u201d<\/span><\/p>\n<p style=\"text-align: left;\"><span style=\"color: #000080;\">Meir died in December 1978 at the age of 80 from lymphoma.<\/span><\/p>\n<p style=\"text-align: left;\"><span style=\"color: #000080;\">When Mirren was first cast to play Israel\u2019s first and only female prime minister in\u00a0<em>Golda,<\/em>\u00a0<a style=\"color: #000080;\" href=\"https:\/\/www.algemeiner.com\/2022\/01\/12\/british-writer-david-baddiel-questions-casting-non-jews-in-jewish-roles-amid-helen-mirren-debate\/\" target=\"_blank\" rel=\"noopener noreferrer\">criticism<\/a>\u00a0piled up about the casting of a non-Jewish actress to play an iconic figure in Israel\u2019s history. The film\u2019s director\u00a0<a style=\"color: #000080;\" href=\"https:\/\/www.algemeiner.com\/2023\/02\/21\/director-of-golda-meir-film-defends-decision-to-cast-non-jewish-actress-helen-mirren-in-lead-role\/\" target=\"_blank\" rel=\"noopener noreferrer\">defended the decision<\/a>\u00a0ahead of the film\u2019s world premiere at the Berlin Film Festival in February.<\/span><\/p>\n<p style=\"text-align: left;\"><span style=\"color: #000080;\">Martin also weighed in on the issue, telling Yahoo UK: \u201cI don\u2019t think that argument that only Jewish people should play Jews holds water.\u201d<\/span><\/p>\n<p style=\"text-align: left;\"><span style=\"color: #000080;\">\u201cI just think if someone has done a really, really good job, that\u2019s all that matters. I\u2019m only really interested in talent, I\u2019m not interested in people\u2019s identity,\u201d he explained. \u201cThe fact she\u2019s not Jewish, did that stop her from inhabiting this character? I don\u2019t think so, her family don\u2019t think so, and the audience don\u2019t think so.\u201d<\/span><\/p>\n<hr style=\"height: 15px; background: #d0e6fa; width: 100%;\" \/>\n<div id=\"content\" class=\"content-alignment\">\n<div id=\"watch-description\" class=\"yt-uix-button-panel\">\n<div id=\"watch-description-text\" style=\"text-align: center;\">\n<p><em>Zawarto\u015b\u0107 publikowanych artyku\u0142\u00f3w i materia\u0142\u00f3w nie reprezentuje pogl\u0105d\u00f3w ani opinii Reunion&#8217;68,<\/em><em><br \/>\nani te\u017c webmastera Blogu Reunion&#8217;68, chyba ze jest to wyra\u017anie zaznaczone.<br \/>\nTwoje uwagi, linki, w\u0142asne artyku\u0142y lub wiadomo\u015bci prze\u015blij na adres:<br \/>\n<\/em><span style=\"color: #000080;\"><strong><em><a style=\"color: #000080;\" href=\"mailto:webmaster@reunion68.com\"><span style=\"text-decoration: underline;\">webmaster@reunion68.com<\/span><\/a><\/em><\/strong><\/span><\/p>\n<\/div>\n<\/div>\n<\/div>\n<hr style=\"width: 100%;\" \/>\n","protected":false},"excerpt":{"rendered":"<p>\u2018A Lot of Anti-Israeli Feeling Is Antisemitism,\u2019 Says Writer of Golda Meir Film Shiryn Ghermezian Helen Mirren in character as Golda Meir in a scene from the Bleecker Street\/ShivHans Pictures\u2019 film \u201cGolda.\u201d Photo: Sean Gleason, courtesy of Bleecker Street\/ShivHans Pictures The screenwriter of the recently released film\u00a0Golda,\u00a0a biographical drama about former Israeli Prime Minister Golda [&hellip;]<\/p>\n","protected":false},"author":1,"featured_media":0,"comment_status":"closed","ping_status":"closed","sticky":false,"template":"","format":"standard","meta":[],"categories":[6],"tags":[26,24],"_links":{"self":[{"href":"https:\/\/www.reunion68.se\/index.php?rest_route=\/wp\/v2\/posts\/107603"}],"collection":[{"href":"https:\/\/www.reunion68.se\/index.php?rest_route=\/wp\/v2\/posts"}],"about":[{"href":"https:\/\/www.reunion68.se\/index.php?rest_route=\/wp\/v2\/types\/post"}],"author":[{"embeddable":true,"href":"https:\/\/www.reunion68.se\/index.php?rest_route=\/wp\/v2\/users\/1"}],"replies":[{"embeddable":true,"href":"https:\/\/www.reunion68.se\/index.php?rest_route=%2Fwp%2Fv2%2Fcomments&post=107603"}],"version-history":[{"count":4,"href":"https:\/\/www.reunion68.se\/index.php?rest_route=\/wp\/v2\/posts\/107603\/revisions"}],"predecessor-version":[{"id":107627,"href":"https:\/\/www.reunion68.se\/index.php?rest_route=\/wp\/v2\/posts\/107603\/revisions\/107627"}],"wp:attachment":[{"href":"https:\/\/www.reunion68.se\/index.php?rest_route=%2Fwp%2Fv2%2Fmedia&parent=107603"}],"wp:term":[{"taxonomy":"category","embeddable":true,"href":"https:\/\/www.reunion68.se\/index.php?rest_route=%2Fwp%2Fv2%2Fcategories&post=107603"},{"taxonomy":"post_tag","embeddable":true,"href":"https:\/\/www.reunion68.se\/index.php?rest_route=%2Fwp%2Fv2%2Ftags&post=107603"}],"curies":[{"name":"wp","href":"https:\/\/api.w.org\/{rel}","templated":true}]}}