{"id":107675,"date":"2023-10-09T17:05:51","date_gmt":"2023-10-09T15:05:51","guid":{"rendered":"http:\/\/www.reunion68.se\/?p=107675"},"modified":"2023-10-09T10:28:07","modified_gmt":"2023-10-09T08:28:07","slug":"18-05-85","status":"publish","type":"post","link":"https:\/\/www.reunion68.se\/?p=107675","title":{"rendered":"Pro-Palestinian protesters blame Israel for Hamas terror attack in &#8216;repugnant&#8217; demonstrations"},"content":{"rendered":"<h5 style=\"text-align: center;\"><a href=\"https:\/\/www.foxnews.com\/\" target=\"_blank\" rel=\"noopener noreferrer\"><img decoding=\"async\" class=\"center alignleft\" src=\"http:\/\/www.reunion68.com\/Biuletyn\/img\/foxnews.png\" alt=\"\" width=\"15%\" \/><\/a><span style=\"text-decoration: underline; color: #000080;\"><strong><a style=\"color: #000080; text-decoration: underline;\" href=\"https:\/\/www.foxnews.com\/us\/pro-palestinian-protesters-blame-israel-hamas-terror-attack-repugnant-demonstrations\" target=\"_blank\" rel=\"noopener noreferrer\">Pro-Palestinian protesters blame Israel for Hamas terror attack in &#8216;repugnant&#8217; demonstrations<\/a><\/strong><\/span><\/h5>\n<p style=\"text-align: center;\"><span style=\"color: #000000;\"><strong>Peter Aitken<\/strong><\/span><\/p>\n<hr style=\"height: 15px; background: #d0e6fa; width: 100%;\" \/>\n<h4 style=\"text-align: center;\"><span style=\"color: #808080;\"><strong>Pro Palestinian protest in NYC after Hamas terrorist attack.<\/strong><\/span><\/h4>\n<p style=\"text-align: center;\"><img decoding=\"async\" class=\"aligncenter\" src=\"https:\/\/cf-images.us-east-1.prod.boltdns.net\/v1\/static\/694940094001\/370d05dc-6ef7-4e5c-bf27-6f644439635e\/209cd155-31ee-422a-9308-1f10933d2964\/1280x720\/match\/image.jpg\" width=\"100%\" \/><span style=\"color: #808080;\"><em>Hundreds turned out to demonstrate against Israel after the Hamas terrorist attack over the weekend, blaming Israel for the attack and urging the U.S. to end its ties with Israel. (Peter Gerber for Fox News Digital)<\/em><\/span><\/p>\n<p style=\"text-align: left;\"><span style=\"color: #000080;\">Hundreds of protesters turned out in New York City on Sunday to support the Palestinians after an attack by Hamas on Israel over the weekend.<\/span><\/p>\n<p style=\"text-align: left;\"><span style=\"color: #000080;\">Hamas terrorists launched thousands of missiles at Israel and invaded towns along the Gaza border on Saturday, killing at least 700 people and wounding thousands more and prompting Israel to declare war against the Iran-backed group.<\/span><\/p>\n<p style=\"text-align: left;\"><span style=\"color: #000080;\">The protest, organized by the Democratic Socialists of America \u2013 a group that boasts six members of the U.S. House of Representatives, including members of &#8220;the Squad&#8221; \u2013 took place in Times Square and then advanced down 42nd Street to Bryant Park, close to the Israeli Consulate.<\/span><\/p>\n<p style=\"text-align: center;\"><img decoding=\"async\" class=\"aligncenter\" src=\"https:\/\/a57.foxnews.com\/static.foxnews.com\/foxnews.com\/content\/uploads\/2023\/10\/918\/516\/Pro-Pal-protest-3.jpg?ve=1&amp;tl=1\" width=\"100%\" \/><span style=\"color: #808080;\"><em>Democratic Socialists of America protest in solidarity with the Palestinians in New York City on Oct. 8, 2023. Per the NYPD, some 1,000 protesters attended the rally. (Peter Gerber for Fox News Digital)<\/em><\/span><\/p>\n<p style=\"text-align: left;\"><span style=\"color: #000080;\">The DSA laid the blame for the attack at Israel\u2019s feet, tweeting out as part of the announcement: &#8220;Today\u2019s events are a direct result of Israel\u2019s apartheid regime \u2013 a regime that receives billions in funding from the United States.&#8221;<\/span><\/p>\n<p style=\"text-align: left;\"><span style=\"color: #000080;\"><a style=\"color: #000080;\" href=\"https:\/\/twitter.com\/GovKathyHochul\/status\/1710860084337610953\" target=\"_blank\" rel=\"nofollow noopener noreferrer\">New York Gov. Kathy Hochul<\/a>\u00a0condemned the rally ahead of its start, saying that the &#8220;people of Israel are facing violent terrorist attacks and civilian kidnappings&#8221; and blasting the rally as &#8220;abhorrent and morally repugnant.&#8221;<\/span><\/p>\n<p style=\"text-align: center;\"><img decoding=\"async\" class=\"aligncenter\" src=\"https:\/\/a57.foxnews.com\/static.foxnews.com\/foxnews.com\/content\/uploads\/2023\/10\/918\/516\/GettyImages-1713469350.jpg?ve=1&amp;tl=1\" width=\"100%\" \/><span style=\"color: #808080;\"><em>People supporting Israel face off with pro-Palestinian supporters in Times Square during a demonstration in New York City on Oct. 8, 2023. (Adam Gray\/Getty Images)<\/em><\/span><\/p>\n<p style=\"text-align: left;\"><span style=\"color: #000080;\">Hundreds marched through the city\u2019s midtown area, with many chanting, &#8220;From the river to the sea, Palestine will be free&#8221; \u2013 a chant that the Anti-Defamation League notes can be understood as a call for the elimination of Israel. Hamas and the Popular Front for the Liberation of Palestine often use the chant as an anti-Israel rallying cry.<\/span><\/p>\n<p style=\"text-align: left;\"><span style=\"color: #000080;\">The protesters carried signs that called for an end to U.S. aid to Israel and argued that &#8220;Resistance is justified when people are occupied.&#8221;<\/span><\/p>\n<p style=\"text-align: center;\"><img decoding=\"async\" class=\"aligncenter\" src=\"https:\/\/a57.foxnews.com\/static.foxnews.com\/foxnews.com\/content\/uploads\/2023\/10\/918\/516\/Pro-Pal-protest-11.jpg?ve=1&amp;tl=1\" width=\"100%\" \/><span style=\"color: #808080;\"><em>Democratic Socialists of America protest in solidarity with the Palestinians in New York City on Oct. 8, 2023. Per the NYPD, some 1,000 protesters attended the rally. (Peter Gerber for Fox News Digital)<\/em><\/span><\/p>\n<p style=\"text-align: left;\"><span style=\"color: #000080;\">Police arrested some of the demonstrators, although it was unclear on what grounds they did so. Video showed police taking away a few individuals who did not resist arrest.<\/span><\/p>\n<p style=\"text-align: left;\"><span style=\"color: #000080;\">The protest prompted a counter-protest from Israel supporters, who police separated from the pro-Palestinian protesters with barriers and roads where possible. The opposing groups lined 42nd Street as they chanted at each other, at times hurling insults and yelling directly at the other side.<\/span><\/p>\n<hr style=\"height: 15px; background: #d0e6fa; width: 100%;\" \/>\n<div id=\"content\" class=\"content-alignment\">\n<div id=\"watch-description\" class=\"yt-uix-button-panel\">\n<div id=\"watch-description-text\" style=\"text-align: center;\">\n<p><em>Zawarto\u015b\u0107 publikowanych artyku\u0142\u00f3w i materia\u0142\u00f3w nie reprezentuje pogl\u0105d\u00f3w ani opinii Reunion&#8217;68,<\/em><em><br \/>\nani te\u017c webmastera Blogu Reunion&#8217;68, chyba ze jest to wyra\u017anie zaznaczone.<br \/>\nTwoje uwagi, linki, w\u0142asne artyku\u0142y lub wiadomo\u015bci prze\u015blij na adres:<br \/>\n<\/em><span style=\"color: #000080;\"><strong><em><a style=\"color: #000080;\" href=\"mailto:webmaster@reunion68.com\"><span style=\"text-decoration: underline;\">webmaster@reunion68.com<\/span><\/a><\/em><\/strong><\/span><\/p>\n<\/div>\n<\/div>\n<\/div>\n<hr style=\"width: 100%;\" \/>\n","protected":false},"excerpt":{"rendered":"<p>Pro-Palestinian protesters blame Israel for Hamas terror attack in &#8216;repugnant&#8217; demonstrations Peter Aitken Pro Palestinian protest in NYC after Hamas terrorist attack. Hundreds turned out to demonstrate against Israel after the Hamas terrorist attack over the weekend, blaming Israel for the attack and urging the U.S. to end its ties with Israel. (Peter Gerber for [&hellip;]<\/p>\n","protected":false},"author":1,"featured_media":0,"comment_status":"closed","ping_status":"closed","sticky":false,"template":"","format":"standard","meta":[],"categories":[6],"tags":[26,24],"_links":{"self":[{"href":"https:\/\/www.reunion68.se\/index.php?rest_route=\/wp\/v2\/posts\/107675"}],"collection":[{"href":"https:\/\/www.reunion68.se\/index.php?rest_route=\/wp\/v2\/posts"}],"about":[{"href":"https:\/\/www.reunion68.se\/index.php?rest_route=\/wp\/v2\/types\/post"}],"author":[{"embeddable":true,"href":"https:\/\/www.reunion68.se\/index.php?rest_route=\/wp\/v2\/users\/1"}],"replies":[{"embeddable":true,"href":"https:\/\/www.reunion68.se\/index.php?rest_route=%2Fwp%2Fv2%2Fcomments&post=107675"}],"version-history":[{"count":14,"href":"https:\/\/www.reunion68.se\/index.php?rest_route=\/wp\/v2\/posts\/107675\/revisions"}],"predecessor-version":[{"id":107704,"href":"https:\/\/www.reunion68.se\/index.php?rest_route=\/wp\/v2\/posts\/107675\/revisions\/107704"}],"wp:attachment":[{"href":"https:\/\/www.reunion68.se\/index.php?rest_route=%2Fwp%2Fv2%2Fmedia&parent=107675"}],"wp:term":[{"taxonomy":"category","embeddable":true,"href":"https:\/\/www.reunion68.se\/index.php?rest_route=%2Fwp%2Fv2%2Fcategories&post=107675"},{"taxonomy":"post_tag","embeddable":true,"href":"https:\/\/www.reunion68.se\/index.php?rest_route=%2Fwp%2Fv2%2Ftags&post=107675"}],"curies":[{"name":"wp","href":"https:\/\/api.w.org\/{rel}","templated":true}]}}