{"id":107709,"date":"2023-10-10T17:09:31","date_gmt":"2023-10-10T15:09:31","guid":{"rendered":"http:\/\/www.reunion68.se\/?p=107709"},"modified":"2023-10-10T10:23:45","modified_gmt":"2023-10-10T08:23:45","slug":"19-09-90","status":"publish","type":"post","link":"https:\/\/www.reunion68.se\/?p=107709","title":{"rendered":"W\u0142adze Ukrainy solidarne z Izraelem. Analitycy pisz\u0105 o powrocie &#8220;osi z\u0142a&#8221;"},"content":{"rendered":"<p style=\"text-align: center;\"><img decoding=\"async\" class=\"aligncenter\" src=\"https:\/\/bi.im-g.pl\/im\/7d\/e0\/1c\/z30280573AMP,Prezydent-Ukrainy-Wolodymyr-Zelenski--21-wrzesnia-.jpg\" width=\"100%\" \/><span style=\"color: #808080;\"><em>Prezydent Ukrainy Wo\u0142odymyr Ze\u0142enski, 21 wrze\u015bnia 2023 r. (Fot. Evan Vucci \/ AP Photo)<\/em><\/span><\/p>\n<hr \/>\n<h5 style=\"text-align: center;\"><a href=\"https:\/\/wyborcza.pl\/\" target=\"_blank\" rel=\"noopener noreferrer\"><img decoding=\"async\" class=\"center alignleft\" src=\"http:\/\/www.reunion68.com\/Biuletyn\/img\/wyborcza.png\" alt=\"\" width=\"35%\" \/><\/a><span style=\"text-decoration: underline; color: #000080;\"><strong><a style=\"color: #000080; text-decoration: underline;\" href=\"https:\/\/wyborcza.pl\/7,75399,30280496,wladze-ukrainy-solidarne-z-izraelem-analitycy-pisza-o-powrocie.html#commentsAnchor\" target=\"_blank\" rel=\"noopener noreferrer\">W\u0142adze Ukrainy solidarne z Izraelem. Analitycy pisz\u0105 o powrocie &#8220;osi z\u0142a&#8221;<\/a><\/strong><\/span><\/h5>\n<p style=\"text-align: center;\"><span style=\"color: #000000;\"><strong>Piotr Andrusieczko<\/strong><\/span><\/p>\n<hr style=\"height: 15px; background: #d0e6fa; width: 100%;\" \/>\n<h4 class=\"text--lead \" style=\"text-align: center;\"><span style=\"color: #808080;\"><strong>Sobotni atak na Izrael wstrz\u0105sn\u0105\u0142 Ukrai\u0144cami, kt\u00f3rzy samiod ponad p\u00f3\u0142tora roku \u017cyj\u0105 w stanie wojny.<\/strong><\/span><\/h4>\n<div class=\"article--content article--content-free  \">\n<p class=\"text--paragraph\" style=\"text-align: left;\"><span style=\"color: #000080;\">W niedziel\u0119 wieczorem na setkach telebim\u00f3w Kijowa i Charkowa wy\u015bwietlono flagi Izraela. Mer Kijowa Wiltalij Kliczko zaznaczy\u0142, \u017ce to znak solidarno\u015bci Ukrai\u0144c\u00f3w z narodem Izraela, kt\u00f3ry zazna\u0142 agresji i broni swojej ojczyzny.<\/span><\/p>\n<p class=\"text--paragraph\" style=\"text-align: left;\"><span style=\"color: #000080;\">\u201eChark\u00f3w podziela b\u00f3l Izraela&#8221; \u2013 doda\u0142 z kolei mer miasta Ihor Terechow.<\/span><\/p>\n<p class=\"text--paragraph\" style=\"text-align: left;\"><span style=\"color: #000080;\">W niedziel\u0119 walcz\u0105cy na froncie ukrai\u0144scy wojskowi nagrali s\u0142owa wsparcia dla broni\u0105cych swojego kraju izraelskich \u017co\u0142nierzy Si\u0142 Obrony Izraela.<\/span><\/p>\n<p class=\"text--paragraph\" style=\"text-align: left;\"><span style=\"color: #000080;\">\u201eKa\u017cde \u017cycie ma znaczenie, zar\u00f3wno w Izraelu, jak i w Ukrainie. Ale wiemy te\u017c, \u017ce wroga mo\u017cna pokona\u0107 i wyp\u0119dzi\u0107 ze swojej ziemi, je\u015bli po twojej stronie s\u0105 prawda i niezawodni sojusznicy. Porz\u0105dek b\u0119dzie odnowiony, a wr\u00f3g, kimkolwiek jest, zostanie pokonany&#8221; \u2013 m\u00f3wili ukrai\u0144scy \u017co\u0142nierze.<\/span><\/p>\n<\/div>\n<h4 class=\"text--title font-head-700\" style=\"text-align: left;\"><strong>Ze\u0142enski: Terroryzm to przest\u0119pstwo przeciw ca\u0142emu \u015bwiatu<\/strong><\/h4>\n<p class=\"text--paragraph\" style=\"text-align: left;\"><span style=\"color: #000080;\">W sobot\u0119, na wie\u015b\u0107 o ataku Hamasu i licznych zabitych izraelskich cywilach, prezydent\u00a0<a style=\"color: #000080;\" href=\"https:\/\/wyborcza.pl\/0,128956.html?tag=Wo%B3odymyr+Ze%B3enski#anchorLink\">Wo\u0142odymyr Ze\u0142enski<\/a>\u00a0wyrazi\u0142 wsp\u00f3\u0142czucie rodzinom ofiar i przekonanie, \u017ce terrory\u015bci zostan\u0105 zniszczeni.<\/span><\/p>\n<p class=\"text--paragraph\" style=\"text-align: left;\"><span style=\"color: #000080;\">\u201eNigdzie na \u015bwiecie nie mo\u017cna dawa\u0107 \u017cadnej szansy terroryzmowi, bo terror zawsze jest przest\u0119pstwem nie tylko przeciwko jednemu krajowi lub jego konkretnym ofiarom, ale przeciwko ludzko\u015bci jako takiej i ca\u0142emu naszemu \u015bwiatu&#8221; \u2013 stwierdzi\u0142 Ze\u0142enski.<\/span><\/p>\n<p class=\"text--paragraph\" style=\"text-align: left;\"><span style=\"color: #000080;\">W niedziel\u0119 ukrai\u0144ski prezydent przeprowadzi\u0142 rozmow\u0119 telefoniczn\u0105 z Beniaminem Netanjahu\u00a0i\u00a0zapewni\u0142 o ukrai\u0144skim wsparciu.\u00a0<\/span><\/p>\n<p class=\"text--paragraph\" style=\"text-align: left;\"><span style=\"color: #000080;\">Ukrai\u0144cy dobrze rozumiej\u0105 mieszka\u0144c\u00f3w Izraela.\u00a0Ale pojawi\u0142y si\u0119 te\u017c nieliczne g\u0142osy przypominaj\u0105ce, \u017ce Izrael wstrzyma\u0142 si\u0119 z pomoc\u0105 wojskow\u0105 dla Ukrainy po rosyjskiej napa\u015bci. We wrze\u015bniu 2022 r. Ze\u0142enski w jednym z wywiad\u00f3w stwierdzi\u0142, \u017ce jest zszokowany, \u017ce Izrael nie przekaza\u0142 Ukrainie \u017cadnej pomocy wojskowej po rosyjskiej agresji. Doda\u0142 r\u00f3wnie\u017c, \u017ce w tej kwestii jest widoczny pewien wp\u0142yw Rosji na Izrael.<\/span><\/p>\n<p class=\"text--paragraph\" style=\"text-align: left;\"><span style=\"color: #000080;\">W lipcu podczas szczytu NATO w Wilnie Ze\u0142enski z gorycz\u0105 m\u00f3wi\u0142, \u017ce mimo miesi\u0119cy rozm\u00f3w [z Izraelem] nie ma \u017cadnego konkretnego rezultatu.<\/span><\/p>\n<p class=\"text--paragraph\" style=\"text-align: left;\"><span style=\"color: #000080;\">\u201eNiestety, poniewa\u017c\u00a0<a style=\"color: #000080;\" href=\"https:\/\/wyborcza.pl\/0,128956.html?tag=Ukraina#anchorLink\">Ukraina<\/a>\u00a0jest bardzo zainteresowana w tym, \u017ceby mi\u0119dzy naszymi pa\u0144stwami zachowa\u0142y si\u0119 bliskie stosunki&#8221; \u2013 doda\u0142 prezydent Ukrainy.<\/span><\/p>\n<p class=\"text--paragraph\" style=\"text-align: left;\"><span style=\"color: #000080;\">Pomoc Izraela dla Ukrainy dotyczy przede wszystkim wsparcia humanitarnego. Przekazano r\u00f3wnie\u017c kilka tysi\u0119cy kamizelek kuloodpornych, he\u0142m\u00f3w i masek przeciwgazowych dla s\u0142u\u017cb ratunkowych.<\/span><\/p>\n<h4 class=\"text--title font-head-700\" style=\"text-align: left;\"><strong>Ciasno splecione losy Ukrainy i Izraela<\/strong><\/h4>\n<p class=\"text--paragraph\" style=\"text-align: left;\"><span style=\"color: #000080;\">Ale Izrael to nie tylko pa\u0144stwo i w Ukrainie dobrze to rozumiej\u0105. Po rozpadzie ZSRR tysi\u0105ce obywateli Ukrainy z korzeniami \u017cydowskimi emigrowa\u0142o do Izraela w poszukiwaniu lepszego \u017cycia. Wielu z nich do dzisiaj \u017cyje mi\u0119dzy dwoma pa\u0144stwami. Podczas wybor\u00f3w prezydenckich w 2010 r. przed ambasad\u0105 Ukrainy sta\u0142a d\u0142uga kolejka chc\u0105cych zag\u0142osowa\u0107, niekt\u00f3rzy w tradycyjnych wyszywanych koszulach.<\/span><\/p>\n<p style=\"text-align: left;\"><span style=\"color: #000080;\">Kiedy Rosja rozpocz\u0119\u0142a w 2014 r. wojn\u0119 w Donbasie, pierwsi instruktorzy wojskowi przybyli z Izraela. M\u00f3wi\u0142o si\u0119 wtedy, \u017ce stali za tym przedstawiciele spo\u0142eczno\u015bci \u017cydowskiej w Dnieprze (w\u00f3wczas Dniepropietrowsk), w tym oligarcha Ihor Ko\u0142omojski, kt\u00f3ry posiada obywatelstwo Izraela.<\/span><\/p>\n<p class=\"text--paragraph\" style=\"text-align: left;\"><span style=\"color: #000080;\">\u201eDzi\u0119kuj\u0119, drodzy Ukrai\u0144cy i Ukrainki&#8221; \u2013 tak zareagowa\u0142 na post z flagami Izraela w Kijowie analityk wojskowy i oficer rezerwy Si\u0142 Obrony Izraela Yigal Levin. Jest on przyk\u0142adem, jak niekiedy ciasno splecione s\u0105 losy Ukrainy i Izraela. Urodzony w Odessie Levin w latach 90. przyjecha\u0142 z rodzin\u0105 do Izraela. Bra\u0142 udzia\u0142 w II wojnie liba\u0144skiej oraz operacji &#8220;P\u0142ynny o\u0142\u00f3w&#8221; w Strefie Gazy. Po wybuchu wojny w Donbasie powr\u00f3ci\u0142 do Ukrainy, gdzie zajmowa\u0142 si\u0119 szkoleniami wojskowymi. Prowadzi r\u00f3wnie\u017c popularny kana\u0142 w Telegramie (pod swoim imieniem), gdzie relacjonuje wojn\u0119 w Ukrainie, a od soboty r\u00f3wnie\u017c w Izraelu.<\/span><\/p>\n<p class=\"text--paragraph\" style=\"text-align: left;\"><span style=\"color: #000080;\">Po rosyjskiej inwazji na pe\u0142n\u0105 skal\u0119 do Ukrainy niemal od razu przybyli izraelscy ochotnicy. W sierpniu jeden z nich m\u00f3wi\u0142 \u201eWyborczej&#8221;, \u017ce nie m\u00f3g\u0142 przygl\u0105da\u0107 si\u0119 oboj\u0119tnie, jak imperium zabija niewinnych ludzi w Ukrainie. Z kolei Ukrai\u0144cy uciekali przed wojn\u0105 do Izraela. W poniedzia\u0142ek poinformowano, \u017ce ukrai\u0144skim dyplomatom uda\u0142o si\u0119 wywie\u017a\u0107 z miasta Sederot w pobli\u017cu\u00a0Strefy\u00a0Gazy ukrai\u0144skiego ch\u0142opca, kt\u00f3ry zosta\u0142 ranny w wyniku ataku terroryst\u00f3w Hamasu. Sprawdzane s\u0105 te\u017c informacje o \u015bmierci trzech obywateli Ukrainy.<\/span><\/p>\n<h4 class=\"text--title font-head-700\" style=\"text-align: left;\"><strong>Co z broni\u0105 dla Ukrainy?<\/strong><\/h4>\n<p class=\"text--paragraph\" style=\"text-align: left;\"><span style=\"color: #000080;\">Waszyngton zapowiedzia\u0142 pomoc wojskow\u0105 dla Izraela, kt\u00f3ry mo\u017ce potrzebowa\u0107 wi\u0119cej pocisk\u00f3w i bomb kierowanych dla samolot\u00f3w oraz rakiet dla swoich system\u00f3w obrony przeciwlotniczej.<\/span><\/p>\n<p class=\"text--paragraph\" style=\"text-align: left;\"><span style=\"color: #000080;\">Ukrai\u0144scy eksperci przypomnieli, \u017ce w Izraelu znajduj\u0105 si\u0119 sk\u0142ady ameryka\u0144skiej amunicji, z kt\u00f3rych przekazywano pomoc dla Ukrainy. Wed\u0142ug ukrai\u0144skiego wydania \u201eDefense Express&#8221; w obecnej sytuacji Izrael mo\u017ce nalega\u0107, \u017ceby znajduj\u0105ca si\u0119 tam amunicja by\u0142a w pe\u0142ni do jego dyspozycji, jako rezerwa na wypadek dalszej eskalacji.<\/span><\/p>\n<p class=\"text--paragraph\" style=\"text-align: left;\"><span style=\"color: #000080;\">Jednocze\u015bnie jest ma\u0142o prawdopodobne, \u017ce wojna w Izraelu b\u0119dzie mia\u0142a wp\u0142yw na dostarczanie amunicji i broni dla Ukrainy przez inne pa\u0144stwa. Izrael dysponuje nowoczesn\u0105 broni\u0105 w wystarczaj\u0105cej ilo\u015bci dla przeprowadzenia operacji wojennej w Strefie Gazy. Sytuacja ta mog\u0142aby si\u0119 zmieni\u0107 jedynie w przypadku, gdyby wojna wysz\u0142a poza obecne granice.<\/span><\/p>\n<h4 class=\"text--title font-head-700\" style=\"text-align: left;\"><strong>Ukrai\u0144scy analitycy\u00a0wracaj\u0105\u00a0do koncepcji &#8220;osi z\u0142a&#8221;<\/strong><\/h4>\n<p class=\"text--paragraph\" style=\"text-align: left;\"><span style=\"color: #000080;\">U\u017cyty po raz pierwszy na pocz\u0105tku 2002 r. przez \u00f3wczesnego prezydenta USA George&#8217;a Busha termin \u201eo\u015b z\u0142a&#8221;, pierwotnie w odniesieniu do Iraku, Iranu i\u00a0<a style=\"color: #000080;\" href=\"http:\/\/wyborcza.pl\/7,75399,24249507,korea-polnocna-rozbudowuje-jedna-z-baz-rakietowych-wbrew-obietnicom.html#anchorLink\">Korei P\u0142n<\/a>., zdaniem ukrai\u0144skich ekspert\u00f3w nabiera dzisiaj nowego znaczenia.<\/span><\/p>\n<p class=\"text--paragraph\" style=\"text-align: left;\"><span style=\"color: #000080;\">\u201eTo nie jest ju\u017c metafora publicystyczna ani obra\u017aliwe por\u00f3wnanie. To absolutnie realny geopolityczny sojusz Rosji, Iranu i Chin (i szeregu ich sojusznik\u00f3w)&#8221; \u2013 napisa\u0142 w komentarzu dla ukrai\u0144skiego wydania \u201eNew Voice&#8221; politolog Petro O\u0142eszczuk. Wed\u0142ug niego to podstawowy wniosek, kt\u00f3ry powinien wyci\u0105gn\u0105\u0107 \u015bwiat demokratyczny.<\/span><\/p>\n<p class=\"text--paragraph\" style=\"text-align: left;\"><span style=\"color: #000080;\">W Ukrainie nikt nie ma w\u0105tpliwo\u015bci, \u017ce w ataku na Izrael macza\u0142 palce Iran. Kij\u00f3w ju\u017c od ubieg\u0142ego roku zetkn\u0105\u0142 si\u0119 z dwulicowym podej\u015bciem Teheranu, kt\u00f3ry oficjalnie zaprzecza, \u017ce dostarcza Rosji drony kamikadze \u2013 szahidy. Rosja wykorzystuje je do atak\u00f3w na ukrai\u0144sk\u0105 infrastruktur\u0119 cywiln\u0105. Iran pomaga r\u00f3wnie\u017c w ich produkcji na terenie Rosji.<\/span><\/p>\n<p class=\"text--paragraph\" style=\"text-align: left;\"><span style=\"color: #000080;\">\u201eDefense Express&#8221;\u00a0<a id=\"LinkArea:embed_link\" class=\"text--link \" style=\"color: #000080;\" title=\"przypomina te\u017c o relacjach Hamasu z w\u0142adzami Federacji Rosyjskiej. \" href=\"https:\/\/wyborcza.pl\/7,75399,30279194,rosja-patrzy-na-izrael-i-poucza-zachod.html#S.embed_link-K.C-B.1-L.1.zw\" rel=\"dofollow\" data-bd-viewability=\"1\" data-bd-viewability-id=\"embed_link\" data-bd-viewability-href=\"https:\/\/wyborcza.pl\/7,75399,30279194,rosja-patrzy-na-izrael-i-poucza-zachod.html#S.embed_link-K.C-B.1-L.1.zw\">przypomina te\u017c o relacjach Hamasu z w\u0142adzami Federacji Rosyjskiej.\u00a0<\/a>Zwraca te\u017c uwag\u0119, \u017ce minister spraw zagranicznych\u00a0<a style=\"color: #000080;\" href=\"https:\/\/wyborcza.pl\/0,128956.html?tag=Siergiej+%A3awrow#anchorLink\">Siergiej \u0141awrow<\/a> spotyka\u0142 si\u0119 nie tylko z przyw\u00f3dcami tej terrorystycznej organizacji, ale r\u00f3wnie\u017c z przedstawicielami Palesty\u0144skiego Islamskiego D\u017cihadu, kt\u00f3ry jest uwa\u017cany za jeszcze bardziej radykalny od Hamasu.<\/span><\/p>\n<p class=\"text--paragraph\" style=\"text-align: left;\"><span style=\"color: #000080;\">Palesty\u0144scy terrory\u015bci dysponuj\u0105 pewnym rodzajami rosyjskiej broni, jak na przyk\u0142ad wyrzutnie przeciwpancerne Kornet. Jednocze\u015bnie rosyjska propaganda w ostatnich dniach stara si\u0119 rozpowszechni\u0107 fa\u0142szywe wiadomo\u015bci o rzekomym przekazaniu przez Ukrain\u0119 Hamasowi zachodniej broni. Na tego typu posty w rosyjskich sieciach spo\u0142eczno\u015bciowych zwr\u00f3ci\u0142o uwag\u0119 ukrai\u0144skie Centrum Przeciwdzia\u0142ania Dezinformacji.<\/span><\/p>\n<p class=\"text--paragraph\" style=\"text-align: left;\"><span style=\"color: #000080;\">Wed\u0142ug ukrai\u0144skiego wywiadu wojskowego to Rosja przekaza\u0142a Hamasowi egzemplarze zachodniej broni zdobytej podczas walk w Ukrainie. Celem jest dyskredytacja w\u0142adz w Kijowie.<\/span><\/p>\n<p class=\"text--paragraph\" style=\"text-align: left;\"><span style=\"color: #000080;\">Dotychczasowy brak pomocy wojskowej dla Ukrainy ze strony Izraela wiele zachodnich medi\u00f3w wi\u0105za\u0142o z specjalnymi relacjami z Rosj\u0105. Jerozolima zak\u0142ada\u0142a, \u017ce Kreml mo\u017ce powstrzymywa\u0107 dzia\u0142alno\u015b\u0107 organizacji terrorystycznych w Palestynie i Libanie przeciwko Izraelowi.<\/span><\/p>\n<p class=\"text--paragraph\" style=\"text-align: left;\"><span style=\"color: #000080;\">Je\u015bli tak rzeczywi\u015bcie by\u0142o, to taka strategia okaza\u0142a si\u0119 ca\u0142kowicie chybiona. \u201eDefense Express&#8221; jeszcze w lipcu ubieg\u0142ego roku pisa\u0142o, \u017ce taka pozycja Izraela doprowadzi do fatalnych nast\u0119pstw\u00a0\u2013 \u201epr\u00f3ba dogadania si\u0119 z terrorystami poprzez innych terroryst\u00f3w do niczego innego doprowadzi\u0107 nie mo\u017ce&#8221;.<\/span><\/p>\n<hr style=\"height: 15px; background: #d0e6fa; width: 100%;\" \/>\n<div id=\"content\" class=\"content-alignment\">\n<div id=\"watch-description\" class=\"yt-uix-button-panel\">\n<div id=\"watch-description-text\" style=\"text-align: center;\">\n<p><em>Zawarto\u015b\u0107 publikowanych artyku\u0142\u00f3w i materia\u0142\u00f3w nie reprezentuje pogl\u0105d\u00f3w ani opinii Reunion&#8217;68,<\/em><em><br \/>\nani te\u017c webmastera Blogu Reunion&#8217;68, chyba ze jest to wyra\u017anie zaznaczone.<br \/>\nTwoje uwagi, linki, w\u0142asne artyku\u0142y lub wiadomo\u015bci prze\u015blij na adres:<br \/>\n<\/em><span style=\"color: #000080;\"><strong><em><a style=\"color: #000080;\" href=\"mailto:webmaster@reunion68.com\"><span style=\"text-decoration: underline;\">webmaster@reunion68.com<\/span><\/a><\/em><\/strong><\/span><\/p>\n<\/div>\n<\/div>\n<\/div>\n<hr style=\"width: 100%;\" \/>\n","protected":false},"excerpt":{"rendered":"<p>Prezydent Ukrainy Wo\u0142odymyr Ze\u0142enski, 21 wrze\u015bnia 2023 r. (Fot. Evan Vucci \/ AP Photo) W\u0142adze Ukrainy solidarne z Izraelem. Analitycy pisz\u0105 o powrocie &#8220;osi z\u0142a&#8221; Piotr Andrusieczko Sobotni atak na Izrael wstrz\u0105sn\u0105\u0142 Ukrai\u0144cami, kt\u00f3rzy samiod ponad p\u00f3\u0142tora roku \u017cyj\u0105 w stanie wojny. W niedziel\u0119 wieczorem na setkach telebim\u00f3w Kijowa i Charkowa wy\u015bwietlono flagi Izraela. Mer [&hellip;]<\/p>\n","protected":false},"author":1,"featured_media":0,"comment_status":"closed","ping_status":"closed","sticky":false,"template":"","format":"standard","meta":[],"categories":[6],"tags":[26,24],"_links":{"self":[{"href":"https:\/\/www.reunion68.se\/index.php?rest_route=\/wp\/v2\/posts\/107709"}],"collection":[{"href":"https:\/\/www.reunion68.se\/index.php?rest_route=\/wp\/v2\/posts"}],"about":[{"href":"https:\/\/www.reunion68.se\/index.php?rest_route=\/wp\/v2\/types\/post"}],"author":[{"embeddable":true,"href":"https:\/\/www.reunion68.se\/index.php?rest_route=\/wp\/v2\/users\/1"}],"replies":[{"embeddable":true,"href":"https:\/\/www.reunion68.se\/index.php?rest_route=%2Fwp%2Fv2%2Fcomments&post=107709"}],"version-history":[{"count":4,"href":"https:\/\/www.reunion68.se\/index.php?rest_route=\/wp\/v2\/posts\/107709\/revisions"}],"predecessor-version":[{"id":107717,"href":"https:\/\/www.reunion68.se\/index.php?rest_route=\/wp\/v2\/posts\/107709\/revisions\/107717"}],"wp:attachment":[{"href":"https:\/\/www.reunion68.se\/index.php?rest_route=%2Fwp%2Fv2%2Fmedia&parent=107709"}],"wp:term":[{"taxonomy":"category","embeddable":true,"href":"https:\/\/www.reunion68.se\/index.php?rest_route=%2Fwp%2Fv2%2Fcategories&post=107709"},{"taxonomy":"post_tag","embeddable":true,"href":"https:\/\/www.reunion68.se\/index.php?rest_route=%2Fwp%2Fv2%2Ftags&post=107709"}],"curies":[{"name":"wp","href":"https:\/\/api.w.org\/{rel}","templated":true}]}}