{"id":107731,"date":"2023-10-11T17:05:14","date_gmt":"2023-10-11T15:05:14","guid":{"rendered":"http:\/\/www.reunion68.se\/?p=107731"},"modified":"2023-10-11T08:50:56","modified_gmt":"2023-10-11T06:50:56","slug":"20-05-94","status":"publish","type":"post","link":"https:\/\/www.reunion68.se\/?p=107731","title":{"rendered":"\u201eUmiarkowana\u201d Autonomia Palesty\u0144ska stoi zdecydowanie po stronie masowych morderc\u00f3w i gwa\u0142cicieli"},"content":{"rendered":"<h5 style=\"text-align: center;\"><a href=\"http:\/\/www.listyznaszegosadu.pl\/\" target=\"_blank\" rel=\"noopener noreferrer\"><img decoding=\"async\" class=\"center alignleft\" src=\"http:\/\/www.reunion68.com\/Biuletyn\/img\/z-naszego.jpg\" alt=\"\" width=\"50%\" \/><\/a><span style=\"text-decoration: underline; color: #000080;\"><strong><a style=\"color: #000080; text-decoration: underline;\" href=\"http:\/\/www.listyznaszegosadu.pl\/brunatna-fala\/a-umiarkowana-autonomia-palestynska-stoi-zdecydowanie-po-stronie-masowych-mordercalw-i-gwalcicieli\" target=\"_blank\" rel=\"noopener noreferrer\"><br \/>\n\u201eUmiarkowana\u201d Autonomia Palesty\u0144ska stoi zdecydowanie po stronie masowych morderc\u00f3w i gwa\u0142cicieli<\/a><\/strong><\/span><\/h5>\n<p style=\"text-align: center;\"><span style=\"color: #000000;\"><strong>Elder of Ziyon<br \/>\n<\/strong><span style=\"color: #808080;\"><em>T\u0142umaczenie:<\/em> <\/span><strong>Ma\u0142gorzata Koraszewska<\/strong><\/span><\/p>\n<hr style=\"height: 15px; background: #d0e6fa; width: 100%;\" \/>\n<p><img decoding=\"async\" class=\"alignleft\" src=\"http:\/\/www.listyznaszegosadu.pl\/upload\/article\/bild\/8488\/1015549\/Mahmoud-Abbas-1_s.png\" width=\"50%\" \/><\/p>\n<div class=\"templateArticleIngress\">\n<p style=\"text-align: left;\"><span style=\"color: #000080;\">Prezydent Autonomii Palesty\u0144skiej Mahmoud Abbas nie pot\u0119pi\u0142 morderczego ataku Hamasu na izraelskich cywil\u00f3w.\u00a0Wr\u0119cz przeciwnie \u2013 broni\u0142 go<strong>.<\/strong><\/span><\/p>\n<p style=\"text-align: left;\"><span style=\"color: #000080;\">W niedzielny wiecz\u00f3r Abbas rozmawia\u0142 przez telefon z Ahmedem Hellesem, cz\u0142onkiem Komitetu Centralnego Fatahu i komisarzem ds. Mobilizacji i Organizacji w po\u0142udniowej prowincji.\u00a0Podczas rozmowy Abbas \u201epotwierdzi\u0142 prawo naszego narodu do obrony\u201d.<\/span><\/p>\n<p style=\"text-align: left;\"><span style=\"color: #000080;\">Najwyra\u017aniej atakowanie rodzin w ich domach i gwa\u0142cenie dziewcz\u0105t na koncercie oznacza \u201eobron\u0119 w\u0142asn\u0105\u201d.<\/span><\/p>\n<\/div>\n<div class=\"templateArticleBrodtext\">\n<p style=\"text-align: left;\"><span style=\"color: #000080;\">Nale\u017cy pami\u0119ta\u0107, \u017ce za ka\u017cdym razem, gdy Abbas lub jego poprzednik Jasir Arafat pot\u0119piali ataki terrorystyczne, dzia\u0142o si\u0119 to na stanowcze \u017c\u0105danie Stan\u00f3w Zjednoczonych.\u00a0Ale bez \u017cadnego zewn\u0119trznego nacisku \u201eumiarkowani\u201d przyw\u00f3dcy Fatahu i Autonomii Palesty\u0144skiej nie maj\u0105 problemu z zdecydowanie najgorszym okrucie\u0144stwem wobec \u017byd\u00f3w od czas\u00f3w nazist\u00f3w.<\/span><\/p>\n<p style=\"text-align: left;\"><span style=\"color: #000080;\">W rzeczywisto\u015bci premier AP Mohamed Sztajjeh papugowa\u0142 obron\u0119 Hamasu przez Abbasa \u2013 i poszed\u0142 dalej<a style=\"color: #000080;\" href=\"about:blank\"><strong>,<\/strong><\/a>\u00a0w rozmowie z norweskim ministrem spraw zagranicznych:<\/span><\/p>\n<blockquote><p><em>W sobot\u0119 wieczorem Sztajjeh odebra\u0142 telefon od norweskiej ministry i podczas rozmowy zapewni\u0142 j\u0105, \u017ce ci\u0105g\u0142a odmowa Izraela wprowadzenia w \u017cycie mi\u0119dzynarodowych rezolucji i brak odpowiedzialno\u015bci za zbrodnie, kt\u00f3re pope\u0142nia przeciwko narodowi palesty\u0144skiemu, zaostrz\u0105 konflikt oraz \u017ce podwa\u017canie przez Izrael rozwi\u0105zania w postaci dw\u00f3ch pa\u0144stw\u00a0<strong>nie pozwoli mu cieszy\u0107 si\u0119 pokojem, dop\u00f3ki nar\u00f3d palesty\u0144ski nie uzyska swoich uzasadnionych praw.<\/strong><\/em><\/p>\n<p><em>Sztajjeh podkre\u015bli\u0142\u00a0<strong>prawo narodu palesty\u0144skiego do obrony swojej ziemi<\/strong>\u00a0i \u015bwi\u0119to\u015bci, kt\u00f3re s\u0105 stale naruszane.<\/em><\/p>\n<p><em>Sztajjeh powiedzia\u0142, \u017ce to<strong>, co dzieje si\u0119 dzisiaj, jest naturalnym skutkiem braku reakcji na nasze powtarzaj\u0105ce si\u0119 ostrze\u017cenia<\/strong>\u00a0dotycz\u0105ce niebezpiecznych konsekwencji, jakie wynikn\u0105 z kontynuowania przez Izrael swoich zbrodni w poczuciu bezkarno\u015bci.<\/em><\/p><\/blockquote>\n<p style=\"text-align: left;\"><span style=\"color: #000080;\">Tak, gwa\u0142t i masowe morderstwo s\u0105 \u201enaturaln\u0105 reakcj\u0105\u201d na Izrael broni\u0105cy \u017byd\u00f3w przed rzezi\u0105.<\/span><\/p>\n<p style=\"text-align: left;\"><span style=\"color: #000080;\">To nie jest anomalia.\u00a0Jak pisali\u015bmy\u00a0<a style=\"color: #000080;\" href=\"about:blank\"><strong>w przesz\u0142o\u015bci,<\/strong><\/a>\u00a0wyniki sonda\u017cy w\u015br\u00f3d Palesty\u0144czyk\u00f3w s\u0105 konsekwentne.\u00a0Kiedy zadaje si\u0119 im abstrakcyjne pytanie, czy popieraj\u0105 \u201eop\u00f3r zbrojny\u201d, czyli ich eufemizm okre\u015blaj\u0105cy ataki terrorystyczne na ludno\u015b\u0107 cywiln\u0105, niewielka wi\u0119kszo\u015b\u0107 zwykle odpowiada twierdz\u0105co.\u00a0Kiedy jednak pyta si\u0119 ich, czy popieraj\u0105 konkretne, niedawne ataki terrorystyczne, odsetek entuzjastycznych zwolennik\u00f3w mordowania \u017byd\u00f3w gwa\u0142townie ro\u015bnie do ponad 80%.<\/span><\/p>\n<p style=\"text-align: left;\"><span style=\"color: #000080;\">Za ka\u017cdym razem<strong>.<\/strong><\/span><\/p>\n<p style=\"text-align: left;\"><span style=\"color: #000080;\">Nie ma powodu s\u0105dzi\u0107, \u017ce teraz b\u0119dzie inaczej.\u00a0Kiedy uka\u017ce si\u0119 kolejny zestaw sonda\u017cy, zobaczymy, \u017ce zdecydowana wi\u0119kszo\u015b\u0107 Palesty\u0144czyk\u00f3w \u2013 Zachodni Brzeg i Gaza, Hamas i Fatah \u2013 w przewa\u017caj\u0105cej mierze popiera morderstwo z zimn\u0105 krwi\u0105 setek izraelskich cywil\u00f3w.<\/span><\/p>\n<p style=\"text-align: left;\"><span style=\"color: #000080;\">Ilekro\u0107 nienawidz\u0105cy Izraela b\u0119d\u0105 pr\u00f3bowali demonizowa\u0107 pa\u0144stwo \u017cydowskie, wykopuj\u0105 male\u0144k\u0105 mniejszo\u015b\u0107 o truj\u0105cych opiniach, kt\u00f3rym sprzeciwia si\u0119 wi\u0119kszo\u015b\u0107 izraelskich \u017byd\u00f3w.\u00a0Ale tu nie ma \u017cadnej wybi\u00f3rczo\u015bci \u2013 zdecydowana wi\u0119kszo\u015b\u0107 Palesty\u0144czyk\u00f3w naprawd\u0119 popiera mordowanie \u017byd\u00f3w, im wi\u0119cej, tym lepiej, bez wzgl\u0119du na to, czy s\u0105 to \u201eosadnicy\u201d, \u201e\u017co\u0142nierze\u201d, czy po prostu zwykli \u017bydzi pr\u00f3buj\u0105cy prze\u017cy\u0107 swoje \u017cycie w granicach wyznaczonych przez linie zawieszenia broni z 1949 roku.<\/span><\/p>\n<p style=\"text-align: left;\"><span style=\"color: #000080;\">Ich przyw\u00f3dcy podzielaj\u0105 ten niemoralny \u015bwiatopogl\u0105d.<\/span><\/p>\n<\/div>\n<hr \/>\n<p>Link do orygina\u0142u Elder of Ziyon, 9 pa\u017adziernika 2023:<br \/>\n<span style=\"color: #000080;\"><a style=\"color: #000080;\" href=\"https:\/\/elderofziyon.blogspot.com\/2023\/10\/the-moderate-palestinian-authority-is.html\n\nElder of Ziyon, 9 pa\u017adziernika 2023\" target=\"_blank&quot;\" rel=\"noopener noreferrer\"><strong>https:\/\/elderofziyon.blogspot.com\/2023\/10\/the-moderate-palestinian-authority-is.html<\/strong><\/a><\/span><\/p>\n<hr style=\"height: 15px; background: #d0e6fa; width: 100%;\" \/>\n<div id=\"content\" class=\"content-alignment\">\n<div id=\"watch-description\" class=\"yt-uix-button-panel\">\n<div id=\"watch-description-text\" style=\"text-align: center;\">\n<p><em>Zawarto\u015b\u0107 publikowanych artyku\u0142\u00f3w i materia\u0142\u00f3w nie reprezentuje pogl\u0105d\u00f3w ani opinii Reunion&#8217;68,<\/em><em><br \/>\nani te\u017c webmastera Blogu Reunion&#8217;68, chyba ze jest to wyra\u017anie zaznaczone.<br \/>\nTwoje uwagi, linki, w\u0142asne artyku\u0142y lub wiadomo\u015bci prze\u015blij na adres:<br \/>\n<\/em><span style=\"color: #000080;\"><strong><em><a style=\"color: #000080;\" href=\"mailto:webmaster@reunion68.com\"><span style=\"text-decoration: underline;\">webmaster@reunion68.com<\/span><\/a><\/em><\/strong><\/span><\/p>\n<\/div>\n<\/div>\n<\/div>\n<hr style=\"width: 100%;\" \/>\n","protected":false},"excerpt":{"rendered":"<p>\u201eUmiarkowana\u201d Autonomia Palesty\u0144ska stoi zdecydowanie po stronie masowych morderc\u00f3w i gwa\u0142cicieli Elder of Ziyon T\u0142umaczenie: Ma\u0142gorzata Koraszewska Prezydent Autonomii Palesty\u0144skiej Mahmoud Abbas nie pot\u0119pi\u0142 morderczego ataku Hamasu na izraelskich cywil\u00f3w.\u00a0Wr\u0119cz przeciwnie \u2013 broni\u0142 go. W niedzielny wiecz\u00f3r Abbas rozmawia\u0142 przez telefon z Ahmedem Hellesem, cz\u0142onkiem Komitetu Centralnego Fatahu i komisarzem ds. Mobilizacji i Organizacji w [&hellip;]<\/p>\n","protected":false},"author":1,"featured_media":0,"comment_status":"closed","ping_status":"closed","sticky":false,"template":"","format":"standard","meta":[],"categories":[6],"tags":[26,24],"_links":{"self":[{"href":"https:\/\/www.reunion68.se\/index.php?rest_route=\/wp\/v2\/posts\/107731"}],"collection":[{"href":"https:\/\/www.reunion68.se\/index.php?rest_route=\/wp\/v2\/posts"}],"about":[{"href":"https:\/\/www.reunion68.se\/index.php?rest_route=\/wp\/v2\/types\/post"}],"author":[{"embeddable":true,"href":"https:\/\/www.reunion68.se\/index.php?rest_route=\/wp\/v2\/users\/1"}],"replies":[{"embeddable":true,"href":"https:\/\/www.reunion68.se\/index.php?rest_route=%2Fwp%2Fv2%2Fcomments&post=107731"}],"version-history":[{"count":7,"href":"https:\/\/www.reunion68.se\/index.php?rest_route=\/wp\/v2\/posts\/107731\/revisions"}],"predecessor-version":[{"id":107752,"href":"https:\/\/www.reunion68.se\/index.php?rest_route=\/wp\/v2\/posts\/107731\/revisions\/107752"}],"wp:attachment":[{"href":"https:\/\/www.reunion68.se\/index.php?rest_route=%2Fwp%2Fv2%2Fmedia&parent=107731"}],"wp:term":[{"taxonomy":"category","embeddable":true,"href":"https:\/\/www.reunion68.se\/index.php?rest_route=%2Fwp%2Fv2%2Fcategories&post=107731"},{"taxonomy":"post_tag","embeddable":true,"href":"https:\/\/www.reunion68.se\/index.php?rest_route=%2Fwp%2Fv2%2Ftags&post=107731"}],"curies":[{"name":"wp","href":"https:\/\/api.w.org\/{rel}","templated":true}]}}