{"id":107761,"date":"2023-10-12T17:00:30","date_gmt":"2023-10-12T15:00:30","guid":{"rendered":"http:\/\/www.reunion68.se\/?p=107761"},"modified":"2023-10-12T13:42:29","modified_gmt":"2023-10-12T11:42:29","slug":"21-00-88","status":"publish","type":"post","link":"https:\/\/www.reunion68.se\/?p=107761","title":{"rendered":"Pilot who told Israel to \u2018burn in hell\u2019 suspended from flying"},"content":{"rendered":"<h5 style=\"text-align: center;\"><a href=\"https:\/\/www.jns.org\/\" target=\"_blank\" rel=\"noopener noreferrer\"><img decoding=\"async\" class=\"center alignleft\" src=\"http:\/\/www.reunion68.com\/Biuletyn\/img\/jns-1.png\" alt=\"\" width=\"35%\" \/><\/a><span style=\"text-decoration: underline; color: #000080;\"><span><strong><a style=\"color: #000080; text-decoration: underline;\" href=\"https:\/\/www.jns.org\/pilot-who-told-israel-to-burn-in-hell-suspended-from-flying\/\" target=\"_blank\" rel=\"noopener noreferrer\">Pilot who told Israel to \u2018burn in hell\u2019 suspended from flying<\/a><\/strong><\/span><\/span><\/h5>\n<p style=\"text-align: center;\"><span style=\"color: #000000;\"><strong>JNS.org<\/strong><\/span><\/p>\n<hr style=\"height: 15px; background: #d0e6fa; width: 100%;\" \/>\n<h4 style=\"text-align: center;\"><strong>Air Canada has grounded an employee for his bigoted social-media postings.<\/strong><br \/>\n.<\/h4>\n<p style=\"text-align: left;\">\n<img decoding=\"async\" class=\"aligncenter\" src=\"https:\/\/cdn.jns.org\/uploads\/2023\/10\/Air-Canada-Plane-1320x880.jpg\" width=\"100%\" \/><span style=\"color: #808080;\"><em>Air Canada plane. Credit: sockagphoto\/Shutterstock.<\/em><\/span><br \/>\n.<br \/>\n<img decoding=\"async\" class=\"alignleft\" src=\"https:\/\/cdn.jns.org\/uploads\/2023\/10\/Air-Canada-Pilot-With-Palestine-Scarf.jpeg\" width=\"40%\" \/><span style=\"color: #808080;\"><em>First Officer<strong> Mostafa Ezzo<\/strong>. Source: Screenshot\/StopAntisemitism.<\/em><\/span><\/p>\n<p class=\"wp-block-paragraph\" style=\"text-align: left;\"><span style=\"color: #000080;\">Air Canada First Officer Mostafa Ezzo\u00a0<a style=\"color: #000080;\" href=\"https:\/\/nypost.com\/2023\/10\/11\/air-canada-grounds-pilot-behind-antisemetic-social-media-posts\/\" target=\"_blank\" rel=\"noreferrer noopener\">shared<\/a>\u00a0photos of himself at an anti-Israel protest in Montreal with a sign proclaiming \u201cIsrael, Hitler is proud of you\u201d and showcased a\u00a0<a style=\"color: #000080;\" href=\"https:\/\/twitter.com\/StopAntisemites\/status\/1711803859134214359\" target=\"_blank\" rel=\"noreferrer noopener\">photo<\/a>\u00a0of himself preparing to board a plane wearing a green, black, white and red scarf with the word \u201cPalestine\u201d on it.<\/span><\/p>\n<p class=\"wp-block-paragraph\" style=\"text-align: left;\"><span style=\"color: #000080;\">Ezzo also wrote an Instagram post using an expletive against Israel and calling for the Jewish state to \u201cBurn in hell.\u201d Another protest image showed him with a sign of the Israeli flag going into a waste basket and the phrase \u201ckeeping the world clean.\u201d<\/span><\/p>\n<p class=\"wp-block-paragraph\" style=\"text-align: left;\"><span style=\"color: #000080;\">The StopAntisemitism watchdog group\u00a0<a style=\"color: #000080;\" href=\"https:\/\/x.com\/StopAntisemites\/status\/1711803859134214359?s=20\" target=\"_blank\" rel=\"noreferrer noopener\">highlighted<\/a>\u00a0Ezzo\u2019s bigotry on social media and tagged his employer, saying to Air Canada: \u201cWe imagine this hatred is a violation of company policy.\u201d The group soon received a response.<\/span><\/p>\n<p class=\"wp-block-paragraph\" style=\"text-align: left;\"><span style=\"color: #000080;\">\u201cWe are aware of the unacceptable posts made by an Air Canada pilot,\u201d the airline\u00a0<a style=\"color: #000080;\" href=\"https:\/\/nypost.com\/2023\/10\/11\/air-canada-grounds-pilot-behind-antisemetic-social-media-posts\/\" target=\"_blank\" rel=\"noreferrer noopener\">stated<\/a>\u00a0on social media. \u201cWe are taking this matter very seriously, and he was taken out of service on Mon, Oct. 9. We firmly denounce violence in all forms.\u201d<\/span><\/p>\n<p class=\"wp-block-paragraph\" style=\"text-align: left;\"><span style=\"color: #000080;\">Ezzo has since deleted his social-media accounts and LinkedIn.<\/span><\/p>\n<hr style=\"height: 15px; background: #d0e6fa; width: 100%;\" \/>\n<div id=\"content\" class=\"content-alignment\">\n<div id=\"watch-description\" class=\"yt-uix-button-panel\">\n<div id=\"watch-description-text\" style=\"text-align: center;\">\n<p><em>Zawarto\u015b\u0107 publikowanych artyku\u0142\u00f3w i materia\u0142\u00f3w nie reprezentuje pogl\u0105d\u00f3w ani opinii Reunion&#8217;68,<\/em><em><br \/>\nani te\u017c webmastera Blogu Reunion&#8217;68, chyba ze jest to wyra\u017anie zaznaczone.<br \/>\nTwoje uwagi, linki, w\u0142asne artyku\u0142y lub wiadomo\u015bci prze\u015blij na adres:<br \/>\n<\/em><span style=\"color: #000080;\"><strong><em><a style=\"color: #000080;\" href=\"mailto:webmaster@reunion68.com\"><span style=\"text-decoration: underline;\">webmaster@reunion68.com<\/span><\/a><\/em><\/strong><\/span><\/p>\n<\/div>\n<\/div>\n<\/div>\n<hr style=\"width: 100%;\" \/>\n","protected":false},"excerpt":{"rendered":"<p>Pilot who told Israel to \u2018burn in hell\u2019 suspended from flying JNS.org Air Canada has grounded an employee for his bigoted social-media postings. . Air Canada plane. Credit: sockagphoto\/Shutterstock. . First Officer Mostafa Ezzo. Source: Screenshot\/StopAntisemitism. Air Canada First Officer Mostafa Ezzo\u00a0shared\u00a0photos of himself at an anti-Israel protest in Montreal with a sign proclaiming \u201cIsrael, [&hellip;]<\/p>\n","protected":false},"author":1,"featured_media":0,"comment_status":"closed","ping_status":"closed","sticky":false,"template":"","format":"standard","meta":[],"categories":[6],"tags":[26,24],"_links":{"self":[{"href":"https:\/\/www.reunion68.se\/index.php?rest_route=\/wp\/v2\/posts\/107761"}],"collection":[{"href":"https:\/\/www.reunion68.se\/index.php?rest_route=\/wp\/v2\/posts"}],"about":[{"href":"https:\/\/www.reunion68.se\/index.php?rest_route=\/wp\/v2\/types\/post"}],"author":[{"embeddable":true,"href":"https:\/\/www.reunion68.se\/index.php?rest_route=\/wp\/v2\/users\/1"}],"replies":[{"embeddable":true,"href":"https:\/\/www.reunion68.se\/index.php?rest_route=%2Fwp%2Fv2%2Fcomments&post=107761"}],"version-history":[{"count":3,"href":"https:\/\/www.reunion68.se\/index.php?rest_route=\/wp\/v2\/posts\/107761\/revisions"}],"predecessor-version":[{"id":107772,"href":"https:\/\/www.reunion68.se\/index.php?rest_route=\/wp\/v2\/posts\/107761\/revisions\/107772"}],"wp:attachment":[{"href":"https:\/\/www.reunion68.se\/index.php?rest_route=%2Fwp%2Fv2%2Fmedia&parent=107761"}],"wp:term":[{"taxonomy":"category","embeddable":true,"href":"https:\/\/www.reunion68.se\/index.php?rest_route=%2Fwp%2Fv2%2Fcategories&post=107761"},{"taxonomy":"post_tag","embeddable":true,"href":"https:\/\/www.reunion68.se\/index.php?rest_route=%2Fwp%2Fv2%2Ftags&post=107761"}],"curies":[{"name":"wp","href":"https:\/\/api.w.org\/{rel}","templated":true}]}}