{"id":107776,"date":"2023-10-13T17:09:45","date_gmt":"2023-10-13T15:09:45","guid":{"rendered":"http:\/\/www.reunion68.se\/?p=107776"},"modified":"2023-10-13T10:32:56","modified_gmt":"2023-10-13T08:32:56","slug":"22-05-93","status":"publish","type":"post","link":"https:\/\/www.reunion68.se\/?p=107776","title":{"rendered":"Jestem \u017byd\u00f3wk\u0105, w Uberze spotka\u0142am Palesty\u0144czyka. &#8220;Wkr\u00f3tce nadejdzie czas&#8221;"},"content":{"rendered":"<p style=\"text-align: center;\"><img decoding=\"async\" class=\"aligncenter\" src=\"https:\/\/ocdn.eu\/pulscms-transforms\/1\/KJ2k9kpTURBXy8wM2JlZDE4NGI0ZWZmYmZjOWQ3NDQ0YzlmMWU3NTQ2NS5qcGeSlQPMiADNA8XNAh-VAs0DrADCw94AA6EwBaExAaEzww\" width=\"100%\" \/><span style=\"color: #808080;\"><em>Porwana Noa Argamani oraz autorka WELT Mirna Funk<\/em><\/span><\/p>\n<hr \/>\n<h5 style=\"text-align: center;\"><a href=\"https:\/\/www.onet.pl\/\" target=\"_blank\" rel=\"noopener noreferrer\"><img decoding=\"async\" class=\"center alignleft\" src=\"http:\/\/www.reunion68.com\/Biuletyn\/img\/onnet-1.png\" alt=\"\" width=\"35%\" \/><\/a><span style=\"text-decoration: underline; color: #000080;\"><strong><a style=\"color: #000080; text-decoration: underline;\" href=\"https:\/\/www.onet.pl\/turystyka\/onetpodroze\/jestem-zydowka-w-uberze-spotkalam-palestynczyka-wkrotce-nadejdzie-czas\/9g17htc,07640b54\" target=\"_blank\" rel=\"noopener noreferrer\">Jestem \u017byd\u00f3wk\u0105, w Uberze spotka\u0142am Palesty\u0144czyka. &#8220;Wkr\u00f3tce nadejdzie czas&#8221;<\/a><\/strong><\/span><\/h5>\n<p style=\"text-align: center;\"><span style=\"color: #000000;\"><strong>Mirna Funk<\/strong><\/span><\/p>\n<hr style=\"height: 15px; background: #d0e6fa; width: 100%;\" \/>\n<h4 style=\"text-align: left;\"><strong>Min\u0119\u0142y ponad cztery dni, odk\u0105d palesty\u0144ska organizacja terrorystyczna Hamas wypowiedzia\u0142a wojn\u0119 Izraelowi. W chwili, gdy to pisz\u0119, potwierdzono, \u017ce ponad tysi\u0105c Izraelczyk\u00f3w zosta\u0142o zamordowanych, 3,5 tys. jest rannych, a ponad 200 zosta\u0142o uprowadzonych do Gazy. W\u015br\u00f3d nich du\u017ca liczba z okolicznych miast, z kibuc\u00f3w, a przede wszystkim z festiwalu muzycznego, na kt\u00f3rym tysi\u0105ce m\u0142odych ludzi si\u0119 bawi\u0142o.<\/strong><\/h4>\n<p class=\"Paragraph_desktopParagraph__jAs4V\" style=\"text-align: left;\"><span style=\"color: #000080;\"><strong>.<\/strong><\/span><\/p>\n<p class=\"Paragraph_desktopParagraph__jAs4V\" style=\"text-align: left;\"><span style=\"color: #000080;\"><strong>Widzia\u0142am straszne filmy i zdj\u0119cia, kt\u00f3rych nigdy ja i \u015bwiat nie powinien ogl\u0105da\u0107, <\/strong>ale gdy to si\u0119 ju\u017c sta\u0142o, ca\u0142y \u015bwiat musi zobaczy\u0107 te okropie\u0144stwa, aby wyja\u015bni\u0107, \u017ce to, przed czym my \u2014 a przez to rozumiem spo\u0142eczno\u015b\u0107 \u017cydowsk\u0105 w Niemczech i na ca\u0142ym \u015bwiecie \u2014 ostrzegali\u015bmy od lat, a mianowicie, \u017ce to, co tak zwane post\u0119powe, antyrasistowskie i feministyczne ruchy na ca\u0142ym \u015bwiecie podzielaj\u0105 i wspieraj\u0105, ostatecznie oznacza nic innego jak masakry, masowe gwa\u0142ty, bezczeszczenie zw\u0142ok i morderstwa.<\/span><\/p>\n<div class=\"Quote_center__ZDf1f\">\n<blockquote>\n<p class=\"Paragraph_desktopParagraph__jAs4V\" style=\"text-align: left;\"><strong>Wasza ukochana &#8220;Wolna Palestyna&#8221; nie ko\u0144czy si\u0119 pokojem i rado\u015bci\u0105, ale ludob\u00f3jstwem. To nie festiwal folkowy, to pieprz****y cmentarz.<\/strong><\/p>\n<\/blockquote>\n<\/div>\n<p class=\"Paragraph_desktopParagraph__jAs4V\" style=\"text-align: left;\"><span style=\"color: #000080;\">Byli\u015bmy \u2014 zw\u0142aszcza \u2014 ignorowani, wy\u015bmiewani, a przede wszystkim wykluczani z dialog\u00f3w przez tak zwan\u0105 ba\u0144k\u0119 aktywist\u00f3w, kt\u00f3ra w ci\u0105gu ostatnich pi\u0119ciu lat z rozmachem wdar\u0142a si\u0119 do wszystkich niemieckich medi\u00f3w, poniewa\u017c r\u00f3\u017cnorodno\u015b\u0107 jest tam tak bardzo potrzebna. Poniewa\u017c jeste\u015bmy \u017bydami. Mog\u0142abym teraz wymieni\u0107 wszystkie te znane nazwiska, kt\u00f3re pracuj\u0105 jako prezenterzy w telewizji publicznej, kt\u00f3re otrzyma\u0142y audycje, opublikowa\u0142y ksi\u0105\u017cki w g\u0142\u00f3wnych wydawnictwach, kt\u00f3re by\u0142y i s\u0105 zapraszane i zabiegane wsz\u0119dzie, ale nie zrobi\u0119 tego. Ka\u017cdy, kto uwa\u017cnie przygl\u0105da\u0142 si\u0119 i s\u0142ucha\u0142 w ostatnich latach, wie, o kim m\u00f3wi\u0119.<\/span><\/p>\n<h4 class=\"Heading_headingElement__OGFWz\" style=\"text-align: left;\"><strong>\u0179li biali \u017bydzi<\/strong><\/h4>\n<p class=\"Paragraph_desktopParagraph__jAs4V\" style=\"text-align: left;\"><span style=\"color: #000080;\">&#8220;\u017bydowscy kolonizatorzy&#8221; ze swoj\u0105 &#8220;\u017cydowsk\u0105 armi\u0105 kolonizator\u00f3w&#8221; uciskali ca\u0142y nar\u00f3d [palesty\u0144ski] przez dziesi\u0119ciolecia, a jedyne, czego ten nar\u00f3d pragn\u0105\u0142, to \u017cy\u0107 w pokoju. Hamas, jak twierdzili, by\u0142 grup\u0105 oporu, kt\u00f3ra broni\u0142a interes\u00f3w swoich braci i si\u00f3str. Te narracje by\u0142y rozpowszechniane tak, jakby by\u0142y prawdziwe. Przez niemieckie feministki, aktywist\u00f3w Black Lives Matter, &#8220;bojownik\u00f3w o sprawiedliwo\u015b\u0107&#8221;. W mediach i na ca\u0142ym \u015bwiecie.<\/span><\/p>\n<p class=\"Paragraph_desktopParagraph__jAs4V\" style=\"text-align: left;\"><span style=\"color: #000080;\"><strong>Antyrasistowskie i antykapitalistyczne ruchy dekolonizacyjne wykona\u0142y dobr\u0105 robot\u0119, rozpowszechniaj\u0105c ten obraz bia\u0142ego Izraelczyka<\/strong>, kt\u00f3ry nie mia\u0142 \u017cadnego interesu &#8220;tam na dole&#8221; i eksterminowa\u0142 rdzenn\u0105 ludno\u015b\u0107, i sprzedaj\u0105c go jako prawd\u0119 ca\u0142emu pokoleniu. Nowa post\u0119powa lewica radykalnie wykluczy\u0142a \u017cydowskie g\u0142osy, kt\u00f3re publicznie wspiera\u0142y Izrael. Ka\u017cdy \u017byd w zachodnim \u015bwiecie, kt\u00f3ry dzia\u0142a\u0142 w \u015bwiecie sztuki, literatury, bran\u017cy muzycznej lub funkcjonowa\u0142 jako cz\u0119\u015b\u0107 spo\u0142ecze\u0144stwa medialnego, musia\u0142 na w\u0142asnej sk\u00f3rze odczu\u0107 g\u0142\u0119boko zakorzenion\u0105 nienawi\u015b\u0107 do Izraela ze strony ruchu &#8220;post\u0119powego&#8221;.<\/span><\/p>\n<div class=\"AdPlaceholder_adPlaceholder__hTUe4\">\n<p class=\"Paragraph_desktopParagraph__jAs4V\" style=\"text-align: left;\"><span style=\"color: #000080;\">Byli\u015bmy aktywnie wykluczani z rozm\u00f3w, funduszy, mo\u017cliwo\u015bci, paneli, konferencji i wystaw. Byli\u015bmy aktywnie konfrontowani z nienawi\u015bci\u0105. Ale co najgorsze, nasze obawy nie by\u0142y traktowane powa\u017cnie. Praktycznie przez nikogo. A ci, kt\u00f3rzy traktowali nas powa\u017cnie, byli nazywani prawicowymi konserwatystami, wyrzutkami, reakcjonistami. Poniewa\u017c ci absolutnie g\u0142upi ludzie powa\u017cnie ulegli praniu m\u00f3zgu, \u017ce Hamas jest post\u0119pow\u0105 organizacj\u0105, kt\u00f3r\u0105 nale\u017cy wspiera\u0107.<\/span><\/p>\n<p class=\"Paragraph_desktopParagraph__jAs4V\" style=\"text-align: left;\"><span style=\"color: #000080;\">Kilka tygodni temu mia\u0142am spotkanie z koleg\u0105, kt\u00f3ry towarzyszy\u0142 mi i wspiera\u0142 mnie przez jaki\u015b czas, kt\u00f3ry wie, jak to wszystko dzia\u0142a.\u00a0<strong>By\u0142 pewien, \u017ce jako \u017byd w Niemczech b\u0119dzie mile widziany we wszystkich kr\u0119gach aktywist\u00f3w i feministek<\/strong>, ale to, co s\u0142ysza\u0142 od miesi\u0119cy, sprawi\u0142o, \u017ce zaniem\u00f3wi\u0142.<\/span><\/p>\n<div class=\"Quote_center__ZDf1f\">\n<blockquote>\n<p class=\"Paragraph_desktopParagraph__jAs4V\" style=\"text-align: left;\"><strong>&#8220;Jestem dla nich nieodpowiednim \u017bydem&#8221; \u2014 to wszystko, co powiedzia\u0142, a ja odpowiedzia\u0142am: &#8220;Wiem&#8221;.<\/strong><\/p>\n<\/blockquote>\n<\/div>\n<p class=\"Paragraph_desktopParagraph__jAs4V\" style=\"text-align: left;\"><span style=\"color: #000080;\">Wystarczy by\u0107 syjonist\u0105, by zosta\u0107 nazwanym prawicowym konserwatyst\u0105. Wystarczy by\u0107 syjonist\u0105, by zosta\u0107 nazwanym rasist\u0105. Wystarczy by\u0107 syjonist\u0105, by zosta\u0107 nazwanym na Twitterze &#8220;starym bia\u0142ym cz\u0142owiekiem&#8221;.\u00a0<strong>Na przyk\u0142ad, gdybym publicznie opisa\u0142a i podzieli\u0142a si\u0119 nast\u0119puj\u0105cym do\u015bwiadczeniem z arabskim kierowc\u0105 Ubera, kt\u00f3re mia\u0142o miejsce 22 wrze\u015bnia 2023 roku,<\/strong>\u00a0spotka\u0142abym si\u0119 z nienawi\u015bci\u0105 ze strony du\u017cej cz\u0119\u015bci u\u017cytkownik\u00f3w. Teraz, w obliczu obecnej sytuacji, udost\u0119pni\u0142am to na Instagramie, poniewa\u017c opisuje to, z czym mamy do czynienia.<\/span><\/p>\n<aside><\/aside>\n<h4 class=\"Heading_headingElement__OGFWz\" style=\"text-align: left;\"><strong>&#8220;Wkr\u00f3tce, wkr\u00f3tce&#8221; \u2014 powiedzia\u0142 &#8220;Ju\u017c czas!&#8221;<\/strong><\/h4>\n<p class=\"Paragraph_desktopParagraph__jAs4V\" style=\"text-align: left;\"><span style=\"color: #000080;\">Oko\u0142o 21:30 wsiad\u0142am do mojego Ubera, aby uda\u0107 si\u0119 na otwarcie wystawy w Charlottenburgu. Kierowca od razu chcia\u0142 wiedzie\u0107, sk\u0105d jestem, bo ani nie wygl\u0105da\u0142am na Niemk\u0119, ani nie mia\u0142am niemieckiego imienia. Mirna, moje imi\u0119, jest szczeg\u00f3lnie popularne w Libanie. Dlatego zdarza mi si\u0119 to za ka\u017cdym razem, gdy bior\u0119 Ubera, r\u00f3wnie\u017c dlatego, \u017ce wi\u0119kszo\u015b\u0107 kierowc\u00f3w Ubera w Berlinie to Palesty\u0144czycy z Libanu. Powiedzia\u0142am, \u017ce jestem niemieck\u0105 \u017byd\u00f3wk\u0105.<\/span><\/p>\n<p class=\"Paragraph_desktopParagraph__jAs4V\" style=\"text-align: left;\"><span style=\"color: #000080;\">Odpowiedzia\u0142, \u017ce jest Palesty\u0144czykiem. Izrael wyja\u015bni\u0142, nie istnieje, \u017bydzi musz\u0105 wr\u00f3ci\u0107 do Anglii i Polski, Palestyna musi zosta\u0107 odzyskana od okupanta.\u00a0<strong>Wyja\u015bni\u0142am mu, \u017ce wi\u0119kszo\u015b\u0107 Izraelczyk\u00f3w pochodzi z kraj\u00f3w arabskich, byli tam prze\u015bladowani i wyp\u0119dzeni i nie maj\u0105 dok\u0105d wraca\u0107<\/strong>. Skin\u0105\u0142 g\u0142ow\u0105, \u017ce to &#8220;syjonistyczne k\u0142amstwo&#8221;: wszyscy biali Europejczycy i kolonizatorzy, mrukn\u0105\u0142 [\u2026].<\/span><\/p>\n<p class=\"Paragraph_desktopParagraph__jAs4V\" style=\"text-align: left;\"><span style=\"color: #000080;\">Chcia\u0142am wiedzie\u0107, czy kiedykolwiek by\u0142 w Izraelu, w ko\u0144cu mia\u0142 niemiecki paszport i m\u00f3g\u0142 tam pojecha\u0107 w ka\u017cdej chwili. Odpowiedzia\u0142 tylko, \u017ce pojedzie do Palestyny, gdy wszyscy \u017bydzi zostan\u0105 zamordowani. Natychmiast skontaktowa\u0142am si\u0119 z przyjacielem na WhatsApp, zrobi\u0142em zrzut ekranu aplikacji Uber i informacji o kierowcy i napisa\u0142am<\/span><\/p>\n<div class=\"Quote_center__ZDf1f\">\n<blockquote>\n<p class=\"Paragraph_desktopParagraph__jAs4V\" style=\"text-align: left;\"><strong>&#8220;Tutaj, na wypadek, gdyby co\u015b mi si\u0119 sta\u0142o. Ten facet be\u0142kocze co\u015b o wyje\u017adzie do Palestyny, kiedy wszyscy \u017bydzi umr\u0105 i takie tam&#8221;<\/strong><\/p>\n<\/blockquote>\n<\/div>\n<p class=\"Paragraph_desktopParagraph__jAs4V\" style=\"text-align: left;\"><span style=\"color: #000080;\">Przez kilka minut by\u0142am przera\u017cona, nie wiedzia\u0142am, co robi\u0107, k\u0142\u00f3ci\u0142am si\u0119, poniewa\u017c chcia\u0142am pokaza\u0107 si\u0142\u0119, a potem wysiad\u0142am w miejscu docelowym.<\/span><\/p>\n<div class=\"Quote_center__ZDf1f\">\n<blockquote>\n<p class=\"Paragraph_desktopParagraph__jAs4V\" style=\"text-align: left;\"><strong>&#8220;Wkr\u00f3tce, wkr\u00f3tce. Nadejdzie czas!&#8221; \u2013 rzuci\u0142 kierowca na po\u017cegnanie.<\/strong><\/p>\n<\/blockquote>\n<\/div>\n<p class=\"Paragraph_desktopParagraph__jAs4V\" style=\"text-align: left;\"><span style=\"color: #000080;\">Chcia\u0142abym w tym miejscu podkre\u015bli\u0107, \u017ce nie ka\u017cdy Arab, nie ka\u017cdy Palesty\u0144czyk i z pewno\u015bci\u0105 nie ka\u017cdy zwolennik narodu palesty\u0144skiego zaprzecza prawu Izraela do istnienia i chce mordowa\u0107 \u017byd\u00f3w, ale chcia\u0142am r\u00f3wnie\u017c podkre\u015bli\u0107, \u017ce jest zbyt wielu, kt\u00f3rzy widz\u0105 to dok\u0142adnie w ten spos\u00f3b, kt\u00f3rzy mog\u0105 to powiedzie\u0107 publicznie i kt\u00f3rzy s\u0105 celebrowani za swoje stanowisko.\u00a0<strong>Hamas jest finansowan\u0105 przez Iran organizacj\u0105 terrorystyczn\u0105, kt\u00f3ra kontroluje Stref\u0119 Gazy od 18 lat.<\/strong>\u00a0Nie mieszka tam ju\u017c ani jeden \u017byd. Podobnie jak w wi\u0119kszo\u015bci kraj\u00f3w arabskich nie ma ju\u017c \u017byd\u00f3w, poniewa\u017c zostali wyp\u0119dzeni lub zamordowani i nie mogli prze\u017cy\u0107 nawet jednego dnia.<\/span><\/p>\n<p class=\"Paragraph_desktopParagraph__jAs4V\" style=\"text-align: left;\"><span style=\"color: #000080;\">Kiedy ludzie m\u00f3wi\u0105 o czystkach etnicznych dokonywanych przez Izraelczyk\u00f3w na Palesty\u0144czykach, wszystkie statystyki i fakty ulatniaj\u0105 si\u0119. Nie patrzy si\u0119 r\u00f3wnie\u017c na rozw\u00f3j populacji arabskiej w Izraelu, na Zachodnim Brzegu czy w Strefie Gazy, poniewa\u017c liczby te zaprzeczaj\u0105 tak popularnemu stwierdzeniu. Nie patrzy si\u0119 r\u00f3wnie\u017c na brak \u017byd\u00f3w w krajach arabskich, poniewa\u017c liczby te potwierdzi\u0142yby, gdzie naprawd\u0119 mia\u0142y miejsce czystki etniczne. Niemniej jednak wielu niemieckim mediom pozwala si\u0119 na opowiadanie i rozpowszechnianie tych bajek. Tak, konflikt izraelsko-arabski jest skomplikowany, zw\u0142aszcza \u017ce nie ogranicza si\u0119 do samego obszaru, ale mo\u017cna go opisa\u0107 przede wszystkim jako aren\u0119 konflikt\u00f3w wewn\u0105trz arabskich.<\/span><\/p>\n<p class=\"Paragraph_desktopParagraph__jAs4V\" style=\"text-align: left;\"><span style=\"color: #000080;\">W ci\u0105gu ostatnich 72 godzin dzieci, kobiety i starcy zostali zabrani do Strefy Gazy. W mediach spo\u0142eczno\u015bciowych i na Telegramie\u00a0<strong>udost\u0119pniono filmy wideo celebruj\u0105ce egzekucje, pokazuj\u0105ce \u017cydowskie kobiety gwa\u0142cone przez terroryst\u00f3w Hamasu<\/strong>, a nast\u0119pnie cia\u0142a te s\u0105 wleczone, ci\u0105gni\u0119te lub przewo\u017cone przez Gaz\u0119, aby uczci\u0107 to, co im zrobiono.<\/span><\/p>\n<p class=\"Paragraph_desktopParagraph__jAs4V\" style=\"text-align: left;\"><span style=\"color: #000080;\">A niemieckie feministki? One milcz\u0105. Te, kt\u00f3re pisa\u0142y ksi\u0105\u017cki o kobietob\u00f3jstwie, te, kt\u00f3re pisa\u0142y ksi\u0105\u017cki o emancypacji kobiet, te, kt\u00f3re przez lata wyst\u0119powa\u0142y jako obro\u0144czynie \u017cycia kobiet, milcz\u0105. Nie dlatego, \u017ce konflikt jest tak skomplikowany, ale dlatego, \u017ce ich antysemicki \u015bwiatopogl\u0105d jest g\u0142\u0119boko wpisany w ich to\u017csamo\u015b\u0107. Kiedy \u017cydowska kobieta jest gwa\u0142cona i torturowana przez grup\u0119 m\u0119\u017cczyzn, kiedy jest zmuszona zadzwoni\u0107 do swojej matki, aby ta musia\u0142a wys\u0142ucha\u0107 tego, co robi si\u0119 jej c\u00f3rce, s\u0105 to oczywi\u015bcie dla wielu w tym kraju, ale obecnie tak\u017ce na ca\u0142ym \u015bwiecie, &#8220;uzasadnione \u015brodki palesty\u0144skiego ruchu wolno\u015bciowego&#8221;.<\/span><\/p>\n<h4 class=\"Heading_headingElement__OGFWz\" style=\"text-align: left;\"><strong>Chodzi o eksterminacj\u0119<\/strong><\/h4>\n<p class=\"Paragraph_desktopParagraph__jAs4V\" style=\"text-align: left;\"><span style=\"color: #000080;\">Martwi ludzie opluwani, uprowadzone izraelskie dzieci n\u0119kane, bite, kopane na \u017cywo przez palesty\u0144skie dzieci i doros\u0142ych w Gazie. Niemowl\u0119ta zastrzelone podczas snu, starsze kobiety porwane z dom\u00f3w i zabrane do Gazy, gdzie nagrano z nimi okropne filmy. Ci, kt\u00f3rzy nie zostali zamordowani przez palesty\u0144skich terroryst\u00f3w 7 pa\u017adziernika, zostali wys\u0142ani w marszu \u015bmierci do Gazy, gdzie zostali ukryci.<\/span><\/p>\n<p class=\"Paragraph_desktopParagraph__jAs4V\" style=\"text-align: left;\"><span style=\"color: #000080;\">To, co stanie si\u0119 z oko\u0142o 200 osobami, kt\u00f3re s\u0105 teraz w Gazie jako \u017cydowscy zak\u0142adnicy w r\u0119kach szale\u0144c\u00f3w, jest nie do pomy\u015blenia.\u00a0<strong>W tej sekundzie kolejna m\u0142oda dziewczyna mo\u017ce zosta\u0107 zgwa\u0142cona przez Palesty\u0144czyk\u00f3w, a jej nagranie opublikowane w Internecie, w tej sekundzie kolejna dziewczyna mo\u017ce zosta\u0107 zmuszona do zadzwonienia do swojej matk<\/strong>i i opowiedzenia o swoim gwa\u0142cie i zbli\u017caj\u0105cej si\u0119 \u015bmierci. To w\u0142a\u015bnie dzieje si\u0119 od rana 7 pa\u017adziernika i b\u0119dzie si\u0119 dzia\u0142o, dop\u00f3ki zak\u0142adnicy nie zostan\u0105 uwolnieni. Jednak szansa na to jest niewielka.<\/span><\/p>\n<p class=\"Paragraph_desktopParagraph__jAs4V\" style=\"text-align: left;\"><span style=\"color: #000080;\">Ideologia islamska jest antysemicka. Hamas jest antysemicki. Jego celem jest zabijanie \u017byd\u00f3w. Dlatego \u017bydzi w diasporze, kt\u00f3rzy nie mieszkaj\u0105 w Izraelu, s\u0105 obecnie zagro\u017ceni. To dlatego b\u0119dziemy \u015bwiadkami podpale\u0144 synagog, jak mia\u0142o to miejsce latem 2014 roku, kt\u00f3re w niemieckich s\u0105dach b\u0119d\u0105 nazywane &#8220;krytyk\u0105 Izraela&#8221;. Ci, kt\u00f3rzy nadal twierdz\u0105, \u017ce nie chodzi o eksterminacj\u0119 narodu \u017cydowskiego, nie znaj\u0105 Karty Hamasu ani nie studiowali ideologii islamskiej.<\/span><\/p>\n<p class=\"Paragraph_desktopParagraph__jAs4V\" style=\"text-align: left;\"><span style=\"color: #000080;\">To, czego musieli\u015bmy do\u015bwiadczy\u0107 w Izraelu od soboty i co widzieli\u015bmy w mediach, to nie strajk wyzwole\u0144czy, nieuzasadniona krytyka Izraela, nie walka o wi\u0119cej praw cz\u0142owieka, ale okropna nienawi\u015b\u0107, kt\u00f3ra utorowa\u0142a sobie drog\u0119. To ludzka otch\u0142a\u0144 i nieludzkie zachowanie, kt\u00f3re nale\u017cy pot\u0119pi\u0107 ze wszystkich stron. Nie chc\u0119 wi\u0119cej s\u0142ysze\u0107 od \u017cadnego z tych aktywist\u00f3w s\u0142\u00f3w o antysemityzmie, nie chc\u0119 wi\u0119cej czyta\u0107 od nich &#8220;nigdy wi\u0119cej&#8221;, a ju\u017c na pewno \u017cadnego feministycznego o\u015bwiadczenia, je\u015bli teraz publicznie nie zdystansuj\u0105 si\u0119 od tych czyn\u00f3w.<\/span><\/p>\n<hr \/>\n<p class=\"Paragraph_desktopParagraph__jAs4V\" style=\"text-align: left;\"><span style=\"color: #808080;\"><em><strong>Mirna Funk<\/strong>\u00a0jest niemieck\u0105 dziennikark\u0105, autork\u0105 i feministk\u0105. Pracuje jako niezale\u017cna dziennikarka dla takich tytu\u0142\u00f3w jak Die Welt, Der Freitag i Zeit Magazin i publikuje teksty na temat kultury, spo\u0142ecze\u0144stwa i sztuki. Latem 2014 r. przeprowadza\u0142a wywiady z Izraela dla Zeit Magazine i pisa\u0142a o swoim \u017cyciu podczas konfliktu izraelsko-palesty\u0144skiego w Gazie w 2014 r.<\/em><\/span><\/p>\n<\/div>\n<hr style=\"height: 15px; background: #d0e6fa; width: 100%;\" \/>\n<div id=\"content\" class=\"content-alignment\">\n<div id=\"watch-description\" class=\"yt-uix-button-panel\">\n<div id=\"watch-description-text\" style=\"text-align: center;\">\n<p><em>Zawarto\u015b\u0107 publikowanych artyku\u0142\u00f3w i materia\u0142\u00f3w nie reprezentuje pogl\u0105d\u00f3w ani opinii Reunion&#8217;68,<\/em><em><br \/>\nani te\u017c webmastera Blogu Reunion&#8217;68, chyba ze jest to wyra\u017anie zaznaczone.<br \/>\nTwoje uwagi, linki, w\u0142asne artyku\u0142y lub wiadomo\u015bci prze\u015blij na adres:<br \/>\n<\/em><span style=\"color: #000080;\"><strong><em><a style=\"color: #000080;\" href=\"mailto:webmaster@reunion68.com\"><span style=\"text-decoration: underline;\">webmaster@reunion68.com<\/span><\/a><\/em><\/strong><\/span><\/p>\n<\/div>\n<\/div>\n<\/div>\n<hr style=\"width: 100%;\" \/>\n","protected":false},"excerpt":{"rendered":"<p>Porwana Noa Argamani oraz autorka WELT Mirna Funk Jestem \u017byd\u00f3wk\u0105, w Uberze spotka\u0142am Palesty\u0144czyka. &#8220;Wkr\u00f3tce nadejdzie czas&#8221; Mirna Funk Min\u0119\u0142y ponad cztery dni, odk\u0105d palesty\u0144ska organizacja terrorystyczna Hamas wypowiedzia\u0142a wojn\u0119 Izraelowi. W chwili, gdy to pisz\u0119, potwierdzono, \u017ce ponad tysi\u0105c Izraelczyk\u00f3w zosta\u0142o zamordowanych, 3,5 tys. jest rannych, a ponad 200 zosta\u0142o uprowadzonych do Gazy. W\u015br\u00f3d [&hellip;]<\/p>\n","protected":false},"author":1,"featured_media":0,"comment_status":"closed","ping_status":"closed","sticky":false,"template":"","format":"standard","meta":[],"categories":[6],"tags":[26,24],"_links":{"self":[{"href":"https:\/\/www.reunion68.se\/index.php?rest_route=\/wp\/v2\/posts\/107776"}],"collection":[{"href":"https:\/\/www.reunion68.se\/index.php?rest_route=\/wp\/v2\/posts"}],"about":[{"href":"https:\/\/www.reunion68.se\/index.php?rest_route=\/wp\/v2\/types\/post"}],"author":[{"embeddable":true,"href":"https:\/\/www.reunion68.se\/index.php?rest_route=\/wp\/v2\/users\/1"}],"replies":[{"embeddable":true,"href":"https:\/\/www.reunion68.se\/index.php?rest_route=%2Fwp%2Fv2%2Fcomments&post=107776"}],"version-history":[{"count":7,"href":"https:\/\/www.reunion68.se\/index.php?rest_route=\/wp\/v2\/posts\/107776\/revisions"}],"predecessor-version":[{"id":107785,"href":"https:\/\/www.reunion68.se\/index.php?rest_route=\/wp\/v2\/posts\/107776\/revisions\/107785"}],"wp:attachment":[{"href":"https:\/\/www.reunion68.se\/index.php?rest_route=%2Fwp%2Fv2%2Fmedia&parent=107776"}],"wp:term":[{"taxonomy":"category","embeddable":true,"href":"https:\/\/www.reunion68.se\/index.php?rest_route=%2Fwp%2Fv2%2Fcategories&post=107776"},{"taxonomy":"post_tag","embeddable":true,"href":"https:\/\/www.reunion68.se\/index.php?rest_route=%2Fwp%2Fv2%2Ftags&post=107776"}],"curies":[{"name":"wp","href":"https:\/\/api.w.org\/{rel}","templated":true}]}}