{"id":107798,"date":"2023-10-14T17:09:46","date_gmt":"2023-10-14T15:09:46","guid":{"rendered":"http:\/\/www.reunion68.se\/?p=107798"},"modified":"2023-10-14T15:29:43","modified_gmt":"2023-10-14T13:29:43","slug":"23-09-90","status":"publish","type":"post","link":"https:\/\/www.reunion68.se\/?p=107798","title":{"rendered":"UE podzielona w sprawie funduszy dla Palestyny. Niemcy i Austria zawiesi\u0142y pomoc"},"content":{"rendered":"<p style=\"text-align: center;\"><img decoding=\"async\" class=\"aligncenter\" src=\"https:\/\/bi.im-g.pl\/im\/b9\/e5\/1c\/z30300089AMP,Palestynczycy-uciekaja-z-poludniowej-czesci-Strefy.jpg\" width=\"100%\" \/><span style=\"color: #808080;\"><em>Palesty\u0144czycy uciekaj\u0105 z po\u0142udniowej cz\u0119\u015bci Strefy Gazy. (Fot. Hatem Moussa \/ AP Photo)<\/em><\/span><\/p>\n<hr \/>\n<h5 style=\"text-align: center;\"><a href=\"https:\/\/wyborcza.pl\/\" target=\"_blank\" rel=\"noopener noreferrer\"><img decoding=\"async\" class=\"center alignleft\" src=\"http:\/\/www.reunion68.com\/Biuletyn\/img\/wyborcza.png\" alt=\"\" width=\"35%\" \/><\/a><span style=\"text-decoration: underline; color: #000080;\"><strong><a style=\"color: #000080; text-decoration: underline;\" href=\"https:\/\/wyborcza.pl\/7,82983,30299882,ue-podzielona-w-sprawie-funduszy-dla-palestyny-niemcy-i-austria.html\" target=\"_blank\" rel=\"noopener noreferrer\">UE podzielona w sprawie funduszy dla Palestyny. Niemcy i Austria zawiesi\u0142y pomoc<\/a><\/strong><\/span><\/h5>\n<p style=\"text-align: center;\"><span style=\"color: #000000;\"><strong>Alicja Gardulska<\/strong><\/span><\/p>\n<hr style=\"height: 15px; background: #d0e6fa; width: 100%;\" \/>\n<h4 style=\"text-align: center;\"><span style=\"color: #000000;\"><strong>Po ataku Hamasu na Izrael pojawi\u0142y si\u0119 pytania o to, jak wykorzystywana jest pomoc udzielana przez Uni\u0119 Europejsk\u0105 Palestynie.<\/strong><\/span><\/h4>\n<p>.<\/p>\n<p class=\"text--paragraph\" style=\"text-align: left;\"><span style=\"color: #000080;\">Niespodziewany atak Hamasu ze Strefy Gazy\u00a0<a id=\"LinkArea:embed_link\" class=\"text--link \" style=\"color: #000080;\" title=\"ca\u0142kowicie zaskoczy\u0142 Izrael w sobot\u0119 rano\" href=\"https:\/\/wyborcza.pl\/7,75399,30282888,atak-hamasu-na-izrael-mogl-byc-przygotowywany-od-lat.html#S.embed_link-K.C-B.1-L.1.zw\" rel=\"dofollow\" data-bd-viewability=\"1\" data-bd-viewability-id=\"embed_link\" data-bd-viewability-href=\"https:\/\/wyborcza.pl\/7,75399,30282888,atak-hamasu-na-izrael-mogl-byc-przygotowywany-od-lat.html#S.embed_link-K.C-B.1-L.1.zw\">ca\u0142kowicie zaskoczy\u0142 Izrael w sobot\u0119 rano<\/a>. Europejscy przyw\u00f3dcy natychmiast pot\u0119pili ten akt terroru. &#8211; Ta przemoc nie jest ani rozwi\u0105zaniem politycznym, ani aktem odwagi.\u00a0<a id=\"LinkArea:embed_link\" class=\"text--link \" style=\"color: #000080;\" title=\"To czysty terroryzm i Izrael ma prawo si\u0119 broni\u0107\" href=\"https:\/\/wyborcza.pl\/7,75399,30296413,izrael-palestynczycy-najsmutniejsza-wojna-swiata.html#S.embed_link-K.C-B.1-L.2.zw\" rel=\"dofollow\" data-bd-viewability=\"1\" data-bd-viewability-id=\"embed_link\" data-bd-viewability-href=\"https:\/\/wyborcza.pl\/7,75399,30296413,izrael-palestynczycy-najsmutniejsza-wojna-swiata.html#S.embed_link-K.C-B.1-L.2.zw\">To czysty terroryzm i Izrael ma prawo si\u0119 broni\u0107<\/a>\u00a0&#8211; powiedzia\u0142a Ursula von der Leyen, przewodnicz\u0105ca Komisji Europejskiej.<\/span><\/p>\n<p class=\"text--paragraph\" style=\"text-align: left;\"><span style=\"color: #000080;\">W wielu europejskich miastach pojawi\u0142y si\u0119 symbole solidarno\u015bci oraz demonstracje wsparcia dla Izraela. W ubieg\u0142y weekend w Madrycie, Sztokholmie, Rzymie, Monachium i Londynie ludzie wyszli na ulice, by okaza\u0107 wsparcie tak\u017ce\u00a0Palestynie.\u00a0&#8211;\u00a0<a id=\"LinkArea:embed_link\" class=\"text--link \" style=\"color: #000080;\" title=\"Cywile w Palestynie \u017cyj\u0105 w stanie obl\u0119\u017cenia od tak dawna\" href=\"https:\/\/wyborcza.pl\/7,75399,30298542,mieszkancy-uciekaja-z-polnocnej-gazy-obroncy-praw-czlowieka.html#S.embed_link-K.C-B.1-L.3.zw\" rel=\"dofollow\" data-bd-viewability=\"1\" data-bd-viewability-id=\"embed_link\" data-bd-viewability-href=\"https:\/\/wyborcza.pl\/7,75399,30298542,mieszkancy-uciekaja-z-polnocnej-gazy-obroncy-praw-czlowieka.html#S.embed_link-K.C-B.1-L.3.zw\">Cywile w Palestynie \u017cyj\u0105 w stanie obl\u0119\u017cenia od tak dawna<\/a>\u00a0i to jest reakcja na to. Oczywi\u015bcie zabijanie kogokolwiek nigdy nie jest usprawiedliwione. Ale nie mo\u017cna tego rozpatrywa\u0107\u00a0tylko w oparciu o to co zdarzy\u0142o si\u0119\u00a0w weekend. Trzeba spojrze\u0107 na histori\u0119 konfliktu &#8211; przekonywa\u0142a uczestniczka protestu w Madrycie.<\/span><\/p>\n<p class=\"text--paragraph\" style=\"text-align: left;\"><span style=\"color: #000080;\">Brutalny atak Hamasu wywo\u0142a\u0142 debat\u0119 i silne emocje. Tydzie\u0144 zacz\u0105\u0142 si\u0119 od demonstracji w Pary\u017cu, Londynie i Brukseli, podczas kt\u00f3rych tysi\u0105ce os\u00f3b deklarowa\u0142o poparcie dla Izraela. Zacz\u0119\u0142y nasila\u0107 si\u0119 apele o wstrzymanie pomocy rozwojowej dla terytori\u00f3w palesty\u0144skich.<\/span><\/p>\n<p class=\"text--paragraph\"><b>Zobacz wideo:\u00a0<\/b><\/p>\n<div id=\"content\" class=\"content-alignment\">\n<div id=\"watch-description\" class=\"yt-uix-button-panel\">\n<div id=\"watch-description-text\" style=\"text-align: center;\">\n<p><iframe loading=\"lazy\" title=\"Cena pokoju: europejska pomoc dla Palestyny pod lup\u0105 | ARTE: Tydzie\u0144 w Europie\" src=\"https:\/\/www.youtube.com\/embed\/fhfnGTO_2X8\" width=\"680\" height=\"400\" frameborder=\"0\" allowfullscreen=\"allowfullscreen\"><\/iframe><\/p>\n<\/div>\n<\/div>\n<\/div>\n<h4 class=\"text--title font-head-700\" style=\"text-align: left;\"><strong>Finanse Palestyny. Ile pieni\u0119dzy p\u0142ynie tam z Unii Europejskiej?<\/strong><\/h4>\n<p class=\"text--paragraph\" style=\"text-align: left;\"><span style=\"color: #000080;\">Pa\u0144stwo palesty\u0144skie jest ca\u0142kowicie zale\u017cne od pomocy. Bez finansowania ze strony spo\u0142eczno\u015bci mi\u0119dzynarodowej 5 milion\u00f3w mieszka\u0144c\u00f3w nie by\u0142oby w stanie przetrwa\u0107. Wed\u0142ug ONZ jedna trzecia ludno\u015bci \u017cyje poni\u017cej granicy ub\u00f3stwa. Wi\u0119kszo\u015b\u0107 z nich w Strefie Gazy.\u00a0<\/span><\/p>\n<p class=\"text--paragraph\" style=\"text-align: left;\"><span style=\"color: #000080;\">Ka\u017cdego roku spo\u0142eczno\u015b\u0107 mi\u0119dzynarodowa przekazuje ponad 2 miliardy euro pomocy. Na szczycie listy darczy\u0144c\u00f3w s\u0105 kraje europejskie, kt\u00f3re dostarczaj\u0105 ponad po\u0142ow\u0119 wszystkich funduszy. Jest ona przekazywana w ramach kilku r\u00f3\u017cnych program\u00f3w organizowanych nie tylko przez UE, ale tak\u017ce przez poszczeg\u00f3lne kraje.\u00a0<\/span><\/p>\n<div class=\"is-initialized\" style=\"text-align: left;\" data-mc-placeholder-id=\"PLDM_NEWSLT2\"><\/div>\n<p class=\"text--paragraph\" style=\"text-align: left;\"><span style=\"color: #000080;\">Wi\u0119kszo\u015b\u0107 pomocy trafia do UNRWA &#8211; agencji ONZ ds. Pomocy Uchod\u017acom Palesty\u0144skim na Bliskim Wschodzie. Same kraje unijne finansuj\u0105 40 proc. bud\u017cetu tej agencji, kt\u00f3ra zapewnia Palesty\u0144czykom podstawowe us\u0142ugi w zakresie edukacji, opieki zdrowotnej, wy\u017cywienia i zakwaterowania.\u00a0<a id=\"LinkArea:embed_link\" class=\"text--link \" style=\"color: #000080;\" title=\"G\u0142\u00f3wnym darczy\u0144c\u0105 s\u0105 Niemcy\" href=\"https:\/\/wyborcza.pl\/7,75399,30293565,rosna-antysemickie-nastroje-w-niemczech-scholz-zakazuje-dzialalnosci.html#S.embed_link-K.C-B.1-L.5.zw\" rel=\"dofollow\" data-bd-viewability=\"1\" data-bd-viewability-id=\"embed_link\" data-bd-viewability-href=\"https:\/\/wyborcza.pl\/7,75399,30293565,rosna-antysemickie-nastroje-w-niemczech-scholz-zakazuje-dzialalnosci.html#S.embed_link-K.C-B.1-L.5.zw\">G\u0142\u00f3wnym darczy\u0144c\u0105 s\u0105 Niemcy<\/a>.\u00a0W 2020 roku samodzielnie sfinansowa\u0142y 17 proc. bud\u017cetu tej agencji.\u00a0<\/span><\/p>\n<p class=\"text--paragraph\" style=\"text-align: left;\"><span style=\"color: #000080;\">Komisja Europejska finansuje tak\u017ce w\u0142adze palesty\u0144skie za po\u015brednictwem PEGASE, mechanizmu stworzonego w 2008 roku, by pom\u00f3c Palestynie sta\u0107 si\u0119 funkcjonuj\u0105cym pa\u0144stwem z w\u0142asnymi instytucjami zdolnymi do \u015bwiadczenia us\u0142ug publicznych. KE wyp\u0142aca pensje i\u00a0<a style=\"color: #000080;\" href=\"http:\/\/wyborcza.biz\/biznes\/7,147880,25515096,jakie-beda-podwyzki-emerytur-i-rent.html#anchorLink\">emerytury<\/a>\u00a0ponad 50 tys. urz\u0119dnik\u00f3w na Zachodnim Brzegu.\u00a0Ponadto r\u00f3\u017cne kraje UE udzielaj\u0105 r\u00f3wnie\u017c bezpo\u015bredniego wsparcia konkretnym projektom, jak cho\u0107by budowa infrastruktury w sektorach taj a rolnictwo, zasoby wodne i odnawialne \u017ar\u00f3d\u0142a energii.<\/span><\/p>\n<p class=\"text--paragraph\" style=\"text-align: left;\"><span style=\"color: #000080;\">Mo\u017cliwo\u015b\u0107 wspierania w\u0142adzy palesty\u0144skiej zosta\u0142a mocno ograniczona, kiedy w\u0142adz\u0119 w Strefie Gazy przej\u0105\u0142\u00a0<a id=\"LinkArea:embed_link\" class=\"text--link \" style=\"color: #000080;\" title=\"terrorystyczny Hamas\" href=\"https:\/\/wyborcza.pl\/7,75399,30291579,skad-wzial-sie-hamas-i-jak-urosl-do-rangi-rozgrywajacego-na.html#S.embed_link-K.C-B.1-L.6.zw\" rel=\"dofollow\" data-bd-viewability=\"1\" data-bd-viewability-id=\"embed_link\" data-bd-viewability-href=\"https:\/\/wyborcza.pl\/7,75399,30291579,skad-wzial-sie-hamas-i-jak-urosl-do-rangi-rozgrywajacego-na.html#S.embed_link-K.C-B.1-L.6.zw\">terrorystyczny Hamas<\/a>, finansowany przez Katar, Iran i Turcj\u0119.\u00a0<\/span><\/p>\n<h4 class=\"text--title font-head-700\" style=\"text-align: left;\"><span style=\"color: #000000;\"><strong>Co z miliardami euro, kt\u00f3re UE ma wys\u0142a\u0107 Palestynie?\u00a0<\/strong><\/span><\/h4>\n<p class=\"text--paragraph\" style=\"text-align: left;\"><span style=\"color: #000080;\">UE przeznaczy\u0142a dla Palestyny 1,8 mld euro do przysz\u0142ego roku, ale\u00a0<a id=\"LinkArea:embed_link\" class=\"text--link \" style=\"color: #000080;\" title=\"Komisja Europejska jest teraz podzielona co do tego, czy zamrozi\u0107 fundusze, czy nie\" href=\"https:\/\/wyborcza.pl\/7,75399,30285383,ue-izrael-ma-prawo-do-obrony-ale-pelna-blokada-gazy-to-pogwalcenie.html#S.embed_link-K.C-B.1-L.7.zw\" rel=\"dofollow\" data-bd-viewability=\"1\" data-bd-viewability-id=\"embed_link\" data-bd-viewability-href=\"https:\/\/wyborcza.pl\/7,75399,30285383,ue-izrael-ma-prawo-do-obrony-ale-pelna-blokada-gazy-to-pogwalcenie.html#S.embed_link-K.C-B.1-L.7.zw\">Komisja Europejska jest teraz podzielona co do tego, czy zamrozi\u0107 fundusze, czy nie<\/a>.\u00a0We wtorek rozmawiali o tym ministrowie praw zagranicznych w Omanie.\u00a0&#8211; Nie wsp\u00f3\u0142pracujemy z Hamasem, ale tak wspieramy i wsp\u00f3\u0142pracujemy z w\u0142adzami palesty\u0144skimi. Nie wszyscy Palesty\u0144czycy s\u0105 terrorystami. A wi\u0119c zbiorowe sankcje wobec wszystkich Palesty\u0144czyk\u00f3w b\u0119d\u0105 niesprawiedliwe i nieproduktywne &#8211; m\u00f3wi\u0142\u00a0Josep Borrell,\u00a0szef unijnej dyplomacji.\u00a0<\/span><\/p>\n<p class=\"text--paragraph\" style=\"text-align: left;\"><span style=\"color: #000080;\">To pogl\u0105d wielu, ale nie wszystkich pa\u0144stw cz\u0142onkowskich UE. Na przyk\u0142ad Niemcy i Austria ju\u017c cz\u0119\u015bciowo zawiesi\u0142y pomoc dla Palestyny.\u00a0Z drugiej strony\u00a0\u00a0<a style=\"color: #000080;\" href=\"https:\/\/wyborcza.pl\/0,128956.html?tag=francja#anchorLink\">Francja<\/a>\u00a0i Hiszpania naciskaj\u0105 na zwi\u0119kszenie wsparcia. Jedno jest pewne. Wszyscy b\u0119d\u0105 pilnowa\u0107 tego, by pomoc wys\u0142ana Palesty\u0144czykom nie wpad\u0142a w niepowo\u0142ane r\u0119ce.\u00a0<\/span><\/p>\n<h4 class=\"text--title font-head-700\" style=\"text-align: left;\"><strong>&#8220;Tydzie\u0144 w Europie&#8221;. Wsp\u00f3\u0142praca &#8220;Wyborczej&#8221; z francusko-niemieck\u0105 telewizj\u0105 ARTE<\/strong><\/h4>\n<p class=\"text--paragraph\" style=\"text-align: left;\"><span style=\"color: #000080;\">Nagrania przygotowane przez francusko-niemiecki kana\u0142 kulturalny ARTE przedstawiaj\u0105 europejskie wiadomo\u015bci tygodnia w swobodnym tonie. 15-minutowe odcinki omawiaj\u0105 wa\u017cne informacje polityczne, gospodarcze, spo\u0142eczne oraz kulturalne. W magazynie pojawiaj\u0105 si\u0119 te\u017c rozmowy z dziennikarzami, reporta\u017cowe nagrania z miejsc zdarze\u0144 i polecenia redakcji ARTE. Magazyn mo\u017cna ogl\u0105da\u0107 na ARTE.TV i Wyborcza.pl, a tak\u017ce na platformach innych partner\u00f3w projektu \u2013 opr\u00f3cz &#8220;Wyborczej&#8221; s\u0105 nimi &#8220;El Pa\u00eds&#8221;, &#8220;Le Soir&#8221;, &#8220;Internazionale&#8221;, &#8220;Kathimerini&#8221;, &#8220;Telex&#8221; i &#8220;Ir&#8221;. Dzi\u0119ki temu wa\u017cne bie\u017c\u0105ce informacje dotycz\u0105ce Europy mog\u0105 dociera\u0107 do szerokiego grona odbiorc\u00f3w a\u017c w o\u015bmiu wersjach j\u0119zykowych.<\/span><\/p>\n<hr style=\"height: 15px; background: #d0e6fa; width: 100%;\" \/>\n<div id=\"content\" class=\"content-alignment\">\n<div id=\"watch-description\" class=\"yt-uix-button-panel\">\n<div id=\"watch-description-text\" style=\"text-align: center;\">\n<p><em>Zawarto\u015b\u0107 publikowanych artyku\u0142\u00f3w i materia\u0142\u00f3w nie reprezentuje pogl\u0105d\u00f3w ani opinii Reunion&#8217;68,<\/em><em><br \/>\nani te\u017c webmastera Blogu Reunion&#8217;68, chyba ze jest to wyra\u017anie zaznaczone.<br \/>\nTwoje uwagi, linki, w\u0142asne artyku\u0142y lub wiadomo\u015bci prze\u015blij na adres:<br \/>\n<\/em><span style=\"color: #000080;\"><strong><em><a style=\"color: #000080;\" href=\"mailto:webmaster@reunion68.com\"><span style=\"text-decoration: underline;\">webmaster@reunion68.com<\/span><\/a><\/em><\/strong><\/span><\/p>\n<\/div>\n<\/div>\n<\/div>\n<hr style=\"width: 100%;\" \/>\n","protected":false},"excerpt":{"rendered":"<p>Palesty\u0144czycy uciekaj\u0105 z po\u0142udniowej cz\u0119\u015bci Strefy Gazy. (Fot. Hatem Moussa \/ AP Photo) UE podzielona w sprawie funduszy dla Palestyny. Niemcy i Austria zawiesi\u0142y pomoc Alicja Gardulska Po ataku Hamasu na Izrael pojawi\u0142y si\u0119 pytania o to, jak wykorzystywana jest pomoc udzielana przez Uni\u0119 Europejsk\u0105 Palestynie. . Niespodziewany atak Hamasu ze Strefy Gazy\u00a0ca\u0142kowicie zaskoczy\u0142 Izrael [&hellip;]<\/p>\n","protected":false},"author":1,"featured_media":0,"comment_status":"closed","ping_status":"closed","sticky":false,"template":"","format":"standard","meta":[],"categories":[6],"tags":[26,24],"_links":{"self":[{"href":"https:\/\/www.reunion68.se\/index.php?rest_route=\/wp\/v2\/posts\/107798"}],"collection":[{"href":"https:\/\/www.reunion68.se\/index.php?rest_route=\/wp\/v2\/posts"}],"about":[{"href":"https:\/\/www.reunion68.se\/index.php?rest_route=\/wp\/v2\/types\/post"}],"author":[{"embeddable":true,"href":"https:\/\/www.reunion68.se\/index.php?rest_route=\/wp\/v2\/users\/1"}],"replies":[{"embeddable":true,"href":"https:\/\/www.reunion68.se\/index.php?rest_route=%2Fwp%2Fv2%2Fcomments&post=107798"}],"version-history":[{"count":9,"href":"https:\/\/www.reunion68.se\/index.php?rest_route=\/wp\/v2\/posts\/107798\/revisions"}],"predecessor-version":[{"id":107811,"href":"https:\/\/www.reunion68.se\/index.php?rest_route=\/wp\/v2\/posts\/107798\/revisions\/107811"}],"wp:attachment":[{"href":"https:\/\/www.reunion68.se\/index.php?rest_route=%2Fwp%2Fv2%2Fmedia&parent=107798"}],"wp:term":[{"taxonomy":"category","embeddable":true,"href":"https:\/\/www.reunion68.se\/index.php?rest_route=%2Fwp%2Fv2%2Fcategories&post=107798"},{"taxonomy":"post_tag","embeddable":true,"href":"https:\/\/www.reunion68.se\/index.php?rest_route=%2Fwp%2Fv2%2Ftags&post=107798"}],"curies":[{"name":"wp","href":"https:\/\/api.w.org\/{rel}","templated":true}]}}