{"id":107905,"date":"2023-10-18T17:09:29","date_gmt":"2023-10-18T15:09:29","guid":{"rendered":"http:\/\/www.reunion68.se\/?p=107905"},"modified":"2023-10-18T14:03:05","modified_gmt":"2023-10-18T12:03:05","slug":"18-09-81","status":"publish","type":"post","link":"https:\/\/www.reunion68.se\/?p=107905","title":{"rendered":"Specjalny szczyt UE wok\u00f3\u0142 Izraela. Kraje Unii pr\u00f3buj\u0105 za\u0142agodzi\u0107 wewn\u0119trzne konflikty"},"content":{"rendered":"<p style=\"text-align: center;\"><img decoding=\"async\" class=\"aligncenter\" src=\"https:\/\/bi.im-g.pl\/im\/27\/e9\/1c\/z30315815AMP,Szefowa-Komisji-Europejskiej-Ursula-von-der-Leyen-.jpg\" width=\"100%\" \/><span style=\"color: #808080;\"><em>Szefowa Komisji Europejskiej Ursula von der Leyen, 18 pa\u017adziernika 2023 r. (Fot. Jean-Francois Badias \/ AP Photo)<\/em><\/span><\/p>\n<hr \/>\n<h5 style=\"text-align: center;\"><a href=\"https:\/\/wyborcza.pl\/\" target=\"_blank\" rel=\"noopener noreferrer\"><img decoding=\"async\" class=\"center alignleft\" src=\"http:\/\/www.reunion68.com\/Biuletyn\/img\/****\" alt=\"\" width=\"35%\" \/><\/a><span style=\"text-decoration: underline; color: #000080;\"><strong><a style=\"color: #000080; text-decoration: underline;\" href=\"https:\/\/wyborcza.pl\/7,75399,30315187,specjalny-szczyt-ue-wokol-izraela-kraje-unii-probuja-zalagodzic.html\" target=\"_blank\" rel=\"noopener noreferrer\">Specjalny szczyt UE wok\u00f3\u0142 Izraela. Kraje Unii pr\u00f3buj\u0105 za\u0142agodzi\u0107 wewn\u0119trzne konflikty<\/a><\/strong><\/span><\/h5>\n<p style=\"text-align: center;\"><span style=\"color: #000000;\"><strong>Tomasz Bielecki Deutsche Welle<\/strong><\/span><\/p>\n<hr style=\"height: 15px; background: #d0e6fa; width: 100%;\" \/>\n<div class=\"text--lead \" style=\"text-align: left;\" data-progress-bar-content=\"\"><span style=\"color: #000080;\">Przyw\u00f3dcy UE podkre\u015blaj\u0105, \u017ce konflikt na Bliskim Wschodzie nie odwr\u00f3ci uwagi Europy od Ukrainy. Ale Bruksela z trudem przezwyci\u0119\u017ca wewn\u0105trzunijne podzia\u0142y w kwestii Izraela.<\/span><\/div>\n<div class=\"article--content article--content-free  \">\n<p class=\"text--paragraph\" style=\"text-align: left;\"><span style=\"color: #000080;\">Terrorystyczny atak Hamasu na Izrael oraz izraelska odpowied\u017a w Strefie Gazy by\u0142y we wtorek wieczorem tematem telekonferencyjnego szczytu UE. Cho\u0107 w Brukseli mo\u017cna us\u0142ysze\u0107 od unijnych dyplomat\u00f3w o ryzyku gro\u017anego dla Ukrainy \u201eprzestawienia priorytet\u00f3w&#8221; w niekt\u00f3rych krajach Zachodu, to wynikiem szczytu s\u0105 oficjalne zapewnienia, \u017ce konflikt na Bliskim Wschodzie nic nie zmieni w kwestii wsparcia dla Kijowa.<\/span><\/p>\n<p class=\"text--paragraph\" style=\"text-align: left;\"><span style=\"color: #000080;\">\u2013 Niekt\u00f3rzy uwa\u017caj\u0105, \u017ce mog\u0105 odci\u0105gn\u0105\u0107 nas od wspierania Ukrainy, bo b\u0119dziemy musieli wybra\u0107, kogo wspiera\u0107. Udowodnimy, \u017ce si\u0119 myl\u0105. B\u0119dziemy wspiera\u0107 naszych przyjaci\u00f3\u0142 w potrzebie tak d\u0142ugo, jak b\u0119dzie to konieczne \u2013 zapewnia\u0142a po obradach Ursula von der Leyen, szefowa Komisji Europejskiej. Z kolei Charles Michel, przewodnicz\u0105cy Rady Europejskiej, przestrzega\u0142, \u017ce \u201eRosja ju\u017c pr\u00f3buje wykorzystywa\u0107 konflikt&#8221; na Bliskim Wschodzie do siana wrogiej propagandy wobec UE.<\/span><\/p>\n<\/div>\n<h4 class=\"text--title font-head-700\" style=\"text-align: left;\"><strong>Wypowied\u017a von der Leyen podzieli\u0142a UE<\/strong><\/h4>\n<p class=\"text--paragraph\" style=\"text-align: left;\"><span style=\"color: #000080;\">Rzeczywistym powodem pilnego zwo\u0142ania szczytu UE przez Michela (kolejny, planowy szczyt odb\u0119dzie si\u0119 ju\u017c za p\u00f3\u0142tora tygodnia) by\u0142y ostre wewn\u0119trzne konflikty w Unii wok\u00f3\u0142 reakcji na wydarzenia w Izraelu oraz Strefie Gazy. Von der Leyen w zesz\u0142ym tygodniu po podr\u00f3\u017cy do jednego z kibuc\u00f3w, gdzie Hamas dokona\u0142 masakry, deklarowa\u0142a, \u017ce \u201eEuropa stoi po stronie Izraela&#8221;.<\/span><\/p>\n<p class=\"text--paragraph\" style=\"text-align: left;\"><span style=\"color: #000080;\">\u2013 To najohydniejszy atak na \u017byd\u00f3w od czas\u00f3w Holokaustu. My\u015bleli\u015bmy, \u017ce to si\u0119 ju\u017c nigdy nie powt\u00f3rzy, a jednak tak si\u0119 sta\u0142o [&#8230;]. Wiem, \u017ce to, jak Izrael zareaguje, poka\u017ce, \u017ce jest demokracj\u0105 \u2013 zadeklarowa\u0142a von der Leyen w obecno\u015bci premiera Beniamina Netanjahu.<\/span><\/p>\n<p class=\"text--paragraph\" style=\"text-align: left;\"><span style=\"color: #000080;\">O ile w\u015br\u00f3d kraj\u00f3w UE panuje oczywista jedno\u015b\u0107 co do solidarno\u015bci wobec ofiar terrorystycznego ataku na Izraelczyk\u00f3w, to szersza ocena konfliktu bliskowschodniego bywa bardziej zr\u00f3\u017cnicowana. A brak jednoczesnego publicznego wezwania Izraela przez von der Leyen do poszanowania prawa humanitarnego wobec Palesty\u0144czyk\u00f3w wywo\u0142a\u0142 nadzwyczaj ostr\u0105 krytyk\u0119.<\/span><\/p>\n<p class=\"text--paragraph\" style=\"text-align: left;\"><span style=\"color: #000080;\">Michael Higgins, prezydent bodaj najmocniej oburzaj\u0105cej si\u0119 Irlandii, nazwa\u0142 \u201ebezmy\u015blnym&#8221; podej\u015bcie von der Leyen do obecnego konfliktu. Inni krytycy o wadze ci\u0119\u017cszej od Irlandii woleli komentarze zakulisowe. W\u015br\u00f3d krytykuj\u0105cych dyskretnie von der Leyen za przekraczanie uprawnie\u0144 kraj\u00f3w znajdowa\u0142a si\u0119\u00a0<a style=\"color: #000080;\" href=\"https:\/\/wyborcza.pl\/0,128956.html?tag=francja#anchorLink\">Francja<\/a>, kt\u00f3ra wysy\u0142a\u0142a sygna\u0142y, \u017ce szefowa KE nie ma mandatu do kreowania polityki zagranicznej UE. A odpowiedzialny za ni\u0105 szef unijnej dyplomacji Josep Borrell ju\u017c w ubieg\u0142ym tygodniu \u2013 po obradach unijnych szef\u00f3w MSZ \u2013 og\u0142osi\u0142, \u017ce Izrael \u0142amie prawo mi\u0119dzynarodowe, odcinaj\u0105c gazie wod\u0119, elektryczno\u015b\u0107, dostawy \u017cywno\u015bci.<\/span><\/p>\n<p class=\"text--paragraph\" style=\"text-align: left;\"><span style=\"color: #000080;\">W Brukseli pojawi\u0142y si\u0119 nawet zarzuty, \u017ce von der Leyen wr\u0119cz mimowolnie narzuca reszcie wra\u017cliwo\u015b\u0107 czy te\u017c \u201epodej\u015bcie niemieckie&#8221;, w kt\u00f3rym priorytetem jest sojusz z Izraelem. Na te podzia\u0142y na\u0142o\u017cy\u0142 si\u0119 d\u0142ugi konflikt mi\u0119dzy von der Leyen oraz Charlesem Michelem, kt\u00f3ry uwa\u017ca, \u017ce szefowa Komisji regularnie narusza jego uprawnienia w dziedzinie koordynacji polityki zagranicznej UE. \u2013 Wystarczy. To kolejny raz. Do\u015b\u0107 \u2013 m\u00f3wi\u0142 w przededniu szczytu UE wysoki urz\u0119dnik bliski Michelowi.<\/span><\/p>\n<p class=\"text--paragraph\" style=\"text-align: left;\"><span style=\"color: #000080;\">Krytycy von der Leyen przekonywali, \u017ce brak publicznej obrony prawa Palesty\u0144czyk\u00f3w podwa\u017ca wiarygodno\u015b\u0107 Unii wobec Globalnego Po\u0142udnia. \u2013 To r\u00f3wnie\u017c gro\u017aba podkr\u0119cania napi\u0119\u0107 spo\u0142ecznych w samych krajach UE \u2013 przekonywa\u0142 jeden z unijnych oficjeli w Brukseli.<\/span><\/p>\n<h4 class=\"text--title font-head-700\" style=\"text-align: left;\"><strong>Spory o \u201edyplomacj\u0119 megafonow\u0105&#8221;<\/strong><\/h4>\n<p class=\"text--paragraph\" style=\"text-align: left;\"><span style=\"color: #000080;\">Unijny szczyt potwierdzi\u0142 przyj\u0119te ju\u017c dwa dni wcze\u015bniej o\u015bwiadczenie przyw\u00f3dc\u00f3w 27 kraj\u00f3w Unii, w kt\u00f3rym pot\u0119piaj\u0105 oni Hamas, podkre\u015blaj\u0105 prawo Izraela do obrony, ale w granicach prawa mi\u0119dzynarodowego oraz z naciskiem na ochron\u0119 cywil\u00f3w. A ponadto podkre\u015blaj\u0105 przywi\u0105zanie UE do plan\u00f3w osi\u0105gni\u0119cia trwa\u0142ego pokoju opartego na \u201erozwi\u0105zaniu dwupa\u0144stwowym&#8221; (sabotowanym przez Netanjahu, zdaniem jego krytyk\u00f3w), czyli z Izraelem s\u0105siaduj\u0105cym z niepodleg\u0142\u0105 Palestyn\u0105. W unijnym o\u015bwiadczeniu ju\u017c nie padaj\u0105 s\u0142owa jednoznacznie wskazuj\u0105ce na sojusz Unii z Izraelem, ale ten tekst \u2013 jak t\u0142umaczy nam jeden z unijnych oficjeli \u2013 jest \u201emaksimum tego, co da\u0142o si\u0119 osi\u0105gn\u0105\u0107 w gronie 27 pa\u0144stw Unii&#8221;.<\/span><\/p>\n<p class=\"text--paragraph\" style=\"text-align: left;\"><span style=\"color: #000080;\">Sama von der Leyen ju\u017c po powrocie z podr\u00f3\u017cy do Izraela par\u0119 razy podkre\u015bla\u0142a potrzeb\u0119 poszanowania prawa humanitarnego przez Izraelczyk\u00f3w, a kierowana przez ni\u0105 Komisja Europejska potroi\u0142a tegoroczn\u0105 pomoc humanitarn\u0105 dla Palesty\u0144czyk\u00f3w do 75 mln euro i zapowiedzia\u0142a \u201eunijny humanitarny most powietrzny&#8221;, czyli regularne loty z pomoc\u0105 humanitarn\u0105.<\/span><\/p>\n<p class=\"text--paragraph\" style=\"text-align: left;\"><span style=\"color: #000080;\">Brukselscy obro\u0144cy von der Leyen przekonuj\u0105, \u017ce \u201edyplomacja megafonowa&#8221; stosowana wobec sojusznik\u00f3w bywa kontrproduktywna. A skoro szefowa Komisji mia\u0142a zwraca\u0107 uwag\u0119 na prawo humanitarne w zakulisowych rozmowach z Netanjahu, to mog\u0142a mie\u0107 nadziej\u0119 na wi\u0119ksz\u0105 skuteczno\u015b\u0107 takiej dyskretnej taktyki. \u2013 Wyja\u015bniamy w\u0142adzom Izraela, \u017ce dostarczanie wody do Strefy Gazy jest niezb\u0119dne. To podstawowe prawo cz\u0142owieka \u2013 powiedzia\u0142a von der Leyen ju\u017c po wtorkowym szczycie UE.<\/span><\/p>\n<h4 class=\"text--title font-head-700\" style=\"text-align: left;\"><strong>Co z funduszami pomocowymi?<\/strong><\/h4>\n<p class=\"text--paragraph\" style=\"text-align: left;\"><span style=\"color: #000080;\">Komisja Europejska kontynuuje przegl\u0105d program\u00f3w swej pomocy rozwojowej dla Palesty\u0144czyk\u00f3w (to fundusze odr\u0119bne od pomocy humanitarnej), by ponownie sprawdzi\u0107, czy po\u015brednio nie s\u0105 przeznaczane na dzia\u0142ania terrorystyczne. Bruksela deklaruje, \u017ce je\u015bli nie wykryje nieprawid\u0142owo\u015bci, to nie powinno to zak\u0142\u00f3ci\u0107 normalnego harmonogramu przelew\u00f3w (\u017caden nie by\u0142 planowany na pa\u017adziernik). Ta pomoc to 1,18 mld euro w latach 2021-24 (zosta\u0142o jeszcze 691 mln do wydania) w ramach wsp\u00f3lnego programu dla Zachodniego Brzegu oraz Strefy Gazy, kt\u00f3ra jest kontrolowana przez Hamas.<\/span><\/p>\n<p style=\"text-align: left;\"><span style=\"color: #000080;\">Jeden z wysokich urz\u0119dnik\u00f3w UE wyja\u015bnia, \u017ce zesz\u0142otygodniowe, mylne informacje o wstrzymaniu ca\u0142ej, czyli r\u00f3wnie\u017c humanitarnej, pomocy Unii zosta\u0142y uznane przez niekt\u00f3rych dyplomat\u00f3w UE w regionie za prowokacj\u0119 zagra\u017caj\u0105c\u0105 ich bezpiecze\u0144stwu. Cz\u0119\u015b\u0107 europos\u0142\u00f3w domaga si\u0119 teraz dymisji komisarza Olivera Varhelyiego (fundusze rozwojowe to jego dzia\u0142ka w Komisji), kt\u00f3rego wpisy w mediach spo\u0142eczno\u015bciowych przyczyni\u0142y si\u0119 do chaosu informacyjnego co do funduszy pomocowych dla Palesty\u0144czyk\u00f3w.<\/span><\/p>\n<h4 class=\"text--title font-head-700\" style=\"text-align: left;\"><span style=\"color: #000080;\"><strong>Europejscy zak\u0142adnicy<\/strong><\/span><\/h4>\n<p class=\"text--paragraph\" style=\"text-align: left;\"><span style=\"color: #000080;\">Ani Bruksela, ani cz\u0119\u015b\u0107 kraj\u00f3w Unii nie podaje publicznie swych dok\u0142adnych informacji o w\u0142asnych obywatelach (lub Izraelczykach z drugim, europejskim obywatelstwem) uprowadzonych przez Hamas podczas ataku na Izrael. Jednak wedle niekt\u00f3rych dyplomat\u00f3w UE to jeden z najwi\u0119kszych kryzys\u00f3w zak\u0142adniczych r\u00f3wnie\u017c w historii najnowszej Europy.<\/span><\/p>\n<p class=\"text--paragraph\" style=\"text-align: left;\"><span style=\"color: #000080;\">Brukselskie instytucje UE, pomimo intensywnych kontakt\u00f3w dyplomatycznych na Bliskim Wschodzie w ostatnich dniach, s\u0105 \u015bwiadome niewielkiej roli Europy w tym regionie. Wprawdzie Unia i jej kraje s\u0105 najwi\u0119kszym finansowym darczy\u0144c\u0105 Autonomii Palesty\u0144skiej, ale europejskie wp\u0142ywy politycznie blakn\u0105 wobec USA. Pomimo to Europejczycy staraj\u0105 si\u0119 teraz nak\u0142oni\u0107 Egipt do przyj\u0119cia cz\u0119\u015bci uchod\u017ac\u00f3w ze Strefy Gazy (na czas dzia\u0142a\u0144 militarnych Izraela), ale Kair odrzuca takie propozycje.<\/span><\/p>\n<hr style=\"height: 15px; background: #d0e6fa; width: 100%;\" \/>\n<div id=\"content\" class=\"content-alignment\">\n<div id=\"watch-description\" class=\"yt-uix-button-panel\">\n<div id=\"watch-description-text\" style=\"text-align: center;\">\n<p><em>Zawarto\u015b\u0107 publikowanych artyku\u0142\u00f3w i materia\u0142\u00f3w nie reprezentuje pogl\u0105d\u00f3w ani opinii Reunion&#8217;68,<\/em><em><br \/>\nani te\u017c webmastera Blogu Reunion&#8217;68, chyba ze jest to wyra\u017anie zaznaczone.<br \/>\nTwoje uwagi, linki, w\u0142asne artyku\u0142y lub wiadomo\u015bci prze\u015blij na adres:<br \/>\n<\/em><span style=\"color: #000080;\"><strong><em><a style=\"color: #000080;\" href=\"mailto:webmaster@reunion68.com\"><span style=\"text-decoration: underline;\">webmaster@reunion68.com<\/span><\/a><\/em><\/strong><\/span><\/p>\n<\/div>\n<\/div>\n<\/div>\n<hr style=\"width: 100%;\" \/>\n","protected":false},"excerpt":{"rendered":"<p>Szefowa Komisji Europejskiej Ursula von der Leyen, 18 pa\u017adziernika 2023 r. (Fot. Jean-Francois Badias \/ AP Photo) Specjalny szczyt UE wok\u00f3\u0142 Izraela. Kraje Unii pr\u00f3buj\u0105 za\u0142agodzi\u0107 wewn\u0119trzne konflikty Tomasz Bielecki Deutsche Welle Przyw\u00f3dcy UE podkre\u015blaj\u0105, \u017ce konflikt na Bliskim Wschodzie nie odwr\u00f3ci uwagi Europy od Ukrainy. Ale Bruksela z trudem przezwyci\u0119\u017ca wewn\u0105trzunijne podzia\u0142y w kwestii [&hellip;]<\/p>\n","protected":false},"author":1,"featured_media":0,"comment_status":"closed","ping_status":"closed","sticky":false,"template":"","format":"standard","meta":[],"categories":[6],"tags":[26,24],"_links":{"self":[{"href":"https:\/\/www.reunion68.se\/index.php?rest_route=\/wp\/v2\/posts\/107905"}],"collection":[{"href":"https:\/\/www.reunion68.se\/index.php?rest_route=\/wp\/v2\/posts"}],"about":[{"href":"https:\/\/www.reunion68.se\/index.php?rest_route=\/wp\/v2\/types\/post"}],"author":[{"embeddable":true,"href":"https:\/\/www.reunion68.se\/index.php?rest_route=\/wp\/v2\/users\/1"}],"replies":[{"embeddable":true,"href":"https:\/\/www.reunion68.se\/index.php?rest_route=%2Fwp%2Fv2%2Fcomments&post=107905"}],"version-history":[{"count":6,"href":"https:\/\/www.reunion68.se\/index.php?rest_route=\/wp\/v2\/posts\/107905\/revisions"}],"predecessor-version":[{"id":107923,"href":"https:\/\/www.reunion68.se\/index.php?rest_route=\/wp\/v2\/posts\/107905\/revisions\/107923"}],"wp:attachment":[{"href":"https:\/\/www.reunion68.se\/index.php?rest_route=%2Fwp%2Fv2%2Fmedia&parent=107905"}],"wp:term":[{"taxonomy":"category","embeddable":true,"href":"https:\/\/www.reunion68.se\/index.php?rest_route=%2Fwp%2Fv2%2Fcategories&post=107905"},{"taxonomy":"post_tag","embeddable":true,"href":"https:\/\/www.reunion68.se\/index.php?rest_route=%2Fwp%2Fv2%2Ftags&post=107905"}],"curies":[{"name":"wp","href":"https:\/\/api.w.org\/{rel}","templated":true}]}}