{"id":107962,"date":"2023-10-20T17:09:42","date_gmt":"2023-10-20T15:09:42","guid":{"rendered":"http:\/\/www.reunion68.se\/?p=107962"},"modified":"2023-10-20T16:26:37","modified_gmt":"2023-10-20T14:26:37","slug":"29-09-76","status":"publish","type":"post","link":"https:\/\/www.reunion68.se\/?p=107962","title":{"rendered":"Mocne przem\u00f3wienie Bidena o roli Ameryki na \u015bwiecie. &#8220;Hamas i Putin maj\u0105 ten sam cel&#8221;"},"content":{"rendered":"<p style=\"text-align: center;\"><img decoding=\"async\" class=\"aligncenter\" src=\"https:\/\/bi.im-g.pl\/im\/37\/ea\/1c\/z30321719AMP,Joe-Biden--zdjecie-ilustracyjne.jpg\" width=\"100%\"><span style=\"color: #808080;\"><em>Joe Biden, zdj\u0119cie ilustracyjne (Fot. Evan Vucci \/ AP Photo)<\/em><\/span><\/p>\n<hr>\n<h5 style=\"text-align: center;\"><a href=\"https:\/\/wyborcza.pl\/\" target=\"_blank\" rel=\"noopener noreferrer\"><img decoding=\"async\" class=\"center alignleft\" src=\"http:\/\/www.reunion68.com\/Biuletyn\/img\/wyborcza.png\" alt=\"\" width=\"35%\"><\/a><span style=\"text-decoration: underline; color: #000080;\"><strong><a style=\"color: #000080; text-decoration: underline;\" href=\"https:\/\/wyborcza.pl\/7,75399,30322416,mocne-przemowienie-bidena-o-roli-ameryki-na-swiecie-hamas.html\" target=\"_blank\" rel=\"noopener noreferrer\">Mocne przem\u00f3wienie Bidena o roli Ameryki na \u015bwiecie. &#8220;Hamas i Putin maj\u0105 ten sam cel&#8221;<\/a><\/strong><\/span><\/h5>\n<p style=\"text-align: center;\"><span style=\"color: #000000;\"><strong>Maciej Czarnecki<\/strong><\/span><\/p>\n<hr style=\"height: 15px; background: #d0e6fa; width: 100%;\">\n<p style=\"text-align: left;\"><span style=\"color: #000080;\">Joe Biden zwr\u00f3ci si\u0119 dzi\u015b do Kongresu o du\u017cy pakiet pomocy dla Ukrainy i Izraela. &#8211; Historia nauczy\u0142a nas, \u017ce gdy terrory\u015bci nie p\u0142ac\u0105 za sw\u00f3j terror, a dyktatorzy za agresj\u0119, powoduj\u0105 tylko wi\u0119cej chaosu, \u015bmierci i zniszcze\u0144 &#8211; przekonywa\u0142 prezydent w wyst\u0105pieniu do narodu nadanym z Gabinetu Owalnego.<\/span><\/p>\n<div class=\"article--underlead\" style=\"text-align: left;\"><span style=\"color: #000080;\">Ameryka\u0144ski prezydent w czwartek wieczorem wyg\u0142osi\u0142 swoje zaledwie drugie przem\u00f3wienie z Gabinetu Owalnego Bia\u0142ego Domu podczas dotychczasowej kadencji. Podkre\u015bla to, jak wa\u017cny moment nadszed\u0142.<\/span><\/div>\n<div class=\"article--content article--content-free  \" style=\"text-align: left;\">\n<p class=\"text--paragraph\"><span style=\"color: #000080;\">Biden, kt\u00f3ry&nbsp;<a id=\"LinkArea:embed_link\" class=\"text--link \" style=\"color: #000080;\" title=\"dopiero co wr\u00f3ci\u0142 z niebezpiecznej podr\u00f3\u017cy do Izraela, \" href=\"https:\/\/wyborcza.pl\/7,75399,30319194,po-co-bidenowi-byla-niebezpieczna-podroz-do-izraela.html#S.embed_link-K.C-B.1-L.1.zw\" rel=\"dofollow\" data-bd-viewability=\"1\" data-bd-viewability-id=\"embed_link\" data-bd-viewability-href=\"https:\/\/wyborcza.pl\/7,75399,30319194,po-co-bidenowi-byla-niebezpieczna-podroz-do-izraela.html#S.embed_link-K.C-B.1-L.1.zw\">dopiero co wr\u00f3ci\u0142 z niebezpiecznej podr\u00f3\u017cy do Izraela,&nbsp;<\/a>a potem jeszcze rozmawia\u0142 przez telefon z prezydentem Ukrainy Wo\u0142odymyrem Ze\u0142enskim, powiedzia\u0142, \u017ce &#8220;Hamas i Putin to r\u00f3\u017cne zagro\u017cenia, ale \u0142\u0105czy ich to, \u017ce chc\u0105 ca\u0142kowicie zniszczy\u0107 s\u0105siedni\u0105 demokracj\u0119&#8221;.<\/span><\/p>\n<\/div>\n<hr>\n<blockquote class=\"twitter-tweet\" data-width=\"550\" data-dnt=\"true\">\n<p lang=\"en\" dir=\"ltr\">\u201cHamas and Putin represent different threats, but they share this in common: They both want to completely annihilate a neighboring democracy.\u201d<\/p>\n<p>\u2014 President Biden in his primetime Oval Office address <a href=\"https:\/\/t.co\/t5baoMHeMg\">pic.twitter.com\/t5baoMHeMg<\/a><\/p>\n<p>&mdash; The Recount (@therecount) <a href=\"https:\/\/twitter.com\/therecount\/status\/1715159018367238554?ref_src=twsrc%5Etfw\">October 20, 2023<\/a><\/p><\/blockquote>\n<p><script async src=\"https:\/\/platform.twitter.com\/widgets.js\" charset=\"utf-8\"><\/script><\/p>\n<hr>\n<p style=\"text-align: left;\"><span style=\"color: #000080;\">Poinformowa\u0142, \u017ce ju\u017c dzi\u015b zwr\u00f3ci si\u0119 do Kongresu o pakiet wsparcia dla zagro\u017conych demokracji &#8211; Izraela i Ukrainy. Wed\u0142ug przeciek\u00f3w 60 mld dol. trafi\u0142oby do Ukrai\u0144c\u00f3w, a 10-14 mld dol. do Izraelczyk\u00f3w.<\/span><\/p>\n<p style=\"text-align: left;\"><span style=\"color: #000080;\">&#8211; To m\u0105dra inwestycja, kt\u00f3ra b\u0119dzie przynosi\u0107 zyski dla ameryka\u0144skiego bezpiecze\u0144stwa na pokolenia &#8211; doda\u0142 prezydent.<\/span><\/p>\n<h4 style=\"text-align: left;\"><strong>Biden: Brak reakcji na agresj\u0119 powoduje jeszcze wi\u0119cej koszt\u00f3w w przysz\u0142o\u015bci<\/strong><\/h4>\n<p style=\"text-align: left;\"><span style=\"color: #000080;\">&#8211; Historia nauczy\u0142a nas, \u017ce gdy terrory\u015bci nie p\u0142ac\u0105 ceny za sw\u00f3j terror, a dyktatorzy za swoj\u0105 agresj\u0119, powoduj\u0105 tylko wi\u0119cej chaosu, \u015bmierci i zniszcze\u0144. Dzia\u0142aj\u0105 w\u00f3wczas dalej, a koszty i zagro\u017cenia dla Ameryki i \u015bwiata tylko rosn\u0105 &#8211; powiedzia\u0142 Biden.<\/span><\/p>\n<p style=\"text-align: left;\"><span style=\"color: #000080;\">Oceni\u0142, \u017ce to &#8220;przyw\u00f3dztwo Ameryki trzyma \u015bwiat razem&#8221;, a sie\u0107 sojuszy zapewnia bezpiecze\u0144stwo samej Ameryce. Wspomina\u0142, jak w lutym wybra\u0142 si\u0119 poci\u0105giem z Polski do Ukrainy. &#8211; Gdy z niego wysiad\u0142em i spotka\u0142em si\u0119 z prezydentem Ze\u0142enskim, nie czu\u0142em si\u0119 sam. Przywioz\u0142em ameryka\u0144skie idea\u0142y, obietnic\u0119 Ameryki ludziom, kt\u00f3rzy walcz\u0105 dzi\u015b o to samo, o co walczyli\u015bmy 250 lat temu &#8211; stwierdzi\u0142.<\/span><\/p>\n<p style=\"text-align: left;\"><span style=\"color: #000080;\">&#8211; Nie mo\u017cemy pozwoli\u0107 na to, by ma\u0142ostkowa, partyjna, gniewna polityka przeszkodzi\u0142a odpowiedzialno\u015bci naszego wielkiego narodu. Nie mo\u017cemy pozwoli\u0107 i nie pozwolimy na to, by terrory\u015bci tacy jak Hamas i tyrani jak Putin zwyci\u0119\u017cyli &#8211; doda\u0142 Biden.<\/span><\/p>\n<p class=\"text--paragraph\" style=\"text-align: left;\"><span style=\"color: #000080;\">To przytyk do faktu, \u017ce&nbsp;<a id=\"LinkArea:embed_link\" class=\"text--link \" style=\"color: #000080;\" title=\"wskutek niesnasek w\u015br\u00f3d Republikan\u00f3w w Izbie Reprezentant\u00f3w dalej nie ma spikera, co parali\u017cuje proces legislacyjny\" href=\"https:\/\/wyborcza.pl\/7,75399,30314562,republikanom-nie-udalo-sie-wybrac-spikera-izby-reprezentantow.html#S.embed_link-K.C-B.1-L.2.zw\" rel=\"dofollow\" data-bd-viewability=\"1\" data-bd-viewability-id=\"embed_link\" data-bd-viewability-href=\"https:\/\/wyborcza.pl\/7,75399,30314562,republikanom-nie-udalo-sie-wybrac-spikera-izby-reprezentantow.html#S.embed_link-K.C-B.1-L.2.zw\">wskutek niesnasek w\u015br\u00f3d Republikan\u00f3w w Izbie Reprezentant\u00f3w dalej nie ma spikera, co parali\u017cuje proces legislacyjny<\/a>. Buntownicy, kt\u00f3rzy doprowadzili do odwo\u0142ania spikera ze swojej w\u0142asnej partii, kr\u0119cili nosem m.in. w\u0142a\u015bnie na pomoc dla Kijowa. Cho\u0107 generalnie w Kongresie jest ponadpartyjne poparcie dla Ukrainy.<\/span><\/p>\n<p class=\"text--paragraph\" style=\"text-align: left;\"><span style=\"color: #000080;\">Wed\u0142ug wrze\u015bniowego sonda\u017cu &#8220;The Washington Post&#8221; i ABC 41 proc. Amerykan\u00f3w uwa\u017ca, \u017ce ich kraj robi za du\u017co dla Ukrai\u0144c\u00f3w (w\u015br\u00f3d republikan\u00f3w &#8211; 59 proc.). Natomiast 50 proc. ocenia, \u017ce robi za ma\u0142o lub tyle, ile potrzeba.<\/span><\/p>\n<p class=\"text--paragraph\" style=\"text-align: left;\"><span style=\"color: #000080;\">Od pocz\u0105tku rosyjskiej inwazji na Ukrain\u0119 Kongres zatwierdzi\u0142 ju\u017c ok. 113 mld dol. pomocy wojskowej, ekonomicznej i finansowej dla Kijowa.<\/span><\/p>\n<h4 class=\"text--title font-head-700\" style=\"text-align: left;\"><strong>Biden o b\u0142\u0119dach Ameryki po 11 wrze\u015bnia 2001<\/strong><\/h4>\n<p class=\"text--paragraph\" style=\"text-align: left;\"><span style=\"color: #000080;\">Powtarzaj\u0105c swoje s\u0142owa z podr\u00f3\u017cy do Izraela, Biden ostrzeg\u0142, by ten nie kierowa\u0142 si\u0119 \u015blepym gniewem. Zn\u00f3w oceni\u0142, \u017ce po atakach terrorystycznych z 11 wrze\u015bnia 2001 r. Ameryka pope\u0142ni\u0142a b\u0142\u0119dy (chodzi o inwazj\u0119 na Irak).<\/span><\/p>\n<p class=\"text--paragraph\" style=\"text-align: left;\"><span style=\"color: #000080;\">&#8211; Ostrzegam wi\u0119c rz\u0105d Izraela, by nie zosta\u0142 za\u015blepiony gniewem. A tu, w Ameryce, nie zapominajmy, kim jeste\u015bmy &#8211; powiedzia\u0142 prezydent.<\/span><\/p>\n<p class=\"text--paragraph\" style=\"text-align: left;\"><span style=\"color: #000080;\">Podkre\u015bla\u0142 rozr\u00f3\u017cnienie mi\u0119dzy Hamasem a palesty\u0144skimi cywilami, m\u00f3wi\u0105c o pogarszaj\u0105cej si\u0119 sytuacji humanitarnej w Strefie Gazy, kt\u00f3r\u0105 bombarduj\u0105 Izraelczycy.<\/span><\/p>\n<p class=\"text--paragraph\" style=\"text-align: left;\"><span style=\"color: #000080;\">Podczas swojej wizyty Biden nie tylko zapewnia\u0142 premiera Izraela Beniamina Netanjahu, \u017ce mo\u017ce liczy\u0107 na USA, ale te\u017c stara\u0142 si\u0119 go uczula\u0107 na krzywd\u0119 mieszka\u0144c\u00f3w Gazy. Wynegocjowa\u0142 r\u00f3wnie\u017c porozumienie, by wpu\u015bci\u0107 do Strefy z Egiptu ci\u0119\u017car\u00f3wki z pomoc\u0105 humanitarn\u0105, cho\u0107 jego wprowadzanie w \u017cycie napotyka trudno\u015bci.<\/span><\/p>\n<p class=\"text--paragraph\" style=\"text-align: left;\"><span style=\"color: #000080;\">W czasie, gdy&nbsp;<a id=\"LinkArea:embed_link\" class=\"text--link \" style=\"color: #000080;\" title=\"emocje z Bliskiego Wschodu przelewaj\u0105 si\u0119 do Ameryki\" href=\"https:\/\/wyborcza.pl\/7,75399,30320892,konflikt-izraela-z-hamasem-podgrzewa-atmosfere-na-amerykanskich.html#S.embed_link-K.C-B.1-L.3.zw\" rel=\"dofollow\" data-bd-viewability=\"1\" data-bd-viewability-id=\"embed_link\" data-bd-viewability-href=\"https:\/\/wyborcza.pl\/7,75399,30320892,konflikt-izraela-z-hamasem-podgrzewa-atmosfere-na-amerykanskich.html#S.embed_link-K.C-B.1-L.3.zw\">emocje z Bliskiego Wschodu przelewaj\u0105 si\u0119 do Ameryki<\/a>, Biden przestrzeg\u0142 te\u017c przed islamofobi\u0105 i antysemityzmem. Wspomnia\u0142 o przera\u017caj\u0105cym&nbsp;<a id=\"LinkArea:embed_link\" class=\"text--link \" style=\"color: #000080;\" title=\"zab\u00f3jstwie sze\u015bcioletniego palesty\u0144skiego ch\u0142opca pod Chicago\" href=\"https:\/\/wyborcza.pl\/7,75399,30307972,usa-amerykanin-zamordowal-szesciolatka-zranil-jego-mame-bo.html#S.embed_link-K.C-B.1-L.4.zw\" rel=\"dofollow\" data-bd-viewability=\"1\" data-bd-viewability-id=\"embed_link\" data-bd-viewability-href=\"https:\/\/wyborcza.pl\/7,75399,30307972,usa-amerykanin-zamordowal-szesciolatka-zranil-jego-mame-bo.html#S.embed_link-K.C-B.1-L.4.zw\">zab\u00f3jstwie sze\u015bcioletniego palesty\u0144skiego ch\u0142opca pod Chicago<\/a>. Bia\u0142y Dom poinformowa\u0142, \u017ce po wyst\u0105pieniu prezydent i pierwsza dama rozmawiali z jego ojcem i wujkiem, by przekaza\u0107 kondolencje.<\/span><\/p>\n<h4 class=\"text--title font-head-700\" style=\"text-align: left;\"><strong>Kreml reaguje: Ameryka &#8220;inwestuje&#8221;, a wi\u0119c nie jest bezinteresowna<\/strong><\/h4>\n<p class=\"text--paragraph\" style=\"text-align: left;\"><span style=\"color: #000080;\">W odpowiedzi na s\u0142owa ameryka\u0144skiego prezydenta rzeczniczka rosyjskiego ministerstwa spraw zagranicznych Maria Zacharowa oceni\u0142a, \u017ce s\u0142owa o &#8220;inwestycji&#8221; pokazuj\u0105, \u017ce Ameryce chodzi tak naprawd\u0119 nie o idea\u0142y, ale o zyski z wojen prowadzonych r\u0119kami innych.<\/span><\/p>\n<p class=\"text--paragraph\" style=\"text-align: left;\"><span style=\"color: #000080;\">&#8211; Wojny od dawna s\u0105 dla Stan\u00f3w Zjednoczonych &#8220;m\u0105drymi inwestycjami&#8221;, bo nie tocz\u0105 si\u0119 na ameryka\u0144skiej ziemi, ich nie obchodz\u0105 koszty ponoszone przez innych &#8211; oznajmi\u0142a Zacharowa.<\/span><\/p>\n<blockquote class=\"text--quote font-quotation-500\"><p><strong>G\u0142os zabra\u0142 te\u017c sztab Donalda Trumpa, prawdopodobnego rywala Bidena w wyborach prezydenckich w 2024 r. Oskar\u017cy\u0142 Bidena o to, \u017ce jest &#8220;Nevillem Chamberlainem, kt\u00f3ry pr\u00f3buje udawa\u0107 Winstona Churchilla&#8221;.<\/strong><\/p><\/blockquote>\n<p class=\"text--paragraph\" style=\"text-align: left;\"><span style=\"color: #000080;\">&#8220;To podpalacz, kt\u00f3ry obiecuje uratowa\u0107 nas ze \u015bwiata, kt\u00f3ry sam podpali\u0142. Europa i Bliski Wsch\u00f3d p\u0142on\u0105 z powodu nieudanej prezydentury pokr\u0119tnego Joego Bidena. Jego wiarygodno\u015b\u0107 nie istnieje, a nasi wrogowie i sojusznicy uwa\u017caj\u0105 go za kiepski \u017cart&#8221;, g\u0142osi o\u015bwiadczenie.<\/span><\/p>\n<p class=\"text--paragraph\" style=\"text-align: left;\"><span style=\"color: #000080;\">Sonda\u017ce sugeruj\u0105, \u017ce wy\u015bcig o Bia\u0142y Dom b\u0119dzie zaci\u0119ty: raz g\u00f3r\u0105 jest w nich Biden, raz Trump. W najnowszym badaniu YouGov minimalnie wygrywa Biden.&nbsp;<a style=\"color: #000080;\" href=\"https:\/\/wyborcza.pl\/0,128956.html?tag=wybory+2023#anchorLink\">Wybory<\/a>&nbsp;s\u0105 zaplanowane na 5 listopada 2024 r.<\/span><\/p>\n<hr style=\"height: 15px; background: #d0e6fa; width: 100%;\">\n<div id=\"content\" class=\"content-alignment\">\n<div id=\"watch-description\" class=\"yt-uix-button-panel\">\n<div id=\"watch-description-text\" style=\"text-align: center;\">\n<p><em>Zawarto\u015b\u0107 publikowanych artyku\u0142\u00f3w i materia\u0142\u00f3w nie reprezentuje pogl\u0105d\u00f3w ani opinii Reunion&#8217;68,<\/em><em><br \/>\nani te\u017c webmastera Blogu Reunion&#8217;68, chyba ze jest to wyra\u017anie zaznaczone.<br \/>\nTwoje uwagi, linki, w\u0142asne artyku\u0142y lub wiadomo\u015bci prze\u015blij na adres:<br \/>\n<\/em><span style=\"color: #000080;\"><strong><em><a style=\"color: #000080;\" href=\"mailto:webmaster@reunion68.com\"><span style=\"text-decoration: underline;\">webmaster@reunion68.com<\/span><\/a><\/em><\/strong><\/span><\/p>\n<\/div>\n<\/div>\n<\/div>\n<hr style=\"width: 100%;\">\n","protected":false},"excerpt":{"rendered":"<p>Joe Biden, zdj\u0119cie ilustracyjne (Fot. Evan Vucci \/ AP Photo) Mocne przem\u00f3wienie Bidena o roli Ameryki na \u015bwiecie. &#8220;Hamas i Putin maj\u0105 ten sam cel&#8221; Maciej Czarnecki Joe Biden zwr\u00f3ci si\u0119 dzi\u015b do Kongresu o du\u017cy pakiet pomocy dla Ukrainy i Izraela. &#8211; Historia nauczy\u0142a nas, \u017ce gdy terrory\u015bci nie p\u0142ac\u0105 za sw\u00f3j terror, a [&hellip;]<\/p>\n","protected":false},"author":1,"featured_media":0,"comment_status":"closed","ping_status":"closed","sticky":false,"template":"","format":"standard","meta":[],"categories":[6],"tags":[26,24],"_links":{"self":[{"href":"https:\/\/www.reunion68.se\/index.php?rest_route=\/wp\/v2\/posts\/107962"}],"collection":[{"href":"https:\/\/www.reunion68.se\/index.php?rest_route=\/wp\/v2\/posts"}],"about":[{"href":"https:\/\/www.reunion68.se\/index.php?rest_route=\/wp\/v2\/types\/post"}],"author":[{"embeddable":true,"href":"https:\/\/www.reunion68.se\/index.php?rest_route=\/wp\/v2\/users\/1"}],"replies":[{"embeddable":true,"href":"https:\/\/www.reunion68.se\/index.php?rest_route=%2Fwp%2Fv2%2Fcomments&post=107962"}],"version-history":[{"count":9,"href":"https:\/\/www.reunion68.se\/index.php?rest_route=\/wp\/v2\/posts\/107962\/revisions"}],"predecessor-version":[{"id":107981,"href":"https:\/\/www.reunion68.se\/index.php?rest_route=\/wp\/v2\/posts\/107962\/revisions\/107981"}],"wp:attachment":[{"href":"https:\/\/www.reunion68.se\/index.php?rest_route=%2Fwp%2Fv2%2Fmedia&parent=107962"}],"wp:term":[{"taxonomy":"category","embeddable":true,"href":"https:\/\/www.reunion68.se\/index.php?rest_route=%2Fwp%2Fv2%2Fcategories&post=107962"},{"taxonomy":"post_tag","embeddable":true,"href":"https:\/\/www.reunion68.se\/index.php?rest_route=%2Fwp%2Fv2%2Ftags&post=107962"}],"curies":[{"name":"wp","href":"https:\/\/api.w.org\/{rel}","templated":true}]}}