{"id":108026,"date":"2023-10-22T17:00:07","date_gmt":"2023-10-22T15:00:07","guid":{"rendered":"http:\/\/www.reunion68.se\/?p=108026"},"modified":"2023-10-22T13:31:32","modified_gmt":"2023-10-22T11:31:32","slug":"31-00-45","status":"publish","type":"post","link":"https:\/\/www.reunion68.se\/?p=108026","title":{"rendered":"O\u015bwiadczenie w sprawie atak\u00f3w terrorystycznych w Izraelu"},"content":{"rendered":"<p><img decoding=\"async\" src=\"https:\/\/www.jhi.pl\/storage\/image\/core_files\/2021\/1\/4\/dc409bbfd765032572fe7e72e35c47f6\/jpg\/jhi\/header\/JHI_thumbnail_1.webp\" width=\"100%\" \/><\/p>\n<hr \/>\n<h5 style=\"text-align: center;\"><a href=\"https:\/\/www.jhi.pl\/\" target=\"_blank\" rel=\"noopener noreferrer\"><img decoding=\"async\" class=\"center alignleft\" src=\"http:\/\/www.reunion68.com\/Biuletyn\/img\/zih-1.png\" alt=\"\" width=\"35%\" \/><\/a><span style=\"text-decoration: underline; color: #000080;\"><span style=\"text-decoration: underline;\"><strong><a style=\"color: #000080; text-decoration: underline;\" href=\"https:\/\/www.jhi.pl\/artykuly\/oswiadczenie-w-sprawie-atakow-w-izraelu,7335\" target=\"_blank\" rel=\"noopener noreferrer\">O\u015bwiadczenie w sprawie atak\u00f3w terrorystycznych w Izraelu<\/a><\/strong><\/span><\/span><\/h5>\n<p style=\"text-align: center;\"><span style=\"color: #000000;\"><strong><br \/>\nMonika Krawczyk,<br \/>\ndyrektor \u017bydowskiego Instytutu Historycznego im. Emanuela Ringelbluma,<br \/>\nwraz ze wsp\u00f3\u0142pracowniczkami i wsp\u00f3\u0142pracownikami<\/strong><\/span><\/p>\n<hr style=\"height: 15px; background: #d0e6fa; width: 100%;\" \/>\n<p style=\"text-align: center;\"><img decoding=\"async\" class=\"aligncenter\" src=\"https:\/\/www.jhi.pl\/storage\/image\/core_files\/2023\/10\/10\/de957655789f4cb131652cf78e0ae3be\/jpg\/jhi\/normal_big\/Flag-of-Israel-4-Zachi-Evenor.webp\" width=\"100%\" \/><span style=\"color: #808080;\"><em>fot. Cachi Ewenor, wikimedia commons, CC BY-SA 4.0<\/em><\/span><\/p>\n<h4 style=\"text-align: center;\"><strong>Chwil\u0119 zaj\u0119\u0142o nam przyswojenie szokuj\u0105cej wiadomo\u015bci o ataku Hamasu na Izrael. Brakuje nam s\u0142\u00f3w w obliczu tej bezprecedensowej sytuacji, kt\u00f3r\u0105 por\u00f3wnano ju\u017c do ataku z 11 wrze\u015bnia na World Trade Center w Nowym Jorku. Ka\u017cde \u017cycie ludzkie jest niezast\u0105pione, a od ostatniej soboty zgin\u0119\u0142y setki os\u00f3b. Wiele os\u00f3b zwi\u0105zanych z \u017bydowskim Instytutem Historycznym ma bliskich przyjaci\u00f3\u0142 i wsp\u00f3\u0142pracownik\u00f3w w Izraelu. W tych przera\u017caj\u0105cych czasach solidaryzujemy si\u0119 z Wami, jeste\u015bmy przy Was. \u0141\u0105czymy si\u0119 my\u015blami z Izraelem i wszystkimi rannymi, porwanymi i rodzinami, kt\u00f3re straci\u0142y swoich bliskich.<\/strong><\/h4>\n<hr style=\"height: 15px; background: #d0e6fa; width: 100%;\" \/>\n<div id=\"content\" class=\"content-alignment\">\n<div id=\"watch-description\" class=\"yt-uix-button-panel\">\n<div id=\"watch-description-text\" style=\"text-align: center;\">\n<p><em>Zawarto\u015b\u0107 publikowanych artyku\u0142\u00f3w i materia\u0142\u00f3w nie reprezentuje pogl\u0105d\u00f3w ani opinii Reunion&#8217;68,<\/em><em><br \/>\nani te\u017c webmastera Blogu Reunion&#8217;68, chyba ze jest to wyra\u017anie zaznaczone.<br \/>\nTwoje uwagi, linki, w\u0142asne artyku\u0142y lub wiadomo\u015bci prze\u015blij na adres:<br \/>\n<\/em><span style=\"color: #000080;\"><strong><em><a style=\"color: #000080;\" href=\"mailto:webmaster@reunion68.com\"><span style=\"text-decoration: underline;\">webmaster@reunion68.com<\/span><\/a><\/em><\/strong><\/span><\/p>\n<\/div>\n<\/div>\n<\/div>\n<hr style=\"width: 100%;\" \/>\n","protected":false},"excerpt":{"rendered":"<p>O\u015bwiadczenie w sprawie atak\u00f3w terrorystycznych w Izraelu Monika Krawczyk, dyrektor \u017bydowskiego Instytutu Historycznego im. Emanuela Ringelbluma, wraz ze wsp\u00f3\u0142pracowniczkami i wsp\u00f3\u0142pracownikami fot. Cachi Ewenor, wikimedia commons, CC BY-SA 4.0 Chwil\u0119 zaj\u0119\u0142o nam przyswojenie szokuj\u0105cej wiadomo\u015bci o ataku Hamasu na Izrael. Brakuje nam s\u0142\u00f3w w obliczu tej bezprecedensowej sytuacji, kt\u00f3r\u0105 por\u00f3wnano ju\u017c do ataku z 11 [&hellip;]<\/p>\n","protected":false},"author":1,"featured_media":0,"comment_status":"closed","ping_status":"closed","sticky":false,"template":"","format":"standard","meta":[],"categories":[6],"tags":[26,24],"_links":{"self":[{"href":"https:\/\/www.reunion68.se\/index.php?rest_route=\/wp\/v2\/posts\/108026"}],"collection":[{"href":"https:\/\/www.reunion68.se\/index.php?rest_route=\/wp\/v2\/posts"}],"about":[{"href":"https:\/\/www.reunion68.se\/index.php?rest_route=\/wp\/v2\/types\/post"}],"author":[{"embeddable":true,"href":"https:\/\/www.reunion68.se\/index.php?rest_route=\/wp\/v2\/users\/1"}],"replies":[{"embeddable":true,"href":"https:\/\/www.reunion68.se\/index.php?rest_route=%2Fwp%2Fv2%2Fcomments&post=108026"}],"version-history":[{"count":7,"href":"https:\/\/www.reunion68.se\/index.php?rest_route=\/wp\/v2\/posts\/108026\/revisions"}],"predecessor-version":[{"id":108051,"href":"https:\/\/www.reunion68.se\/index.php?rest_route=\/wp\/v2\/posts\/108026\/revisions\/108051"}],"wp:attachment":[{"href":"https:\/\/www.reunion68.se\/index.php?rest_route=%2Fwp%2Fv2%2Fmedia&parent=108026"}],"wp:term":[{"taxonomy":"category","embeddable":true,"href":"https:\/\/www.reunion68.se\/index.php?rest_route=%2Fwp%2Fv2%2Fcategories&post=108026"},{"taxonomy":"post_tag","embeddable":true,"href":"https:\/\/www.reunion68.se\/index.php?rest_route=%2Fwp%2Fv2%2Ftags&post=108026"}],"curies":[{"name":"wp","href":"https:\/\/api.w.org\/{rel}","templated":true}]}}