{"id":108097,"date":"2023-10-25T17:09:13","date_gmt":"2023-10-25T15:09:13","guid":{"rendered":"http:\/\/www.reunion68.se\/?p=108097"},"modified":"2023-10-25T11:58:31","modified_gmt":"2023-10-25T09:58:31","slug":"03-09-89","status":"publish","type":"post","link":"https:\/\/www.reunion68.se\/?p=108097","title":{"rendered":"Po\u0142owa ameryka\u0144skich wyborc\u00f3w poni\u017cej 35. roku \u017cycia uwa\u017ca, \u017ce masakry i gwa\u0142ty na \u017bydach mo\u017cna uzasadni\u0107"},"content":{"rendered":"<p style=\"text-align: center;\"><img decoding=\"async\" src=\"https:\/\/blogger.googleusercontent.com\/img\/b\/R29vZ2xl\/AVvXsEhhlJRm8zqNTb85Bx8PO6yUSDqXIwLMbjZEJIVDDXKTtpCdB54kFhoUxpOsW_RJ3niUn60S6HqFnS0jYeX3PO1E_SRuhNrCujnl8T1M7TuyvrWDxRGEvLKD46mFkhlnPsWcU7rSWVKv2BNpPN7tGBPuVenDAlc8DAHo-dZLA9PLmpZ-AHgK80LuWw\/s544\/poll3a.png\" width=\"100%\" \/><span style=\"color: #808080;\"><em>Po\u0142owa Amerykan\u00f3w poni\u017cej 35. roku \u017cycia uwa\u017ca, \u017ce masakr\u0119 Izraelczyk\u00f3w dokonan\u0105 przez Hamas mo\u017cna uzasadni\u0107 palesty\u0144skimi \u201ecierpieniami\u201d.<\/em><\/span><\/p>\n<hr \/>\n<h5 style=\"text-align: center;\"><a href=\"https:\/\/www.listyznaszegosadu.pl\/\" target=\"_blank\" rel=\"noopener noreferrer\"><img decoding=\"async\" class=\"center alignleft\" src=\"http:\/\/www.reunion68.com\/Biuletyn\/img\/z-naszego.jpg\" alt=\"\" width=\"50%\" \/><\/a><span style=\"text-decoration: underline; color: #000080;\"><strong><a style=\"color: #000080; text-decoration: underline;\" href=\"https:\/\/www.listyznaszegosadu.pl\/brunatna-fala\/polowa-amerykanskich-wyborcalw-ponizej-35-roku-zycia-uwaza-ze-masakry-i-gwalty-na-zydach-mozna-uzasadnic\" target=\"_blank\" rel=\"noopener noreferrer\">Po\u0142owa ameryka\u0144skich wyborc\u00f3w poni\u017cej 35. roku \u017cycia uwa\u017ca, \u017ce masakry i gwa\u0142ty na \u017bydach mo\u017cna uzasadni\u0107<\/a><\/strong><\/span><\/h5>\n<h5 style=\"text-align: center;\"><span style=\"color: #000000;\"><strong>Elder of Ziyon<br \/>\n<\/strong><em>T\u0142umaczenie: <\/em><strong>Ma\u0142gorzata Koraszewska<\/strong><\/span><\/h5>\n<hr style=\"height: 15px; background: #d0e6fa; width: 100%;\" \/>\n<div class=\"templateArticleIngress\">\n<p style=\"text-align: left;\"><span style=\"color: #000080;\">\u017bydzi w Ameryce maj\u0105 powa\u017cne k\u0142opoty.<\/span><\/p>\n<p style=\"text-align: left;\"><span style=\"color: #000080;\">W najnowszym\u00a0<a style=\"color: #000080;\" href=\"https:\/\/harvardharrispoll.com\/key-results-october-4\/\"><strong>sonda\u017cu Harris\/Harvard<\/strong><\/a>\u00a076% ameryka\u0144skich wyborc\u00f3w twierdzi, \u017ce \u201ezabicie przez Hamas 1200 izraelskich cywil\u00f3w w Izraelu nie mo\u017ce by\u0107 uzasadnione cierpieniami Palesty\u0144czyk\u00f3w\u201d, a a\u017c 24% twierdzi, \u017ce mo\u017ce.<\/span><\/p>\n<\/div>\n<div class=\"templateArticleBrodtext\">\n<p style=\"text-align: left;\"><span style=\"color: #000080;\">Wi\u0119kszo\u015b\u0107 respondent\u00f3w w wieku 18\u201324 lat (51%) uwa\u017ca, \u017ce masowe mordy izraelskich \u017byd\u00f3w s\u0105 uzasadnione.<\/span><\/p>\n<p style=\"text-align: left;\"><span style=\"color: #000080;\">48% os\u00f3b w wieku 25\u201334 lat zgadza si\u0119, \u017ce rze\u017a by\u0142a uzasadniona.<\/span><\/p>\n<p style=\"text-align: left;\"><span style=\"color: #000080;\">Co.\u00a0do\u00a0k\u2026y. n\u0119dzy.<\/span><\/p>\n<p style=\"text-align: left;\"><span style=\"color: #000080;\">Po\u0142owa m\u0142odych Amerykan\u00f3w uwa\u017ca, \u017ce zabijanie \u017cydowskich cywil\u00f3w jest ca\u0142kowicie w porz\u0105dku, bo, jak wiecie,\u00a0<em>zas\u0142uguj\u0105 na to<\/em>.<\/span><\/p>\n<p style=\"text-align: left;\"><span style=\"color: #000080;\">Tak, wiedz\u0105, \u017ce chodzi o \u017byd\u00f3w.\u00a0Poniewa\u017c ju\u017c nast\u0119pne pytanie dotyczy\u0142o tego, czy te same ataki Hamasu na \u017byd\u00f3w s\u0105 \u201eludob\u00f3jcze\u201d.\u00a0I w tym przypadku ponad 2\/3 z tych os\u00f3b w wieku 18-34 lat zgodzi\u0142o si\u0119, \u017ce tak, te ataki wobec \u017byd\u00f3w by\u0142y ludob\u00f3jcze.<\/span><\/p>\n<p style=\"text-align: left;\"><span style=\"color: #000080;\">Oznacza to, \u017ce znaczna liczba os\u00f3b poni\u017cej 34 roku \u017cycia uwa\u017ca, \u017ce ludob\u00f3jstwo na \u017cydowskiej ludno\u015bci cywilnej jest w porz\u0105dku, o ile istnieje wystarczaj\u0105co silny \u201elament\u201d przeciwnej strony.<\/span><\/p>\n<p style=\"text-align: left;\"><span style=\"color: #000080;\">M\u00f3wienie o \u201ecierpieniach\u201d wskazuje, \u017ce ludzie o niemoralnych, antysemickich pogl\u0105dach to w przewa\u017caj\u0105cej mierze lewica polityczna.\u00a0Tabele krzy\u017cowe sonda\u017cu wskazuj\u0105, \u017ce rzeczywi\u015bcie tak jest: 36% respondent\u00f3w okre\u015blaj\u0105cych si\u0119 jako \u201eliberalni\u201d w ka\u017cdym wieku zgodzi\u0142o si\u0119, \u017ce atak by\u0142 uzasadniony, w por\u00f3wnaniu z 16% \u201ekonserwatyst\u00f3w\u201d.<\/span><\/p>\n<p style=\"text-align: left;\"><span style=\"color: #000080;\">By\u0107 mo\u017ce bardziej niepokoj\u0105ce jest to, \u017ce najcz\u0119\u015bciej zgadzaj\u0105 si\u0119 z tym ludzie z najwy\u017cszym poziomem wykszta\u0142cenia \u2013 29% absolwent\u00f3w szk\u00f3\u0142 wy\u017cszych usprawiedliwia morderstwo dokonane przez Hamas w por\u00f3wnaniu z 21% tych, kt\u00f3rzy nie maj\u0105 studi\u00f3w.<\/span><\/p>\n<p style=\"text-align: left;\"><span style=\"color: #000080;\">M\u0142odzi ludzie, najlepiej wykszta\u0142ceni, s\u0105 najcz\u0119\u015bciej antysemitami.\u00a0Nie tylko s\u0105 antysemitami \u2013 oni usprawiedliwiaj\u0105 najbardziej ekstremalne rodzaje przemocy wobec \u017byd\u00f3w.<\/span><\/p>\n<p style=\"text-align: left;\"><span style=\"color: #000080;\">Przez lata wmawiano nam do znudzenia, \u017ce jedyny antysemityzm, jaki istnieje, pochodzi ze skrajnej prawicy.\u00a0I oczywi\u015bcie, \u017ce tam istnieje.\u00a0Istnieje jednak powa\u017cny problem polegaj\u0105cy na tym, \u017ce m\u0142odym ludziom w Ameryce udziela si\u0119 lekcji niemoralno\u015bci na kampusach, gdzie najohydniejsze zbrodnie, jakie mo\u017cna sobie wyobrazi\u0107, s\u0105 w porz\u0105dku, o ile ofiary s\u0105 uwa\u017cane za \u201euprzywilejowane\u201d, a rze\u017anicy s\u0105 \u201eofiarami\u201d.<\/span><\/p>\n<p style=\"text-align: left;\"><span style=\"color: #000080;\">Czy wed\u0142ug tego m\u0142odszego pokolenia to uzasadnienie morderstwa i gwa\u0142tu dotyczy tak\u017ce ameryka\u0144skich syjonist\u00f3w \u2013 \u017byd\u00f3w?\u00a0Doj\u015bcie do takiego wniosku nie jest trudne, skoro ca\u0142y tw\u00f3j zmys\u0142 moralny jest od pocz\u0105tku tak wypaczony.<\/span><\/p>\n<p style=\"text-align: left;\"><span style=\"color: #000080;\">Ludzie zastanawiaj\u0105 si\u0119, jak Niemcy mogli sta\u0107 si\u0119 tak entuzjastycznymi mordercami \u017byd\u00f3w.\u00a0Ta ankieta pokazuje dok\u0142adnie, jak: wystarczy uczy\u0107 pokolenie m\u0142odych ludzi, \u017ce \u017bydzi s\u0105 prze\u015bladowcami, a uciskani maj\u0105 moralne prawo mordowania ka\u017cdego m\u0119\u017cczyzny, kobiety i dziecka.<\/span><\/p>\n<p style=\"text-align: left;\"><span style=\"color: #000080;\">Dziesi\u0119ciolecia antyizraelskiej propagandy przynios\u0142y owoce \u017cydo\u017cercom.\u00a0Zawsze twierdzili, \u017ce jest to jedynie stanowisko polityczne, lecz \u017bydzi wiedzieli, \u017ce jest to stanowisko osobiste.\u00a0I ten sonda\u017c to potwierdza.\u00a0\u017bydzi nie byli \u201ekrytykowani\u201d przez antysyjonist\u00f3w, byli demonizowani.\u00a0Ta demonizacja przekszta\u0142ci\u0142a si\u0119 w milcz\u0105ce wspieranie ludob\u00f3jstwa.<\/span><\/p>\n<p style=\"text-align: left;\"><span style=\"color: #000080;\">Trend pokazuj\u0105cy, \u017ce m\u0142odzi ludzie cz\u0119\u015bciej usprawiedliwiaj\u0105 ludob\u00f3jczy atak na \u017byd\u00f3w, oznacza, \u017ce w tym kraju sytuacja nie ulegnie poprawie.\u00a0Pokazuje tak\u017ce, \u017ce wszelkie wysi\u0142ki maj\u0105ce na celu powstrzymanie antysemityzmu za pomoc\u0105 liberalnej edukacji nie tylko zawiod\u0142y, ale mog\u0142y przynie\u015b\u0107 odwrotny skutek.<\/span><\/p>\n<p style=\"text-align: left;\"><span style=\"color: #000080;\">7 pa\u017adziernika by\u0142 prze\u0142omowy dla izraelskich \u017byd\u00f3w.\u00a0Ale mo\u017ce si\u0119 to okaza\u0107 r\u00f3wnie istotne dla przysz\u0142o\u015bci ameryka\u0144skiego \u017cydostwa.\u00a0Je\u015bli prawie po\u0142owa Amerykan\u00f3w poni\u017cej 35. roku \u017cycia wierzy, \u017ce zabijanie \u017cydowskich cywil\u00f3w jest w porz\u0105dku, to przysz\u0142o\u015b\u0107 ameryka\u0144skich \u017byd\u00f3w jest tak ponura jak nigdy dot\u0105d.<\/span><\/p>\n<p style=\"text-align: left;\"><span style=\"color: #000080;\">Wystarczy rzuci\u0107 okiem na media spo\u0142eczno\u015bciowe, aby zobaczy\u0107, \u017ce demonizacja syjonistycznych \u017byd\u00f3w osi\u0105gn\u0119\u0142a najwy\u017cszy poziom.\u00a0Ten sonda\u017c pokazuje, \u017ce b\u0119dzie tylko gorzej.<\/span><\/p>\n<hr \/>\n<p>(h\/t @JonSutz )<\/p>\n<p>Link do orygina\u0142u:\u00a0<a href=\"https:\/\/elderofziyon.blogspot.com\/2023\/10\/half-of-american-voters-under-35-think.html\" target=\"_blank\" rel=\"noopener noreferrer\">https:\/\/elderofziyon.blogspot.com\/2023\/10\/half-of-american-voters-under-35-think.html<\/a><\/p>\n<p>Elder of Ziyon<\/p>\n<p>24 pa\u017adziernika 2023<\/p>\n<hr \/>\n<p><strong>Elder of Ziyon<\/strong> \u2013 blog ameryka\u0144skiego badacza antysemityzmu w mediach i organizacjach.<\/p>\n<\/div>\n<hr style=\"height: 15px; background: #d0e6fa; width: 100%;\" \/>\n<div id=\"content\" class=\"content-alignment\">\n<div id=\"watch-description\" class=\"yt-uix-button-panel\">\n<div id=\"watch-description-text\" style=\"text-align: center;\">\n<p><em>Zawarto\u015b\u0107 publikowanych artyku\u0142\u00f3w i materia\u0142\u00f3w nie reprezentuje pogl\u0105d\u00f3w ani opinii Reunion&#8217;68,<\/em><em><br \/>\nani te\u017c webmastera Blogu Reunion&#8217;68, chyba ze jest to wyra\u017anie zaznaczone.<br \/>\nTwoje uwagi, linki, w\u0142asne artyku\u0142y lub wiadomo\u015bci prze\u015blij na adres:<br \/>\n<\/em><span style=\"color: #000080;\"><strong><em><a style=\"color: #000080;\" href=\"mailto:webmaster@reunion68.com\"><span style=\"text-decoration: underline;\">webmaster@reunion68.com<\/span><\/a><\/em><\/strong><\/span><\/p>\n<\/div>\n<\/div>\n<\/div>\n<hr style=\"width: 100%;\" \/>\n","protected":false},"excerpt":{"rendered":"<p>Po\u0142owa Amerykan\u00f3w poni\u017cej 35. roku \u017cycia uwa\u017ca, \u017ce masakr\u0119 Izraelczyk\u00f3w dokonan\u0105 przez Hamas mo\u017cna uzasadni\u0107 palesty\u0144skimi \u201ecierpieniami\u201d. Po\u0142owa ameryka\u0144skich wyborc\u00f3w poni\u017cej 35. roku \u017cycia uwa\u017ca, \u017ce masakry i gwa\u0142ty na \u017bydach mo\u017cna uzasadni\u0107 Elder of Ziyon T\u0142umaczenie: Ma\u0142gorzata Koraszewska \u017bydzi w Ameryce maj\u0105 powa\u017cne k\u0142opoty. W najnowszym\u00a0sonda\u017cu Harris\/Harvard\u00a076% ameryka\u0144skich wyborc\u00f3w twierdzi, \u017ce \u201ezabicie przez Hamas [&hellip;]<\/p>\n","protected":false},"author":1,"featured_media":0,"comment_status":"closed","ping_status":"closed","sticky":false,"template":"","format":"standard","meta":[],"categories":[6],"tags":[26,24],"_links":{"self":[{"href":"https:\/\/www.reunion68.se\/index.php?rest_route=\/wp\/v2\/posts\/108097"}],"collection":[{"href":"https:\/\/www.reunion68.se\/index.php?rest_route=\/wp\/v2\/posts"}],"about":[{"href":"https:\/\/www.reunion68.se\/index.php?rest_route=\/wp\/v2\/types\/post"}],"author":[{"embeddable":true,"href":"https:\/\/www.reunion68.se\/index.php?rest_route=\/wp\/v2\/users\/1"}],"replies":[{"embeddable":true,"href":"https:\/\/www.reunion68.se\/index.php?rest_route=%2Fwp%2Fv2%2Fcomments&post=108097"}],"version-history":[{"count":9,"href":"https:\/\/www.reunion68.se\/index.php?rest_route=\/wp\/v2\/posts\/108097\/revisions"}],"predecessor-version":[{"id":108120,"href":"https:\/\/www.reunion68.se\/index.php?rest_route=\/wp\/v2\/posts\/108097\/revisions\/108120"}],"wp:attachment":[{"href":"https:\/\/www.reunion68.se\/index.php?rest_route=%2Fwp%2Fv2%2Fmedia&parent=108097"}],"wp:term":[{"taxonomy":"category","embeddable":true,"href":"https:\/\/www.reunion68.se\/index.php?rest_route=%2Fwp%2Fv2%2Fcategories&post=108097"},{"taxonomy":"post_tag","embeddable":true,"href":"https:\/\/www.reunion68.se\/index.php?rest_route=%2Fwp%2Fv2%2Ftags&post=108097"}],"curies":[{"name":"wp","href":"https:\/\/api.w.org\/{rel}","templated":true}]}}