{"id":108099,"date":"2023-10-25T17:05:46","date_gmt":"2023-10-25T15:05:46","guid":{"rendered":"http:\/\/www.reunion68.se\/?p=108099"},"modified":"2023-10-25T11:51:52","modified_gmt":"2023-10-25T09:51:52","slug":"03-05-92","status":"publish","type":"post","link":"https:\/\/www.reunion68.se\/?p=108099","title":{"rendered":"Hamas i inna bitwa o Gaz\u0119"},"content":{"rendered":"<h5 style=\"text-align: center;\"><a href=\"https:\/\/studioopinii.pl\/\" target=\"_blank\" rel=\"noopener noreferrer\"><img decoding=\"async\" class=\"center alignleft\" src=\"http:\/\/www.reunion68.com\/Biuletyn\/img\/studio.png\" alt=\"\" width=\"35%\" \/><\/a><span style=\"text-decoration: underline; color: #000080;\"><strong><a style=\"color: #000080; text-decoration: underline;\" href=\"https:\/\/studioopinii.pl\/archiwa\/238624\" target=\"_blank\" rel=\"noopener noreferrer\">Hamas i inna bitwa o Gaz\u0119<\/a><\/strong><\/span><\/h5>\n<p style=\"text-align: center;\"><span style=\"color: #000000;\"><strong>Andrzej Lubowski<\/strong><\/span><\/p>\n<hr style=\"height: 15px; background: #d0e6fa; width: 100%;\" \/>\n<p style=\"text-align: left;\"><img decoding=\"async\" src=\"https:\/\/static01.nyt.com\/images\/2007\/06\/13\/world\/14mideast-600.jpg?quality=75&amp;auto=webp\" width=\"100%\" \/><br \/>\n<span style=\"color: #000080;\">Tragedia Izraela i tragedia Gazy przypominaj\u0105 mi o bitwie o Gaz\u0119 \u2013 zbrojnym konflikcie mi\u0119dzy Palesty\u0144czykami latem 2007 roku, trwaj\u0105cym kilka dni, w wyniku kt\u00f3rego Hamas przej\u0105\u0142 kontrol\u0119 nad Gaz\u0105. Opowiadali mi o nim do\u015b\u0107 szczeg\u00f3\u0142owo Palesty\u0144czycy przy kolacji sk\u0142adaj\u0105cej si\u0119 z baraniny z ry\u017cem i cebul\u0105 serwowanej przez grup\u0119 rumu\u0144skich zakonnic w Jerozolimie kilkana\u015bcie lat temu. Bitwa o Gaz\u0119 16 lat temu by\u0142a kr\u00f3tk\u0105 \u2013 trwa\u0142a niespe\u0142na 6 dni, ale krwaw\u0105 walk\u0105 o w\u0142adz\u0119 mi\u0119dzy Al Fatah i Hamasem. Wielu przegranych rodak\u00f3w Hamas zabi\u0142, ale ulubion\u0105 forma rozlicze\u0144 z rywalami by\u0142o przestrzeliwanie kolan \u2013 praktyka stosowana przez mafi\u0119.<\/span><\/p>\n<p style=\"text-align: left;\"><span style=\"color: #000080;\">Organizacja Human Rights Watch oskar\u017cy\u0142a obie strony o naruszenie prawa mi\u0119dzynarodowego i dzia\u0142ania uznane za zbrodnie wojenne. Bojownicy Fatahu i Hamasu strzelali do os\u00f3b postronnych, tak\u017ce w szpitalach, dokonywali publicznych egzekucji je\u0144c\u00f3w, zrzucali wi\u0119\u017ani\u00f3w z wie\u017cowc\u00f3w. Palesty\u0144skie Centrum Praw Cz\u0142owieka i Amnesty International udokumentowa\u0142y wiele przypadk\u00f3w uprowadze\u0144 i tortur ludzi przez bojownik\u00f3w Hamasu.<\/span><\/p>\n<p style=\"text-align: left;\"><span style=\"color: #000080;\">Dwa dni po przej\u0119ciu przez Hamas kontroli nad Stref\u0105 Gazy szko\u0142a i klasztor nale\u017c\u0105ce do male\u0144kiej spo\u0142eczno\u015bci rzymskokatolickiej w Strefie Gazy zosta\u0142y spl\u0105drowane, i spalone. Ruch islamistyczny o nazwie Jihadia Salafiya zacz\u0105\u0142 egzekwowa\u0107 prawo islamskie w Gazie. Szejk Abu Saqer powiedzia\u0142, \u017ce chrze\u015bcijanie b\u0119d\u0105 mogli mieszka\u0107 w Strefie Gazy tylko wtedy, gdy zaakceptuj\u0105 prawo islamskie, a chrze\u015bcijanie anga\u017cuj\u0105cy si\u0119 w dzia\u0142alno\u015b\u0107 misyjn\u0105 b\u0119d\u0105 surowo traktowani. Wkr\u00f3tce nast\u0105pi\u0142y dziesi\u0105tki atak\u00f3w na cele chrze\u015bcija\u0144skie, w tym zak\u0142ady fryzjerskie, sklepy muzyczne i szko\u0142y. Zamordowano w\u0142a\u015bciciela jedynej chrze\u015bcija\u0144skiej ksi\u0119garni w Gazie. W lutym 2008 r. bandyci wysadzili bibliotek\u0119 YMCA w Strefie Gazy.<\/span><\/p>\n<p style=\"text-align: left;\"><span style=\"color: #000080;\">Bitwa o Gaz\u0119 faktycznie podzieli\u0142a kontrol\u0119 nad palesty\u0144skimi terytoriami na West Bank, rz\u0105dzony przez Autonomi\u0119 Palesty\u0144sk\u0105 i Gaz\u0119, rz\u0105dzona przez Hamas. Wedle danych Palesty\u0144skiego Centrum Praw Cz\u0142owieka w konflikcie zgin\u0119\u0142o co najmniej 161 os\u00f3b, a ponad 700 zosta\u0142o rannych. W wi\u0119kszo\u015bci przypadk\u00f3w by\u0142y to rany nie do wyleczenia: kula w g\u0142ow\u0119 nie by\u0142a w opinii Hamasu dostateczn\u0105 kar\u0105 \u2013 tak mi to t\u0142umaczyli sami Palesty\u0144czycy.<\/span><\/p>\n<p style=\"text-align: left;\"><span style=\"color: #000080;\">Podczas gdy Fatah i Organizacja Wyzwolenia Palestyny by\u0142y zwolennikami porozumie\u0144 z Oslo, podpisanych we wrze\u015bniu 1995 roku przez Rabina, Peresa i Arafata w sprawie autonomii palesty\u0144skiej na Zachodnim Brzegu i w Gazie, jako przej\u015bciowego kroku na drodze do stworzenia pa\u0144stwa palesty\u0144skiego, Hamas by\u0142 od pocz\u0105tku tym porozumieniom przeciwny. Uk\u0142ad z Oslo Rabin przyp\u0142aci\u0142 \u017cyciem w listopadzie 1995 z r\u0105k \u017cydowskiego ekstremisty, kt\u00f3ry uwa\u017ca\u0142 porozumienie za zdrad\u0119. Za zdrad\u0119 uwa\u017ca\u0142 uk\u0142ad z Oslo tak\u017ce Hamas.<\/span><\/p>\n<p style=\"text-align: left;\"><span style=\"color: #000080;\">Nast\u0119pc\u0105 Yassera Arafata, prezydenta Autonomii Palesty\u0144skiej, kt\u00f3ry zmar\u0142 w 2004 roku, zosta\u0142 w wyniku wybor\u00f3w zbojkotowanych przez Hamas sprawuj\u0105cy do dzi\u015b t\u0119 funkcj\u0119 Mahmoud Abbas, absolwent Uniwersytetu Lumumby w Moskwie. Jak wynika z dokumentu odkrytego w Archiwum Mitrochina, gdzie jest zarejestrowany jako agent \u201eKrotow\u201d, we wrze\u015bniu 2016 r. wysz\u0142o na jaw, \u017ce Abbas m\u00f3g\u0142 pracowa\u0107 dla KGB ju\u017c w 1985 roku w Damaszku.<\/span><\/p>\n<p style=\"text-align: left;\"><span style=\"color: #000080;\">Abbas potwierdzi\u0142, \u017ce odrzuci\u0142 izraelsk\u0105 ofert\u0119 dotycz\u0105c\u0105 pa\u0144stwa palesty\u0144skiego na prawie 95% Zachodniego Brzegu. We wrze\u015bniu 2008 roku premier Izraela Olmert przedstawi\u0142 mu map\u0119 wyznaczaj\u0105c\u0105 granice proponowanego pa\u0144stwa Autonomii Palesty\u0144skiej, w ramach kt\u00f3rego Izrael mia\u0142 zaanektowa\u0107 6,3% Zachodniego Brzegu i zrekompensowa\u0107 to Palesty\u0144czykom 5,8% (wzi\u0119te z tern\u00f3w Izraela sprzed 1967 roku). Abbas przyzna\u0142, \u017ce z miejsca t\u0119 ofert\u0119 odrzuci\u0142. W pa\u017adzierniku 2011 roku powiedzia\u0142, \u017ce jego kontroferta zezwala\u0142a Izraelowi na aneksj\u0119 1,9% Zachodniego Brzegu.<\/span><\/p>\n<p style=\"text-align: left;\"><span style=\"color: #000080;\">W 2016 roku Abbas powt\u00f3rzy\u0142 w Parlamencie Europejskim plotk\u0119, jakoby rabini w Izraelu nawo\u0142ywali do zatruwania palesty\u0144skich studni. Nast\u0119pnego dnia wycofa\u0142 to o\u015bwiadczenie, uzna\u0142 je za fa\u0142szywe.<\/span><\/p>\n<p style=\"text-align: left;\"><span style=\"color: #000080;\">Cz\u0119sto pojawiaj\u0105 si\u0119 zarzuty, \u017ce urz\u0119dnicy Autonomii Palesty\u0144skiej, w tym Abbas, systematycznie defraudowali fundusze publiczne. Uwa\u017ca si\u0119, \u017ce gigantyczna korupcja przyw\u00f3dztwa Fatahu przyczyni\u0142a si\u0119 do przekonuj\u0105cego zwyci\u0119stwa Hamasu w wyborach parlamentarnych w styczniu 2006 roku.<\/span><\/p>\n<p style=\"text-align: left;\"><span style=\"color: #000080;\">W sierpniu 2023 roku przemawiaj\u0105c przed Rad\u0105 Rewolucyjn\u0105 Fatahu Abbas stwierdzi\u0142, \u017ce Hitler zabija\u0142 \u017byd\u00f3w ze wzgl\u0119du na ich \u201erol\u0119 spo\u0142eczn\u0105\u201d jako lichwiarzy, a nie z powodu antysemityzmu.<\/span><\/p>\n<hr \/>\n<p style=\"text-align: left;\"><img decoding=\"async\" class=\"alignleft\" src=\"https:\/\/studioopinii.pl\/wp-content\/uploads\/2019\/02\/lubowski.jpg\" width=\"20%\" \/><span style=\"color: #808080;\"><em><strong>Andrzej Lubowski<\/strong> &#8211; Polski i ameryka\u0144ski dziennikarz i publicysta polityczno-ekonomiczny.<\/em><\/span><\/p>\n<hr style=\"height: 15px; background: #d0e6fa; width: 100%;\" \/>\n<div id=\"content\" class=\"content-alignment\">\n<div id=\"watch-description\" class=\"yt-uix-button-panel\">\n<div id=\"watch-description-text\" style=\"text-align: center;\">\n<p><em>Zawarto\u015b\u0107 publikowanych artyku\u0142\u00f3w i materia\u0142\u00f3w nie reprezentuje pogl\u0105d\u00f3w ani opinii Reunion&#8217;68,<\/em><em><br \/>\nani te\u017c webmastera Blogu Reunion&#8217;68, chyba ze jest to wyra\u017anie zaznaczone.<br \/>\nTwoje uwagi, linki, w\u0142asne artyku\u0142y lub wiadomo\u015bci prze\u015blij na adres:<br \/>\n<\/em><span style=\"color: #000080;\"><strong><em><a style=\"color: #000080;\" href=\"mailto:webmaster@reunion68.com\"><span style=\"text-decoration: underline;\">webmaster@reunion68.com<\/span><\/a><\/em><\/strong><\/span><\/p>\n<\/div>\n<\/div>\n<\/div>\n<hr style=\"width: 100%;\" \/>\n","protected":false},"excerpt":{"rendered":"<p>Hamas i inna bitwa o Gaz\u0119 Andrzej Lubowski Tragedia Izraela i tragedia Gazy przypominaj\u0105 mi o bitwie o Gaz\u0119 \u2013 zbrojnym konflikcie mi\u0119dzy Palesty\u0144czykami latem 2007 roku, trwaj\u0105cym kilka dni, w wyniku kt\u00f3rego Hamas przej\u0105\u0142 kontrol\u0119 nad Gaz\u0105. Opowiadali mi o nim do\u015b\u0107 szczeg\u00f3\u0142owo Palesty\u0144czycy przy kolacji sk\u0142adaj\u0105cej si\u0119 z baraniny z ry\u017cem i cebul\u0105 [&hellip;]<\/p>\n","protected":false},"author":1,"featured_media":0,"comment_status":"closed","ping_status":"closed","sticky":false,"template":"","format":"standard","meta":[],"categories":[6],"tags":[26,24],"_links":{"self":[{"href":"https:\/\/www.reunion68.se\/index.php?rest_route=\/wp\/v2\/posts\/108099"}],"collection":[{"href":"https:\/\/www.reunion68.se\/index.php?rest_route=\/wp\/v2\/posts"}],"about":[{"href":"https:\/\/www.reunion68.se\/index.php?rest_route=\/wp\/v2\/types\/post"}],"author":[{"embeddable":true,"href":"https:\/\/www.reunion68.se\/index.php?rest_route=\/wp\/v2\/users\/1"}],"replies":[{"embeddable":true,"href":"https:\/\/www.reunion68.se\/index.php?rest_route=%2Fwp%2Fv2%2Fcomments&post=108099"}],"version-history":[{"count":6,"href":"https:\/\/www.reunion68.se\/index.php?rest_route=\/wp\/v2\/posts\/108099\/revisions"}],"predecessor-version":[{"id":108115,"href":"https:\/\/www.reunion68.se\/index.php?rest_route=\/wp\/v2\/posts\/108099\/revisions\/108115"}],"wp:attachment":[{"href":"https:\/\/www.reunion68.se\/index.php?rest_route=%2Fwp%2Fv2%2Fmedia&parent=108099"}],"wp:term":[{"taxonomy":"category","embeddable":true,"href":"https:\/\/www.reunion68.se\/index.php?rest_route=%2Fwp%2Fv2%2Fcategories&post=108099"},{"taxonomy":"post_tag","embeddable":true,"href":"https:\/\/www.reunion68.se\/index.php?rest_route=%2Fwp%2Fv2%2Ftags&post=108099"}],"curies":[{"name":"wp","href":"https:\/\/api.w.org\/{rel}","templated":true}]}}