{"id":108121,"date":"2023-10-27T16:09:06","date_gmt":"2023-10-27T14:09:06","guid":{"rendered":"http:\/\/www.reunion68.se\/?p=108121"},"modified":"2023-10-27T16:09:35","modified_gmt":"2023-10-27T14:09:35","slug":"04-09-85","status":"publish","type":"post","link":"https:\/\/www.reunion68.se\/?p=108121","title":{"rendered":"Wirusy tradycji, wirusy k\u0142amstwa, wirusy umys\u0142u"},"content":{"rendered":"<p><img decoding=\"async\" src=\"https:\/\/studioopinii.pl\/wp-content\/uploads\/2023\/08\/Nowa-Winieta-2.jpg\" width=\"100%\"><\/p>\n<hr>\n<h5 style=\"text-align: center;\"><a href=\"https:\/\/studioopinii.pl\/\" target=\"_blank\" rel=\"noopener noreferrer\"><img decoding=\"async\" class=\"center alignleft\" src=\"http:\/\/www.reunion68.com\/Biuletyn\/img\/studio.png\" alt=\"\" width=\"35%\"><\/a><span style=\"text-decoration: underline; color: #000080;\"><strong><a style=\"color: #000080; text-decoration: underline;\" href=\"https:\/\/studioopinii.pl\/archiwa\/238563\" target=\"_blank\" rel=\"noopener noreferrer\">Wirusy tradycji, wirusy k\u0142amstwa, wirusy umys\u0142u<\/a><\/strong><\/span><\/h5>\n<p style=\"text-align: center;\"><span style=\"color: #000000;\"><strong>Andrzej Koraszewski<\/strong><\/span><\/p>\n<hr style=\"height: 15px; background: #d0e6fa; width: 100%;\">\n<p style=\"text-align: left;\"><span style=\"color: #000080;\">Nie&nbsp;mam opinii, mam informacje. To&nbsp;brutalna odpowied\u017a na&nbsp;pytanie, co&nbsp;s\u0105dz\u0119 o&nbsp;sytuacji w&nbsp;konflikcie mi\u0119dzy ideologi\u0105 tych, kt\u00f3rzy&nbsp;chc\u0105 \u017cy\u0107 i&nbsp;tych, kt\u00f3rzy&nbsp;chc\u0105 zabija\u0107. Powiesz, \u017ce&nbsp;ju\u017c samo sformu\u0142owanie tej&nbsp;odpowiedzi jest opini\u0105. Wi\u0119kszo\u015b\u0107 czytelnik\u00f3w domy\u015bla si\u0119 natychmiast, o&nbsp;kt\u00f3ry&nbsp;konflikt chodzi, chocia\u017c b\u0119d\u0105 go&nbsp;r\u00f3\u017cnie nazywa\u0107. Jedni nazw\u0105 go&nbsp;konfliktem izraelsko-palesty\u0144skim, inni arabsko-izraelskim, jeszcze inni muzu\u0142ma\u0144sko-\u017cydowskim, a&nbsp;b\u0119d\u0105 i&nbsp;tacy, kt\u00f3rzy&nbsp;powiedz\u0105 o&nbsp;konflikcie ludzko\u015bci z&nbsp;\u017cydowsk\u0105 ras\u0105, czy&nbsp;konfliktem post\u0119pu z&nbsp;kolonializmem i&nbsp;imperializmem.<\/span><\/p>\n<p style=\"text-align: left;\"><span style=\"color: #000080;\">Nazwa tego konfliktu b\u0119dzie zale\u017ca\u0142a od&nbsp;daty i&nbsp;miejsca urodzenia, tradycji rodzinnej, wyznania, \u015bwiatopogl\u0105du. Jest poranek po&nbsp;naszych wyborach do&nbsp;parlamentu. Euforia, \u017ce&nbsp;jednak pesymizm by\u0142 nieuzasadniony, \u017ce&nbsp;jest nadzieja, mo\u017ce ju\u017c nawet wi\u0119cej ni\u017c nadzieja, chocia\u017c jeszcze nie&nbsp;pewno\u015b\u0107. W\u015br\u00f3d pierwszych wiadomo\u015bci zobaczy\u0142em dzi\u015b oskar\u017cenie Janusza Korwina-Mikke, \u017ce&nbsp;s\u0142abe wyniki Konfederacji to&nbsp;konsekwencja chowania pod&nbsp;dywan jego i&nbsp;Grzegorza Brauna. Interpretacja wydaje si\u0119 oczywista \u2013 ukrywali\u015bmy nasz antysemityzm i&nbsp;ludzie si\u0119 od&nbsp;nas odwr\u00f3cili. Czy&nbsp;ta&nbsp;interpretacja jego s\u0142\u00f3w jest poprawna, czy&nbsp;to&nbsp;tylko&nbsp;moje&nbsp;skrzywienie? A&nbsp;je\u015bli to&nbsp;w\u0142a\u015bnie ten by\u0142y ulubieniec Stefana Kisielewskiego mia\u0142 na&nbsp;my\u015bli, to&nbsp;czy&nbsp;mia\u0142 racj\u0119? Czy&nbsp;otwarta antysemicka propaganda da\u0142aby Konfederacji lepsze wyniki? Nie&nbsp;mam opinii.<\/span><\/p>\n<p style=\"text-align: left;\"><span style=\"color: #000080;\">Na&nbsp;FB zamieszczam tweet z&nbsp;dwoma zdj\u0119ciami na&nbsp;jednym puste ulice Londynu, na&nbsp;drugim te&nbsp;same ulice z&nbsp;tysi\u0119cznymi t\u0142umami. Podpis: \u201eLondyn po&nbsp;masakrze \u017byd\u00f3w przez&nbsp;Hamas i&nbsp;Londyn protestuj\u0105cy przeciw izraelskiej odpowiedzi\u201d. &nbsp;&nbsp;&nbsp;&nbsp;&nbsp;&nbsp;&nbsp;&nbsp;&nbsp;<\/span><\/p>\n<p style=\"text-align: left;\"><span style=\"color: #000080;\">Korwin wie, \u017ce&nbsp;wirusy tradycji wp\u0142ywaj\u0105 nie&nbsp;tylko&nbsp;na&nbsp;inne narody, to&nbsp;szalenie inteligentny i&nbsp;dobrze wykszta\u0142cony cz\u0142owiek. Zapewne zna, mylnie przypisywan\u0105 Stefanowi Wyszy\u0144skiemu, wypowied\u017a ks.&nbsp;J\u00f3zefa Pastuszki z&nbsp;1938 roku:<\/span><\/p>\n<p style=\"text-align: left; padding-left: 40px;\">\n<strong><em>\u201eRasizm kryje w&nbsp;sobie pewne zdrowe my\u015bli, kt\u00f3re dotychczas znane by\u0142y tylko&nbsp;w&nbsp;szczup\u0142ym gronie lekarzy i&nbsp;biolog\u00f3w. Dzi\u015b przyszed\u0142 czas na&nbsp;ich rehabilitacj\u0119.<br \/>\nTrudno nie&nbsp;przyzna\u0107 s\u0142uszno\u015bci twierdzeniom Hitlera, \u017cyd pozosta\u0142 obcym cia\u0142em w&nbsp;organizmie narod\u00f3w europejskich.<br \/>\nDzisiejsza III Rzesza podj\u0119\u0142a tytaniczn\u0105 pr\u00f3b\u0119 realizacji wielkiej idei, kt\u00f3ra&nbsp;ma&nbsp;przynie\u015b\u0107 odrodzenie ludzko\u015bci.\u201d<\/em><\/strong><br \/>\n<strong>(\u201eAteneum Kap\u0142a\u0144skie\u201d, zeszyt 1, 1938,<\/strong> str. 23)<\/p>\n<p style=\"text-align: left;\"><span style=\"color: #000080;\">Anjuli Pandavar, urodzona w&nbsp;muzu\u0142ma\u0144skiej rodzinie w&nbsp;Afryce Po\u0142udniowej, od&nbsp;dwudziestego roku \u017cycia jest by\u0142\u0105 muzu\u0142mank\u0105, jej reakcja na&nbsp;bestialstwa Hamasu wywo\u0142uje szok nawet u&nbsp;mnie. Oczekuje wi\u0119cej ni\u017c tylko&nbsp;ca\u0142kowitego zniszczenia Hamasu, pisze, \u017ce&nbsp;Izrael powinien zburzy\u0107 meczet Al-Aksa. Pr\u00f3buj\u0119 si\u0119 nie&nbsp;oburza\u0107, chocia\u017c zgadzam si\u0119 zar\u00f3wno z&nbsp;ni\u0105, jak i&nbsp;z&nbsp;wieloma innymi lud\u017ami, kt\u00f3rzy&nbsp;twierdz\u0105, \u017ce&nbsp;podj\u0119ta w&nbsp;1967 roku decyzja o&nbsp;wy\u0142\u0105czeniu tego meczetu z&nbsp;izraelskiej jurysdykcji by\u0142a dramatycznym b\u0142\u0119dem. By\u0142 to&nbsp;jeden z&nbsp;wielu gest\u00f3w dobrej woli o&nbsp;fatalnych konsekwencjach.<\/span><\/p>\n<p style=\"text-align: left;\"><span style=\"color: #000080;\">Dla Anjuli islam jest uosobieniem najbardziej barbarzy\u0144skiej tradycji w&nbsp;dzisiejszym \u015bwiecie, tradycji kt\u00f3rej&nbsp;centralnym zwornikiem jest nienawi\u015b\u0107 do&nbsp;\u017byd\u00f3w, jako ten element ich kultury, kt\u00f3ra&nbsp;pozwala przenosi\u0107 t\u0119&nbsp;nienawi\u015b\u0107 dalej na&nbsp;wszystkich pozosta\u0142ych niewiernych. &nbsp;&nbsp;&nbsp;&nbsp;<\/span><\/p>\n<p style=\"text-align: left;\"><span style=\"color: #000080;\">Ta&nbsp;by\u0142a muzu\u0142manka jest oburzona, \u017ce&nbsp;mimo tego, co&nbsp;si\u0119 sta\u0142o, nawet izraelskie media nazywaj\u0105 Hamas organizacj\u0105 islamistyczn\u0105. Nie&nbsp;\u2013 pisze Anjuli Pandavar \u2013 Hamas jest organizacj\u0105 islamsk\u0105, nazwa Hamas to&nbsp;akronim Islamskiego Ruchu Oporu, kt\u00f3ry&nbsp;ma&nbsp;w&nbsp;swojej konstytucji program eksterminacji \u017byd\u00f3w. R\u00f3\u017cnice mi\u0119dzy nimi a&nbsp;Al-Kaid\u0105, ISIS, Hezbollahem, czy&nbsp;Autonomi\u0105 Palesty\u0144sk\u0105, to&nbsp;spory o&nbsp;to, kto b\u0119dzie lepiej przewodzi\u0142 mordowaniu. Oburzaj\u0105 j\u0105&nbsp;por\u00f3wnania z&nbsp;11 wrze\u015bnia w&nbsp;USA, czy&nbsp;z&nbsp;wojn\u0105 Jom Kipur. &nbsp;&nbsp;<\/span><\/p>\n<p style=\"text-align: left;\"><span style=\"color: #000080;\">Pisze, \u017ce&nbsp;istnieje tu&nbsp;bezpo\u015bredni zwi\u0105zek z&nbsp;nazistowskim Holokaustem w&nbsp;tym, \u017ce&nbsp;religia nakazuje muzu\u0142manom dokonanie Holokaustu na&nbsp;\u017bydach, zanim b\u0119d\u0105 mogli dosta\u0107 si\u0119 do&nbsp;Nieba.<\/span><\/p>\n<p style=\"text-align: left;\"><span style=\"color: #000080;\">Anjuli Pandavar doskonale wie jak wygl\u0105da wirus tradycji w&nbsp;muzu\u0142ma\u0144skim \u015bwiecie. Nie&nbsp;ona jedna wr\u00f3ci\u0142a z&nbsp;okazji hamasowskiej masakry do&nbsp;wspomnie\u0144 tresury z&nbsp;dzieci\u0144stwa. Wstrz\u0105\u015bni\u0119ci muzu\u0142manie i&nbsp;byli muzu\u0142manie opisuj\u0105 jak wygl\u0105da przygotowanie do&nbsp;nieludzkiego barbarzy\u0144stwa. &nbsp;&nbsp;&nbsp;&nbsp;&nbsp;&nbsp;<\/span><\/p>\n<p style=\"text-align: left;\"><span style=\"color: #000080;\">13 pa\u017adziernika Ayaan Hirsi Ali&nbsp;<a class=\"extlink https\" style=\"color: #000080;\" href=\"https:\/\/www.dailymail.co.uk\/news\/article-12629243\/raised-curse-israel-pray-destruction-jews-AYAAN-HIRSI-ALI-Hamas-ISIS.html\">pisa\u0142a<\/a>:<\/span><br \/>\n<span style=\"color: #000080;\"><em>\u201eWychowano mnie, aby przeklina\u0107 Izrael i&nbsp;modli\u0107 si\u0119 o&nbsp;zag\u0142ad\u0119 \u017byd\u00f3w\u201d.<\/em><\/span><\/p>\n<p style=\"text-align: left;\"><span style=\"color: #000080;\">Ci&nbsp;muzu\u0142manie i&nbsp;byli muzu\u0142manie, kt\u00f3rzy&nbsp;s\u0105&nbsp;\u015bwiadomi odcz\u0142owieczaj\u0105cego dzia\u0142ania wychowania w&nbsp;islamie znaj\u0105 nie&nbsp;tylko&nbsp;Koran, ale&nbsp;r\u00f3wnie\u017c to, kto i&nbsp;jak najsilniej wp\u0142ywa\u0142 na&nbsp;islamskie instytucje religijne w&nbsp;ubieg\u0142ym i&nbsp;w&nbsp;tym stuleciu.<\/span><\/p>\n<p style=\"text-align: left;\"><span style=\"color: #000080;\">Ameryka\u0144ski historyk Jeffrey Herf 10 pa\u017adziernika&nbsp;<a class=\"extlink https\" style=\"color: #000080;\" href=\"https:\/\/quillette.com\/2023\/10\/10\/the-ideology-of-mass-murder\/?ref=quillette-daily-newsletter\">przypomina\u0142<\/a>, \u017ce&nbsp;Wielki Mufti Jerozolimy, Al-Husseini \u201euciek\u0142\u201d z&nbsp;aresztu domowego we&nbsp;Francji w&nbsp;czerwcu 1946&nbsp;r. i&nbsp;zosta\u0142 w&nbsp;Kairze powitany jak bohater przez&nbsp;za\u0142o\u017cyciela Bractwa Muzu\u0142ma\u0144skiego Hasana al-Bann\u0119, kt\u00f3ry&nbsp;w\u00f3wczas powiedzia\u0142:<\/span><\/p>\n<p style=\"text-align: left;\"><span style=\"color: #000080;\">\u201eKl\u0119ska Hitlera i&nbsp;Mussoliniego ci\u0119 nie&nbsp;przestraszy\u0142a.&nbsp;Twoje&nbsp;w\u0142osy nie&nbsp;posiwia\u0142y ze&nbsp;strachu i&nbsp;wci\u0105\u017c jeste\u015b pe\u0142en \u017cycia i&nbsp;walki.&nbsp;Co&nbsp;za&nbsp;bohater, co&nbsp;za&nbsp;cud cz\u0142owieka. Chcieliby\u015bmy wiedzie\u0107, co&nbsp;zrobi arabska m\u0142odzie\u017c, ministrowie gabinetu, bogaci ludzie i&nbsp;ksi\u0105\u017c\u0119ta Palestyny, Syrii, Iraku, Tunisu, Maroka i&nbsp;Trypolisu, aby by\u0107 godnymi tego bohatera.&nbsp;Tak, ten bohater, kt\u00f3ry&nbsp;rzuci\u0142 wyzwanie imperium i&nbsp;walczy\u0142 z&nbsp;syjonizmem z&nbsp;pomoc\u0105 Hitlera i&nbsp;Niemiec.&nbsp;Niemiec i&nbsp;Hitlera ju\u017c nie&nbsp;ma, ale&nbsp;Amin Al-Husseini b\u0119dzie kontynuowa\u0142 walk\u0119.\u201d<\/span><\/p>\n<p style=\"text-align: left;\"><span style=\"color: #000080;\">Nie, nie&nbsp;wszyscy muzu\u0142manie gratuluj\u0105 dzi\u015b zwyci\u0119stwa Hamasowi, ale&nbsp;g\u0142osy protestu z&nbsp;muzu\u0142ma\u0144skiego \u015bwiata s\u0105&nbsp;ledwie s\u0142yszalnym szeptem.<\/span><\/p>\n<p style=\"text-align: left;\"><span style=\"color: #000080;\">Tymczasem na&nbsp;Zachodzie widzimy mobilizacj\u0119 szereg\u00f3w ludzi odczuwaj\u0105cych g\u0142\u0119bok\u0105 potrzeb\u0119 szybkiej zmiany obrazu. Jeden drobny, ale&nbsp;jak\u017ce znamienny przyk\u0142ad. Organizacja Human Rights Watch&nbsp;<a class=\"extlink https\" style=\"color: #000080;\" href=\"https:\/\/www.hrw.org\/news\/2023\/10\/12\/israel-white-phosphorus-used-gaza-lebanon\">opublikowa\u0142a<\/a>&nbsp;\u201einformacj\u0119\u201d, \u017ce&nbsp;Izrael u\u017cy\u0142 bia\u0142ego fosforu przeciw ludno\u015bci w&nbsp;Gazie. Ich \u017ar\u00f3d\u0142o:<\/span><\/p>\n<p style=\"text-align: left;\"><span style=\"color: #000080;\">\u201e11 pa\u017adziernika organizacja Human Rights Watch przeprowadzi\u0142a wywiad telefoniczny z&nbsp;dwiema osobami z&nbsp;obszaru al-Mina w&nbsp;mie\u015bcie Gaza, kt\u00f3re opisa\u0142y obserwacj\u0119 uderze\u0144 wskazuj\u0105c\u0105 na&nbsp;u\u017cycie bia\u0142ego fosforu. &nbsp;[\u2026] Organizacja Human Rights Watch przejrza\u0142a wideo i&nbsp;potwierdzi\u0142a, \u017ce&nbsp;zosta\u0142o nagrane w&nbsp;porcie miasta Gaza, i&nbsp;stwierdzi\u0142a, \u017ce&nbsp;amunicj\u0105 u\u017cyt\u0105 podczas ataku by\u0142y wystrzeliwane w&nbsp;powietrze pociski artyleryjskie kal. 155 mm z&nbsp;bia\u0142ym fosforem.&nbsp;Inne filmy opublikowane w&nbsp;mediach spo\u0142eczno\u015bciowych i&nbsp;zweryfikowane przez&nbsp;Human Rights Watch pokazuj\u0105 t\u0119&nbsp;sam\u0105 lokalizacj\u0119.&nbsp;G\u0119sty bia\u0142y dym i&nbsp;zapach czosnku to&nbsp;cechy charakterystyczne bia\u0142ego fosforu.<\/span><\/p>\n<p style=\"text-align: left;\"><span style=\"color: #000080;\">\u201eInformacj\u0119\u201d natychmiast powt\u00f3rzy\u0142a Amnesty International, potem Reuters, potem powtarza\u0142y j\u0105&nbsp;miliony internaut\u00f3w. Stanowcze dementi stronny izraelskiej gubi si\u0119 w\u015br\u00f3d dziesi\u0105tk\u00f3w tysi\u0119cy wpis\u00f3w ludzi przekonanych, \u017ce&nbsp;z&nbsp;tak&nbsp;wspania\u0142ych \u017ar\u00f3de\u0142 nie&nbsp;mogli dosta\u0107 w\u0105tpliwej wiadomo\u015bci.<\/span><\/p>\n<p style=\"text-align: left;\"><span style=\"color: #000080;\">IDF&nbsp;<a class=\"extlink https\" style=\"color: #000080;\" href=\"https:\/\/www.defensehere.com\/en\/what-is-the-white-phosphorus-that-israel-is-accused-of-using-in-gaza\">wyja\u015bni\u0142<\/a>:<\/span><\/p>\n<p style=\"text-align: left; padding-left: 40px;\">\n<em><strong>\u201eObecne oskar\u017cenia stawiane IDF w&nbsp;zwi\u0105zku ze&nbsp;stosowaniem bia\u0142ego fosforu w&nbsp;Gazie s\u0105&nbsp;jednoznacznie fa\u0142szywe.&nbsp;IDF nie&nbsp;u\u017cy\u0142o takiej amunicji.<\/strong>\u201d<\/em><\/p>\n<p style=\"text-align: left;\"><span style=\"color: #000080;\">Wirusy k\u0142amstwa bez&nbsp;trudu zara\u017caj\u0105 organizmy ska\u017cone wirusami tradycji. Czy&nbsp;gimnastyka zmierzaj\u0105ca do&nbsp;z\u0142agodzenia obrazu zbrodniarzy jest mniej niebezpieczna, ni\u017c te&nbsp;nami\u0119tne pr\u00f3by uczynienia z&nbsp;ofiar zbrodniarzy? Nie&nbsp;mam opinii w&nbsp;tej&nbsp;sprawie.<\/span><\/p>\n<p style=\"text-align: left;\"><span style=\"color: #000080;\">By\u0142y g\u0142\u00f3wny korespondent polityczny BBC, John Sergeant nie&nbsp;tylko&nbsp;<a class=\"extlink https\" style=\"color: #000080;\" href=\"https:\/\/www.jpost.com\/diaspora\/antisemitism\/article-768290\">broni decyzji<\/a>&nbsp;zakazu nazywania Hamasu organizacj\u0105 &nbsp;terrorystyczn\u0105, ale&nbsp;przekonuje, \u017ce&nbsp;podrzynanie niemowl\u0119tom garde\u0142 nie&nbsp;jest terroryzmem.<\/span><\/p>\n<p style=\"text-align: left;\"><span style=\"color: #000080;\">Definicja terroryzmu Ligi Narod\u00f3w z&nbsp;1937 roku brzmia\u0142a:<\/span><\/p>\n<p style=\"text-align: left; padding-left: 40px;\"><span style=\"color: #000000;\"><strong><em>\u201eWszystkie dzia\u0142anie przest\u0119pcze skierowane przeciwko pa\u0144stwom, kt\u00f3rych&nbsp;celem jest wytworzenie stanu terroru w&nbsp;umys\u0142ach ludzi, grup os\u00f3b lub spo\u0142ecze\u0144stwa.\u201d<\/em><\/strong><\/span><\/p>\n<p style=\"text-align: left;\"><span style=\"color: #000080;\">\u201eZasiej terror w&nbsp;sercach niewiernych\u201d \u2013 nakazuje Koran i&nbsp;dzieci w&nbsp;muzu\u0142ma\u0144skich rodzinach s\u0142ysz\u0105 to&nbsp;od&nbsp;najm\u0142odszych lat. Dziennikarze BBC nie&nbsp;s\u0105&nbsp;na&nbsp;og\u00f3\u0142 ukszta\u0142towani przez&nbsp;muzu\u0142ma\u0144sk\u0105 tradycj\u0119. S\u0105&nbsp;tylko&nbsp;post\u0119powi, na&nbsp;sw\u00f3j spos\u00f3b obiektywni, oczywi\u015bcie wsp\u00f3\u0142czuj\u0105cy rzekomo s\u0142abszej stronie.<\/span><\/p>\n<p style=\"text-align: left;\"><span style=\"color: #000080;\">W\u015br\u00f3d dziesi\u0105tk\u00f3w artyku\u0142\u00f3w, czyta\u0142em gdzie\u015b propozycj\u0119 interesuj\u0105cego eksperymentu my\u015blowego. Wyobra\u017a sobie, \u017ce&nbsp;w&nbsp;1945 roku wygnanym z&nbsp;Polski Niemcom wyznacza si\u0119 niewielki obszar, a&nbsp;w\u0142adze nad&nbsp;nimi powierza si\u0119 organizacji utworzonej przez&nbsp;zwolnionego z&nbsp;wi\u0119zienia genera\u0142a SS. Organizacja deklaruje cel swojego istnienia, jakim jest powr\u00f3t na&nbsp;zabrane im&nbsp;ziemie. Wychowuje dzieci na&nbsp;wojownik\u00f3w, zabija ka\u017cdego dnia kilku Polak\u00f3w, ostrzeliwuje rakietami polskie miasta, jest hojnie finansowana przez&nbsp;zamo\u017cne kraje. Ci&nbsp;Niemcy maj\u0105 tylko&nbsp;jeden cel. S\u0105&nbsp;to&nbsp;biedni Niemcy, nie&nbsp;produkuj\u0105 niczego pr\u00f3cz broni, zas\u0142uguj\u0105 na&nbsp;wsp\u00f3\u0142czucie \u015bwiata. (Nie&nbsp;pami\u0119tam, czy&nbsp;napisa\u0142 to&nbsp;Arab, Europejczyk, Izraelczyk czy&nbsp;Amerykanin, nie&nbsp;ma&nbsp;to&nbsp;\u017cadnego znaczenia.) &nbsp;&nbsp;<\/span><\/p>\n<p style=\"text-align: left;\"><span style=\"color: #000080;\">Jak dzia\u0142a umys\u0142, jak dzia\u0142aj\u0105 umys\u0142y ska\u017cone wirusami tradycji i&nbsp;wirusami k\u0142amstw? &nbsp;&nbsp;&nbsp;&nbsp;&nbsp;&nbsp;&nbsp;<\/span><\/p>\n<p style=\"text-align: left;\"><span style=\"color: #000080;\">Pytaj\u0105 mnie, jak powinien si\u0119 zachowa\u0107 Izrael, jak oceniam dzia\u0142ania militarne Izraela w&nbsp;Gazie. Odpowiadam, \u017ce&nbsp;nie&nbsp;mam opinii, jak r\u00f3wnie\u017c, \u017ce&nbsp;moja opinia jest ca\u0142kowicie bez&nbsp;znaczenia. &nbsp;&nbsp;&nbsp;&nbsp;&nbsp;&nbsp;&nbsp;&nbsp;&nbsp;<\/span><\/p>\n<p style=\"text-align: left;\"><span style=\"color: #000080;\">Nie&nbsp;jest bez&nbsp;znaczenia opinia Najwy\u017cszego Przyw\u00f3dcy Islamskiej Republiki Iranu, Alego Chameneiego wypowiedziana 10 pa\u017adziernika, \u017ce<\/span><\/p>\n<p style=\"text-align: left; padding-left: 40px;\"><strong><em>\u201e\u2026od 7 pa\u017adziernika 2023&nbsp;r. grabie\u017cczy re\u017cim syjonistyczny poni\u00f3s\u0142 nieodwracaln\u0105 pora\u017ck\u0119 militarn\u0105 i&nbsp;wywiadowcz\u0105. Wszyscy m\u00f3wi\u0105 o&nbsp;\u2018pora\u017cce\u2019.&nbsp;K\u0142ad\u0119 nacisk na&nbsp;to, co&nbsp;\u2018nieodwracalne\u2019.&nbsp;Twierdz\u0119, \u017ce&nbsp;to&nbsp;niszczycielskie trz\u0119sienie ziemi zdo\u0142a\u0142o zniszczy\u0107 re\u017cim grabie\u017cczego re\u017cimu do&nbsp;samych jego g\u0142\u00f3wnych fundament\u00f3w i&nbsp;nie&nbsp;da si\u0119 go&nbsp;tak&nbsp;\u0142atwo odbudowa\u0107. Nie&nbsp;jest rozs\u0105dne, by&nbsp;s\u0105dzi\u0107, \u017ce&nbsp;grabie\u017cczy re\u017cim syjonistyczny zdo\u0142a &nbsp;odbudowa\u0107 te&nbsp;fundamenty, pomimo ca\u0142ego ha\u0142asu, kt\u00f3ry&nbsp;robi i&nbsp;ca\u0142ego wsparcia, jakie otrzymuje dzi\u015b od&nbsp;Zachodu. Chc\u0119 powiedzie\u0107, \u017ce&nbsp;od&nbsp;soboty 7 pa\u017adziernika 2023&nbsp;r. re\u017cim syjonistyczny nie&nbsp;jest ju\u017c re\u017cimem syjonistycznym, jakim by\u0142 i&nbsp;nie&nbsp;da si\u0119 \u0142atwo zrekompensowa\u0107 ciosu, jaki otrzyma\u0142\u201d.<\/em><\/strong><\/p>\n<p style=\"text-align: left;\"><span style=\"color: #000080;\">Umys\u0142y stra\u017cnik\u00f3w totalitarnej tradycji mog\u0105 funkcjonowa\u0107 inaczej ni\u017c tw\u00f3j, mog\u0105 r\u00f3wnie\u017c doskonale wykorzystywa\u0107 wirusy twojej&nbsp;tradycji dla swoich cel\u00f3w. Je\u015bli nazywasz ten konflikt, konfliktem izraelsko-palesty\u0144skim, jeste\u015b ju\u017c ci\u0119\u017cko zara\u017cony.<\/span><\/p>\n<hr>\n<div class=\"wp-block-image is-style-rounded\">\n<figure class=\"alignleft size-full is-resized\"><img decoding=\"async\" loading=\"lazy\" class=\"wp-image-180999 alignleft\" src=\"https:\/\/studioopinii.pl\/wp-content\/uploads\/2017\/06\/Koraszewski.jpg\" alt=\"\" width=\"142\" height=\"145\"><\/figure>\n<\/div>\n<h1 class=\"has-luminous-vivid-amber-background-color has-background wp-block-heading\" style=\"text-align: left;\"><span style=\"color: #808080;\"><em>Andrzej Koraszewski<\/em><\/span><\/h1>\n<p style=\"text-align: left;\"><span style=\"color: #808080;\"><em><strong>Publicysta i&nbsp;pisarz ekonomiczno-spo\u0142eczny.<\/strong><\/em><\/span><\/p>\n<p style=\"text-align: left;\"><span style=\"color: #808080;\"><em>Ur. 26 marca&nbsp;<strong>1940&nbsp;<\/strong>w&nbsp;Szymbarku, by\u0142y dziennikarz&nbsp;<a class=\"extlink https\" style=\"color: #808080;\" href=\"https:\/\/www.wikiwand.com\/pl\/BBC\">BBC<\/a>, wiceszef polskiej sekcji BBC, i&nbsp;publicysta paryskiej \u201e<a class=\"extlink https\" style=\"color: #808080;\" href=\"https:\/\/www.wikiwand.com\/pl\/Kultura_(miesi%C4%99cznik)\">Kultury<\/a>\u201d.&nbsp;<strong><a class=\"extlink https\" style=\"color: #808080;\" href=\"https:\/\/www.wikiwand.com\/pl\/Andrzej_Koraszewski\" target=\"_blank\" rel=\"noreferrer noopener\">Wi\u0119cej w&nbsp;Wikipedii<\/a><\/strong>.<\/em><\/span><\/p>\n<p style=\"text-align: left;\"><span style=\"color: #808080;\"><em><a class=\"extlink https\" style=\"color: #808080;\" href=\"https:\/\/www.facebook.com\/andrzej.koraszewski\" target=\"_blank\" rel=\"noreferrer noopener\"><strong>Facebook<\/strong><\/a><\/em><\/span><\/p>\n<hr style=\"height: 15px; background: #d0e6fa; width: 100%;\">\n<div id=\"content\" class=\"content-alignment\">\n<div id=\"watch-description\" class=\"yt-uix-button-panel\">\n<div id=\"watch-description-text\" style=\"text-align: center;\">\n<p><em>Zawarto\u015b\u0107 publikowanych artyku\u0142\u00f3w i materia\u0142\u00f3w nie reprezentuje pogl\u0105d\u00f3w ani opinii Reunion&#8217;68,<\/em><em><br \/>\nani te\u017c webmastera Blogu Reunion&#8217;68, chyba ze jest to wyra\u017anie zaznaczone.<br \/>\nTwoje uwagi, linki, w\u0142asne artyku\u0142y lub wiadomo\u015bci prze\u015blij na adres:<br \/>\n<\/em><span style=\"color: #000080;\"><strong><em><a style=\"color: #000080;\" href=\"mailto:webmaster@reunion68.com\"><span style=\"text-decoration: underline;\">webmaster@reunion68.com<\/span><\/a><\/em><\/strong><\/span><\/p>\n<\/div>\n<\/div>\n<\/div>\n<hr style=\"width: 100%;\">\n","protected":false},"excerpt":{"rendered":"<p>Wirusy tradycji, wirusy k\u0142amstwa, wirusy umys\u0142u Andrzej Koraszewski Nie&nbsp;mam opinii, mam informacje. To&nbsp;brutalna odpowied\u017a na&nbsp;pytanie, co&nbsp;s\u0105dz\u0119 o&nbsp;sytuacji w&nbsp;konflikcie mi\u0119dzy ideologi\u0105 tych, kt\u00f3rzy&nbsp;chc\u0105 \u017cy\u0107 i&nbsp;tych, kt\u00f3rzy&nbsp;chc\u0105 zabija\u0107. Powiesz, \u017ce&nbsp;ju\u017c samo sformu\u0142owanie tej&nbsp;odpowiedzi jest opini\u0105. Wi\u0119kszo\u015b\u0107 czytelnik\u00f3w domy\u015bla si\u0119 natychmiast, o&nbsp;kt\u00f3ry&nbsp;konflikt chodzi, chocia\u017c b\u0119d\u0105 go&nbsp;r\u00f3\u017cnie nazywa\u0107. Jedni nazw\u0105 go&nbsp;konfliktem izraelsko-palesty\u0144skim, inni arabsko-izraelskim, jeszcze inni muzu\u0142ma\u0144sko-\u017cydowskim, a&nbsp;b\u0119d\u0105 i&nbsp;tacy, [&hellip;]<\/p>\n","protected":false},"author":1,"featured_media":0,"comment_status":"closed","ping_status":"closed","sticky":false,"template":"","format":"standard","meta":[],"categories":[6],"tags":[26,24],"_links":{"self":[{"href":"https:\/\/www.reunion68.se\/index.php?rest_route=\/wp\/v2\/posts\/108121"}],"collection":[{"href":"https:\/\/www.reunion68.se\/index.php?rest_route=\/wp\/v2\/posts"}],"about":[{"href":"https:\/\/www.reunion68.se\/index.php?rest_route=\/wp\/v2\/types\/post"}],"author":[{"embeddable":true,"href":"https:\/\/www.reunion68.se\/index.php?rest_route=\/wp\/v2\/users\/1"}],"replies":[{"embeddable":true,"href":"https:\/\/www.reunion68.se\/index.php?rest_route=%2Fwp%2Fv2%2Fcomments&post=108121"}],"version-history":[{"count":6,"href":"https:\/\/www.reunion68.se\/index.php?rest_route=\/wp\/v2\/posts\/108121\/revisions"}],"predecessor-version":[{"id":108162,"href":"https:\/\/www.reunion68.se\/index.php?rest_route=\/wp\/v2\/posts\/108121\/revisions\/108162"}],"wp:attachment":[{"href":"https:\/\/www.reunion68.se\/index.php?rest_route=%2Fwp%2Fv2%2Fmedia&parent=108121"}],"wp:term":[{"taxonomy":"category","embeddable":true,"href":"https:\/\/www.reunion68.se\/index.php?rest_route=%2Fwp%2Fv2%2Fcategories&post=108121"},{"taxonomy":"post_tag","embeddable":true,"href":"https:\/\/www.reunion68.se\/index.php?rest_route=%2Fwp%2Fv2%2Ftags&post=108121"}],"curies":[{"name":"wp","href":"https:\/\/api.w.org\/{rel}","templated":true}]}}