{"id":108125,"date":"2023-10-29T17:00:12","date_gmt":"2023-10-29T15:00:12","guid":{"rendered":"http:\/\/www.reunion68.se\/?p=108125"},"modified":"2023-10-28T17:02:13","modified_gmt":"2023-10-28T15:02:13","slug":"04-00-83","status":"publish","type":"post","link":"https:\/\/www.reunion68.se\/?p=108125","title":{"rendered":"\u2018Fauda\u2019 Actor Idan Amedi Joins IDF Reserves to Fight Hamas, Says \u2018We Will Not Surrender Until We Win\u2019"},"content":{"rendered":"<h5 style=\"text-align: center;\"><a href=\"https:\/\/www.algemeiner.com\/\" target=\"_blank\" rel=\"noopener noreferrer\"><img decoding=\"async\" class=\"center alignleft\" src=\"http:\/\/www.reunion68.com\/Biuletyn\/img\/algem.png\" alt=\"\" width=\"35%\"><\/a><span style=\"text-decoration: underline; color: #000080;\"><span><strong><a style=\"color: #000080; text-decoration: underline;\" href=\"https:\/\/www.algemeiner.com\/2023\/10\/13\/fauda-actor-idan-amedi-joins-idf-reserves-to-fight-hamas-says-we-will-not-surrender-until-we-win\/\" target=\"_blank\" rel=\"noopener noreferrer\">\u2018Fauda\u2019 Actor Idan Amedi Joins IDF Reserves to Fight Hamas, Says \u2018We Will Not Surrender Until We Win\u2019<\/a><\/strong><\/span><\/span><\/h5>\n<p style=\"text-align: center;\"><span style=\"color: #000000;\"><strong>Shiryn Ghermezian<\/strong><\/span><\/p>\n<hr style=\"height: 15px; background: #d0e6fa; width: 100%;\">\n<p style=\"text-align: center;\"><img decoding=\"async\" class=\"aligncenter\" src=\"https:\/\/www.algemeiner.com\/wp-content\/uploads\/2023\/10\/Screen-Shot-2023-10-13-at-10.46.43-AM.jpg\" width=\"100%\"><span style=\"color: #808080;\"><em>Idan Amedi. Photo: Screenshot<\/em><\/span><\/p>\n<p style=\"text-align: left;\"><span style=\"color: #000080;\">Israeli actor and singer Idan Amedi, best known for his role as Sagi Tzur in the hit Israeli television series<em>&nbsp;Fauda<\/em>, has joined the Israeli Defense Force (IDF) as a reservist to defend his country against the Hamas terror group.<\/span><\/p>\n<p style=\"text-align: left;\"><span style=\"color: #000080;\">In a video message shared on X\/Twitter by&nbsp;<em>Fauda<\/em>\u2018s official account, Amedi talks about helping to keep his country safe and being called up to join the IDF following Hamas\u2019 initial attack against Israeli civilians on Saturday morning.<\/span><\/p>\n<p style=\"text-align: left;\"><span style=\"color: #000080;\">\u201cAs you can see, I\u2019m in a slightly different attire today,\u201d he began by saying, while wearing an IDF uniform and holding a gun. \u201cThis is not a scene from&nbsp;<em>Fauda<\/em>. This is real life \u2026 Alongside the horrifying and vicious attacks, our morale remains high. We fully comprehend why we are here. We are here to protect our children, our families and our homes.\u201d<\/span><\/p>\n<p style=\"text-align: left;\"><span style=\"color: #000080;\">\u201cAnd I want to promise you that we will not surrender until we win,\u201d he added. He also thanked all the Israeli citizens who sent care packages to IDF soldiers containing necessarily equipment, food, resources and even encouraging letters as they combat Hamas. He said, \u201cit gives us strength. I love you and I hope we will see quieter days soon.\u201d<\/span><\/p>\n<hr>\n<div class=\"twitter-tweet twitter-tweet-rendered\"><iframe loading=\"lazy\" id=\"twitter-widget-0\" class=\"\" title=\"Twitter Tweet\" src=\"https:\/\/platform.twitter.com\/embed\/Tweet.html?dnt=false&amp;embedId=twitter-widget-0&amp;features=eyJ0ZndfdGltZWxpbmVfbGlzdCI6eyJidWNrZXQiOltdLCJ2ZXJzaW9uIjpudWxsfSwidGZ3X2ZvbGxvd2VyX2NvdW50X3N1bnNldCI6eyJidWNrZXQiOnRydWUsInZlcnNpb24iOm51bGx9LCJ0ZndfdHdlZXRfZWRpdF9iYWNrZW5kIjp7ImJ1Y2tldCI6Im9uIiwidmVyc2lvbiI6bnVsbH0sInRmd19yZWZzcmNfc2Vzc2lvbiI6eyJidWNrZXQiOiJvbiIsInZlcnNpb24iOm51bGx9LCJ0ZndfZm9zbnJfc29mdF9pbnRlcnZlbnRpb25zX2VuYWJsZWQiOnsiYnVja2V0Ijoib24iLCJ2ZXJzaW9uIjpudWxsfSwidGZ3X21peGVkX21lZGlhXzE1ODk3Ijp7ImJ1Y2tldCI6InRyZWF0bWVudCIsInZlcnNpb24iOm51bGx9LCJ0ZndfZXhwZXJpbWVudHNfY29va2llX2V4cGlyYXRpb24iOnsiYnVja2V0IjoxMjA5NjAwLCJ2ZXJzaW9uIjpudWxsfSwidGZ3X3Nob3dfYmlyZHdhdGNoX3Bpdm90c19lbmFibGVkIjp7ImJ1Y2tldCI6Im9uIiwidmVyc2lvbiI6bnVsbH0sInRmd19kdXBsaWNhdGVfc2NyaWJlc190b19zZXR0aW5ncyI6eyJidWNrZXQiOiJvbiIsInZlcnNpb24iOm51bGx9LCJ0ZndfdXNlX3Byb2ZpbGVfaW1hZ2Vfc2hhcGVfZW5hYmxlZCI6eyJidWNrZXQiOiJvbiIsInZlcnNpb24iOm51bGx9LCJ0ZndfdmlkZW9faGxzX2R5bmFtaWNfbWFuaWZlc3RzXzE1MDgyIjp7ImJ1Y2tldCI6InRydWVfYml0cmF0ZSIsInZlcnNpb24iOm51bGx9LCJ0ZndfbGVnYWN5X3RpbWVsaW5lX3N1bnNldCI6eyJidWNrZXQiOnRydWUsInZlcnNpb24iOm51bGx9LCJ0ZndfdHdlZXRfZWRpdF9mcm9udGVuZCI6eyJidWNrZXQiOiJvbiIsInZlcnNpb24iOm51bGx9fQ%3D%3D&amp;frame=false&amp;hideCard=false&amp;hideThread=false&amp;id=1712515136395661491&amp;lang=en&amp;origin=https%3A%2F%2Fwww.algemeiner.com%2F2023%2F10%2F13%2Ffauda-actor-idan-amedi-joins-idf-reserves-to-fight-hamas-says-we-will-not-surrender-until-we-win%2F&amp;sessionId=35cf61f2ea9871c125a886759841c7bfd42c4a7f&amp;siteScreenName=Algemeiner&amp;theme=light&amp;widgetsVersion=01917f4d1d4cb%3A1696883169554&amp;width=700px\" width=\"680\" height=\"750\" frameborder=\"0\" scrolling=\"yes\" allowfullscreen=\"allowfullscreen\" data-tweet-id=\"1712515136395661491\" data-mce-fragment=\"1\"><\/iframe><\/div>\n<hr>\n<p style=\"text-align: left;\"><span style=\"color: #000080;\">During Amedi\u2019s mandatory military service in the IDF in the past, he served in the combat engineering corps. He also grew up training in taekwondo and Thai boxing. In 2005, he came in second place in a national taekwondo championship.<\/span><\/p>\n<p style=\"text-align: left;\">\n<p style=\"text-align: left;\"><span style=\"color: #000080;\">Fauda creator and actor Lior Raz said in his own social media video earlier this week that he joined a volunteer group called \u201cBrothers in Arms\u201d to help Israeli civilians in southern Israel impacted by the Hamas attacks.<\/span><\/p>\n<hr style=\"height: 15px; background: #d0e6fa; width: 100%;\">\n<div id=\"content\" class=\"content-alignment\">\n<div id=\"watch-description\" class=\"yt-uix-button-panel\">\n<div id=\"watch-description-text\" style=\"text-align: center;\">\n<p><em>Zawarto\u015b\u0107 publikowanych artyku\u0142\u00f3w i materia\u0142\u00f3w nie reprezentuje pogl\u0105d\u00f3w ani opinii Reunion&#8217;68,<\/em><em><br \/>\nani te\u017c webmastera Blogu Reunion&#8217;68, chyba ze jest to wyra\u017anie zaznaczone.<br \/>\nTwoje uwagi, linki, w\u0142asne artyku\u0142y lub wiadomo\u015bci prze\u015blij na adres:<br \/>\n<\/em><span style=\"color: #000080;\"><strong><em><a style=\"color: #000080;\" href=\"mailto:webmaster@reunion68.com\"><span style=\"text-decoration: underline;\">webmaster@reunion68.com<\/span><\/a><\/em><\/strong><\/span><\/p>\n<\/div>\n<\/div>\n<\/div>\n<hr style=\"width: 100%;\">\n","protected":false},"excerpt":{"rendered":"<p>\u2018Fauda\u2019 Actor Idan Amedi Joins IDF Reserves to Fight Hamas, Says \u2018We Will Not Surrender Until We Win\u2019 Shiryn Ghermezian Idan Amedi. Photo: Screenshot Israeli actor and singer Idan Amedi, best known for his role as Sagi Tzur in the hit Israeli television series&nbsp;Fauda, has joined the Israeli Defense Force (IDF) as a reservist to [&hellip;]<\/p>\n","protected":false},"author":1,"featured_media":0,"comment_status":"closed","ping_status":"closed","sticky":false,"template":"","format":"standard","meta":[],"categories":[6],"tags":[26,24],"_links":{"self":[{"href":"https:\/\/www.reunion68.se\/index.php?rest_route=\/wp\/v2\/posts\/108125"}],"collection":[{"href":"https:\/\/www.reunion68.se\/index.php?rest_route=\/wp\/v2\/posts"}],"about":[{"href":"https:\/\/www.reunion68.se\/index.php?rest_route=\/wp\/v2\/types\/post"}],"author":[{"embeddable":true,"href":"https:\/\/www.reunion68.se\/index.php?rest_route=\/wp\/v2\/users\/1"}],"replies":[{"embeddable":true,"href":"https:\/\/www.reunion68.se\/index.php?rest_route=%2Fwp%2Fv2%2Fcomments&post=108125"}],"version-history":[{"count":12,"href":"https:\/\/www.reunion68.se\/index.php?rest_route=\/wp\/v2\/posts\/108125\/revisions"}],"predecessor-version":[{"id":108150,"href":"https:\/\/www.reunion68.se\/index.php?rest_route=\/wp\/v2\/posts\/108125\/revisions\/108150"}],"wp:attachment":[{"href":"https:\/\/www.reunion68.se\/index.php?rest_route=%2Fwp%2Fv2%2Fmedia&parent=108125"}],"wp:term":[{"taxonomy":"category","embeddable":true,"href":"https:\/\/www.reunion68.se\/index.php?rest_route=%2Fwp%2Fv2%2Fcategories&post=108125"},{"taxonomy":"post_tag","embeddable":true,"href":"https:\/\/www.reunion68.se\/index.php?rest_route=%2Fwp%2Fv2%2Ftags&post=108125"}],"curies":[{"name":"wp","href":"https:\/\/api.w.org\/{rel}","templated":true}]}}