{"id":108151,"date":"2023-10-26T15:09:22","date_gmt":"2023-10-26T13:09:22","guid":{"rendered":"http:\/\/www.reunion68.se\/?p=108151"},"modified":"2023-10-26T15:13:02","modified_gmt":"2023-10-26T13:13:02","slug":"05-09-88","status":"publish","type":"post","link":"https:\/\/www.reunion68.se\/?p=108151","title":{"rendered":"Antysemityzm rozkwita, gdy \u017byd\u00f3w morduj\u0105"},"content":{"rendered":"<h5 style=\"text-align: center;\"><a href=\"https:\/\/hartman.blog.polityka.pl\/\" target=\"_blank\" rel=\"noopener noreferrer\"><img decoding=\"async\" class=\"center alignleft\" src=\"http:\/\/www.reunion68.com\/Biuletyn\/img\/polityka.png\" alt=\"\" width=\"35%\"><\/a><span style=\"text-decoration: underline; color: #000080;\"><strong><a style=\"color: #000080; text-decoration: underline;\" href=\"https:\/\/hartman.blog.polityka.pl\/2023\/10\/21\/antysemityzm-rozkwita-gdy-zydow-morduja\/?fbclid=IwAR08J0gGS4F2g-aghINeJX1y3WxbQC76fTKIry0wxpLbTGHWnSAQyhoYAtg\" target=\"_blank\" rel=\"noopener noreferrer\">Antysemityzm rozkwita, gdy \u017byd\u00f3w morduj\u0105<\/a><\/strong><\/span><\/h5>\n<p style=\"text-align: center;\"><span style=\"color: #000000;\"><strong>Jan Hartman<\/strong><\/span><\/p>\n<hr style=\"height: 15px; background: #d0e6fa; width: 100%;\">\n<p><img decoding=\"async\" class=\"alignleft\" src=\"https:\/\/hartman.blog.polityka.pl\/wp-content\/themes\/polityka.2.0\/images\/headers\/hartman.png\"><\/p>\n<p style=\"text-align: left;\"><span style=\"color: #000080;\">W Londynie, w&nbsp;Amsterdamie, w&nbsp;Pary\u017cu zapanowa\u0142y nastroje pogromowe. \u017bydzi boj\u0105 si\u0119 chodzi\u0107 po ulicach, staraj\u0105 si\u0119 wyje\u017cd\u017ca\u0107 gdzie\u015b w&nbsp;spokojniejsze miejsca, bo po wej\u015bciu armii izraelskiej do Gazy b\u0119dzie tylko gorzej.<\/span><\/p>\n<p style=\"text-align: left;\"><span style=\"color: #000080;\">Przecie\u017c nawet politycy wpadli w&nbsp;amok. Ilu\u017c z&nbsp;nich da\u0142o si\u0119 nabra\u0107 na fa\u0142szywk\u0119 o&nbsp;zbombardowaniu szpitala w&nbsp;Gazie! A\u017c si\u0119 Twitter zagrza\u0142 od ich wyraz\u00f3w oburzenia. Nie by\u0142o trudno ich oszuka\u0107 bandytom z&nbsp;Hamasu (w tym ob\u0142\u0119dzie tytu\u0142owanym przez zachodnie media \u201erzecznikami\u201d jakich\u015b \u201epalesty\u0144skich ministerstw\u201d) \u2013 wszak obrazek morderczych \u017byd\u00f3w pasuje im do tego, czym ich przodkowe \u017cyli przez stulecia, a&nbsp;czym wzbroniono \u017cy\u0107 im samym z&nbsp;powodu \u201eprzerwy poholokaustowej\u201d. Ale teraz przerwa si\u0119 sko\u0144czy\u0142a i&nbsp;wraca&nbsp;<em>business as usual<\/em>, czyli stara dobra nienawi\u015b\u0107 do tego przewrotnego a&nbsp;niewiernego plemienia.<\/span><\/p>\n<p style=\"text-align: left;\"><span style=\"color: #000080;\">Nauczy\u0142em si\u0119 przez lata ignorowa\u0107 antysemityzm. Chocia\u017c spotykam si\u0119 z&nbsp;nim ka\u017cdego dnia i&nbsp;ka\u017cdego dnia jestem opluwany i&nbsp;zniewa\u017cany, to prawie nigdy nie reaguj\u0119, bo poza dawaniem satysfakcji rasistom nie widz\u0119 \u017cadnego efektu takich reakcji. S\u0105 jednak sytuacje, gdy reakcja jest obowi\u0105zkiem wobec ofiar. \u017bydowskie ofiary \u2013 tym razem przyjaciele Palesty\u0144czyk\u00f3w zamieszkuj\u0105cy kibuce opodal Gazy i&nbsp;nie mniej empatyczny wobec nich uczestnicy m\u0142odzie\u017cowego festiwalu, w&nbsp;liczbie blisko 1500 bestialsko wymordowani przez rozfanatyzowanych bandyt\u00f3w z&nbsp;Hamasu \u2013 nie wzi\u0119\u0142y si\u0119 znik\u0105d.<\/span><\/p>\n<p style=\"text-align: left;\"><span style=\"color: #000080;\">To nie tylko Hamas i&nbsp;ogarni\u0119ty ob\u0142\u0119dem anty\u017cydowskim Iran. To r\u00f3wnie\u017c setki milion\u00f3w liberalnych, niby to post\u0119powych mieszka\u0144c\u00f3w Zachodu, co do kt\u00f3rych mordercy mog\u0105 by\u0107 pewni jednego: \u017ce nie b\u0119d\u0105 \u017ca\u0142owa\u0107 \u017cydowskich ofiar, za to ch\u0119tnie odwr\u00f3c\u0105 wzrok od koszmarnych palesty\u0144skich zbrodni, by zag\u0142uszy\u0107 j\u0119k umieraj\u0105cych wrzaskami o&nbsp;krzywdzie bombardowanych mieszka\u0144c\u00f3w Gazy. Temu panosz\u0105cemu si\u0119 dzi\u015b po \u015bwiecie \u0142ajdactwu, bezwstydowi ludzi, kt\u00f3rych nawet nie sta\u0107 na to, by jak przed wojn\u0105 ich poprzednicy otwarcie powiedzie\u0107: gardzimy \u017bydami!, ka\u017cdy \u017cydowski autor ma obowi\u0105zek da\u0107 \u015bwiadectwo. Aby wszyscy wiedzieli, \u017ce drugi holokaust jest tu\u017c za rogiem. I&nbsp;gdy si\u0119 ju\u017c wydarzy \u2013 aby nikt nie s\u0105dzi\u0142, \u017ce spad\u0142 z&nbsp;nieba. I&nbsp;\u017ceby oni sami nie my\u015bleli, \u017ce s\u0105 mniejszymi \u017cydo\u017cercami ni\u017c nazi\u015bci, bo udaj\u0105 przed sob\u0105, \u017ce \u201etylko krytykuj\u0105 Izrael, a&nbsp;to nie antysemityzm\u201d. Izrael krytykuje znaczna wi\u0119kszo\u015b\u0107 Izraelczyk\u00f3w \u2013 krytyk\u0105 wszak nie jest ochocze powtarzanie bredni, w&nbsp;kt\u00f3re wierzy si\u0119 z&nbsp;jednego tylko powodu: \u017ce \u017byd wyst\u0119puje w&nbsp;nich w&nbsp;roli oprawcy.<\/span><\/p>\n<p style=\"text-align: left;\"><span style=\"color: #000080;\">To, czego \u015bwiadkami jeste\u015bmy dzisiaj, jest wyj\u0105tkowe. Ca\u0142y \u015bwiat trz\u0119sie si\u0119 od \u017cywio\u0142owych demonstracji poparcia dla Palesty\u0144czyk\u00f3w, a&nbsp;<em>de facto<\/em>&nbsp;dla Hamasu. Z&nbsp;ust ludzi uchodz\u0105cych za autorytety padaj\u0105 pe\u0142ne patosu s\u0142owa gniewu i&nbsp;solidarno\u015bci. Pr\u00f3\u017cno w&nbsp;nich szuka\u0107 pot\u0119pienia zbrodni Hamasu ani wsp\u00f3\u0142czucia dla pomordowanych. \u0141atwo za\u015b spotka\u0107 umniejszanie i&nbsp;nieledwie tych zbrodni usprawiedliwianie. A&nbsp;jakie rady dla Izraela? Ma nadal tolerowa\u0107 Hamas, istniej\u0105cy tylko po to, by mordowa\u0107 \u017byd\u00f3w? To ju\u017c antysemit\u00f3w nie interesuje.<\/span><\/p>\n<p style=\"text-align: left;\"><span style=\"color: #000080;\">Niby ju\u017c to wszystko wiem i&nbsp;od dawna powinienem by\u0107 do tego przyzwyczajony. Ilekro\u0107 co\u015b dzieje si\u0119 mi\u0119dzy Izraelczykami a&nbsp;Palesty\u0144czykami, wzbiera w&nbsp;mediach fala nienawi\u015bci i&nbsp;fa\u0142szywek rozsy\u0142anych przez terroryst\u00f3w, id\u0105ca przez \u015bwiat w&nbsp;szalonym jakim\u015b uniesieniu, z&nbsp;jakim niesie si\u0119 w&nbsp;zwyci\u0119skim pochodzie sztandar zdobyty na wrogu. Pospo\u0142u wzmacniaj\u0105 t\u0119 fal\u0119 ob\u0142\u0119du lewicowa i&nbsp;prawicowa opinia publiczna \u2013 kraj za krajem. A\u017c ca\u0142\u0105 obiegnie planet\u0119. Aby i&nbsp;Czukcze na Syberii, i&nbsp;Mapucze w&nbsp;Andach us\u0142yszeli nowin\u0119, \u017ce \u017byd to zb\u00f3j jest wielki! C\u00f3\u017c to za pi\u0119kne uniesienie!<\/span><\/p>\n<p style=\"text-align: left;\"><span style=\"color: #000080;\">Niby ja to wiem, bo ka\u017cdego dnia widz\u0119 liczone nawet setkami wpisy i&nbsp;komentarze pe\u0142ne czarnej nienawi\u015bci do \u017byda, snuj\u0105ce si\u0119 za ka\u017cd\u0105 wypowiedz\u0105 pot\u0119piaj\u0105c\u0105 antysemityzm b\u0105d\u017a wyra\u017caj\u0105c\u0105 empati\u0119 i&nbsp;wsp\u00f3\u0142czucie dla ofiar terroryzmu. Wszak pami\u0119tam, z&nbsp;jak\u0105 zimn\u0105 oboj\u0119tno\u015bci\u0105 przyjmowano niegdy\u015b \u015bmier\u0107 \u017cydowskich dzieci, wysadzanych w&nbsp;powietrze przez oszala\u0142ych \u201ebojownik\u00f3w\u201d w&nbsp;izraelskich autobusach. Najgorszy taki zamach mia\u0142 miejsce r\u00f3wno dwadzie\u015bcia lat temu w&nbsp;Jerozolimie.<\/span><\/p>\n<p style=\"text-align: left;\"><span style=\"color: #000080;\">My\u015bla\u0142em, \u017ce akurat ta zbrodnia w&nbsp;szeregu podobnych poruszy ludzi, bo przecie\u017c dzieci\u2026 Niestety, to by\u0142y tylko \u017cydowskie dzieci \u2013 p\u0142aka\u0107 wypada po \u015bmierci dzieci palesty\u0144skich, u\u017cywanych przez terroryst\u00f3w jako \u017cywe tarcze. Dzieci \u017cydowskie to w&nbsp;ko\u0144cu dzieci sprawc\u00f3w, dzieci przygotowywane od ko\u0142yski do holokaustu Palesty\u0144czyk\u00f3w, do czystek etnicznych, dzieci stracone dla \u015bwiata ludzi cywilizowanych. Ale wtedy nie by\u0142o jeszcze tych ca\u0142ych \u201emedi\u00f3w spo\u0142eczno\u015bciowych\u201d i&nbsp;mo\u017cna si\u0119 by\u0142o \u0142udzi\u0107, \u017ce to tylko nieczu\u0142o\u015b\u0107. Dzi\u015b wiemy, \u017ce to \u017cywa nienawi\u015b\u0107. \u017be ob\u0142\u0119dna palesty\u0144ska rado\u015b\u0107 z&nbsp;zamordowania ka\u017cdego \u017byda rozlewa si\u0119 szerok\u0105, ciep\u0142\u0105 jak krew fal\u0105 na \u201enarody chrze\u015bcija\u0144skie\u201d.<\/span><\/p>\n<p style=\"text-align: left;\"><span style=\"color: #000080;\">Nie wiem, jak wielu antysemit\u00f3w przeczyta ten tekst, ale niech b\u0119dzie to tysi\u0105c czy dwa, wi\u0119c mo\u017ce warto si\u0119 wysili\u0107 na kilka s\u0142\u00f3w wi\u0119cej. Wi\u0119c pos\u0142uchajcie, co \u017byd ma wam do powiedzenia.<\/span><\/p>\n<p style=\"text-align: left;\"><span style=\"color: #000080;\">To, co opowiadacie o&nbsp;Izraelu i&nbsp;sprawie pomi\u0119dzy Izraelczykami i&nbsp;Palesty\u0144czykami, a&nbsp;co ws\u0105czyli wam do waszych jak\u017ce ch\u0119tnych uszu propagandy\u015bci pracuj\u0105cy dla terroryst\u00f3w i&nbsp;dla re\u017cim\u00f3w w&nbsp;Iranie i&nbsp;paru innych krajach, ma tyle wsp\u00f3lnego z&nbsp;prawd\u0105 co propaganda Goebbelsa w&nbsp;czasie wojny, przedstawiaj\u0105ca Polsk\u0119 jako b\u0119karta traktatu wersalskiego, paso\u017cytnicze niby-pa\u0144stwo rozpieraj\u0105ce si\u0119 na prastarych ziemiach niemieckich, rz\u0105dzone przez agresywny re\u017cim prze\u015bladuj\u0105cy mniejszo\u015b\u0107 niemieck\u0105 itd. To jest dok\u0142adnie ten sam poziom. I&nbsp;jedyny pow\u00f3d, dla kt\u00f3rego dajecie sobie te brednie o&nbsp;trwaj\u0105cej sto lat zbrodniczej \u017cydowskiej przemocy i&nbsp;dzielnej samoobronie udr\u0119czonych Palesty\u0144czyk\u00f3w wmawia\u0107, to nienawi\u015b\u0107 do \u017byd\u00f3w. Nie umiecie si\u0119 do niej przyzna\u0107 nawet przed sob\u0105, wi\u0119c korzystacie ze wspania\u0142ej sposobno\u015bci, aby j\u0105 za\u0142ga\u0107, udaj\u0105c, \u017ce nie o&nbsp;\u017byd\u00f3w tu chodzi, lecz o&nbsp;solidarno\u015b\u0107 z&nbsp;narodem uci\u015bnionym przez wrednych \u201esyjonist\u00f3w\u201d.<\/span><\/p>\n<p style=\"text-align: left;\"><span style=\"color: #000080;\">Ale nie wyobra\u017cajcie sobie, \u017ce jest w&nbsp;tym cho\u0107by cie\u0144 prawdy. \u017be, owszem, nienawidzicie \u017byd\u00f3w, lecz sprawa palesty\u0144ska jest wam droga niezale\u017cnie od tego. Doprawdy? Sprawa kurdyjska tak samo? Sprawa Rohingja te\u017c? A&nbsp;mo\u017ce tamilska? A&nbsp;tybeta\u0144ska? A&nbsp;mo\u017ce chodzi o&nbsp;zabite dzieci? Bo dzieci s\u0105 niewinne i&nbsp;wszystkie s\u0105 \u201enasze\u201d? Czy\u017cby\u015bcie p\u0142akali nad losem zamordowanych przez Palesty\u0144czyk\u00f3w dzieci \u017cydowskich? A&nbsp;co poczuli\u015bcie, gdy bandyci wymordowali 7 pa\u017adziernika blisko p\u00f3\u0142tora tysi\u0105ca \u017cydowskich cywil\u00f3w? \u017be dobrze im tak? \u017be Palesty\u0144czycy nie mieli wyj\u015bcia?<\/span><\/p>\n<p style=\"text-align: left;\"><span style=\"color: #000080;\">Je\u015bli poczuli\u015bcie co\u015b innego ni\u017c przera\u017cenie i&nbsp;gniew, taki jak 11 wrze\u015bnia 2001 r., to znaczy, \u017ce jeste\u015bcie po stronie terroryst\u00f3w. Je\u015bli bandyci z&nbsp;Hamasu s\u0105 dla was \u201ebojownikami\u201d, za tragedi\u0119 izolacji Gazy winicie Izrael, a&nbsp;nie terroryzuj\u0105cy ludno\u015b\u0107 tej enklawy Hamas, to znaczy, \u017ce nienawi\u015b\u0107 odbiera wam rozum. Znacie jaki\u015b kraj, kt\u00f3ry nie izolowa\u0142by przestrzeni, z&nbsp;kt\u00f3rej przychodzi do niego \u015bmier\u0107? Mo\u017ce Polska by\u0142aby w\u0142a\u015bnie tym krajem, kt\u00f3ry otworzy\u0142by granic\u0119 na miejscu Izraela? A&nbsp;mo\u017ce znacie jaki\u015b kraj, kt\u00f3rego obywatele gin\u0105cy co kilka dni w&nbsp;zamachach terrorystycznych (s\u0105 organizowane przez Hamas prawie codziennie od dwudziestu lat \u2013 \u015brednio raz w&nbsp;tygodniu zamach jest udany i&nbsp;ginie jaki\u015b Izraelczyk), nie rozstawi\u0142by zasiek\u00f3w i&nbsp;nie stara\u0142 si\u0119 ze wszystkich si\u0142 udaremni\u0107 dostaw broni dla \u015bmiertelnego i&nbsp;zdeklarowanego wroga?<\/span><\/p>\n<p style=\"text-align: left;\"><span style=\"color: #000080;\">Ale co was obchodz\u0105 \u017bydzi i&nbsp;to, co sami zrobiliby\u015bcie na ich miejscu! Dla was nawet Hamas to co\u015b zupe\u0142nie innego ni\u017c ISIS czy inna Al-Kaida, bo w&nbsp;ko\u0144cu chodzi im o&nbsp;mordowanie \u017byd\u00f3w, a&nbsp;nie ludzi z&nbsp;Zachodu. No jak? Uwa\u017cacie Hamas za band\u0119 morderc\u00f3w czy mo\u017ce troszeczk\u0119 mniej ni\u017c morderc\u00f3w? No w\u0142a\u015bnie\u2026<\/span><\/p>\n<p style=\"text-align: left;\"><span style=\"color: #000080;\">I nie r\u00f3bcie sobie \u017cadnych z\u0142udze\u0144, \u017ce obchodz\u0105 was jacy\u015b Palesty\u0144czycy. Ani troch\u0119. Czy zdarzy\u0142o si\u0119 wam po\u015bwi\u0119ci\u0107 jedn\u0105 minut\u0119, aby dowiedzie\u0107 si\u0119 o&nbsp;krzywdach, jakich doznaj\u0105 Palesty\u0144czycy w&nbsp;Libanie, Syrii, Jordanii? A&nbsp;mo\u017ce obchodzi was brutalny terror, jakiemu podlegaj\u0105 z&nbsp;r\u0105k swoich wsp\u00f3\u0142plemie\u0144c\u00f3w z&nbsp;Hamasu, sterowanych przez Iran? Wsp\u00f3\u0142czujecie mieszka\u0144com Gazy z&nbsp;powodu tragedii, jaka spotka\u0142a ich z&nbsp;powodu opanowania ich regionu przez band\u0119 terroryst\u00f3w? Nie s\u0105dz\u0119. Nic a&nbsp;nic nie obchodz\u0105 was Palesty\u0144czycy i&nbsp;ich gin\u0105ce pod izraelskim ostrza\u0142em dzieci.<\/span><\/p>\n<p style=\"text-align: left;\"><span style=\"color: #000080;\">Podobnie jak nie obchodz\u0105 was dziesi\u0105tki innych lud\u00f3w znajduj\u0105cych si\u0119 w&nbsp;r\u00f3\u017cnego rodzaju opresji. Macie Palesty\u0144czyk\u00f3w na ustach wy\u0142\u0105cznie z&nbsp;jednego powodu: daj\u0105 wam okazj\u0119, aby \u201ebezpiecznie\u201d, niby to bez ryzyka oskar\u017cenia o&nbsp;antysemityzm, pot\u0119pia\u0107 \u017byd\u00f3w. Tylko tyle. Ot, ca\u0142a tajemnica waszego \u201ezaanga\u017cowania\u201d. Ale ja, \u017byd, m\u00f3wi\u0119 wam prosto w&nbsp;twarz: jeste\u015bcie antysemitami. Takimi samymi jak wasi przodkowie w&nbsp;XIX i&nbsp;XX wieku. I&nbsp;to w\u0142a\u015bnie tacy jak wy tworz\u0105 spo\u0142eczne podglebie dla pogrom\u00f3w, z&nbsp;kt\u00f3rych po latach bierze si\u0119 Zag\u0142ada. Jedna ju\u017c by\u0142a. Spokojna g\u0142owa, b\u0119dzie i&nbsp;druga! Nas jest ma\u0142o, a&nbsp;was du\u017co. Dacie rad\u0119! W&nbsp;imi\u0119 Bo\u017ce! Yalla!<\/span><\/p>\n<p style=\"text-align: center;\"><span style=\"color: #808080;\"><em>Zdj\u0119cie z&nbsp;\u201eThe Times of Israel\u201d przedstawia jeden z&nbsp;pogrzeb\u00f3w ofiar masakry 7 pa\u017adziernika.<\/em><\/span><br \/>\n<img decoding=\"async\" src=\"https:\/\/hartman.blog.polityka.pl\/wp-content\/uploads\/2023\/10\/pogrzeb.jpg\" width=\"100%\"><\/p>\n<hr style=\"height: 15px; background: #d0e6fa; width: 100%;\">\n<div id=\"content\" class=\"content-alignment\">\n<div id=\"watch-description\" class=\"yt-uix-button-panel\">\n<div id=\"watch-description-text\" style=\"text-align: center;\">\n<p><em>Zawarto\u015b\u0107 publikowanych artyku\u0142\u00f3w i materia\u0142\u00f3w nie reprezentuje pogl\u0105d\u00f3w ani opinii Reunion&#8217;68,<\/em><em><br \/>\nani te\u017c webmastera Blogu Reunion&#8217;68, chyba ze jest to wyra\u017anie zaznaczone.<br \/>\nTwoje uwagi, linki, w\u0142asne artyku\u0142y lub wiadomo\u015bci prze\u015blij na adres:<br \/>\n<\/em><span style=\"color: #000080;\"><strong><em><a style=\"color: #000080;\" href=\"mailto:webmaster@reunion68.com\"><span style=\"text-decoration: underline;\">webmaster@reunion68.com<\/span><\/a><\/em><\/strong><\/span><\/p>\n<\/div>\n<\/div>\n<\/div>\n<hr style=\"width: 100%;\">\n","protected":false},"excerpt":{"rendered":"<p>Antysemityzm rozkwita, gdy \u017byd\u00f3w morduj\u0105 Jan Hartman W Londynie, w&nbsp;Amsterdamie, w&nbsp;Pary\u017cu zapanowa\u0142y nastroje pogromowe. \u017bydzi boj\u0105 si\u0119 chodzi\u0107 po ulicach, staraj\u0105 si\u0119 wyje\u017cd\u017ca\u0107 gdzie\u015b w&nbsp;spokojniejsze miejsca, bo po wej\u015bciu armii izraelskiej do Gazy b\u0119dzie tylko gorzej. Przecie\u017c nawet politycy wpadli w&nbsp;amok. Ilu\u017c z&nbsp;nich da\u0142o si\u0119 nabra\u0107 na fa\u0142szywk\u0119 o&nbsp;zbombardowaniu szpitala w&nbsp;Gazie! A\u017c si\u0119 Twitter zagrza\u0142 [&hellip;]<\/p>\n","protected":false},"author":1,"featured_media":0,"comment_status":"closed","ping_status":"closed","sticky":false,"template":"","format":"standard","meta":[],"categories":[6],"tags":[26,24],"_links":{"self":[{"href":"https:\/\/www.reunion68.se\/index.php?rest_route=\/wp\/v2\/posts\/108151"}],"collection":[{"href":"https:\/\/www.reunion68.se\/index.php?rest_route=\/wp\/v2\/posts"}],"about":[{"href":"https:\/\/www.reunion68.se\/index.php?rest_route=\/wp\/v2\/types\/post"}],"author":[{"embeddable":true,"href":"https:\/\/www.reunion68.se\/index.php?rest_route=\/wp\/v2\/users\/1"}],"replies":[{"embeddable":true,"href":"https:\/\/www.reunion68.se\/index.php?rest_route=%2Fwp%2Fv2%2Fcomments&post=108151"}],"version-history":[{"count":7,"href":"https:\/\/www.reunion68.se\/index.php?rest_route=\/wp\/v2\/posts\/108151\/revisions"}],"predecessor-version":[{"id":108899,"href":"https:\/\/www.reunion68.se\/index.php?rest_route=\/wp\/v2\/posts\/108151\/revisions\/108899"}],"wp:attachment":[{"href":"https:\/\/www.reunion68.se\/index.php?rest_route=%2Fwp%2Fv2%2Fmedia&parent=108151"}],"wp:term":[{"taxonomy":"category","embeddable":true,"href":"https:\/\/www.reunion68.se\/index.php?rest_route=%2Fwp%2Fv2%2Fcategories&post=108151"},{"taxonomy":"post_tag","embeddable":true,"href":"https:\/\/www.reunion68.se\/index.php?rest_route=%2Fwp%2Fv2%2Ftags&post=108151"}],"curies":[{"name":"wp","href":"https:\/\/api.w.org\/{rel}","templated":true}]}}