{"id":108153,"date":"2023-10-27T16:05:57","date_gmt":"2023-10-27T14:05:57","guid":{"rendered":"http:\/\/www.reunion68.se\/?p=108153"},"modified":"2023-10-27T16:09:09","modified_gmt":"2023-10-27T14:09:09","slug":"05-05-93","status":"publish","type":"post","link":"https:\/\/www.reunion68.se\/?p=108153","title":{"rendered":"A War Against the Jews"},"content":{"rendered":"<h5 style=\"text-align: center;\"><a href=\"https:\/\/www.thefp.com\/\" target=\"_blank\" rel=\"noopener noreferrer\"><img decoding=\"async\" class=\"center alignleft\" src=\"http:\/\/www.reunion68.com\/Biuletyn\/img\/free-press.png\" alt=\"\" width=\"25%\"><\/a><span style=\"text-decoration: underline; color: #000080;\"><strong><a style=\"color: #000080; text-decoration: underline;\" href=\"https:\/\/www.thefp.com\/p\/this-isnt-a-war-against-israel\" target=\"_blank\" rel=\"noopener noreferrer\">A War Against the Jews<\/a><\/strong><\/span><\/h5>\n<p style=\"text-align: center;\"><span style=\"color: #000000;\"><strong>Michael Oren<\/strong><\/span><\/p>\n<hr style=\"height: 15px; background: #d0e6fa; width: 100%;\">\n<p style=\"text-align: center;\"><img decoding=\"async\" class=\"aligncenter\" src=\"https:\/\/substackcdn.com\/image\/fetch\/w_652,c_limit,f_webp,q_auto:good,fl_progressive:steep\/https%3A%2F%2Fsubstack-post-media.s3.amazonaws.com%2Fpublic%2Fimages%2Fe07d6ddc-6c79-4843-a437-d97128220771_1179x1149.jpeg\" width=\"100%\"><span style=\"color: #808080;\"><em>Graffiti outside an apartment building in Berlin.<\/em><\/span><\/p>\n<h3 style=\"text-align: center;\"><span style=\"color: #808080;\"><strong>Hatred of Israel cannot be distinguished from hatred of the Jewish people. Incontestably now, anti-Zionism is antisemitism.<\/strong><\/span><\/h3>\n<p>.<\/p>\n<p data-substack-content=\"\"><strong><span style=\"color: #000000;\"><em>\u201cThe Day of Judgement will not come about until Muslims fight the Jews. When the Jew will hide behind stones and trees, the stones and trees will say, \u2018O Muslims, there is a Jew behind me, come and kill him.\u2019\u2009\u201d \u2014<a style=\"color: #000000;\" href=\"https:\/\/www.jewishvirtuallibrary.org\/hamas-covenant-full-text\" target=\"_blank\" rel=\"noopener noreferrer\">The Hamas Charter<\/a><\/em><\/span><\/strong><\/p>\n<p data-substack-content=\"\"><strong><span style=\"color: #000000;\"><em>\u201cThe conventional war of conquest was to be waged parallel to, and was also to camouflage, the ideological war against the Jews.\u201d \u2014Lucy Dawidowicz,&nbsp;<a style=\"color: #000000;\" href=\"https:\/\/bookshop.org\/a\/93116\/9780553345322\" target=\"_blank\" rel=\"noopener noreferrer\">The War Against the Jews 1933\u20131945<\/a><\/em><\/span><\/strong><\/p>\n<p><img decoding=\"async\" src=\"https:\/\/substackcdn.com\/image\/fetch\/w_1456,c_limit,f_webp,q_auto:good,fl_progressive:steep\/https%3A%2F%2Fsubstack-post-media.s3.amazonaws.com%2Fpublic%2Fimages%2F77336979-b2af-4902-b659-4b8d100fb3bd_1336x24.png\" width=\"100%\"><\/p>\n<div><span style=\"color: #000080;\">It wasn\u2019t the rallies with \u201c<\/span><a style=\"color: #000080;\" href=\"https:\/\/www.thejc.com\/news\/world\/student-investigated-over-antisemitic-poster-showing-star-of-david-being-binned-CpGNV4Vq9FV4IbGkuW5S3\" target=\"_blank\" rel=\"noopener noreferrer\">Keep the World Clean<\/a><span style=\"color: #000080;\">\u201d&nbsp;<\/span><a style=\"color: #000080;\" href=\"https:\/\/www.dailymail.co.uk\/news\/article-12672281\/NYU-investigating-repugnant-students-held-anti-Semitic-world-clean-signs-Washington-Square-Park-protest.html\" target=\"_blank\" rel=\"noopener noreferrer\">posters<\/a><span style=\"color: #000080;\">&nbsp;and chants of \u201c<\/span><a style=\"color: #000080;\" href=\"https:\/\/www.timesofisrael.com\/sydney-government-apologizes-for-pro-palestine-protest-that-had-gas-the-jews-chants\/\" target=\"_blank\" rel=\"noopener noreferrer\">gas the Jews.<\/a><span style=\"color: #000080;\">\u201d Nor was it the&nbsp;<\/span><a style=\"color: #000080;\" href=\"https:\/\/www.dailymail.co.uk\/news\/article-12619899\/BLM-Chicago-heinous-pro-Hamas-post-response-apology.html\" target=\"_blank\" rel=\"noopener noreferrer\">glorification<\/a><span style=\"color: #000080;\">&nbsp;of Hamas paragliders by the Chicago branch of Black Lives Matter or, in New York and London, the&nbsp;<\/span><a style=\"color: #000080;\" href=\"https:\/\/www.thefp.com\/p\/my-old-friend-is-ripping-down-posters\" target=\"_blank\" rel=\"noopener noreferrer\">tearing down<\/a><span style=\"color: #000080;\">&nbsp;of posters with the faces of Israeli children held hostage by Hamas. Not even the off-the-charts uptick in antisemitic incidents in Germany&nbsp;<\/span><a style=\"color: #000080;\" href=\"https:\/\/www.cbsnews.com\/news\/antisemitic-incidents-spike-following-hamas-attack-israel-anti-defamation-league\/\" target=\"_blank\" rel=\"noopener noreferrer\">(240 percent),<\/a><span style=\"color: #000080;\">&nbsp;the United States (<\/span><a style=\"color: #000080;\" href=\"https:\/\/www.cbsnews.com\/news\/antisemitic-incidents-spike-following-hamas-attack-israel-anti-defamation-league\/\" target=\"_blank\" rel=\"noopener noreferrer\">nearly 400 percent)<\/a><span style=\"color: #000080;\">, and London (<\/span><a style=\"color: #000080;\" href=\"https:\/\/www.reuters.com\/world\/uk\/antisemitic-islamophobic-offences-soar-london-after-israel-attacks-2023-10-20\/\" target=\"_blank\" rel=\"noopener noreferrer\">1,353 percent<\/a><span style=\"color: #000080;\">) convinced me.<\/span><\/div>\n<p style=\"text-align: left;\" data-substack-content=\"\"><span style=\"color: #000080;\">It was, rather, one of those realizations that so many generations of Jews before me have experienced. A realization that they, like me, surely tried to push out of their minds until the reality became unmistakeable.&nbsp;<\/span><\/p>\n<p style=\"text-align: left;\" data-substack-content=\"\"><span style=\"color: #000080;\">This war is not simply between Hamas terrorists and Israelis. It is a war against the Jews.&nbsp;<\/span><\/p>\n<p style=\"text-align: left;\" data-substack-content=\"\"><span style=\"color: #000080;\">The insight began with the international media\u2019s coverage of the conflict. Again, it wasn\u2019t the press\u2019s insistence on calling mass murderers \u201cmilitants\u201d or citing Hamas and its \u201cHealth Ministry\u201d as a reliable source. For close to fifty years\u2014as a student activist, a diplomat, a soldier, a government and military spokesman, and above all, as a historian\u2014I\u2019ve grappled with the media\u2019s bias against Israel. I\u2019ve long known that the terrorists are \u201c<a style=\"color: #000080;\" href=\"https:\/\/claritywithmichaeloren.substack.com\/p\/a-synonym-for-antisemitism\" target=\"_blank\" rel=\"noopener noreferrer\">militants<\/a>\u201d solely because their victims are Jews, and only in a conflict with Israel are terrorists considered credible.&nbsp;<\/span><\/p>\n<p style=\"text-align: left;\" data-substack-content=\"\"><span style=\"color: #000080;\">Instead, it was the media\u2019s predictable switch from an Israel-empathetic to an Israel-demonizing narrative as the image of Palestinian suffering supplanted that of Israelis beheaded, dismembered, and burnt. It was the gnawing awareness that dead Jews buy us only so much sympathy.&nbsp;<\/span><\/p>\n<p style=\"text-align: left;\" data-substack-content=\"\"><span style=\"color: #000080;\">In fact, there is probably a formula. Six million dead in the Holocaust procured us roughly 25 years of grace before the Europeans&nbsp;<a style=\"color: #000080;\" href=\"https:\/\/www.jewishvirtuallibrary.org\/operation-nickel-grass\" target=\"_blank\" rel=\"noopener noreferrer\">refused to refuel<\/a>&nbsp;the U.S. planes bringing lifesaving munitions to Israel during the&nbsp;<a style=\"color: #000080;\" href=\"https:\/\/www.jewishvirtuallibrary.org\/background-and-overview-yom-kippur-war\" target=\"_blank\" rel=\"noopener noreferrer\">Yom Kippur War<\/a>&nbsp;in 1973. Fourteen hundred butchered Jews bought us a little less than two weeks\u2019 worth of positive coverage.&nbsp;<\/span><\/p>\n<p style=\"text-align: left;\" data-substack-content=\"\"><span style=\"color: #000080;\">Europeans, it\u2019s long been said, never forgave the Jews for the Holocaust. Their guilt was collective and their antisemitism no longer socially acceptable. What a relief many of them felt when it became de rigueur to call Israel\u2019s treatment of the Palestinians Nazi-like. Similarly, haters of Israelis can\u2019t forgive them for being massacred by Hamas terrorists on October 7, and were relieved when, on October 19, they could go back to vilifying the \u201ccolonial apartheid state.\u201d<\/span><\/p>\n<p style=\"text-align: left;\" data-substack-content=\"\"><span style=\"color: #000080;\">October 17\u2014that was the date of the&nbsp;<a style=\"color: #000080;\" href=\"https:\/\/www.thefp.com\/p\/on-double-standards-and-deafening-new-york-times\" target=\"_blank\" rel=\"noopener noreferrer\">al-Ahli Arab Hospital<\/a>&nbsp;incident. Hamas claimed that an Israeli bomb hit the hospital and killed 500 civilians. Again, there was nothing new about Hamas blaming Israel for atrocities that never happened and counting as dead the many who didn\u2019t die. What was unprecedented was the speed at which the world accepted this triple lie\u2014not a hospital but its parking lot was struck by a Palestinian rocket, not an Israeli bomb, killing far fewer than 500. Nevertheless, reflexively, the world imputed evil to Israel.&nbsp;<\/span><\/p>\n<p style=\"text-align: left;\" data-substack-content=\"\"><span style=\"color: #000080;\">Within hours of the al-Ahli bombing, both Israel and the United States revealed the truth behind it. Still, almost no one in the media apologized. A full week after the explosion,&nbsp;<em>The<\/em>&nbsp;<em>New York Times&nbsp;<\/em>was still bringing in \u201c<a style=\"color: #000080;\" href=\"https:\/\/www.nytimes.com\/2023\/10\/24\/world\/middleeast\/gaza-hospital-israel-hamas-video.html\" target=\"_blank\" rel=\"noopener noreferrer\">experts<\/a>\u201d to intimate Israel\u2019s guilt. After all, the paper was subtly telling us, Israel is perfectly capable of bombing hospitals and, despite the overwhelming evidence to the contrary, possibly bombed this one as well.<\/span><\/p>\n<p style=\"text-align: left;\" data-substack-content=\"\"><span style=\"color: #000080;\">What was previously an inkling became, October 19, an epiphany. It marked the moment when I finally peered behind the headlines and recognized their ancient, vicious, core.&nbsp;<\/span><\/p>\n<p style=\"text-align: left;\" data-substack-content=\"\"><span style=\"color: #000080;\">For many centuries, the term \u201cinnocent Jew\u201d was an oxymoron. Jews were guilty by birth, by belief, and by ancestry. There is a religious tenet of Judaism, reenacted each year at Passover, that all Jews were present at the exodus from Egypt and when God gave the laws to Moses at Sinai. Twisting this is a Christian belief that all Jews were present at, and responsible for, the crucifixion. More than Pilate, more than Judas\u2014a name not&nbsp;<a style=\"color: #000080;\" href=\"https:\/\/www.ajc.org\/translatehate\/Judas\" target=\"_blank\" rel=\"noopener noreferrer\">chosen randomly<\/a>\u2014the Jews were damned for deicide.<\/span><\/p>\n<p style=\"text-align: left;\" data-substack-content=\"\"><span style=\"color: #000080;\">But killing God is only one of the sins for which Israelis\u2014read: Jews\u2014are being demonized in this war. Behind the reports of the deliberate Israeli bombing of Palestinian neighborhoods\u2014reports that meticulously stress the number of children killed\u2014lies the 144,000 children mythically massacred by the Judean King Herod.&nbsp;<\/span><\/p>\n<p style=\"text-align: left;\" data-substack-content=\"\"><span style=\"color: #000080;\">Though understandably feeling vengeful toward Hamas and their allies in Gaza, the vast majority of Israelis do not want innocent Palestinians to die. Hamas, however, places its bunkers, rocket launchers, and headquarters in civilian areas. Though Israel warns these noncombatants to evacuate, Hamas tries to prevent their flight,&nbsp;<a style=\"color: #000080;\" href=\"https:\/\/www.timesofisrael.com\/liveblog_entry\/idf-releases-recording-of-gazan-saying-hamas-shooting-at-people-trying-to-flee-south\/\" target=\"_blank\" rel=\"noopener noreferrer\">sometimes at gunpoint<\/a>. The goal is twofold: to kill as many Israelis as possible, and to kill Palestinians to win the sympathy of the world and so that Israel can be denounced internationally for war crimes.&nbsp;<\/span><\/p>\n<p style=\"text-align: left;\" data-substack-content=\"\"><span style=\"color: #000080;\">Hamas\u2019s strategy is clear. Yet much of the press prefers to ignore it. Instead, it repeatedly accuses Israel of seeking to inflict the maximum number of civilian deaths and especially of children. In the media\u2019s rendering, Israel is the new Herod butchering Palestinian innocents.&nbsp;<\/span><\/p>\n<p style=\"text-align: left;\" data-substack-content=\"\"><span style=\"color: #000080;\">Forgotten are the&nbsp;<a style=\"color: #000080;\" href=\"https:\/\/www.instagram.com\/reel\/CyGAXssNA45\/\" target=\"_blank\" rel=\"noopener noreferrer\">thousands of Gazans<\/a>&nbsp;who followed Hamas terrorists through the ruptured fence into Israel where they joined in the mutilations and raping. Forgotten are the Gazans who beat and spat at a nineteen-year-old Israeli woman who was raped and&nbsp;<a style=\"color: #000080;\" href=\"https:\/\/www.youtube.com\/watch?v=0u1gK0AjVeQ\" target=\"_blank\" rel=\"noopener noreferrer\">paraded through their streets<\/a>. Gone were Gazans who gave out candy and celebrated the slaughter of 1,400 civilians who were truly innocent.<\/span><\/p>\n<p style=\"text-align: left;\" data-substack-content=\"\"><span style=\"color: #000080;\">Finally, there is the media meme that the Jews are responsible for their own suffering. This, too, has&nbsp;<a style=\"color: #000080;\" href=\"https:\/\/www.facinghistory.org\/resource-library\/ancient-roots-anti-judaism\" target=\"_blank\" rel=\"noopener noreferrer\">late Roman roots<\/a>\u2014in the belief that homelessness and oppression were the punishments due the Jews not only for killing God but then rejecting his resurrected son. Anyone being interviewed by the international press, as I am, repeatedly receives the question: \u201cDoesn\u2019t Israel, by opposing peace with the Palestinians, bear some responsibility for the Hamas attack?\u201d<\/span><\/p>\n<p style=\"text-align: left;\" data-substack-content=\"\"><span style=\"color: #000080;\">My response is to recall how Hamas opposed the Oslo process and every subsequent peace initiative, and that Hamas assassinated not only Jews but also the Palestinians who supported the two-state solution. I explain that the reason most Israelis now oppose that solution is because they know that Hamas would take over the nascent Palestinian state in a day. Israel bears much of the responsibility for tensions in the West Bank, I admit.&nbsp;<\/span><\/p>\n<p style=\"text-align: left;\" data-substack-content=\"\"><span style=\"color: #000080;\">But the humanitarian crisis in Gaza is purely Hamas\u2019s fault. As a deputy minister in the prime minister\u2019s office, in 2017\u201318, I was tasked with improving living conditions in Gaza. I learned how Hamas used Gaza\u2019s water pipes to make rockets and dug tunnels under the aquifer and drained it. I learned how Hamas diverted electricity to illuminate its underground bunkers and drastically limited the supply of basic commodities to the population, keeping it dependent on the terrorists. I learned that, when it came to Hamas, everything I knew about human decency was irrelevant.<\/span><\/p>\n<p style=\"text-align: left;\" data-substack-content=\"\"><span style=\"color: #000080;\">These are my responses to the journalists. They listen but are seldom, if ever, convinced. Much of the press, I\u2019ve learned, has internalized the ultimate antisemitic myth: that Jews just have it coming.<\/span><\/p>\n<p style=\"text-align: left;\" data-substack-content=\"\"><span style=\"color: #000080;\">Accordingly, Noam and Yishai Slotki who, waking up to the news of the attack on October 7, instinctively put on their reserve uniforms and left their families to fight only to die and be buried side by side in Jerusalem\u2014according to much of the media\u2019s interpretation of this war, both Noam and Yishai deserved it. By the same token, Tamar Kedem-Siman Tov, a community activist, who, together with her husband and three beautiful children, was gunned down by Hamas, got her comeuppance.<\/span><\/p>\n<p style=\"text-align: left;\" data-substack-content=\"\"><span style=\"color: #000080;\">The media is both a mirror and a disseminator of ideas, its two-way function incalculably amplified by the internet. So, the assumption of Jewish guilt and Palestinian innocence permeates the petitions signed by Hollywood stars and Starbucks workers that scarcely mention Hamas\u2019s unimaginable crimes while emphasizing Israel\u2019s imagined ones. So, the image of Jews as both child-killers and God-like in their powers translates into accusations that Israelis actually enjoy murdering women and children, deliberately targeting journalists, and crucifying the pure and powerless Palestinians. The notion that we Jews have it coming to us informed the letter, signed by more than 30 Harvard student organizations, claiming that Hamas\u2019s barbarism \u201cdid not occur in a vacuum,\u201d and that \u201cthe apartheid regime is the only one to blame.\u201d Not coincidentally did UN Secretary-General Antonio Guterres open his October 23&nbsp;<a style=\"color: #000080;\" href=\"https:\/\/www.washingtonexaminer.com\/policy\/foreign\/un-chief-rebukes-israel-attacks-hamas-vacuum\" target=\"_blank\" rel=\"noopener noreferrer\">speech<\/a>&nbsp;to the Security Council by asserting, \u201cthe attacks by Hamas did not happen in a vacuum.\u201d&nbsp;<\/span><\/p>\n<p style=\"text-align: left;\" data-substack-content=\"\"><span style=\"color: #000080;\">When Hamas itself says its targets are Jews, not Israelis, who\u2019s to question Hamas\u2019s supporters abroad who fail to make that distinction? When a Hamas terrorist phones his parents from a ravaged kibbutz and boasts, \u201cI killed ten Jews with my own hands!\u201d who will wonder why a Berlin synagogue is firebombed? When the UN and other international bodies refuse to condemn the mass evisceration, immolation, and brutal incarceration of Jews in tunnels under Gaza, who will be surprised by the silence of actors, writers, artists, and college presidents? And who will be astonished when Diaspora Jews in increasing numbers say they feel more secure in embattled Israel than on the streets of London, Paris, or New York? Five years to the day after the&nbsp;<a style=\"color: #000080;\" href=\"https:\/\/www.washingtonpost.com\/national-security\/2023\/08\/02\/pittsburgh-tree-of-life-sentence-bowers\/\" target=\"_blank\" rel=\"noopener noreferrer\">massacre<\/a>&nbsp;of eleven worshippers at Pittsburgh\u2019s Tree of Life synagogue, who will be shocked if another diaspora community is targeted?<\/span><\/p>\n<p style=\"text-align: left;\" data-substack-content=\"\"><span style=\"color: #000080;\">In an agonizing irony, Hamas and its supporters have succeeded where the Jews have long failed. Incontestably now, anti-Zionism is antisemitism. Hatred of the Jewish nation-state cannot be distinguished from hatred of the Jewish people. The war between Hamas and Israel, involving the largest and cruelest loss of Jewish life since the Holocaust, is a war against Jews everywhere. To paraphrase Holocaust historian Lucy Dawidowicz, this is the second war against the Jews.<\/span><\/p>\n<p data-substack-content=\"\"><span style=\"color: #808080;\"><em><strong>CORRECTION<\/strong>: An earlier version of this article stated erroneously that the date of the al-Ahli Hospital incident was October 19. It occurred October 17.<\/em><\/span><\/p>\n<p><img decoding=\"async\" src=\"https:\/\/substackcdn.com\/image\/fetch\/w_1456,c_limit,f_webp,q_auto:good,fl_progressive:steep\/https%3A%2F%2Fsubstack-post-media.s3.amazonaws.com%2Fpublic%2Fimages%2F77336979-b2af-4902-b659-4b8d100fb3bd_1336x24.png\" width=\"100%\"><\/p>\n<p data-substack-content=\"\"><em><strong>Michael Oren was formerly Israel\u2019s ambassador to the United States, a Knesset member, and a deputy minister of diplomacy in the prime minister\u2019s office. For more of his writing on Israel visit his Substack,&nbsp;<a href=\"https:\/\/claritywithmichaeloren.substack.com\/\" target=\"_blank\" rel=\"noopener noreferrer\">Clarity<\/a>.<\/strong><\/em><picture><\/picture><\/p>\n<p><img decoding=\"async\" src=\"https:\/\/substackcdn.com\/image\/fetch\/w_1456,c_limit,f_webp,q_auto:good,fl_progressive:steep\/https%3A%2F%2Fsubstack-post-media.s3.amazonaws.com%2Fpublic%2Fimages%2F77336979-b2af-4902-b659-4b8d100fb3bd_1336x24.png\" width=\"100%\"><\/p>\n<p data-substack-content=\"\"><em><strong>A recent&nbsp;<a href=\"https:\/\/harvardharrispoll.com\/wp-content\/uploads\/2023\/10\/HHP_Oct23_KeyResults.pdf\" target=\"_blank\" rel=\"noopener noreferrer\">poll<\/a>&nbsp;of 18- to 24-year-olds found that when asked, \u201cIn this conflict do you side more with Israel or Hamas?\u201d 48 percent said Hamas.<\/strong><\/em>&nbsp;<em><strong>Read Stanford junior Julia Steinberg to understand how antisemitism, aided by social media, has infected Gen Z:&nbsp;<a href=\"https:\/\/www.thefp.com\/p\/why-my-generation-hates-jews\" target=\"_blank\" rel=\"noopener noreferrer\">Why My Generation Hates Jews<\/a>.<\/strong><\/em><\/p>\n<p data-substack-content=\"\"><em><strong>And to support the editors, reporters, podcast producers, fact-checkers, and interns working to bring you the most up-to-date reporting and analysis from the war, subscribe to The Free Press:<\/strong><\/em><\/p>\n<hr style=\"height: 15px; background: #d0e6fa; width: 100%;\">\n<div id=\"content\" class=\"content-alignment\">\n<div id=\"watch-description\" class=\"yt-uix-button-panel\">\n<div id=\"watch-description-text\" style=\"text-align: center;\">\n<p><em>Zawarto\u015b\u0107 publikowanych artyku\u0142\u00f3w i materia\u0142\u00f3w nie reprezentuje pogl\u0105d\u00f3w ani opinii Reunion&#8217;68,<\/em><em><br \/>\nani te\u017c webmastera Blogu Reunion&#8217;68, chyba ze jest to wyra\u017anie zaznaczone.<br \/>\nTwoje uwagi, linki, w\u0142asne artyku\u0142y lub wiadomo\u015bci prze\u015blij na adres:<br \/>\n<\/em><span style=\"color: #000080;\"><strong><em><a style=\"color: #000080;\" href=\"mailto:webmaster@reunion68.com\"><span style=\"text-decoration: underline;\">webmaster@reunion68.com<\/span><\/a><\/em><\/strong><\/span><\/p>\n<\/div>\n<\/div>\n<\/div>\n<hr style=\"width: 100%;\">\n","protected":false},"excerpt":{"rendered":"<p>A War Against the Jews Michael Oren Graffiti outside an apartment building in Berlin. Hatred of Israel cannot be distinguished from hatred of the Jewish people. Incontestably now, anti-Zionism is antisemitism. . \u201cThe Day of Judgement will not come about until Muslims fight the Jews. When the Jew will hide behind stones and trees, the [&hellip;]<\/p>\n","protected":false},"author":1,"featured_media":0,"comment_status":"closed","ping_status":"closed","sticky":false,"template":"","format":"standard","meta":[],"categories":[6],"tags":[26,24],"_links":{"self":[{"href":"https:\/\/www.reunion68.se\/index.php?rest_route=\/wp\/v2\/posts\/108153"}],"collection":[{"href":"https:\/\/www.reunion68.se\/index.php?rest_route=\/wp\/v2\/posts"}],"about":[{"href":"https:\/\/www.reunion68.se\/index.php?rest_route=\/wp\/v2\/types\/post"}],"author":[{"embeddable":true,"href":"https:\/\/www.reunion68.se\/index.php?rest_route=\/wp\/v2\/users\/1"}],"replies":[{"embeddable":true,"href":"https:\/\/www.reunion68.se\/index.php?rest_route=%2Fwp%2Fv2%2Fcomments&post=108153"}],"version-history":[{"count":14,"href":"https:\/\/www.reunion68.se\/index.php?rest_route=\/wp\/v2\/posts\/108153\/revisions"}],"predecessor-version":[{"id":108190,"href":"https:\/\/www.reunion68.se\/index.php?rest_route=\/wp\/v2\/posts\/108153\/revisions\/108190"}],"wp:attachment":[{"href":"https:\/\/www.reunion68.se\/index.php?rest_route=%2Fwp%2Fv2%2Fmedia&parent=108153"}],"wp:term":[{"taxonomy":"category","embeddable":true,"href":"https:\/\/www.reunion68.se\/index.php?rest_route=%2Fwp%2Fv2%2Fcategories&post=108153"},{"taxonomy":"post_tag","embeddable":true,"href":"https:\/\/www.reunion68.se\/index.php?rest_route=%2Fwp%2Fv2%2Ftags&post=108153"}],"curies":[{"name":"wp","href":"https:\/\/api.w.org\/{rel}","templated":true}]}}