{"id":108288,"date":"2023-11-04T17:09:41","date_gmt":"2023-11-04T15:09:41","guid":{"rendered":"http:\/\/www.reunion68.se\/?p=108288"},"modified":"2023-11-04T11:59:35","modified_gmt":"2023-11-04T09:59:35","slug":"12-05-93","status":"publish","type":"post","link":"https:\/\/www.reunion68.se\/?p=108288","title":{"rendered":"Kto powiedzia\u0142, \u017ce Hamas nie reprezentuje Palesty\u0144czyk\u00f3w?"},"content":{"rendered":"<p style=\"text-align: center;\"><img decoding=\"async\" class=\"aligncenter\" src=\"https:\/\/www.inss.org.il\/wp-content\/uploads\/2020\/10\/80dbc92f-3051-4ca9-a508-b00f74715284.jpg\" width=\"100%\" \/><span style=\"color: #808080;\"><em>Prezydent Autonomii Palesty\u0144skiej Mahmoud Abbas nie pot\u0119pi\u0142 okrucie\u0144stw pope\u0142nionych przez Hamas 7 pa\u017adziernika. Milczenie Abbasa jest krzycz\u0105c\u0105 aprobat\u0105 dla masakry setek Izraelczyk\u00f3w. Nie ma co do tego \u017cadnych w\u0105tpliwo\u015bci: zar\u00f3wno Hamas, jak i Abbas reprezentuj\u0105 wi\u0119kszo\u015b\u0107 Palesty\u0144czyk\u00f3w, kt\u00f3rych celem jest mordowanie \u017byd\u00f3w i zniszczenie Izraela. Na zdj\u0119ciu: Logo Hamasu i Fatahu<\/em><\/span><\/p>\n<hr \/>\n<h5 style=\"text-align: center;\"><a href=\"http:\/\/www.listyznaszegosadu.pl\/\" target=\"_blank\" rel=\"noopener noreferrer\"><img decoding=\"async\" class=\"center alignleft\" src=\"http:\/\/www.reunion68.com\/Biuletyn\/img\/z-naszego.jpg\" alt=\"\" width=\"50%\" \/><\/a><span style=\"text-decoration: underline; color: #000080;\"><strong><a style=\"color: #000080; text-decoration: underline;\" href=\"http:\/\/www.listyznaszegosadu.pl\/brunatna-fala\/kto-powiedzial-ze-hamas-nie-reprezentuje-palestynczykalw\" target=\"_blank\" rel=\"noopener noreferrer\">Kto powiedzia\u0142, \u017ce Hamas nie reprezentuje Palesty\u0144czyk\u00f3w?<\/a><\/strong><\/span><\/h5>\n<p style=\"text-align: center;\"><span style=\"color: #000000;\"><strong>Bassam Tawil<br \/>\n<\/strong><span style=\"color: #808080;\"><em>T\u0142umaczenie: <\/em><\/span><strong>Ma\u0142gorzata Koraszewska<\/strong><\/span><\/p>\n<hr style=\"height: 15px; background: #d0e6fa; width: 100%;\" \/>\n<div class=\"templateArticleIngress\">\n<p style=\"text-align: left;\"><span style=\"color: #000080;\">W wielu o\u015bwiadczeniach od czasu masakry dokonanej przez Hamas w Izraelu 7 pa\u017adziernika prezydent USA Joe Biden stwierdzi\u0142, \u017ce Hamas nie reprezentuje ca\u0142ego narodu palesty\u0144skiego.\u00a0\u201eMy\u015bl\u0119, \u017ce Izrael rozumie, \u017ce znaczna cz\u0119\u015b\u0107 narodu palesty\u0144skiego nie podziela pogl\u0105d\u00f3w Hamasu i Hezbollahu\u201d \u2013\u00a0<a style=\"color: #000080;\" href=\"https:\/\/thehill.com\/homenews\/administration\/4257650-biden-says-occupation-of-gaza-by-israel-is-big-mistake\/\" target=\"_blank\" rel=\"noopener noreferrer\">powiedzia\u0142\u00a0<\/a>Biden w wywiadzie dla CBS.<\/span><\/p>\n<p style=\"text-align: left;\"><span style=\"color: #000080;\">Twierdzenie Bidena powt\u00f3rzy\u0142 sekretarz stanu USA Antony Blinken, kt\u00f3ry\u00a0<a style=\"color: #000080;\" href=\"blank\" target=\"_blank\" rel=\"noopener noreferrer\">powiedzia\u0142<\/a>\u00a0kr\u00f3lowi Jordanii Abdullahowi i prezydentowi Autonomii Palesty\u0144skiej Mahmudowi Abbasowi, \u017ce Hamas nie reprezentuje narodu palesty\u0144skiego.\u00a0W rozmowie telefonicznej z Abbasem Blinken \u201ewyrazi\u0142 niez\u0142omne wsparcie Stan\u00f3w Zjednoczonych dla narodu palesty\u0144skiego, podkre\u015blaj\u0105c, \u017ce terrory\u015bci Hamasu nie reprezentuj\u0105 Palesty\u0144czyk\u00f3w ani ich uzasadnionych aspiracji do samostanowienia i r\u00f3wnej godno\u015bci, wolno\u015bci, bezpiecze\u0144stwa i sprawiedliwo\u015bci\u201d \u2013 jak informuje Departament Stanu.<\/span><\/p>\n<\/div>\n<p style=\"text-align: left;\">\n<div class=\"templateArticleBrodtext\">\n<p style=\"text-align: left;\"><span style=\"color: #000080;\">Twierdzenie administracji Bidena, \u017ce Hamas jest nieistotn\u0105 grup\u0105 terroryst\u00f3w, kt\u00f3ra nie cieszy si\u0119 poparciem wielu Palesty\u0144czyk\u00f3w, jest nie tylko fa\u0142szywe, ale i niebezpieczne.\u00a0To twierdzenie stoi w sprzeczno\u015bci z rzeczywisto\u015bci\u0105, kt\u00f3ra dowodzi, \u017ce Hamas rzeczywi\u015bcie reprezentuje znaczn\u0105 cz\u0119\u015b\u0107 Palesty\u0144czyk\u00f3w.<\/span><\/p>\n<p style=\"text-align: left;\"><span style=\"color: #000080;\">Podstaw\u0105 tej niewygodnej rzeczywisto\u015bci s\u0105 badania opinii publicznej przeprowadzone przez Palesty\u0144skie Centrum Sonda\u017cy i Bada\u0144 nad Polityk\u0105 (PSR) oraz wyniki wybor\u00f3w do Palesty\u0144skiej Rady Legislacyjnej, samorz\u0105d\u00f3w studenckich i zwi\u0105zk\u00f3w zawodowych.\u00a0Opiera si\u0119 tak\u017ce na masowych demonstracjach i wiecach poparcia dla Hamasu przed i po rzezi z 7 pa\u017adziernika, podczas kt\u00f3rej terrory\u015bci Hamasu zamordowali ponad 1400 Izraelczyk\u00f3w, a ponad 4000 zosta\u0142o rannych.<\/span><\/p>\n<p style=\"text-align: left;\"><span style=\"color: #000080;\">Ostatni\u00a0sonda\u017c\u00a0PSR, opublikowany w zesz\u0142ym miesi\u0105cu, pokaza\u0142, \u017ce gdyby dzisiaj odby\u0142y si\u0119 nowe wybory prezydenckie, przyw\u00f3dca Hamasu Ismail Hanija zdoby\u0142by 58% g\u0142os\u00f3w, podczas gdy Mahmoud Abbas otrzyma\u0142by jedynie 37%.\u00a0Sonda\u017c wykaza\u0142, \u017ce \u201ewalk\u0119 zbrojn\u0105\u201d Hamasu (terroryzm) przeciwko Izraelowi popiera\u0142o 58% palesty\u0144skiego spo\u0142ecze\u0144stwa.\u00a0Nieco ponad jedna czwarta (27%) Palesty\u0144czyk\u00f3w uwa\u017ca, \u017ce Hamas najbardziej zas\u0142uguje na to, aby reprezentowa\u0107 nar\u00f3d palesty\u0144ski i przewodzi\u0107 mu dzisiaj, podczas gdy 24% uwa\u017ca, \u017ce frakcja Abbasa Fatah (rz\u0105dz\u0105ca Zachodnim Brzegiem) bardziej na to zas\u0142uguje;\u00a044% uwa\u017ca, \u017ce ani jedni, ani drudzy nie s\u0105 godni reprezentacji i przyw\u00f3dztwa.<\/span><\/p>\n<p style=\"text-align: left;\"><span style=\"color: #000080;\">Inny\u00a0sonda\u017c\u00a0PSR, opublikowany w czerwcu ubieg\u0142ego roku, wykaza\u0142, \u017ce 66% Palesty\u0144czyk\u00f3w uwa\u017ca, \u017ce Izrael nie b\u0119dzie obchodzi\u0142 100-lecia swojego\u00a0istnienia, a 51%\u00a0wierzy, \u017ce nar\u00f3d palesty\u0144ski b\u0119dzie w stanie \u201eodzyska\u0107 Palestyn\u0119 w przysz\u0142o\u015bci\u201d (tj. zniszczy\u0107 Izrael).\u00a0Oznacza to, \u017ce wi\u0119kszo\u015b\u0107 Palesty\u0144czyk\u00f3w podziela pragnienie Hamasu zlikwidowania Izraela, wyra\u017cone w statucie tej grupy terrorystycznej z 1988 roku.\u00a0Sonda\u017c wykaza\u0142 r\u00f3wnie\u017c, \u017ce 71% Palesty\u0144czyk\u00f3w popiera tworzenie grup zbrojnych w celu mordowania Izraelczyk\u00f3w.<\/span><\/p>\n<p style=\"text-align: left;\"><span style=\"color: #000080;\">W ci\u0105gu ostatnich kilku miesi\u0119cy studenci zrzeszeni w Hamasie wygrali wybory na dw\u00f3ch g\u0142\u00f3wnych palesty\u0144skich uniwersytetach na Zachodnim Brzegu [Judei i Samarii].\u00a0Na Uniwersytecie An-Najah w Nablusie Blok Islamski Hamasu zdoby\u0142 wi\u0119kszo\u015b\u0107 40 mandat\u00f3w w samorz\u0105dzie studenckim, podczas gdy lojali\u015bci Abbasa\/Fataha zdobyli 38 mandat\u00f3w.\u00a0Na Uniwersytecie Birzeit, niedaleko Ramallah,\u00a0<em>de facto<\/em>\u00a0stolicy Palesty\u0144czyk\u00f3w, stowarzyszony z Hamasem Islamski Blok Wafa zdoby\u0142 25 z 51 mandat\u00f3w samorz\u0105du studenckiego.\u00a0Na pocz\u0105tku tego roku blok studencki Hamasu zdoby\u0142 tak\u017ce wi\u0119kszo\u015b\u0107 mandat\u00f3w na Politechnice Palestyny w Hebronie.\u00a0Wed\u0142ug\u00a0Middle East Eye:<\/span><\/p>\n<blockquote>\n<p style=\"text-align: left;\"><strong>\u201eWybory w Birzeit i An-Najah s\u0105 uwa\u017cane za si\u0142\u0119 nap\u0119dow\u0105 polityki Zachodniego Brzegu. Wyniki tych wybor\u00f3w odczytywane s\u0105 jako odzwierciedlenie szerszego spo\u0142ecze\u0144stwa palesty\u0144skiego, jego stanowiska wobec AP i orientacji wyborc\u00f3w we wszelkich szerszych wyborach, kt\u00f3re mog\u0105 si\u0119 odby\u0107 w przysz\u0142o\u015bci. Poniewa\u017c na horyzoncie nie wida\u0107 wybor\u00f3w powszechnych w Palestynie, sonda\u017ce studenckie s\u0105\u00a0postrzegane\u00a0jako \u2018test pomiaru opinii publicznej\u2019\u2026\u201d<\/strong><\/p>\n<\/blockquote>\n<p style=\"text-align: left;\"><span style=\"color: #000080;\">W 2021 r. Abbas\u00a0odwo\u0142a\u0142\u00a0ju\u017c og\u0142oszone wybory prezydenckie i parlamentarne w Autonomii Palesty\u0144skiej, gdy zda\u0142 sobie spraw\u0119, \u017ce jego frakcja Fatahu prawdopodobnie przegra z Hamasem, podobnie jak mia\u0142o to miejsce w wyborach parlamentarnych w 2006 r.\u00a0\u201eDecyzja o odwo\u0142aniu wybor\u00f3w wynika\u0142a z merytorycznych obaw wszystkich frakcji Fatahu przed pora\u017ck\u0105 z Hamasem\u201d \u2013\u00a0powiedzia\u0142\u00a0dr Ido Zelkovitz, kierownik wydzia\u0142u studi\u00f3w bliskowschodnich w izraelskim Jezreel Valley Academic College.<\/span><\/p>\n<blockquote>\n<p style=\"text-align: left;\"><strong>\u201ePodzia\u0142y w Fatahu i osobiste rywalizacje w jego frakcjach kontrastowa\u0142y ze zjednoczonym frontem Hamasu prezentowanym przed zaplanowanymi wyborami. Aby unikn\u0105\u0107 problemu, Abbas zdecydowa\u0142 si\u0119 op\u00f3\u017ani\u0107 wybory, wskazuj\u0105c oskar\u017cycielskim palcem na Izrael za [rzekome] uniemo\u017cliwienie g\u0142osowania przez odmow\u0119 zezwolenia na udzia\u0142 mieszka\u0144c\u00f3w wschodniej Jerozolimy.\u201d<\/strong><\/p>\n<\/blockquote>\n<p style=\"text-align: left;\"><span style=\"color: #000080;\">W 2006 roku Hamas odni\u00f3s\u0142 wielkie zwyci\u0119stwo,\u00a0kiedy jego przedstawicieli wygrali\u00a0wybory parlamentarne.\u00a0Ze 132 mandat\u00f3w w Palesty\u0144skiej Radzie Legislacyjnej Hamas zdoby\u0142 76 mandat\u00f3w do 43 zdobytych przez Fatah.<\/span><\/p>\n<p style=\"text-align: left;\"><span style=\"color: #000080;\">W przeciwie\u0144stwie do Bidena i Blinkena Abbas wie, \u017ce Hamas rzeczywi\u015bcie reprezentuje wielu Palesty\u0144czyk\u00f3w i w przeciwie\u0144stwie do Bidena i Blinkena Abbas by\u0142 \u015bwiadkiem prohamasowskich\u00a0demonstracji\u00a0na Zachodnim Brzegu, w tym tych, kt\u00f3re mia\u0142y miejsce kilka kilometr\u00f3w od jego biura w Ramallah, w nast\u0119pstwa masakry Izraelczyk\u00f3w, w tym kobiet, dzieci i os\u00f3b starszych, kt\u00f3re mia\u0142y miejsce 7 pa\u017adziernika.\u00a0W przeciwie\u0144stwie do Bidena i Blinkena Abbas widzi tak\u017ce liczne grupy terrorystyczne powi\u0105zane z Hamasem, kt\u00f3re pojawi\u0142y si\u0119 na Zachodnim Brzegu w ci\u0105gu ostatnich dw\u00f3ch lat.\u00a0Grupy te, takie jak Batalion D\u017cenin i Jaskinia Lw\u00f3w, s\u0105 odpowiedzialne za zamordowanie i zranienie dziesi\u0105tek Izraelczyk\u00f3w od pocz\u0105tku tego roku.<\/span><\/p>\n<p style=\"text-align: left;\"><span style=\"color: #000080;\">Abbas i jego urz\u0119dnicy w pe\u0142ni rozumiej\u0105, \u017ce Hamas nie jest grup\u0105 obcych, kt\u00f3ra przyby\u0142a z Marsa.\u00a0\u201eHamas jest integraln\u0105 cz\u0119\u015bci\u0105 narodu palesty\u0144skiego\u201d \u2013 powiedzia\u0142 \u00a0w 2014 roku. By\u0142a polityczka OWP, Hanan Ashrawi, r\u00f3wnie\u017c\u00a0potwierdzi\u0142a\u00a0znaczenie Hamasu w spo\u0142ecze\u0144stwie palesty\u0144skim:<\/span><\/p>\n<blockquote>\n<p style=\"text-align: left;\"><strong>\u201eHamas jest integraln\u0105 cz\u0119\u015bci\u0105 narodu [palesty\u0144skiego] i jest jednym z narodowych i spo\u0142ecznych element\u00f3w tego ludu\u201d.<\/strong><\/p>\n<\/blockquote>\n<p style=\"text-align: left;\"><span style=\"color: #000080;\">Je\u017celi zdaniem Bidena i Blinkena Hamas nie reprezentuje Palesty\u0144czyk\u00f3w, jak wyja\u015bni\u0105 fakt, \u017ce w zesz\u0142ym roku setki tysi\u0119cy Palesty\u0144czyk\u00f3w wzi\u0119\u0142o udzia\u0142 w wiecu tej grupy z okazji 35.\u00a0<a style=\"color: #000080;\" href=\"blank\" target=\"_blank\" rel=\"noopener noreferrer\">rocznicy<\/a>\u00a0jej\u00a0powstania\u00a0?\u00a0Ponadto, jak t\u0142umacz\u0105 fakt, \u017ce setki palesty\u0144skich mieszka\u0144c\u00f3w Strefy Gazy do\u0142\u0105czy\u0142y do terroryst\u00f3w Hamasu, kt\u00f3rzy zaatakowali spo\u0142eczno\u015bci izraelskie w pobli\u017cu granicy ze Stref\u0105 Gazy?<\/span><\/p>\n<p style=\"text-align: left;\"><span style=\"color: #000080;\">Stwierdzaj\u0105c, \u017ce Hamas nie reprezentuje Palesty\u0144czyk\u00f3w, Biden i Blinken sugeruj\u0105, \u017ce Abbas i Autonomia Palesty\u0144ska s\u0105 prawdziwymi i prawowitymi przedstawicielami Palesty\u0144czyk\u00f3w.\u00a0Warto przypomnie\u0107 prezydentowi USA i jego sekretarzowi stanu, \u017ce Abbas ko\u0144czy obecnie 18.\u00a0rok\u00a0swojej czteroletniej kadencji.\u00a0Abbas zosta\u0142 wybrany w 2005 roku i od tego czasu Palesty\u0144czycy nie przeprowadzali wybor\u00f3w prezydenckich.\u00a0Warto zauwa\u017cy\u0107, \u017ce ostatni\u00a0sonda\u017c\u00a0PSR pokaza\u0142, \u017ce 78% Palesty\u0144czyk\u00f3w nie ufa Abbasowi i chce jego rezygnacji.<\/span><\/p>\n<p style=\"text-align: left;\"><span style=\"color: #000080;\">Administracja Bidena przedstawia fa\u0142szywe twierdzenie, \u017ce wi\u0119kszo\u015b\u0107 Palesty\u0144czyk\u00f3w jest przeciwna Hamasowi i \u017ce Autonomia Palesty\u0144ska Abbasa, kt\u00f3ra nagradza terroryst\u00f3w morduj\u0105cych \u017byd\u00f3w miesi\u0119cznymi stypendiami, jest \u201epartnerem pokojowym\u201d Izraela.\u00a0Jest to ca\u0142kowite zniekszta\u0142cenie rzeczywisto\u015bci i nie przedstawia prawdy.<\/span><\/p>\n<p style=\"text-align: left;\"><span style=\"color: #000080;\">Niedawno Abbas przypomnia\u0142 wszystkim, \u017ce jest antysemit\u0105 i negacjonist\u0105 Holokaustu. Przemawiaj\u0105c 24 sierpnia na spotkaniu Fatahu w Ramallah, Abbas\u00a0powiedzia\u0142:<\/span><\/p>\n<blockquote>\n<p style=\"text-align: left;\"><strong>\u00a0\u201eM\u00f3wi\u0105, \u017ce Hitler zabija\u0142 \u017byd\u00f3w, poniewa\u017c byli \u017bydami i \u017ce Europa nienawidzi\u0142a \u017byd\u00f3w, poniewa\u017c byli \u017bydami. Nieprawda. Jasno wyja\u015bniono, \u017ce [Europejczycy] walczyli z [\u017bydami] ze wzgl\u0119du na ich rol\u0119 spo\u0142eczn\u0105, a nie religi\u0119 [\u2026] [Europejczycy] walczyli przeciwko tym ludziom ze wzgl\u0119du na ich rol\u0119 spo\u0142eczn\u0105 w spo\u0142ecze\u0144stwie, kt\u00f3ra wi\u0105za\u0142a si\u0119 z lichw\u0105, pieni\u0119dzmi itd.\u201d.<\/strong><\/p>\n<\/blockquote>\n<p style=\"text-align: left;\"><span style=\"color: #000080;\">Kiedy Biden i Blinken zrozumiej\u0105, \u017ce nie ma r\u00f3\u017cnicy mi\u0119dzy morderczymi przyw\u00f3dcami Hamasu a antysemit\u0105 Abbasem?\u00a0Z pewno\u015bci\u0105 Biden i Blinken s\u0105 \u015bwiadomi, \u017ce Abbas nie pot\u0119pi\u0142 okrucie\u0144stw pope\u0142nionych przez Hamas 7 pa\u017adziernika. Milczenie Abbasa jest krzycz\u0105c\u0105 aprobat\u0105 dla masakry setek Izraelczyk\u00f3w.\u00a0Nie ma co do tego \u017cadnych w\u0105tpliwo\u015bci: zar\u00f3wno Hamas, jak i Abbas reprezentuj\u0105\u00a0<em>wi\u0119kszo\u015b\u0107<\/em>\u00a0<em>Palesty\u0144czyk\u00f3w<\/em>, kt\u00f3rych celem jest mordowanie \u017byd\u00f3w i zniszczenie Izraela.<\/span><\/p>\n<hr \/>\n<p style=\"text-align: left;\"><span style=\"color: #808080;\"><em><strong>Bassam Tawil<\/strong> \u2013 muzu\u0142ma\u0144ski badacz i publicysta mieszkaj\u0105cy na Bliskim Wschodzie.<\/em><\/span><\/p>\n<\/div>\n<hr style=\"height: 15px; background: #d0e6fa; width: 100%;\" \/>\n<div id=\"content\" class=\"content-alignment\">\n<div id=\"watch-description\" class=\"yt-uix-button-panel\">\n<div id=\"watch-description-text\" style=\"text-align: center;\">\n<p><em>Zawarto\u015b\u0107 publikowanych artyku\u0142\u00f3w i materia\u0142\u00f3w nie reprezentuje pogl\u0105d\u00f3w ani opinii Reunion&#8217;68,<\/em><em><br \/>\nani te\u017c webmastera Blogu Reunion&#8217;68, chyba ze jest to wyra\u017anie zaznaczone.<br \/>\nTwoje uwagi, linki, w\u0142asne artyku\u0142y lub wiadomo\u015bci prze\u015blij na adres:<br \/>\n<\/em><span style=\"color: #000080;\"><strong><em><a style=\"color: #000080;\" href=\"mailto:webmaster@reunion68.com\"><span style=\"text-decoration: underline;\">webmaster@reunion68.com<\/span><\/a><\/em><\/strong><\/span><\/p>\n<\/div>\n<\/div>\n<\/div>\n<hr style=\"width: 100%;\" \/>\n","protected":false},"excerpt":{"rendered":"<p>Prezydent Autonomii Palesty\u0144skiej Mahmoud Abbas nie pot\u0119pi\u0142 okrucie\u0144stw pope\u0142nionych przez Hamas 7 pa\u017adziernika. Milczenie Abbasa jest krzycz\u0105c\u0105 aprobat\u0105 dla masakry setek Izraelczyk\u00f3w. Nie ma co do tego \u017cadnych w\u0105tpliwo\u015bci: zar\u00f3wno Hamas, jak i Abbas reprezentuj\u0105 wi\u0119kszo\u015b\u0107 Palesty\u0144czyk\u00f3w, kt\u00f3rych celem jest mordowanie \u017byd\u00f3w i zniszczenie Izraela. Na zdj\u0119ciu: Logo Hamasu i Fatahu Kto powiedzia\u0142, \u017ce Hamas [&hellip;]<\/p>\n","protected":false},"author":1,"featured_media":0,"comment_status":"closed","ping_status":"closed","sticky":false,"template":"","format":"standard","meta":[],"categories":[6],"tags":[26,24],"_links":{"self":[{"href":"https:\/\/www.reunion68.se\/index.php?rest_route=\/wp\/v2\/posts\/108288"}],"collection":[{"href":"https:\/\/www.reunion68.se\/index.php?rest_route=\/wp\/v2\/posts"}],"about":[{"href":"https:\/\/www.reunion68.se\/index.php?rest_route=\/wp\/v2\/types\/post"}],"author":[{"embeddable":true,"href":"https:\/\/www.reunion68.se\/index.php?rest_route=\/wp\/v2\/users\/1"}],"replies":[{"embeddable":true,"href":"https:\/\/www.reunion68.se\/index.php?rest_route=%2Fwp%2Fv2%2Fcomments&post=108288"}],"version-history":[{"count":7,"href":"https:\/\/www.reunion68.se\/index.php?rest_route=\/wp\/v2\/posts\/108288\/revisions"}],"predecessor-version":[{"id":108299,"href":"https:\/\/www.reunion68.se\/index.php?rest_route=\/wp\/v2\/posts\/108288\/revisions\/108299"}],"wp:attachment":[{"href":"https:\/\/www.reunion68.se\/index.php?rest_route=%2Fwp%2Fv2%2Fmedia&parent=108288"}],"wp:term":[{"taxonomy":"category","embeddable":true,"href":"https:\/\/www.reunion68.se\/index.php?rest_route=%2Fwp%2Fv2%2Fcategories&post=108288"},{"taxonomy":"post_tag","embeddable":true,"href":"https:\/\/www.reunion68.se\/index.php?rest_route=%2Fwp%2Fv2%2Ftags&post=108288"}],"curies":[{"name":"wp","href":"https:\/\/api.w.org\/{rel}","templated":true}]}}