{"id":108424,"date":"2023-11-10T18:00:51","date_gmt":"2023-11-10T16:00:51","guid":{"rendered":"http:\/\/www.reunion68.se\/?p=108424"},"modified":"2023-11-10T14:56:12","modified_gmt":"2023-11-10T12:56:12","slug":"15-05-94","status":"publish","type":"post","link":"https:\/\/www.reunion68.se\/?p=108424","title":{"rendered":"Studentka nios\u0142a antysemicki transparent. Jest decyzja uczelni"},"content":{"rendered":"<h5 style=\"text-align: center;\"><a href=\"https:\/\/wiadomosci.radiozet.pl\/\" target=\"_blank\" rel=\"noopener noreferrer\"><img decoding=\"async\" class=\"center alignleft\" src=\"https:\/\/encrypted-tbn3.gstatic.com\/images?q=tbn:ANd9GcTCpRglrrrU5C9m93r7Ws5nIoCGRW9g_1SWlYeRNEAdEEp9Q8Uu\" alt=\"\" width=\"20%\" \/><\/a><span style=\"text-decoration: underline; color: #000080;\"><span><strong><a style=\"color: #000080; text-decoration: underline;\" href=\"https:\/\/wiadomosci.radiozet.pl\/polska\/warszawa\/studentka-niosla-antysemicki-transparent-jest-decyzja-uczelni\" target=\"_blank\" rel=\"noopener noreferrer\">Studentka nios\u0142a antysemicki transparent. Jest decyzja uczelni<\/a><\/strong><\/span><\/span><\/h5>\n<p style=\"text-align: center;\"><span style=\"color: #000000;\"><strong>Piotr Drabik<br \/>\n<\/strong><\/span><\/p>\n<hr style=\"height: 15px; background: #d0e6fa; width: 100%;\" \/>\n<h4 style=\"text-align: center;\"><span style=\"color: #808080;\"><strong>Studentka Warszawskiego Uniwersytetu Medycznego, kt\u00f3ra na manifestacji propalesty\u0144skiej nosi\u0142a antysemicki transparent, zosta\u0142a zawieszona &#8211; poinformowa\u0142 Onet. &#8220;Na WUM nie ma miejsca na jakiekolwiek formy mowy nienawi\u015bci czy przemoc&#8221; &#8211; przekaza\u0142 w o\u015bwiadczeniu\u00a0rektor WUM Zbigniew Gaciong.<\/strong><\/span><\/h4>\n<h4 style=\"text-align: center;\">.<br \/>\n<img decoding=\"async\" src=\"https:\/\/gfx.wiadomosci.radiozet.pl\/var\/g3-radiozetwiadomosci\/storage\/images\/polska\/warszawa\/studentka-niosla-antysemicki-transparent-jest-decyzja-uczelni\/24255729-1-pol-PL\/Studentka-niosla-antysemicki-transparent.-Jest-decyzja-uczelni_content.webp\" width=\"100%\" \/><\/h4>\n<p style=\"text-align: left;\"><span style=\"color: #000080;\">Antysemicki transparent na demonstracji w Warszawie. WUM zawiesi\u0142 studentk\u0119<\/span><br \/>\n<span style=\"color: #000080;\">&#8220;Na podstawie ustale\u0144 w tym zakresie niezw\u0142ocznie podj\u0105\u0142em decyzj\u0119 o skierowaniu sprawy do Rzecznika Dyscyplinarnego dla Student\u00f3w i Doktorant\u00f3w Warszawskiego Uniwersytetu Medycznego, a nast\u0119pnie r\u00f3wnie\u017c o zawieszeniu studentki&#8221; &#8211;\u00a0przekaza\u0142 w o\u015bwiadczeniu\u00a0rektor WUM Zbigniew Gaciong.<\/span><\/p>\n<p style=\"text-align: left;\"><span style=\"color: #000080;\">Doda\u0142: &#8220;Na WUM nie ma miejsca na jakiekolwiek formy mowy nienawi\u015bci czy przemoc. Do naczelnych warto\u015bci wyznawanych przez Uniwersytet nale\u017cy przeciwdzia\u0142a\u0107 cierpieniu i zapobiega\u0107 chorobom, nie\u015b\u0107 pomoc chorym bez \u017cadnych r\u00f3\u017cnic, takich jak: rasa, religia, narodowo\u015b\u0107, pogl\u0105dy polityczne, stan maj\u0105tkowy i inne, maj\u0105c na celu wy\u0142\u0105cznie ich dobro i szacunek&#8221;.<\/span><\/p>\n<p style=\"text-align: left;\"><span style=\"color: #000080;\">Rektor\u00a0Gaciong spotka\u0142 si\u0119 r\u00f3wnie\u017c ze studentami z Izraela, kt\u00f3rych zapewni\u0142 o wsparciu i wszelkim bezpiecze\u0144stwie na uczelni. &#8220;Wszyscy studenci WUM, kt\u00f3rzy poczuli si\u0119 dotkni\u0119ci kryzysem na Bliskim Wschodzie, otrzymali informacj\u0119 o pomocy psychologicznej, w ramach Uniwersyteckiej Poradni Psychologicznej. Osoby potrzebuj\u0105ce takiej pomocy zosta\u0142y poproszone o kontakt z dziekanatami&#8221; &#8211; podkre\u015bli\u0142.<\/span><\/p>\n<hr style=\"height: 15px; background: #d0e6fa; width: 100%;\" \/>\n<div id=\"content\" class=\"content-alignment\">\n<div id=\"watch-description\" class=\"yt-uix-button-panel\">\n<div id=\"watch-description-text\" style=\"text-align: center;\">\n<p><em>Zawarto\u015b\u0107 publikowanych artyku\u0142\u00f3w i materia\u0142\u00f3w nie reprezentuje pogl\u0105d\u00f3w ani opinii Reunion&#8217;68,<\/em><em><br \/>\nani te\u017c webmastera Blogu Reunion&#8217;68, chyba ze jest to wyra\u017anie zaznaczone.<br \/>\nTwoje uwagi, linki, w\u0142asne artyku\u0142y lub wiadomo\u015bci prze\u015blij na adres:<br \/>\n<\/em><span style=\"color: #000080;\"><strong><em><a style=\"color: #000080;\" href=\"mailto:webmaster@reunion68.com\"><span style=\"text-decoration: underline;\">webmaster@reunion68.com<\/span><\/a><\/em><\/strong><\/span><\/p>\n<\/div>\n<\/div>\n<\/div>\n<hr style=\"width: 100%;\" \/>\n","protected":false},"excerpt":{"rendered":"<p>Studentka nios\u0142a antysemicki transparent. Jest decyzja uczelni Piotr Drabik Studentka Warszawskiego Uniwersytetu Medycznego, kt\u00f3ra na manifestacji propalesty\u0144skiej nosi\u0142a antysemicki transparent, zosta\u0142a zawieszona &#8211; poinformowa\u0142 Onet. &#8220;Na WUM nie ma miejsca na jakiekolwiek formy mowy nienawi\u015bci czy przemoc&#8221; &#8211; przekaza\u0142 w o\u015bwiadczeniu\u00a0rektor WUM Zbigniew Gaciong. . Antysemicki transparent na demonstracji w Warszawie. WUM zawiesi\u0142 studentk\u0119 &#8220;Na [&hellip;]<\/p>\n","protected":false},"author":1,"featured_media":0,"comment_status":"closed","ping_status":"closed","sticky":false,"template":"","format":"standard","meta":[],"categories":[6],"tags":[26,24],"_links":{"self":[{"href":"https:\/\/www.reunion68.se\/index.php?rest_route=\/wp\/v2\/posts\/108424"}],"collection":[{"href":"https:\/\/www.reunion68.se\/index.php?rest_route=\/wp\/v2\/posts"}],"about":[{"href":"https:\/\/www.reunion68.se\/index.php?rest_route=\/wp\/v2\/types\/post"}],"author":[{"embeddable":true,"href":"https:\/\/www.reunion68.se\/index.php?rest_route=\/wp\/v2\/users\/1"}],"replies":[{"embeddable":true,"href":"https:\/\/www.reunion68.se\/index.php?rest_route=%2Fwp%2Fv2%2Fcomments&post=108424"}],"version-history":[{"count":10,"href":"https:\/\/www.reunion68.se\/index.php?rest_route=\/wp\/v2\/posts\/108424\/revisions"}],"predecessor-version":[{"id":108466,"href":"https:\/\/www.reunion68.se\/index.php?rest_route=\/wp\/v2\/posts\/108424\/revisions\/108466"}],"wp:attachment":[{"href":"https:\/\/www.reunion68.se\/index.php?rest_route=%2Fwp%2Fv2%2Fmedia&parent=108424"}],"wp:term":[{"taxonomy":"category","embeddable":true,"href":"https:\/\/www.reunion68.se\/index.php?rest_route=%2Fwp%2Fv2%2Fcategories&post=108424"},{"taxonomy":"post_tag","embeddable":true,"href":"https:\/\/www.reunion68.se\/index.php?rest_route=%2Fwp%2Fv2%2Ftags&post=108424"}],"curies":[{"name":"wp","href":"https:\/\/api.w.org\/{rel}","templated":true}]}}