{"id":10850,"date":"2014-12-15T19:08:56","date_gmt":"2014-12-15T17:08:56","guid":{"rendered":"http:\/\/www.reunion68.se\/?p=10850"},"modified":"2014-12-15T17:23:07","modified_gmt":"2014-12-15T15:23:07","slug":"10850","status":"publish","type":"post","link":"https:\/\/www.reunion68.se\/?p=10850","title":{"rendered":"Turecka go\u015bcinno\u015b\u0107 dla terroryzmu arabskiego"},"content":{"rendered":"<h5 style=\"text-align: center;\"><a href=\"http:\/\/www.listyznaszegosadu.pl\/\" target=\"_blank\"><img decoding=\"async\" class=\"center alignleft\" src=\"http:\/\/www.reunion68.com\/Biuletyn\/img\/z-naszego.jpg\" alt=\"\" width=\"350\" \/><\/a><span style=\"text-decoration: underline; color: #000080;\"><span style=\"text-decoration: underline;\"><strong><a style=\"color: #000080; text-decoration: underline;\" href=\"http:\/\/www.listyznaszegosadu.pl\/brunatna-fala\/turecka-goscinnosc-dla-terroryzmu-arabskiego\" target=\"_blank\">Turecka go\u015bcinno\u015b\u0107 dla terroryzmu arabskiego<\/a><\/strong><\/span><\/span><\/h5>\n<p style=\"text-align: center;\"><span style=\"color: #333333;\"><strong>Burak Bekdil <\/strong><\/span><\/p>\n<p style=\"text-align: center;\"><span style=\"color: #333333;\">T\u0142umaczenie: Ma\u0142gorzata Koraszewska<\/span><\/p>\n<hr style=\"height: 15px; background: #d0e6fa; width: 710px;\" \/>\n<div style=\"width: 360px\" class=\"wp-caption alignright\"><img decoding=\"async\" src=\"http:\/\/www.listyznaszegosadu.pl\/upload\/article\/bild\/563\/607086\/826_s.jpg\" alt=\"Prezydent turecki (w\u00f3wczas premier) Recep Tayyip Erdogan, po prawej, spotyka si\u0119 z przyw\u00f3dcami Hamasu, Chaledem Maszaalem (w \u015brodku) i Ismailem Hanij\u0105 18 czerwca 2013 r. w Ankarze w Turcji. (Zdj\u0119cie: Biuro pracowe premiera Turcji)\" width=\"350\" border=\"0\" \/><p class=\"wp-caption-text\"><span style=\"color: #000080;\"><em>Prezydent turecki (w\u00f3wczas premier) Recep Tayyip Erdogan, po prawej, spotyka si\u0119 z przyw\u00f3dcami Hamasu, Chaledem Maszaalem (w \u015brodku) i Ismailem Hanij\u0105 18 czerwca 2013 r. w Ankarze w Turcji. (Zdj\u0119cie: Biuro pracowe premiera Turcji)<\/em><\/span><\/p><\/div>\n<p><span style=\"color: #333333;\"><strong>W 2004 r. obecny prezydent Turcji (\u00f3wczesny premier) Recep Tayyip Erdogan okre\u015bli\u0142 Izrael mianem \u201epa\u0144stwa terrorystycznego\u201d. Dwa lata p\u00f3\u017aniej go\u015bci\u0142 Chaleda Maszaala, przyw\u00f3dc\u0119 Hamasu. Nawi\u0105zuj\u0105c do do\u015bwiadczenia Turcji z partiami islamistycznymi, w\u0142\u0105cznie z w\u0142asn\u0105, Erdogan powiedzia\u0142: &#8220;Wyb\u00f3r ludzi (przy urnach wyborczych) powinien by\u0107 respektowany\u201d. Erdogan, m\u00f3wi\u0105c o zwyci\u0119stwie wyborczym Hamasu w Gazie, najwyra\u017aniej chcia\u0142 legitymizowa\u0107 Hamas i terroryzm.<\/strong><\/span><\/p>\n<p style=\"text-align: left;\"><span style=\"color: #000080;\">\u015awiadomie jednak pomin\u0105\u0142 znacz\u0105c\u0105 r\u00f3\u017cnic\u0119 mi\u0119dzy Hamasem a tureckimi partiami islamistycznymi: Hamas jawnie propaguje przemoc, podczas gdy partie tureckie dzia\u0142aj\u0105 w ramach polityki demokratycznej.<\/span><\/p>\n<p style=\"text-align: left;\"><span style=\"color: #000080;\">Osiem lat po wizycie Maszaala w Turcji, Hamas koordynuje swoje dzia\u0142ania z logistycznym wsparciem z centrum dowodzenia w Stambule \u2013 fakt, kt\u00f3ry wyra\u017anie irytuje nawet Autonomi\u0119 Palesty\u0144sk\u0105 [AP], \u201epartnera w rz\u0105dzie\u201d na terytoriach palesty\u0144skich.<\/span><\/p>\n<p style=\"text-align: left;\"><span style=\"color: #000080;\">Turcja udziela tak\u017ce go\u015bciny Salahowi al-Aruri, dow\u00f3dcy Hamasu, kt\u00f3rego AP oskar\u017ca o wiele zamach\u00f3w na cele izraelskie.<\/span><\/p>\n<p style=\"text-align: left;\"><span style=\"color: #000080;\">Wed\u0142ug medi\u00f3w izraelskich, Szin Bet ma dowody, \u017ce \u015bmiertelne zamachy na Izraelczyk\u00f3w by\u0142y planowane w kwaterze g\u0142\u00f3wnej Hamasu w Stambule. Tureccy dyplomaci nieprzekonuj\u0105co temu zaprzeczaj\u0105. Wed\u0142ug doniesie\u0144, Izrael zwr\u00f3ci\u0142 si\u0119 do NATO i rz\u0105du ameryka\u0144skiego, by podj\u0119li kroki przeciwko wspieraniu organizacji terrorystycznej przez Turcj\u0119.<\/span><\/p>\n<p style=\"text-align: left;\"><span style=\"color: #000080;\">W\u0142a\u015bnie Aruri przyzna\u0142 20 sierpnia, kiedy przemawia\u0142 na \u015awiatowej Konferencji M\u0119drc\u00f3w Islamskich w Turcji, \u017ce Hamas zorganizowa\u0142 \u201eheroiczn\u0105 akcj\u0119 przeprowadzon\u0105 przez Brygady al-Kassam [militarne skrzyd\u0142o Hamasu], w kt\u00f3rej pojmano trzech osadnik\u00f3w z Hebronu\u201d. Trzej nastoletni ch\u0142opcy zostali porwani i zamordowani przez agent\u00f3w Hamasu, kt\u00f3re to wydarzenie rozpocz\u0119\u0142o spiral\u0119 przemocy, a ta z kolei doprowadzi\u0142a do 50-dniowej wojny w Gazie latem tego roku.<\/span><\/p>\n<p style=\"text-align: left;\"><span style=\"color: #000080;\">Wi\u0119kszo\u015b\u0107 obserwator\u00f3w zachodnich wyja\u015bnia na og\u00f3\u0142 afer\u0119 mi\u0142osn\u0105 Erdogana z Hamasem realpolitik i pragmatyzmem \u2013 \u017ce Turcja stara si\u0119 zdoby\u0107 regionalne znaczenie polityczne w narodach arabskich przez ustawienie si\u0119 w roli pot\u0119\u017cnego obro\u0144cy \u201esprawy palesty\u0144skiej\u201d. Autor niniejszego s\u0105dzi jednak, \u017ce za t\u0105 afer\u0105 mi\u0142osn\u0105 jest tak\u017ce \u201ehistoria indoktrynacji\u201d.<\/span><\/p>\n<p style=\"text-align: left;\"><span style=\"color: #000080;\">Jednym z najbardziej wp\u0142ywowych filozof\u00f3w i pisarzy, kt\u00f3ry inspirowa\u0142 tureckich islamist\u00f3w pod koniec lat 1960. i na pocz\u0105tku 1970. by\u0142 Nurettin Topcu (1909-1975). Jego dzie\u0142a mia\u0142y olbrzymi wp\u0142yw na wy\u0142aniaj\u0105c\u0105 si\u0119 klas\u0119 d\u017cihadyst\u00f3w tureckich, kt\u00f3rzy zebrali si\u0119 pod parasolem Tureckiego Narodowego Zwi\u0105zku Student\u00f3w (MTTB, w tureckim akronimie). Teorie Topcu i innych my\u015blicieli stanowi\u0142y podstaw\u0119 tego, co p\u00f3\u017aniej sta\u0142o si\u0119 znane jako \u201csynteza turecko-islamska\u201d czyli po prostu turecki islam polityczny. Wed\u0142ug Topcu: \u201eIslam jest dusz\u0105\/sercem Turka i turecko\u015bci\u0105 jego cia\u0142a\u201d. Jednym z najbardziej entuzjastycznych cz\u0142onk\u00f3w MTTB by\u0142 Erdogan.<\/span><\/p>\n<p style=\"text-align: left;\"><span style=\"color: #000080;\">W przem\u00f3wieniu z 2010 r. Erdogan m\u00f3wi\u0142 o Topcu, wraz z kilkoma innymi pisarzami, jako o \u201ewielkim my\u015blicielu\u201d. W tym samym roku, w innym przem\u00f3wieniu, Erdogan powiedzia\u0142, \u017ce Topcu by\u0142 \u201ezwierciad\u0142em tego kraju\u201d. Niedawno w wywiadzie Erdogan wyliczy\u0142 11 nazwisk \u201enajwi\u0119kszych pisarzy w historii osma\u0144skiej i tureckiej\u201d. Jednym z nich by\u0142 Topcu.<\/span><\/p>\n<p style=\"text-align: left;\"><span style=\"color: #000080;\">Dzisiaj o\u015brodek kulturalny i wiele szk\u00f3\u0142, tak\u017ce w Ankarze i w Stambule, dumnie nosi nazwisko tego filozofa. W tym roku wiceminister otworzy\u0142 szko\u0142\u0119 polityczn\u0105 nazwan\u0105 imieniem Nurettina Topcu. W zesz\u0142ym tygodniu szychy rz\u0105dowe i biurokraci zorganizowali dyskusj\u0119 panelow\u0105 pod tytu\u0142em &#8220;Mistrz Nurettin Topcu a nasza sprawa edukacyjna&#8221;.<\/span><\/p>\n<p style=\"text-align: right;\"><span style=\"color: #000080;\">Czytaj dalej tu: <span style=\"text-decoration: underline;\"><strong><a style=\"color: #000080; text-decoration: underline;\" href=\"http:\/\/www.listyznaszegosadu.pl\/brunatna-fala\/turecka-goscinnosc-dla-terroryzmu-arabskiego\" target=\"_blank\">Turecka go\u015bcinno\u015b\u0107 dla terroryzmu arabskiego<\/a><\/strong><\/span><\/span><\/p>\n<hr style=\"height: 15px; background: #d0e6fa; width: 710px;\" \/>\n<div id=\"content\" class=\"  content-alignment&lt;br \/&gt;&lt;br \/&gt; \">\n<div id=\"watch-description\" class=\"yt-uix-button-panel\">\n<div id=\"watch-description-text\">\n<p style=\"text-align: center;\"><span style=\"color: #808080;\"> twoje uwagi, linki, wlasne artykuly, lub wiadomosci przeslij do: <strong><span style=\"text-decoration: underline;\"><span style=\"color: #808080; text-decoration: underline;\"><a href=\"mailto:webmaster@reunion68.com\">webmaster@reunion68.com<\/a><\/span><\/span><\/strong><\/span><\/p>\n<\/div>\n<\/div>\n<\/div>\n<p>&nbsp;<\/p>\n<hr style=\"width: 710px;\" \/>\n","protected":false},"excerpt":{"rendered":"<p>Turecka go\u015bcinno\u015b\u0107 dla terroryzmu arabskiego Burak Bekdil T\u0142umaczenie: Ma\u0142gorzata Koraszewska W 2004 r. obecny prezydent Turcji (\u00f3wczesny premier) Recep Tayyip Erdogan okre\u015bli\u0142 Izrael mianem \u201epa\u0144stwa terrorystycznego\u201d. Dwa lata p\u00f3\u017aniej go\u015bci\u0142 Chaleda Maszaala, przyw\u00f3dc\u0119 Hamasu. Nawi\u0105zuj\u0105c do do\u015bwiadczenia Turcji z partiami islamistycznymi, w\u0142\u0105cznie z w\u0142asn\u0105, Erdogan powiedzia\u0142: &#8220;Wyb\u00f3r ludzi (przy urnach wyborczych) powinien by\u0107 respektowany\u201d. Erdogan, [&hellip;]<\/p>\n","protected":false},"author":1,"featured_media":0,"comment_status":"closed","ping_status":"closed","sticky":false,"template":"","format":"standard","meta":[],"categories":[6],"tags":[24],"_links":{"self":[{"href":"https:\/\/www.reunion68.se\/index.php?rest_route=\/wp\/v2\/posts\/10850"}],"collection":[{"href":"https:\/\/www.reunion68.se\/index.php?rest_route=\/wp\/v2\/posts"}],"about":[{"href":"https:\/\/www.reunion68.se\/index.php?rest_route=\/wp\/v2\/types\/post"}],"author":[{"embeddable":true,"href":"https:\/\/www.reunion68.se\/index.php?rest_route=\/wp\/v2\/users\/1"}],"replies":[{"embeddable":true,"href":"https:\/\/www.reunion68.se\/index.php?rest_route=%2Fwp%2Fv2%2Fcomments&post=10850"}],"version-history":[{"count":11,"href":"https:\/\/www.reunion68.se\/index.php?rest_route=\/wp\/v2\/posts\/10850\/revisions"}],"predecessor-version":[{"id":10856,"href":"https:\/\/www.reunion68.se\/index.php?rest_route=\/wp\/v2\/posts\/10850\/revisions\/10856"}],"wp:attachment":[{"href":"https:\/\/www.reunion68.se\/index.php?rest_route=%2Fwp%2Fv2%2Fmedia&parent=10850"}],"wp:term":[{"taxonomy":"category","embeddable":true,"href":"https:\/\/www.reunion68.se\/index.php?rest_route=%2Fwp%2Fv2%2Fcategories&post=10850"},{"taxonomy":"post_tag","embeddable":true,"href":"https:\/\/www.reunion68.se\/index.php?rest_route=%2Fwp%2Fv2%2Ftags&post=10850"}],"curies":[{"name":"wp","href":"https:\/\/api.w.org\/{rel}","templated":true}]}}