{"id":108526,"date":"2023-11-13T18:09:58","date_gmt":"2023-11-13T16:09:58","guid":{"rendered":"http:\/\/www.reunion68.se\/?p=108526"},"modified":"2023-11-13T21:21:57","modified_gmt":"2023-11-13T19:21:57","slug":"19-09-91","status":"publish","type":"post","link":"https:\/\/www.reunion68.se\/?p=108526","title":{"rendered":"Rozwi\u0105zanie w postaci \u201cdw\u00f3ch pa\u0144stw\u201d, \u017ceby mo\u017cna by\u0142o mordowa\u0107 \u017byd\u00f3w"},"content":{"rendered":"<h5 style=\"text-align: center;\"><a href=\"https:\/\/www.listyznaszegosadu.pl\/\" target=\"_blank\" rel=\"noopener noreferrer\"><img decoding=\"async\" class=\"center alignleft\" src=\"http:\/\/www.reunion68.com\/Biuletyn\/img\/z-naszego.jpg\" alt=\"\" width=\"50%\"><\/a><span style=\"text-decoration: underline; color: #000080;\"><strong><a style=\"color: #000080; text-decoration: underline;\" href=\"https:\/\/www.listyznaszegosadu.pl\/brunatna-fala\/rozwiazanie-w-postaci-dwalch-panstw-zeby-mozna-bylo-mordowac-zydalw\" target=\"_blank\" rel=\"noopener noreferrer\">Rozwi\u0105zanie w postaci \u201cdw\u00f3ch pa\u0144stw\u201d, \u017ceby mo\u017cna by\u0142o mordowa\u0107 \u017byd\u00f3w<\/a><\/strong><\/span><\/h5>\n<p style=\"text-align: center;\"><span style=\"color: #000000;\"><strong>Bassam Tawil<br \/>\n<\/strong><span style=\"color: #808080;\"><em>T\u0142umaczenie:<\/em><\/span><strong> Ma\u0142gorzata Koraszewska<\/strong><\/span><\/p>\n<hr style=\"height: 15px; background: #d0e6fa; width: 100%;\">\n<p style=\"text-align: center;\"><img decoding=\"async\" class=\"aligncenter\" src=\"https:\/\/pbs.twimg.com\/media\/F8LC1jNXIAEVcE5?format=jpg&amp;name=900x900\" width=\"100%\"><span style=\"color: #808080;\"><em>Na zdj\u0119ciu \u017cydowskie ofiary spalone \u017cywcem w samochodzie 7 pa\u017adziertniika 2023. \/&nbsp; (Courtesy: South First Responders)<\/em><\/span><\/p>\n<hr>\n<div class=\"templateArticleIngress\" style=\"text-align: left;\"><span style=\"color: #000080;\">Od przeprowadzonej przez Hamas masakry 7 pa\u017adziernika tysi\u0105ce Palesty\u0144czyk\u00f3w z Zachodniego Brzegu [Judei i Samarii] niemal codziennie wychodz\u0105 na ulice, \u017ceby wyrazi\u0107&nbsp;<a style=\"color: #000080;\" href=\"https:\/\/x.com\/ShehabAgency\/status\/1718707271046160705?s=20\" target=\"_blank\" rel=\"noopener noreferrer\">poparcie<\/a>&nbsp;dla wspieranej przez Iran grupy terrorystycznej maj\u0105cej swoj\u0105 siedzib\u0119 w Strefie Gazy.<\/span><\/div>\n<p style=\"text-align: left;\">\n<div class=\"templateArticleBrodtext\">\n<p style=\"text-align: left;\"><span style=\"color: #000080;\">To ten sam Zachodni Brzeg, co do kt\u00f3rego administracja Bidena i wielu mieszka\u0144c\u00f3w Zachodu ma nadziej\u0119, \u017ce b\u0119dzie cz\u0119\u015bci\u0105 przysz\u0142ego pa\u0144stwa palesty\u0144skiego obok Izraela.&nbsp;Ci, kt\u00f3rzy w dalszym ci\u0105gu promuj\u0105 niebezpieczn\u0105 ide\u0119 \u201erozwi\u0105zania w postaci dw\u00f3ch pa\u0144stw\u201d, ignoruj\u0105 fakt, \u017ce Hamas siedzi nie tylko w Strefie Gazy, ale tak\u017ce na Zachodnim Brzegu.<\/span><\/p>\n<p style=\"text-align: left;\"><span style=\"color: #000080;\">Co dziwniejsze, prezydent Joe Biden i niekt\u00f3rzy zachodni przyw\u00f3dcy w dalszym ci\u0105gu m\u00f3wi\u0105 o potrzebie ustanowienia suwerennego i niezale\u017cnego pa\u0144stwa palesty\u0144skiego, nawet po okrucie\u0144stwach Hamasu w pa\u017adzierniku.&nbsp;Tak naprawd\u0119 m\u00f3wi\u0105: teraz, gdy Hamas wykorzysta\u0142 Stref\u0119 Gazy do inwazji na Izrael i rzezi \u017byd\u00f3w, dajmy tej islamistycznej grupie terrorystycznej Zachodni Brzeg, by Hamas m\u00f3g\u0142 tak\u017ce stamt\u0105d mordowa\u0107 \u017byd\u00f3w.<\/span><\/p>\n<p style=\"text-align: left;\"><span style=\"color: #000080;\">Prohamasowskie&nbsp;<a style=\"color: #000080;\" href=\"https:\/\/x.com\/Alaqsavoice_Brk\/status\/1718691690758787450?s=20\" target=\"_blank\" rel=\"noopener noreferrer\">demonstracje<\/a>&nbsp;pokazuj\u0105, \u017ce ta grupa terrorystyczna cieszy si\u0119 popularno\u015bci\u0105 w\u015br\u00f3d Palesty\u0144czyk\u00f3w, w tym mieszka\u0144c\u00f3w Zachodniego Brzegu.&nbsp;Demonstracje przypominaj\u0105 tak\u017ce, \u017ce du\u017ca liczba Palesty\u0144czyk\u00f3w popiera terroryzm przeciwko Izraelowi, w tym koszmarne zbrodnie, takie jak gwa\u0142ty, obcinanie g\u0142\u00f3w, tortury oraz palenie \u017cywcem kobiet i dzieci.<\/span><\/p>\n<p style=\"text-align: left;\"><span style=\"color: #000080;\">Niedawne&nbsp;<a style=\"color: #000080;\" href=\"https:\/\/www.pcpsr.org\/en\/node\/955\" target=\"_blank\" rel=\"noopener noreferrer\">badania<\/a>&nbsp;opinii publicznej przeprowadzone przez Palesty\u0144skie Centrum Bada\u0144 Politycznych i Ankietowych (PSR) wykaza\u0142y, \u017ce wi\u0119kszo\u015b\u0107 Palesty\u0144czyk\u00f3w popiera Hamas i \u201ewalk\u0119 zbrojn\u0105\u201d (mordy) przeciwko Izraelowi.&nbsp;Ka\u017cde palesty\u0144skie dziecko wie, \u017ce gdyby dzisiaj odby\u0142y si\u0119 wybory prezydenckie, wygra\u0142aby grupa terrorystyczna Hamas.&nbsp;Ostatni&nbsp;<a style=\"color: #000080;\" href=\"https:\/\/www.pcpsr.org\/en\/node\/955\" target=\"_blank\" rel=\"noopener noreferrer\">sonda\u017c<\/a>&nbsp;PSR, opublikowany na miesi\u0105c przed masakr\u0105 dokonan\u0105 przez Hamas, pokaza\u0142, \u017ce 58% Palesty\u0144czyk\u00f3w zag\u0142osowa\u0142oby na przyw\u00f3dc\u0119 Hamasu Ismaila Hanij\u0119 w por\u00f3wnaniu z 37% g\u0142os\u00f3w na prezydenta Autonomii Palesty\u0144skiej Mahmuda Abbasa.&nbsp;Sonda\u017c wykaza\u0142 r\u00f3wnie\u017c, \u017ce 58% palesty\u0144skiego spo\u0142ecze\u0144stwa popiera \u201ekonfrontacje zbrojne i intifad\u0119\u201d przeciwko Izraelowi.<\/span><\/p>\n<p style=\"text-align: left;\"><span style=\"color: #000080;\">Demonstracje popieraj\u0105ce Hamas mia\u0142y miejsce g\u0142\u00f3wnie na tych obszarach Zachodniego Brzegu, kt\u00f3re s\u0105 kontrolowane przez Autonomi\u0119 Palesty\u0144sk\u0105 (AP), na kt\u00f3rej czele stoi Abbas.&nbsp;Chocia\u017c Abbas i inni wy\u017csi rang\u0105 przyw\u00f3dcy AP nienawidz\u0105 Hamasu, nie robi\u0105 nic, by powstrzyma\u0107 Palesty\u0144czyk\u00f3w \u017cyj\u0105cych pod ich rz\u0105dami od wyj\u015bcia na ulice, by \u015bwi\u0119towa\u0107 zamordowanie 1400 Izraelczyk\u00f3w i zranienie ponad 5000 innych os\u00f3b podczas rzezi 7 pa\u017adziernika.<\/span><\/p>\n<p style=\"text-align: left;\"><span style=\"color: #000080;\">Warto przypomnie\u0107, \u017ce w 2007 roku Hamas wyp\u0119dzi\u0142 AP ze Strefy Gazy po zabiciu setek lojalist\u00f3w Abbasa, z kt\u00f3rych cz\u0119\u015b\u0107 gnano ulicami i zlinczowano, a innych zrzucono z dach\u00f3w wysokich budynk\u00f3w.<\/span><\/p>\n<p style=\"text-align: left;\"><span style=\"color: #000080;\">Nie powstrzymuj\u0105c demonstracji prohamasowskich, Autonomia Palesty\u0144ska nie tylko jest wsp\u00f3\u0142winna pod\u017cegania do mordowania \u017byd\u00f3w, ale tak\u017ce dzia\u0142a wbrew w\u0142asnym interesom, o\u015bmielaj\u0105c swoich rywali w Hamasie.&nbsp;Jednym z powod\u00f3w, dla kt\u00f3rych AP nie podejmuje \u017cadnych dzia\u0142a\u0144 w celu powstrzymania demonstracji prohamasowskich, jest fakt, \u017ce sami jej przyw\u00f3dcy s\u0105 r\u00f3wnie\u017c zaanga\u017cowani w kampani\u0119 pod\u017cegania przeciwko Izraelowi i zast\u0105pienia go pa\u0144stwem islamskim.<\/span><\/p>\n<p style=\"text-align: left;\"><span style=\"color: #000080;\">Antyizraelska i antysemicka retoryka Abbasa czasami wydaje si\u0119 przewy\u017csza\u0107 retoryk\u0119 jego rywali w Hamasie.&nbsp;Na miesi\u0105c przed masakr\u0105 w Hamasie Abbas powt\u00f3rzy\u0142 szereg antysemickich oszczerstw, kt\u00f3re wypowiada\u0142 przez lata, i powiedzia\u0142, \u017ce nazistowski dyktator Adolf Hitler kaza\u0142 mordowa\u0107 \u017byd\u00f3w ze wzgl\u0119du na ich \u201erol\u0119 spo\u0142eczn\u0105\u201d jako lichwiarzy, a nie z powodu swojej rasistowskiej wrogo\u015bci wobec \u017byd\u00f3w.<\/span><\/p>\n<p style=\"text-align: left;\"><span style=\"color: #000080;\">W przem\u00f3wieniu wyemitowanym w telewizji Palestine TV 3 wrze\u015bnia Abbas&nbsp;<a style=\"color: #000080;\" href=\"https:\/\/www.memri.org\/tv\/palestinian-president-mahmoud-abbas-denies-jewish-connection-israel-hitler-fought-jews-usury-not-antisemitism\" target=\"_blank\" rel=\"noopener noreferrer\">powiedzia\u0142<\/a>&nbsp;przyw\u00f3dcom swojej rz\u0105dz\u0105cej frakcji Fatahu podczas spotkania w Ramallah:<\/span><\/p>\n<blockquote>\n<p style=\"text-align: left;\"><strong>\u201eM\u00f3wi\u0105, \u017ce Hitler zabija\u0142 \u017byd\u00f3w, poniewa\u017c byli \u017bydami i \u017ce Europa nienawidzi\u0142a \u017byd\u00f3w, poniewa\u017c byli \u017bydami. Nieprawda. Jasno wyja\u015bniono, \u017ce [Europejczycy] walczyli [z \u017bydami] ze wzgl\u0119du na ich rol\u0119 spo\u0142eczn\u0105, a nie religi\u0119 &#8230; [Europejczycy] walczyli z tymi lud\u017ami ze wzgl\u0119du na ich rol\u0119 w spo\u0142ecze\u0144stwie, kt\u00f3ra wi\u0105za\u0142a si\u0119 z lichw\u0105, pieni\u0119dzmi itd.\u201d.<\/strong><\/p>\n<\/blockquote>\n<p style=\"text-align: left;\"><span style=\"color: #000080;\">Warto r\u00f3wnie\u017c zauwa\u017cy\u0107, \u017ce to Abbas zainicjowa\u0142 kampani\u0119 pod\u017cegania przeciwko Izraelowi w zwi\u0105zku z wizytami pojedynczych os\u00f3b i grup \u017byd\u00f3w na Wzg\u00f3rzu \u015awi\u0105tynnym w Jerozolimie, naj\u015bwi\u0119tszym miejscu judaizmu, kt\u00f3rego \u015aciana Zachodnia jest jedyn\u0105 pozosta\u0142o\u015bci\u0105 po \u015bwi\u0105tyniach \u017cydowskich (zniszczonych w 586 r. p.n.e. i 70 r. p.n.e. CE).<\/span><\/p>\n<p style=\"text-align: left;\"><span style=\"color: #000080;\">W g\u0142o\u015bnym przem\u00f3wieniu z 2015 roku Abbas fa\u0142szywie&nbsp;<a style=\"color: #000080;\" href=\"https:\/\/www.memri.org\/tv\/palestinian-president-mahmoud-abbas-jews-have-no-right-defile-al-aqsa-mosque-their-filthy-feet\" target=\"_blank\" rel=\"noopener noreferrer\">oskar\u017cy\u0142<\/a>&nbsp;\u017byd\u00f3w odwiedzaj\u0105cych ich \u015bwi\u0119te Wzg\u00f3rze \u015awi\u0105tynne o profanacj\u0119 meczetu Al-Aksa, znajduj\u0105cego si\u0119 na Wzg\u00f3rzu \u015awi\u0105tynnym:<\/span><\/p>\n<blockquote>\n<p style=\"text-align: left;\"><strong>\u201ePozdrawiamy ka\u017cd\u0105 kropl\u0119 krwi przelan\u0105 na rzecz Jerozolimy. Ta krew jest czysta, niewinna krew, przelana na rzecz Allaha\u2026 Ka\u017cdy m\u0119czennik zostanie umieszczony w raju, a wszyscy ranni zostan\u0105 nagrodzeni przez Allaha. Meczet Al-Aksa i Bazylika Grobu \u015awi\u0119tego s\u0105 nasze. Wszystkie s\u0105 nasze i oni [\u017bydzi] nie maj\u0105 prawa kala\u0107 ich swoimi brudnymi stopami\u201d.<\/strong><\/p>\n<\/blockquote>\n<p style=\"text-align: left;\"><span style=\"color: #000080;\">S\u0142owa Abbasa o krwi zosta\u0142y zinterpretowane przez wielu Palesty\u0144czyk\u00f3w jako pozwolenie na mordowanie \u017byd\u00f3w.&nbsp;Istotnie, wkr\u00f3tce po tym, jak Abbas wypowiedzia\u0142 te pod\u017cegaj\u0105ce s\u0142owa w 2015 r., Palesty\u0144czycy rozpocz\u0119li fal\u0119 terroryzmu, w wyniku kt\u00f3rej zamordowano dziesi\u0105tki \u017byd\u00f3w w atakach no\u017cowych i taranuj\u0105c ich samochodami.<\/span><\/p>\n<p style=\"text-align: left;\"><span style=\"color: #000080;\">Abbas i Autonomia Palesty\u0144ska wielokrotnie udowadniali, \u017ce nienawidz\u0105 Izraela tak samo, je\u015bli nie bardziej, ni\u017c Hamas.<\/span><\/p>\n<p style=\"text-align: left;\"><span style=\"color: #000080;\">Kierownictwo AP prowadzi nieustann\u0105 kampani\u0119 oczerniania Izraela i demonizowania \u017byd\u00f3w, szczeg\u00f3lnie na arenie mi\u0119dzynarodowej.&nbsp;Przyw\u00f3dcy palesty\u0144scy wielokrotnie oskar\u017cali Izrael o \u201e<a style=\"color: #000080;\" href=\"https:\/\/english.wafa.ps\/Pages\/Details\/135694\" target=\"_blank\" rel=\"noopener noreferrer\">ludob\u00f3jstwo<\/a>\u201d, \u201e<a style=\"color: #000080;\" href=\"https:\/\/www.aljazeera.com\/news\/2023\/10\/18\/abbas-condemns-israel-for-hideous-war-massacre-after-gaza-hospital-attack\" target=\"_blank\" rel=\"noopener noreferrer\">zbrodnie wojenne<\/a>\u201d, &nbsp;\u201e<a style=\"color: #000080;\" href=\"https:\/\/www.aa.com.tr\/en\/middle-east\/palestine-slams-weak-reaction-to-israel-s-ethnic-cleansing-in-jerusalem\/2943923\" target=\"_blank\" rel=\"noopener noreferrer\">czystki etniczne<\/a>\u201d i \u201e<a style=\"color: #000080;\" href=\"https:\/\/www.timesofisrael.com\/liveblog_entry\/abbas-accuses-israel-of-entrenching-apartheid-endangering-jerusalem-holy-sites\/\" target=\"_blank\" rel=\"noopener noreferrer\">apartheid<\/a>\u201d. Konsekwentnie grozili tak\u017ce wniesieniem&nbsp;<a style=\"color: #000080;\" href=\"https:\/\/www.terrorism-info.org.il\/en\/palestinian-responses-to-the-international-criminal-courts-opening-an-investigation-of-israel\/\" target=\"_blank\" rel=\"noopener noreferrer\">oskar\u017cenia o<\/a>&nbsp;\u201ezbrodnie wojenne\u201d przeciwko Izraelczykom przed Mi\u0119dzynarodowym Trybuna\u0142em Karnym.<\/span><\/p>\n<p style=\"text-align: left;\"><span style=\"color: #000080;\">Przez dziesi\u0119ciolecia Abbas wykorzystywa\u0142 ka\u017cde dost\u0119pne podium, w tym Zgromadzenie Og\u00f3lne ONZ, do szerzenia nienawi\u015bci i k\u0142amstw przeciwko Izraelowi.&nbsp;Jego ostatecznym celem by\u0142o os\u0142abienie i delegitymizacja Izraela do punktu, w kt\u00f3rym Izrael by\u0142by ca\u0142kowicie izolowany na arenie mi\u0119dzynarodowej.&nbsp;Jego codzienne pod\u017ceganie przeciwko Izraelowi nie tylko wzmocni\u0142o Hamas, ale tak\u017ce promowa\u0142o antysemityzm na ca\u0142ym \u015bwiecie.<\/span><\/p>\n<p style=\"text-align: left;\"><span style=\"color: #000080;\">Od czasu pogromu dokonanego przez Hamas w zesz\u0142ym miesi\u0105cu Abbas powstrzymuje si\u0119 od pot\u0119pienia tej grupy terrorystycznej.&nbsp;Zamiast tego zdecydowa\u0142 si\u0119 poci\u0105gn\u0105\u0107 Izrael&nbsp;<a style=\"color: #000080;\" href=\"https:\/\/www.wafa.ps\/Pages\/Details\/83040\" target=\"_blank\" rel=\"noopener noreferrer\">do odpowiedzialno\u015bci<\/a>&nbsp;za wynikaj\u0105c\u0105 z niego wojn\u0119.&nbsp;Zasadniczo Abbas m\u00f3wi, \u017ce Izrael nie ma prawa broni\u0107 si\u0119 w obliczu okrucie\u0144stw Hamasu.&nbsp;Sugeruje tak\u017ce, \u017ce nie widzi problemu w tym, \u017ce Hamas wys\u0142a\u0142 tysi\u0105ce terroryst\u00f3w, aby najechali Izrael i brutalnie zamordowali niewinnych izraelskich cywil\u00f3w.<\/span><\/p>\n<p style=\"text-align: left;\"><span style=\"color: #000080;\">Istnieje niebezpiecznie fa\u0142szywy pomys\u0142, \u017ce Abbas lub jakikolwiek inny przyw\u00f3dca palesty\u0144ski powstrzyma\u0142by Hamas na Zachodnim Brzegu.&nbsp;Abbas nie ma problemu z tym, \u017ce Hamas dzia\u0142a na Zachodnim Brzegu, pod warunkiem \u017ce ta grupa terrorystyczna obiera za cel Izrael, a nie jego lub innych przyw\u00f3dc\u00f3w Autonomii Palesty\u0144skiej.&nbsp;Dlatego pozwoli\u0142 zwolennikom Hamasu maszerowa\u0107 ulicami Ramallah, Nablusu, D\u017ceninu i innych miast na Zachodnim Brzegu i skandowa\u0107 has\u0142a na rzecz Hamasu.<\/span><\/p>\n<p style=\"text-align: left;\"><span style=\"color: #000080;\">29 pa\u017adziernika dziesi\u0105tki uczennic maszerowa\u0142y w D\u017ceninie,&nbsp;<a style=\"color: #000080;\" href=\"https:\/\/x.com\/qudsn\/status\/1718579807670124940?s=20\" target=\"_blank\" rel=\"noopener noreferrer\">skanduj\u0105c<\/a>: \u201eJeste\u015bmy c\u00f3rkami [arcyterrorysty Hamasu Mohammeda] Deifa\u201d i \u201eChcemy D\u017cihadu [\u015bwi\u0119tej wojny], chcemy umrze\u0107 w imi\u0119 Allaha\u201d oraz \u201eChcemy rozwali\u0107 g\u0142ow\u0119 syjonist\u00f3w\u201d.&nbsp;Podczas innych demonstracji zwolennik\u00f3w Hamasu, z kt\u00f3rych cz\u0119\u015b\u0107 odby\u0142a si\u0119 niedaleko biura Abbasa, Palesty\u0144czycy&nbsp;<a style=\"color: #000080;\" href=\"https:\/\/x.com\/ShehabAgency\/status\/1717868169417626044?s=20\" target=\"_blank\" rel=\"noopener noreferrer\">skandowali<\/a>: \u201eKa\u017cdy, kto ma karabin, powinien albo zastrzeli\u0107 \u017byda, albo odda\u0107 go Hamasowi\u201d.<\/span><\/p>\n<p style=\"text-align: left;\"><span style=\"color: #000080;\">Pomys\u0142 ustanowienia pa\u0144stwa palesty\u0144skiego na Zachodnim Brzegu oznacza przekszta\u0142cenie tego obszaru w kolejn\u0105 platform\u0119 do atak\u00f3w na Izrael i mordowania \u017cydowskich m\u0119\u017cczyzn, kobiet i dzieci.&nbsp;Prezydent USA Joe Biden i sekretarz stanu Anthony Blinken mog\u0105 w dalszym ci\u0105gu argumentowa\u0107, ile chc\u0105, \u017ce Hamas nie reprezentuje Palesty\u0144czyk\u00f3w, ale wszyscy mieszka\u0144cy Zachodniego Brzegu i Strefy Gazy wiedz\u0105, \u017ce jest to \u015bmierciono\u015bne k\u0142amstwo.&nbsp;Ka\u017cdy Palesty\u0144czyk jest \u015bwiadomy prohamasowskich demonstracji, kt\u00f3re maj\u0105 miejsce na Zachodnim Brzegu od 7 pa\u017adziernika, i cz\u0119sto je podziwia.<\/span><\/p>\n<p style=\"text-align: left;\"><span style=\"color: #000080;\">Ka\u017cdy Palesty\u0144czyk widzi i cz\u0119sto podziwia powi\u0105zane z Hamasem grupy zbrojne, kt\u00f3re pojawi\u0142y si\u0119 na Zachodnim Brzegu w ci\u0105gu ostatnich dw\u00f3ch lat.&nbsp;Ka\u017cdy Palesty\u0144czyk widzia\u0142 tak\u017ce, jak Hamas wygra\u0142 wybory do samorz\u0105d\u00f3w studenckich na g\u0142\u00f3wnych uniwersytetach na Zachodnim Brzegu, w tym na Uniwersytecie Birzeit i Uniwersytecie An-Najah.&nbsp;Ponadto ka\u017cdy Palesty\u0144czyk widzi niech\u0119\u0107 Autonomii Palesty\u0144skiej do walki z Hamasem i innymi grupami terrorystycznymi na Zachodnim Brzegu.<\/span><\/p>\n<p style=\"text-align: left;\"><span style=\"color: #000080;\">Wielu ludzi na Zachodzie zdaje si\u0119 nie zauwa\u017ca\u0107 faktu, \u017ce to si\u0142y bezpiecze\u0144stwa Izraela i obecno\u015b\u0107 izraelskich cywil\u00f3w na Zachodnim Brzegu uniemo\u017cliwiaj\u0105 Hamasowi lub grupom takim jak Al-Kaida czy ISIS przej\u0119cie kontroli nad tym obszarem.&nbsp;Wydaje si\u0119, \u017ce nie zdaj\u0105 sobie r\u00f3wnie\u017c sprawy z tego, \u017ce Abbas sprawuje w\u0142adz\u0119 na Zachodnim Brzegu dzi\u0119ki obecno\u015bci Izraela na tym terenie.&nbsp;Bez obecno\u015bci Izraela Hamas ju\u017c dawno przej\u0105\u0142by kontrol\u0119 nad Zachodnim Brzegiem.&nbsp;Utworzenie pa\u0144stwa palesty\u0144skiego na Zachodnim Brzegu oznacza\u0142oby przekszta\u0142cenie go w kolejn\u0105 baz\u0119 d\u017cihadu kierowan\u0105 przez Iran przeciwko \u017bydom.<\/span><\/p>\n<p style=\"text-align: left;\"><span style=\"color: #000080;\">Najwy\u017cszy czas, aby Biden i inni zachodni przyw\u00f3dcy przestali forsowa\u0107 ob\u0142\u0105kane &nbsp;pomys\u0142y, kt\u00f3re szybko doprowadz\u0105 do powt\u00f3rzenia masakry z 7 pa\u017adziernika. Mo\u017cna si\u0119 zastanawia\u0107, ile \u017cydowskich dzieci trzeba \u015bci\u0105\u0107 lub&nbsp;<a style=\"color: #000080;\" href=\"https:\/\/www.nationalreview.com\/corner\/yes-hamas-committed-unspeakable-atrocities\/\" target=\"_blank\" rel=\"noopener noreferrer\">upiec \u017cywcem w piecu<\/a>, aby zobaczyli, \u017ce przyw\u00f3dcy palesty\u0144scy zradykalizowali sw\u00f3j nar\u00f3d przeciwko Izraelowi do tego stopnia, \u017ce przechwalaj\u0105 si\u0119&nbsp;<a style=\"color: #000080;\" href=\"https:\/\/www.instagram.com\/reel\/CyymdGxNnAb\/\" target=\"_blank\" rel=\"noopener noreferrer\">mordowaniem<\/a>&nbsp;\u017byd\u00f3w w\u0142asnymi r\u0119kami.<\/span><\/p>\n<\/div>\n<hr>\n<p style=\"text-align: left;\"><span style=\"color: #808080;\"><em><strong>Bassam Tawil<\/strong> jest muzu\u0142ma\u0144skim badaczem i publicyst\u0105 mieszkaj\u0105cym na Bliskim Wschodzie.<\/em><\/span><\/p>\n<hr style=\"height: 15px; background: #d0e6fa; width: 100%;\">\n<div id=\"content\" class=\"content-alignment\">\n<div id=\"watch-description\" class=\"yt-uix-button-panel\">\n<div id=\"watch-description-text\" style=\"text-align: center;\">\n<p><em>Zawarto\u015b\u0107 publikowanych artyku\u0142\u00f3w i materia\u0142\u00f3w nie reprezentuje pogl\u0105d\u00f3w ani opinii Reunion&#8217;68,<\/em><em><br \/>\nani te\u017c webmastera Blogu Reunion&#8217;68, chyba ze jest to wyra\u017anie zaznaczone.<br \/>\nTwoje uwagi, linki, w\u0142asne artyku\u0142y lub wiadomo\u015bci prze\u015blij na adres:<br \/>\n<\/em><span style=\"color: #000080;\"><strong><em><a style=\"color: #000080;\" href=\"mailto:webmaster@reunion68.com\"><span style=\"text-decoration: underline;\">webmaster@reunion68.com<\/span><\/a><\/em><\/strong><\/span><\/p>\n<\/div>\n<\/div>\n<\/div>\n<hr style=\"width: 100%;\">\n","protected":false},"excerpt":{"rendered":"<p>Rozwi\u0105zanie w postaci \u201cdw\u00f3ch pa\u0144stw\u201d, \u017ceby mo\u017cna by\u0142o mordowa\u0107 \u017byd\u00f3w Bassam Tawil T\u0142umaczenie: Ma\u0142gorzata Koraszewska Na zdj\u0119ciu \u017cydowskie ofiary spalone \u017cywcem w samochodzie 7 pa\u017adziertniika 2023. \/&nbsp; (Courtesy: South First Responders) Od przeprowadzonej przez Hamas masakry 7 pa\u017adziernika tysi\u0105ce Palesty\u0144czyk\u00f3w z Zachodniego Brzegu [Judei i Samarii] niemal codziennie wychodz\u0105 na ulice, \u017ceby wyrazi\u0107&nbsp;poparcie&nbsp;dla wspieranej przez [&hellip;]<\/p>\n","protected":false},"author":1,"featured_media":0,"comment_status":"closed","ping_status":"closed","sticky":false,"template":"","format":"standard","meta":[],"categories":[6],"tags":[26,24],"_links":{"self":[{"href":"https:\/\/www.reunion68.se\/index.php?rest_route=\/wp\/v2\/posts\/108526"}],"collection":[{"href":"https:\/\/www.reunion68.se\/index.php?rest_route=\/wp\/v2\/posts"}],"about":[{"href":"https:\/\/www.reunion68.se\/index.php?rest_route=\/wp\/v2\/types\/post"}],"author":[{"embeddable":true,"href":"https:\/\/www.reunion68.se\/index.php?rest_route=\/wp\/v2\/users\/1"}],"replies":[{"embeddable":true,"href":"https:\/\/www.reunion68.se\/index.php?rest_route=%2Fwp%2Fv2%2Fcomments&post=108526"}],"version-history":[{"count":9,"href":"https:\/\/www.reunion68.se\/index.php?rest_route=\/wp\/v2\/posts\/108526\/revisions"}],"predecessor-version":[{"id":108561,"href":"https:\/\/www.reunion68.se\/index.php?rest_route=\/wp\/v2\/posts\/108526\/revisions\/108561"}],"wp:attachment":[{"href":"https:\/\/www.reunion68.se\/index.php?rest_route=%2Fwp%2Fv2%2Fmedia&parent=108526"}],"wp:term":[{"taxonomy":"category","embeddable":true,"href":"https:\/\/www.reunion68.se\/index.php?rest_route=%2Fwp%2Fv2%2Fcategories&post=108526"},{"taxonomy":"post_tag","embeddable":true,"href":"https:\/\/www.reunion68.se\/index.php?rest_route=%2Fwp%2Fv2%2Ftags&post=108526"}],"curies":[{"name":"wp","href":"https:\/\/api.w.org\/{rel}","templated":true}]}}