{"id":108530,"date":"2023-11-13T18:00:53","date_gmt":"2023-11-13T16:00:53","guid":{"rendered":"http:\/\/www.reunion68.se\/?p=108530"},"modified":"2023-11-13T13:48:54","modified_gmt":"2023-11-13T11:48:54","slug":"19-00-82","status":"publish","type":"post","link":"https:\/\/www.reunion68.se\/?p=108530","title":{"rendered":"More than 200,000 March Against Rising Antisemitism in France"},"content":{"rendered":"<h5 style=\"text-align: center;\"><a href=\"https:\/\/www.algemeiner.com\/\" target=\"_blank\" rel=\"noopener noreferrer\"><img decoding=\"async\" class=\"center alignleft\" src=\"http:\/\/www.reunion68.com\/Biuletyn\/img\/algem.png\" alt=\"\" width=\"35%\" \/><\/a><span style=\"text-decoration: underline; color: #000080;\"><span><strong><a style=\"color: #000080; text-decoration: underline;\" href=\"https:\/\/www.algemeiner.com\/2023\/11\/12\/more-than-200000-march-against-rising-antisemitism-in-france\/\" target=\"_blank\" rel=\"noopener noreferrer\">More than 200,000 March Against Rising Antisemitism in France<\/a><\/strong><\/span><\/span><\/h5>\n<p style=\"text-align: center;\"><span style=\"color: #000000;\"><strong>Ben Cohen<\/strong><\/span><\/p>\n<hr style=\"height: 15px; background: #d0e6fa; width: 100%;\" \/>\n<p style=\"text-align: center;\"><img decoding=\"async\" class=\"aligncenter\" src=\"https:\/\/www.algemeiner.com\/wp-content\/uploads\/2023\/11\/2023-11-12T171544Z_2033799842_MT1HNSLCS000VHF5YQ_RTRMADP_3_HANS-LUCAS.jpeg\" width=\"100%\" \/><span style=\"color: #808080;\"><em>Marchers in Paris protest against rising antisemitism. Photo: Reuters\/Quentin de Groeve<\/em><\/span><\/p>\n<p style=\"text-align: left;\"><span style=\"color: #000080;\">More than 200,000 people took the streets of French cities on Sunday to protest the dramatic rise in antisemitism since the Hamas pogrom in southern Israel on Oct. 7.<\/span><\/p>\n<p style=\"text-align: left;\"><span style=\"color: #000080;\">The vast majority \u2014 182,000, according to the news outlet\u00a0<em>Le Monde<\/em>\u00a0\u2014 marched in the capital Paris, led by senior French politicians including Prime Minister Elisabeth Borne, whose Jewish father was deported to the Auschwitz concentration camp during the Nazi occupation of World War II. More than 20,000 gathered in provincial cities as well, among them Lyon, Nice and Grenoble.<\/span><\/p>\n<p style=\"text-align: left;\"><span style=\"color: #000080;\">Sunday\u2019s march came at the close of a nervous weekend for Jews across Europe, with 300,000 supporters of Hamas marching through central London on Saturday in what was billed as a \u201cpeace march.\u201d In France, more than 1,200 antisemitic outrages have been recorded since the atrocities in Israel, a national record.<\/span><\/p>\n<p style=\"text-align: left;\"><span style=\"color: #000080;\">Billed as a \u201cgreat civic march\u201d against antisemitism, Sunday\u2019s event was overshadowed by a\u00a0<a style=\"color: #000080;\" href=\"https:\/\/www.algemeiner.com\/2023\/11\/09\/amid-political-squabbling-france-hold-national-march-against-antisemitism-sunday\/\" target=\"_blank\" rel=\"noopener noreferrer\">bitter dispute<\/a>\u00a0over the participation of the far right Rassemblement National (RN \u2014 \u201cNational Rally\u201d), accused by critics of exploiting Jewish fears of antisemitism to push its anti-immigrant, anti-Muslim agenda, as well as the decision of the far left La France Insoumise (LFI \u2014 \u201cFrance Rising\u201d) to boycott the event on the grounds, according to the party\u2019s leader, Jean-Luc M\u00e9lenchon, that the overriding issue was the need for a ceasefire in Gaza.<\/span><\/p>\n<p style=\"text-align: left;\"><span style=\"color: #000080;\">Several protestors jeered as the RN\u2019s leader, Jordan Bardella, and its former leader, Marine Le Pen, arrived at the march in Paris on Sunday.<\/span><\/p>\n<p style=\"text-align: left;\"><span style=\"color: #000080;\">The march took place under heavy security along a one-and-a-half-mile route on Paris\u2019s Left Bank to the Place Edmond Rostand, a square named after a French playwright who was an outspoken supporter of Alfred Dreyfus, the Jewish army officer falsely accused of spying for Germany at a milestone trial in 1894 that unleashed a wave of violent antisemitism across France.<\/span><\/p>\n<p style=\"text-align: left;\"><span style=\"color: #000080;\">Several demonstrators expressed fear that the situation facing France\u2019s Jewish community of 450,000 was becoming worse.<\/span><\/p>\n<p style=\"text-align: left;\"><span style=\"color: #000080;\">\u201cI\u2019m here because I\u2019m Jewish, French, because what\u2019s happening isn\u2019t acceptable,\u201d Emilie \u2014 a 45 year-old marcher \u2014 told\u00a0<em>Le Monde<\/em>. \u201cThere is no need to mix the conflict in the Middle East and the Jews of France.\u201d<\/span><\/p>\n<p style=\"text-align: left;\"><span style=\"color: #000080;\">Another marcher, 80-year-old Vartan Kaladjian, said he was protesting because of the increase in attacks on Jews. An Armenian married to a Jewish woman, Kaladjian expressed disappointment that French President Emmanuel Macron had been absent from the march. Macron\u2019s presence would have shown \u201ceveryone that he is with us,\u201d Kaladjian said.<\/span><\/p>\n<hr style=\"height: 15px; background: #d0e6fa; width: 100%;\" \/>\n<div id=\"content\" class=\"content-alignment\">\n<div id=\"watch-description\" class=\"yt-uix-button-panel\">\n<div id=\"watch-description-text\" style=\"text-align: center;\">\n<p><em>Zawarto\u015b\u0107 publikowanych artyku\u0142\u00f3w i materia\u0142\u00f3w nie reprezentuje pogl\u0105d\u00f3w ani opinii Reunion&#8217;68,<\/em><em><br \/>\nani te\u017c webmastera Blogu Reunion&#8217;68, chyba ze jest to wyra\u017anie zaznaczone.<br \/>\nTwoje uwagi, linki, w\u0142asne artyku\u0142y lub wiadomo\u015bci prze\u015blij na adres:<br \/>\n<\/em><span style=\"color: #000080;\"><strong><em><a style=\"color: #000080;\" href=\"mailto:webmaster@reunion68.com\"><span style=\"text-decoration: underline;\">webmaster@reunion68.com<\/span><\/a><\/em><\/strong><\/span><\/p>\n<\/div>\n<\/div>\n<\/div>\n<hr style=\"width: 100%;\" \/>\n","protected":false},"excerpt":{"rendered":"<p>More than 200,000 March Against Rising Antisemitism in France Ben Cohen Marchers in Paris protest against rising antisemitism. Photo: Reuters\/Quentin de Groeve More than 200,000 people took the streets of French cities on Sunday to protest the dramatic rise in antisemitism since the Hamas pogrom in southern Israel on Oct. 7. The vast majority \u2014 [&hellip;]<\/p>\n","protected":false},"author":1,"featured_media":0,"comment_status":"closed","ping_status":"closed","sticky":false,"template":"","format":"standard","meta":[],"categories":[6],"tags":[26,24],"_links":{"self":[{"href":"https:\/\/www.reunion68.se\/index.php?rest_route=\/wp\/v2\/posts\/108530"}],"collection":[{"href":"https:\/\/www.reunion68.se\/index.php?rest_route=\/wp\/v2\/posts"}],"about":[{"href":"https:\/\/www.reunion68.se\/index.php?rest_route=\/wp\/v2\/types\/post"}],"author":[{"embeddable":true,"href":"https:\/\/www.reunion68.se\/index.php?rest_route=\/wp\/v2\/users\/1"}],"replies":[{"embeddable":true,"href":"https:\/\/www.reunion68.se\/index.php?rest_route=%2Fwp%2Fv2%2Fcomments&post=108530"}],"version-history":[{"count":4,"href":"https:\/\/www.reunion68.se\/index.php?rest_route=\/wp\/v2\/posts\/108530\/revisions"}],"predecessor-version":[{"id":108546,"href":"https:\/\/www.reunion68.se\/index.php?rest_route=\/wp\/v2\/posts\/108530\/revisions\/108546"}],"wp:attachment":[{"href":"https:\/\/www.reunion68.se\/index.php?rest_route=%2Fwp%2Fv2%2Fmedia&parent=108530"}],"wp:term":[{"taxonomy":"category","embeddable":true,"href":"https:\/\/www.reunion68.se\/index.php?rest_route=%2Fwp%2Fv2%2Fcategories&post=108530"},{"taxonomy":"post_tag","embeddable":true,"href":"https:\/\/www.reunion68.se\/index.php?rest_route=%2Fwp%2Fv2%2Ftags&post=108530"}],"curies":[{"name":"wp","href":"https:\/\/api.w.org\/{rel}","templated":true}]}}