{"id":108584,"date":"2023-11-15T18:00:11","date_gmt":"2023-11-15T16:00:11","guid":{"rendered":"http:\/\/www.reunion68.se\/?p=108584"},"modified":"2023-11-15T10:07:34","modified_gmt":"2023-11-15T08:07:34","slug":"21-00-89","status":"publish","type":"post","link":"https:\/\/www.reunion68.se\/?p=108584","title":{"rendered":"Israel Daily News &#8211; War Day 39, November 14, 2023"},"content":{"rendered":"<h5 style=\"text-align: center;\"><a href=\"https:\/\/youtu.be\/P\" target=\"_blank\" rel=\"noopener noreferrer\"><img decoding=\"async\" class=\"center alignleft\" src=\"http:\/\/www.reunion68.com\/Biuletyn\/img\/youtube.png\" alt=\"\" width=\"15%\" \/><\/a><span style=\"text-decoration: underline; color: #000080;\"><span style=\"text-decoration: underline;\"><strong><a style=\"color: #000080; text-decoration: underline;\" href=\"https:\/\/youtu.be\/PXpK2pnDdD0*\" target=\"_blank\" rel=\"noopener noreferrer\">Israel Daily News &#8211; War Day 39, November 14, 2023<\/a><\/strong><\/span><\/span><\/h5>\n<p style=\"text-align: center;\"><span style=\"color: #000000;\"><strong><img decoding=\"async\" src=\"https:\/\/yt3.ggpht.com\/owhJMwlz-J0POf2zYU990NgBRQ28iV2_KfjsPQqeiMvSafW8Go58FNKLqzT8jh15HUVXY-vL=s48-c-k-c0x00ffffff-no-rj\" width=\"10%\" \/> ILTV Israel News<\/strong><\/span><\/p>\n<hr style=\"height: 15px; background: #d0e6fa; width: 100%;\" \/>\n<div id=\"content\" class=\"content-alignment\">\n<div id=\"watch-description\" class=\"yt-uix-button-panel\">\n<div id=\"watch-description-text\" style=\"text-align: center;\">\n<p><iframe loading=\"lazy\" title=\"Israel Daily News - War Day 39, November 14, 2023\" src=\"https:\/\/www.youtube.com\/embed\/PXpK2pnDdD0\" width=\"680\" height=\"400\" frameborder=\"0\" allowfullscreen=\"allowfullscreen\"><\/iframe><\/p>\n<p>In Day 39 of the war in Gaza the IDF has taken over the Hamas parliament in Gaza city, saying that Hamas has lost control in the strip. And more evidence unveiled from Rantisi hospital in Gaza. And much more.<\/p>\n<\/div>\n<\/div>\n<\/div>\n<hr style=\"height: 15px; background: #d0e6fa; width: 100%;\" \/>\n<h5 style=\"text-align: center;\"><a href=\"https:\/\/www.jns.org\/\" target=\"_blank\" rel=\"noopener noreferrer\"><img decoding=\"async\" class=\"center alignleft\" src=\"http:\/\/www.reunion68.com\/Biuletyn\/img\/jns-1.png\" alt=\"\" width=\"35%\" \/><\/a><span style=\"text-decoration: underline; color: #000080;\"><strong><a style=\"color: #000080; text-decoration: underline;\" href=\"https:\/\/www.jns.org\/at-290000-strong-march-for-israel-in-dc-is-largest-pro-israel-gathering-in-history\/\" target=\"_blank\" rel=\"noopener noreferrer\">290,000-strong, \u2018March for Israel\u2019 is history\u2019s largest pro-Israel gathering<\/a><\/strong><\/span><\/h5>\n<p style=\"text-align: center;\"><span style=\"color: #000000;\"><strong>JNS.org<\/strong><\/span><\/p>\n<hr style=\"height: 15px; background: #d0e6fa; width: 100%;\" \/>\n<h4 style=\"text-align: center;\"><span style=\"color: #808080;\"><strong>Another 250,000 watched via lifestream, according to organizers.<\/strong><\/span><\/h4>\n<p><img decoding=\"async\" class=\"aligncenter\" style=\"text-align: center;\" src=\"https:\/\/cdn.jns.org\/uploads\/2023\/11\/F231114SS01-1320x880.jpg\" width=\"100%\" \/><\/p>\n<p style=\"text-align: center;\"><span style=\"color: #808080;\"><em>More than 290,000 people attended the March for Israel rally on the National Mall in Washington, D.C. on Nov. 14, 2023. Photo by Shay<\/em><\/span> <span style=\"color: #808080;\"><em>Shohat\/Flash90. *** Local Caption *** \u05de\u05dc\u05d7\u05de\u05d4 \u05d7\u05e8\u05d1\u05d5\u05ea \u05d1\u05e8\u05d6\u05dc \u05d4\u05e4\u05d2\u05e0\u05d4 \u05de\u05e4\u05d2\u05d9\u05e0\u05d9\u05dd \u05d4\u05e4\u05d2\u05e0\u05d5\u05ea \u05d0\u05de\u05e8\u05d9\u05e7\u05d4<\/em><\/span><\/p>\n<p class=\"wp-block-paragraph\" style=\"text-align: left;\"><span style=\"color: #000080;\">\u201cWe have indeed made history today with over 290,000 of us gathered here on the National Mall. This is the largest pro-Israel gathering in history,\u201d William Daroff, CEO of the Conference of Presidents of Major American Jewish Organizations, told attendees of the \u201cMarch for Israel\u201d on the National Mall in Washington on Tuesday.<\/span><\/p>\n<p class=\"wp-block-paragraph\" style=\"text-align: left;\"><span style=\"color: #000080;\">Daroff, whose organization represents 50 member groups, added that another 250,000 watched the march on livestream and on C-SPAN.<\/span><\/p>\n<p class=\"wp-block-paragraph\" style=\"text-align: left;\"><span style=\"color: #000080;\">He added that bus drivers refused to transport 900 participants from the Detroit Federation who arrived at Dulles International Airport when the drivers learned they were going to a pro-Israel event.<\/span><\/p>\n<p class=\"wp-block-paragraph\" style=\"text-align: left;\"><span style=\"color: #000080;\">\u201cLook what we can do in just over a week. Imagine what we can do,\u201d said Eric Fingerhut, president and CEO of the Jewish Federations of North America, which represents 146 Federations.<\/span><\/p>\n<p class=\"wp-block-paragraph\" style=\"text-align: left;\"><span style=\"color: #000080;\">\u201cToday\u2019s crowd brings together every sector of American life. People of all faiths and creeds, of all races and backgrounds, to say together with unity and strength, \u2018We support Israel\u2019s fight to rid itself of the terror threat and restore safety and security to its people,\u2019\u201d Fingerhut said.<\/span><\/p>\n<hr style=\"height: 15px; background: #d0e6fa; width: 100%;\" \/>\n<div id=\"content\" class=\"content-alignment\">\n<div id=\"watch-description\" class=\"yt-uix-button-panel\">\n<div id=\"watch-description-text\" style=\"text-align: center;\">\n<p><em>Zawarto\u015b\u0107 publikowanych artyku\u0142\u00f3w i materia\u0142\u00f3w nie reprezentuje pogl\u0105d\u00f3w ani opinii Reunion&#8217;68,<\/em><em><br \/>\nani te\u017c webmastera Blogu Reunion&#8217;68, chyba ze jest to wyra\u017anie zaznaczone.<br \/>\nTwoje uwagi, linki, w\u0142asne artyku\u0142y lub wiadomo\u015bci prze\u015blij na adres:<br \/>\n<\/em><span style=\"color: #000080;\"><strong><em><a style=\"color: #000080;\" href=\"mailto:webmaster@reunion68.com\"><span style=\"text-decoration: underline;\">webmaster@reunion68.com<\/span><\/a><\/em><\/strong><\/span><\/p>\n<\/div>\n<\/div>\n<\/div>\n<hr style=\"width: 100%;\" \/>\n","protected":false},"excerpt":{"rendered":"<p>Israel Daily News &#8211; War Day 39, November 14, 2023 ILTV Israel News In Day 39 of the war in Gaza the IDF has taken over the Hamas parliament in Gaza city, saying that Hamas has lost control in the strip. And more evidence unveiled from Rantisi hospital in Gaza. And much more. 290,000-strong, \u2018March [&hellip;]<\/p>\n","protected":false},"author":1,"featured_media":0,"comment_status":"closed","ping_status":"closed","sticky":false,"template":"","format":"standard","meta":[],"categories":[3],"tags":[26,24],"_links":{"self":[{"href":"https:\/\/www.reunion68.se\/index.php?rest_route=\/wp\/v2\/posts\/108584"}],"collection":[{"href":"https:\/\/www.reunion68.se\/index.php?rest_route=\/wp\/v2\/posts"}],"about":[{"href":"https:\/\/www.reunion68.se\/index.php?rest_route=\/wp\/v2\/types\/post"}],"author":[{"embeddable":true,"href":"https:\/\/www.reunion68.se\/index.php?rest_route=\/wp\/v2\/users\/1"}],"replies":[{"embeddable":true,"href":"https:\/\/www.reunion68.se\/index.php?rest_route=%2Fwp%2Fv2%2Fcomments&post=108584"}],"version-history":[{"count":6,"href":"https:\/\/www.reunion68.se\/index.php?rest_route=\/wp\/v2\/posts\/108584\/revisions"}],"predecessor-version":[{"id":108608,"href":"https:\/\/www.reunion68.se\/index.php?rest_route=\/wp\/v2\/posts\/108584\/revisions\/108608"}],"wp:attachment":[{"href":"https:\/\/www.reunion68.se\/index.php?rest_route=%2Fwp%2Fv2%2Fmedia&parent=108584"}],"wp:term":[{"taxonomy":"category","embeddable":true,"href":"https:\/\/www.reunion68.se\/index.php?rest_route=%2Fwp%2Fv2%2Fcategories&post=108584"},{"taxonomy":"post_tag","embeddable":true,"href":"https:\/\/www.reunion68.se\/index.php?rest_route=%2Fwp%2Fv2%2Ftags&post=108584"}],"curies":[{"name":"wp","href":"https:\/\/api.w.org\/{rel}","templated":true}]}}