{"id":108721,"date":"2023-11-20T18:09:52","date_gmt":"2023-11-20T16:09:52","guid":{"rendered":"http:\/\/www.reunion68.se\/?p=108721"},"modified":"2023-11-20T10:31:39","modified_gmt":"2023-11-20T08:31:39","slug":"26-09-85","status":"publish","type":"post","link":"https:\/\/www.reunion68.se\/?p=108721","title":{"rendered":"Serbski zab\u00f3jca \u0142amie chleb z Hamasem"},"content":{"rendered":"<p style=\"text-align: center;\"><img decoding=\"async\" class=\"aligncenter\" src=\"https:\/\/www.algemeiner.com\/wp-content\/uploads\/2023\/11\/Vojislav-Seselj-Serbia-1320x880-1.jpeg\" width=\"100%\" \/><span style=\"color: #808080;\"><em>Plakaty Vojislava \u0160e\u0161elja, za\u0142o\u017cyciela i przewodnicz\u0105cego skrajnie prawicowej Serbskiej Partii Radykalnej, maj 2012. Zdj\u0119cie: Wikimedia Commons.<\/em><\/span><\/p>\n<hr \/>\n<h5 style=\"text-align: center;\"><a href=\"https:\/\/www.algemeiner.com\/\" target=\"_blank\" rel=\"noopener noreferrer\"><img decoding=\"async\" class=\"center alignleft\" src=\"http:\/\/www.reunion68.com\/Biuletyn\/img\/algem.png\" alt=\"\" width=\"35%\" \/><\/a><span style=\"text-decoration: underline; color: #000080;\"><span><strong><a style=\"color: #000080; text-decoration: underline;\" href=\"https:\/\/www.algemeiner.com\/2023\/11\/19\/a-serb-killer-breaks-bread-with-hamas\/\" target=\"_blank\" rel=\"noopener noreferrer\">Serbski zab\u00f3jca \u0142amie chleb z Hamasem<\/a><\/strong><\/span><\/span><\/h5>\n<p style=\"text-align: center;\"><span style=\"color: #000000;\"><strong>Ben Cohen <\/strong><span style=\"color: #808080;\">\/<\/span><strong> JNS.org<\/strong><\/span><\/p>\n<hr style=\"height: 15px; background: #d0e6fa; width: 100%;\" \/>\n<p style=\"text-align: left;\"><span style=\"color: #000080;\">\u201ePolityka tworzy dziwnych towarzyszy \u0142\u00f3\u017cka\u201d \u2013 g\u0142osi stare wiktoria\u0144skie powiedzenie. W ci\u0105gu wstrz\u0105saj\u0105cych tygodni, kt\u00f3re nast\u0105pi\u0142y po pogromie Hamasu w po\u0142udniowym Izraelu 7 pa\u017adziernika, widzieli\u015bmy, jak radykalne feministki sprzymierzy\u0142y si\u0119 z gwa\u0142cicielami, kt\u00f3rzy torturowali i gwa\u0142cili m\u0142ode kobiety na festiwalu muzycznym, \u017cydowscy \u201edzia\u0142acze pokojowi\u201d sprzymierzyli si\u0119 z terrorystami, kt\u00f3rzy z rado\u015bci\u0105 dokonaliby rzezi nich wraz ze wszystkimi ich krewnymi oraz zachodnich libera\u0142\u00f3w maszeruj\u0105cych rami\u0119 w rami\u0119 z islamistami wznosz\u0105cymi antysemickie pie\u015bni po arabsku.<\/span><\/p>\n<p style=\"text-align: left;\"><span style=\"color: #000080;\">Jednak\u017ce, przynajmniej moim zdaniem, sprzymierzenie si\u0119 serbskiego zbrodniarza wojennego z lat 90. z mordercami Hamasu z lat 20. XXI wieku jest najdziwniejsze i najbardziej niepokoj\u0105ce ze wszystkich.<\/span><\/p>\n<p style=\"text-align: left;\"><span style=\"color: #000080;\">Vojislav \u0160e\u0161elj (wymawiane \u201eSheshel\u201d) by\u0142 za\u0142o\u017cycielem Serbskiej Partii Radykalnej (SRS), kt\u00f3rej nadal przewodniczy, i g\u0142\u00f3wn\u0105 inspiracj\u0105 Or\u0142\u00f3w Bia\u0142ych, okrutnej serbskiej organizacji paramilitarnej odpowiedzialnej za liczne okrucie\u0144stwa w Chorwacji i Bo\u015bni. \u0160e\u0161elj pojawi\u0142 si\u0119 po raz pierwszy w latach 80. XX wieku, kiedy powstaj\u0105cy, wojowniczy nacjonalizm serbski zwiastowa\u0142 rozpad dawnej Jugos\u0142awii. W latach 90., kiedy przez pewien czas pe\u0142ni\u0142 funkcj\u0119 wicepremiera Serbii, Seselj odegra\u0142 kluczow\u0105 rol\u0119 w organizowaniu i kibicowaniu serbskim okrucie\u0144stwom w Chorwacji i Bo\u015bni. Przez pierwsz\u0105 dekad\u0119 obecnego stulecia przebywa\u0142 w celi Mi\u0119dzynarodowego Trybuna\u0142u Karnego dla by\u0142ej Jugos\u0142awii (MTKJ) w Hadze, gdzie toczy\u0142 si\u0119 proces za zbrodnie wojenne i zbrodnie przeciw ludzko\u015bci.<\/span><\/p>\n<p style=\"text-align: left;\"><span style=\"color: #000080;\">W 2014 r. u \u0160e\u0161elja zdiagnozowano raka. Wypuszczono go na wolno\u015b\u0107. Wr\u00f3ci\u0142 do Serbii i zosta\u0142 sensacyjnie uniewinniony w Hadze, zanim apelacja w 2018 r. zapewni\u0142a mu skazanie za zbrodnie przeciwko ludzko\u015bci. Po og\u0142oszeniu wyroku apelacyjnego, do kt\u00f3rego skontaktowa\u0142 si\u0119 telefonicznie w Belgradzie reporter Reutersa, o\u015bwiadczy\u0142: \u201eJestem dumny ze wszystkich moich zbrodni wojennych i zbrodni przeciw ludzko\u015bci i jestem gotowy je powt\u00f3rzy\u0107\u201d. Wi\u0119kszo\u015b\u0107 ofiar tych zbrodni stanowili w wi\u0119kszo\u015bci \u015bwieccy ba\u0142ka\u0144scy muzu\u0142manie w Bo\u015bni i Kosowie, kt\u00f3rych Seselj z pogard\u0105 odrzuci\u0142 jako \u201epanislamist\u00f3w\u201d i \u201eTurk\u00f3w\u201d.<\/span><\/p>\n<p style=\"text-align: left;\"><span style=\"color: #000080;\">Od czasu tego przekonania nie mia\u0142em okazji my\u015ble\u0107 o \u0160e\u0161elju \u2013 moim zdaniem naprawd\u0119 z\u0142ym cz\u0142owieku, kt\u00f3ry czerpa\u0142 ogromn\u0105 przyjemno\u015b\u0107 ze swoich czyn\u00f3w \u2013 a\u017c do tego tygodnia, kiedy zobaczy\u0142em zdj\u0119cie, na kt\u00f3rym go\u015bci\u0142 ambasadora Palestyny w kwaterze g\u0142\u00f3wnej SRS w Belgradzie. Przyznam, \u017ce podszed\u0142em do tego z dystansem, nie do ko\u0144ca wierz\u0105c, \u017ce kto\u015b, kto pod\u017cega\u0142 do ludob\u00f3jstwa na wyznawcach wiary muzu\u0142ma\u0144skiej, teraz obejmowa\u0142 i jest akceptowany przez palesty\u0144skich muzu\u0142man\u00f3w na Bliskim Wschodzie.<\/span><\/p>\n<p style=\"text-align: left;\"><span style=\"color: #000080;\">Przy okazji \u0160e\u0161elj da\u0142 si\u0119 pozna\u0107 jako antysemita. Ponownie by\u0142o to nieco zaskakuj\u0105ce, bior\u0105c pod uwag\u0119, \u017ce niekt\u00f3rzy z bardziej oportunistycznych serbskich nacjonalist\u00f3w starali si\u0119 zdoby\u0107 sympati\u0119 w Izraelu i w\u015br\u00f3d \u017byd\u00f3w, powo\u0142uj\u0105c si\u0119 na brutaln\u0105 nazistowsk\u0105 okupacj\u0119 Serbii, a nast\u0119pnie fa\u0142szywie przedstawiaj\u0105c Serb\u00f3w jako ofiary nazist\u00f3w w taki sam spos\u00f3b, w jaki \u017bydzi by\u0142. (\u017badna rozs\u0105dna osoba nie mog\u0142aby kwestionowa\u0107 cierpie\u0144 narodu serbskiego pod okupacj\u0105 hitlerowsk\u0105, ale tak\u017ce \u017cadna rozs\u0105dna osoba nie mog\u0142aby zbada\u0107 danych historycznych i doj\u015b\u0107 do wniosku, \u017ce nazi\u015bci mordowali Serb\u00f3w z takim samym oddaniem i tym samym usprawiedliwieniem, jakie stosowali wobec 6 milion\u00f3w \u017byd\u00f3w na ich \u0142asce.)<\/span><\/p>\n<p style=\"text-align: left;\"><span style=\"color: #000080;\">W wywiadzie przeprowadzonym przez nacjonalistyczn\u0105 plac\u00f3wk\u0119 po spotkaniu z wys\u0142annikiem palesty\u0144skim \u0160e\u0161elj (przypomnijmy raz jeszcze, cz\u0142owiek skazany za zbrodnie przeciwko ludzko\u015bci) \u201ewyrazi\u0142 swoje zrozumienie dla sprawiedliwej walki narodu palesty\u0144skiego i wielkie zaniepokojenie ludob\u00f3jstwem, kt\u00f3rego dokonuje Izrael Palesty\u0144czyk\u00f3w, szukaj\u0105c podstawy dla swoich ludob\u00f3jczych zamiar\u00f3w w Biblii Starego Testamentu.\u201d To przekszta\u0142cenie Biblii hebrajskiej jako punktu wyj\u015bcia rzekomych niegodziwo\u015bci Izraela jest wytartym antysemickim tropem; Chrze\u015bcijanie w \u015bredniowiecznej Europie odwo\u0142ywali si\u0119 do zazdrosnego Boga Izraela, aby przeciwstawi\u0107 si\u0119 uniwersalistycznemu przes\u0142aniu Jezusa Chrystusa, a p\u00f3\u017aniej radzieccy komuni\u015bci zachwalali \u015bwi\u0119te teksty \u017cydowskie jako uciele\u015bnienie reakcyjnej ideologii judaizmu. Jego jedynym celem, podobnie jak wszystkich trop\u00f3w antysemickich, jest sianie wsz\u0119dzie nienawi\u015bci do wszystkich \u017byd\u00f3w.<\/span><\/p>\n<p style=\"text-align: left;\"><span style=\"color: #000080;\">\u0160e\u0161elj doda\u0142 tak\u017ce spor\u0105 doz\u0119 antyamerykanizmu do swoich uwag, przedstawiaj\u0105c Serbi\u0119 jako cel imperializmu Stan\u00f3w Zjednoczonych w wojnie NATO o wyzwolenie Kosowa w 1999 r. \u2013 ten sam imperializm Stan\u00f3w Zjednoczonych, kt\u00f3ry obecnie wspiera Izrael, podkre\u015bli\u0142. W innych wyst\u0105pieniach medialnych, na przyk\u0142ad w wywiadzie telewizyjnym w po\u0142owie pa\u017adziernika, \u0160e\u0161elj porusza\u0142 te same tematy. \u201eHamas to przede wszystkim ideologia\u201d \u2013 powiedzia\u0142. \u201eHamas nie jest organizacj\u0105 terrorystyczn\u0105, ale typow\u0105 organizacj\u0105 wyzwole\u0144cz\u0105, kt\u00f3ra chce wyzwoli\u0107 terytoria palesty\u0144skie. Chc\u0105 wolno\u015bci dla narodu palesty\u0144skiego i chc\u0105 pa\u0144stwa palesty\u0144skiego\u201d.<\/span><\/p>\n<p style=\"text-align: left;\"><span style=\"color: #000080;\">\u017badnych lekcewa\u017ce\u0144 wobec muzu\u0142man\u00f3w, \u017cadnej wzmianki (oczywi\u015bcie!) o jego roli w wzniecaniu nienawi\u015bci etnicznej, kt\u00f3ra wywo\u0142a\u0142a ludob\u00f3jstwo na nich w Bo\u015bni, a nast\u0119pnie w Kosowie. \u0160e\u0161elj z 2023 r. mo\u017cna uzna\u0107 za przedstawiciela re\u017cimu ira\u0144skiego lub, bior\u0105c pod uwag\u0119 palesty\u0144ski szalik kefije, kt\u00f3ry zacz\u0105\u0142 teraz owin\u0105\u0107 wok\u00f3\u0142 swojej t\u0119giej sylwetki, za demonstranta popieraj\u0105cego Hamas w Pary\u017cu lub Nowym Jorku.<\/span><\/p>\n<p style=\"text-align: left;\"><span style=\"color: #000080;\">Czy \u0160e\u0161elj i Hamas s\u0105 dziwnymi towarzyszami \u0142\u00f3\u017cka? Z jednej strony odpowied\u017a brzmi: tak, o ile \u0160e\u0161elj ma histori\u0119 podsycania nienawi\u015bci do muzu\u0142man\u00f3w, kt\u00f3ra wywo\u0142a\u0142aby rumieniec u najbardziej zatwardzia\u0142ych islamofob\u00f3w. Ale to nie ca\u0142a historia.<\/span><\/p>\n<p style=\"text-align: left;\"><span style=\"color: #000080;\">Zasadniczo Hamas i \u0160e\u0161elj podzielaj\u0105 ten sam \u015bwiatopogl\u0105d: nienawi\u015b\u0107 do \u017byd\u00f3w, nienawi\u015b\u0107 do Ameryki i pal\u0105ce pragnienie walki z obydwoma przy u\u017cyciu wszelkich \u015brodk\u00f3w, bez wzgl\u0119du na to, jak zwierz\u0119ce. W okrucie\u0144stwach z 7 pa\u017adziernika \u0160e\u0161elj rozpozna\u0142by co\u015b z siebie w sprawcach, zw\u0142aszcza w sposobie, w jaki odcz\u0142owieczali swoje ofiary. Kiedy na pocz\u0105tku tego miesi\u0105ca zobaczy\u0142em rozdzieraj\u0105cy serce film Si\u0142 Obronnych Izraela przedstawiaj\u0105cy okrucie\u0144stwa w izraelskim konsulacie w Nowym Jorku, przypomnia\u0142o mi si\u0119 wiele podobie\u0144stw \u2013 przede wszystkim nazist\u00f3w \u2013 ale tak\u017ce serbskich oddzia\u0142\u00f3w paramilitarnych, kt\u00f3rzy wymordowali sobie drog\u0119 przez Chorwacja, Bo\u015bnia i Kosowo 30 lat temu. Wi\u0119\u017a mi\u0119dzy \u0160e\u0161eljem a Hamasem opiera si\u0119 na nienawi\u015bci wykutej krwi\u0105 tych, kt\u00f3rych nienawidz\u0105.<\/span><\/p>\n<p style=\"text-align: left;\"><span style=\"color: #000080;\">W miar\u0119 trwania izraelskiej wojny obronnej w Gazie spodziewam si\u0119, \u017ce w nadchodz\u0105cych miesi\u0105cach pojawi si\u0119 o wiele wi\u0119cej takich sojuszy \u2013 z jednej strony ma\u0142o prawdopodobne, ale z drugiej ca\u0142kowicie naturalne.<\/span><\/p>\n<hr style=\"height: 15px; background: #d0e6fa; width: 100%;\" \/>\n<div id=\"content\" class=\"content-alignment\">\n<div id=\"watch-description\" class=\"yt-uix-button-panel\">\n<div id=\"watch-description-text\" style=\"text-align: center;\">\n<p><em>Zawarto\u015b\u0107 publikowanych artyku\u0142\u00f3w i materia\u0142\u00f3w nie reprezentuje pogl\u0105d\u00f3w ani opinii Reunion&#8217;68,<\/em><em><br \/>\nani te\u017c webmastera Blogu Reunion&#8217;68, chyba ze jest to wyra\u017anie zaznaczone.<br \/>\nTwoje uwagi, linki, w\u0142asne artyku\u0142y lub wiadomo\u015bci prze\u015blij na adres:<br \/>\n<\/em><span style=\"color: #000080;\"><strong><em><a style=\"color: #000080;\" href=\"mailto:webmaster@reunion68.com\"><span style=\"text-decoration: underline;\">webmaster@reunion68.com<\/span><\/a><\/em><\/strong><\/span><\/p>\n<\/div>\n<\/div>\n<\/div>\n<hr style=\"width: 100%;\" \/>\n","protected":false},"excerpt":{"rendered":"<p>Plakaty Vojislava \u0160e\u0161elja, za\u0142o\u017cyciela i przewodnicz\u0105cego skrajnie prawicowej Serbskiej Partii Radykalnej, maj 2012. Zdj\u0119cie: Wikimedia Commons. Serbski zab\u00f3jca \u0142amie chleb z Hamasem Ben Cohen \/ JNS.org \u201ePolityka tworzy dziwnych towarzyszy \u0142\u00f3\u017cka\u201d \u2013 g\u0142osi stare wiktoria\u0144skie powiedzenie. W ci\u0105gu wstrz\u0105saj\u0105cych tygodni, kt\u00f3re nast\u0105pi\u0142y po pogromie Hamasu w po\u0142udniowym Izraelu 7 pa\u017adziernika, widzieli\u015bmy, jak radykalne feministki sprzymierzy\u0142y [&hellip;]<\/p>\n","protected":false},"author":1,"featured_media":0,"comment_status":"closed","ping_status":"closed","sticky":false,"template":"","format":"standard","meta":[],"categories":[6],"tags":[26,24],"_links":{"self":[{"href":"https:\/\/www.reunion68.se\/index.php?rest_route=\/wp\/v2\/posts\/108721"}],"collection":[{"href":"https:\/\/www.reunion68.se\/index.php?rest_route=\/wp\/v2\/posts"}],"about":[{"href":"https:\/\/www.reunion68.se\/index.php?rest_route=\/wp\/v2\/types\/post"}],"author":[{"embeddable":true,"href":"https:\/\/www.reunion68.se\/index.php?rest_route=\/wp\/v2\/users\/1"}],"replies":[{"embeddable":true,"href":"https:\/\/www.reunion68.se\/index.php?rest_route=%2Fwp%2Fv2%2Fcomments&post=108721"}],"version-history":[{"count":5,"href":"https:\/\/www.reunion68.se\/index.php?rest_route=\/wp\/v2\/posts\/108721\/revisions"}],"predecessor-version":[{"id":108727,"href":"https:\/\/www.reunion68.se\/index.php?rest_route=\/wp\/v2\/posts\/108721\/revisions\/108727"}],"wp:attachment":[{"href":"https:\/\/www.reunion68.se\/index.php?rest_route=%2Fwp%2Fv2%2Fmedia&parent=108721"}],"wp:term":[{"taxonomy":"category","embeddable":true,"href":"https:\/\/www.reunion68.se\/index.php?rest_route=%2Fwp%2Fv2%2Fcategories&post=108721"},{"taxonomy":"post_tag","embeddable":true,"href":"https:\/\/www.reunion68.se\/index.php?rest_route=%2Fwp%2Fv2%2Ftags&post=108721"}],"curies":[{"name":"wp","href":"https:\/\/api.w.org\/{rel}","templated":true}]}}