{"id":108776,"date":"2023-11-22T18:09:37","date_gmt":"2023-11-22T16:09:37","guid":{"rendered":"http:\/\/www.reunion68.se\/?p=108776"},"modified":"2023-11-22T09:55:31","modified_gmt":"2023-11-22T07:55:31","slug":"28-09-90","status":"publish","type":"post","link":"https:\/\/www.reunion68.se\/?p=108776","title":{"rendered":"Hamas, Israel i hipokryzja arabskich oraz innym muzu\u0142ma\u0144skich przyw\u00f3dc\u00f3w"},"content":{"rendered":"<p style=\"text-align: center;\"><img decoding=\"async\" class=\"aligncenter\" src=\"https:\/\/www.gatestoneinstitute.org\/pics\/4821.jpg\" width=\"100%\" \/><em><span style=\"color: #808080;\">Wydaje si\u0119, \u017ce prezydent Autonomii Palesty\u0144skiej (AP) Mahmoud Abbas zapomnia\u0142 o brutalnym i krwawym zamachu stanu, kt\u00f3rego Hamas dokona\u0142 latem 2007 roku. W\u00f3wczas Hamas zabi\u0142 i zrani\u0142 setki lojalist\u00f3w AP, z kt\u00f3rych cz\u0119\u015b\u0107 zosta\u0142a zrzucona z dach\u00f3w budynk\u00f3w w ca\u0142ej Strefie Gazy. To ten sam Abbas, kt\u00f3ry teraz boi si\u0119 lub nie chce obarcza\u0107 Hamasu odpowiedzialno\u015bci\u0105 za wybuch wojny. Na zdj\u0119ciu: Abbas przemawia przed Zgromadzeniem Og\u00f3lnym ONZ w Nowym Jorku, 21 wrze\u015bnia 2023 r. (Zdj\u0119cie: Bryan R. Smith\/AFP via Getty Images)<\/span><\/em><\/p>\n<hr \/>\n<h5 style=\"text-align: center;\"><a href=\"https:\/\/pl.gatestoneinstitute.org\/\" target=\"_blank\" rel=\"noopener noreferrer\"><img decoding=\"async\" class=\"center alignleft\" src=\"https:\/\/pl.gatestoneinstitute.org\/images\/gatestone-logo-1000.gif\" alt=\"\" width=\"50%\" \/><\/a><span style=\"text-decoration: underline; color: #000080;\"><span><strong><a style=\"color: #000080; text-decoration: underline;\" href=\"https:\/\/pl.gatestoneinstitute.org\/20169\/hamas-israel-hipokryzja\" target=\"_blank\" rel=\"noopener noreferrer\">Hamas, Israel i hipokryzja arabskich oraz innym muzu\u0142ma\u0144skich przyw\u00f3dc\u00f3w<\/a><\/strong><\/span><\/span><\/h5>\n<p style=\"text-align: center;\"><span style=\"color: #000000;\"><strong> Khaled Abu Toameh<br \/>\n<\/strong><span style=\"color: #808080;\"><em>T\u0142umaczenie:<\/em><\/span><strong> Ma\u0142gorzata Koraszewska<\/strong><\/span><\/p>\n<hr style=\"height: 15px; background: #d0e6fa; width: 100%;\" \/>\n<p style=\"text-align: left;\"><span style=\"color: #000080;\">Wi\u0119kszo\u015b\u0107 Arab\u00f3w, kt\u00f3rzy obecnie pot\u0119piaj\u0105 Izrael za jego ataki militarne na wspieran\u0105 przez Iran grup\u0119 terrorystyczn\u0105 Hamas w Strefie Gazy, nigdy nie wypowiedzia\u0142a ani s\u0142owa przeciwko atakom rakietowym Hamasu na Izrael. Ci Arabowie, kt\u00f3rzy teraz op\u0142akuj\u0105 trudn\u0105 sytuacj\u0119 Palesty\u0144czyk\u00f3w w Strefie Gazy, postanowili przymkn\u0105\u0107 oczy na represje Hamasu wobec mieszka\u0144c\u00f3w Strefy Gazy. Postanowili tak\u017ce odwr\u00f3ci\u0107 wzrok, gdy Hamas zgromadzi\u0142 arsena\u0142 broni i zbudowa\u0142 dziesi\u0105tki ofensywnych tuneli wzd\u0142u\u017c granicy z Izraelem. Co niewiarygodne, wi\u0119kszo\u015b\u0107 tych Arab\u00f3w nadal nie pot\u0119pi\u0142a Hamasu za rozpocz\u0119cie wojny 7 pa\u017adziernika, kiedy setki jego ci\u0119\u017cko uzbrojonych cz\u0142onk\u00f3w przedosta\u0142y si\u0119 do Izraela i dokona\u0142y masakry ponad 1400 Izraelczyk\u00f3w, rani\u0142y kolejne tysi\u0105ce i uprowadzi\u0142y ponad 200 zak\u0142adnik\u00f3w, kt\u00f3rych zabrano do Gaza.<\/span><\/p>\n<p style=\"text-align: left;\"><span style=\"color: #000080;\">Warto zauwa\u017cy\u0107, \u017ce niekt\u00f3re pa\u0144stwa arabskie i muzu\u0142ma\u0144skie oraz ich przyw\u00f3dcy, kt\u00f3rzy wskazuj\u0105 palcem na Izrael jako winnego, nie zawahali si\u0119 zastosowa\u0107 \u015brodk\u00f3w karnych wobec Hamasu, gdy sami poczuli si\u0119 zagro\u017ceni lub byli niezadowoleni z dzia\u0142a\u0144 i retoryki tej grupy. W oczach tych w\u0142adc\u00f3w, gdy Arabowie karz\u0105 Hamas, to jest to w porz\u0105dku ale nie jest w porz\u0105dku, gdy Izrael reaguje na najgorsze okrucie\u0144stwo, jakie kiedykolwiek pope\u0142niono na jego obywatelach.<\/span><\/p>\n<p style=\"text-align: left;\"><span style=\"color: #000080;\">Wydaje si\u0119, \u017ce Autonomia Palesty\u0144ska (AP), kt\u00f3rej przyw\u00f3dcy pot\u0119piaj\u0105 Izrael od pocz\u0105tku wojny, zapomnia\u0142a o brutalnym i krwawym zamachu stanu, kt\u00f3rego Hamas dokona\u0142 latem 2007 roku. W\u00f3wczas Hamas zabi\u0142 i zrani\u0142 setki lojalist\u00f3w AP, niekt\u00f3rzy z nich zostali zrzuceni z dach\u00f3w budynk\u00f3w w ca\u0142ej Strefie Gazy. Inni Palesty\u0144czycy zostali wyci\u0105gni\u0119ci na ulic\u0119 i brutalnie zlinczowani przez cz\u0142onk\u00f3w Hamasu. W odpowiedzi prezydent AP Mahmoud Abbas wyda\u0142\u00a0<a style=\"color: #000080;\" href=\"https:\/\/www.jpost.com\/middle-east\/abbas-outlaws-hamas-armed-forces-as-new-govt-sworn-in\" target=\"_blank\" rel=\"noopener noreferrer\">dekret<\/a>\u00a0zakazuj\u0105cy dzia\u0142alno\u015bci grup zbrojnych Hamasu i oznajmi\u0142, \u017ce ich cz\u0142onkowie b\u0119d\u0105 \u015bcigani. Abbas\u00a0<a style=\"color: #000080;\" href=\"https:\/\/al-akhbar.com\/International\/192303\" target=\"_blank\" rel=\"noopener noreferrer\">powiedzia\u0142<\/a>, \u017ce zdecydowa\u0142 si\u0119 &#8220;uzna\u0107 Jednostk\u0119 Wykonawcz\u0105 [Hamasu] i boj\u00f3wki ruchu Hamasu za nielegalne w zwi\u0105zku z ich wojskowym zamachem stanu przeciwko prawomocno\u015bci Palestyny i jej instytucji, a ka\u017cdy, kto jest zaanga\u017cowany w kt\u00f3r\u0105kolwiek z tych grup, zostanie ukarany zgodnie z ustaw\u0105 i przepisami stanu wyj\u0105tkowego.&#8221;<\/span><\/p>\n<p style=\"text-align: left;\"><span style=\"color: #000080;\">W 2018 r. Abbas bezpo\u015brednio\u00a0<a style=\"color: #000080;\" href=\"https:\/\/www.newarab.com\/news\/abbas-accuses-hamas-assassination-attempt-palestinian-premier\" target=\"_blank\" rel=\"noopener noreferrer\">oskar\u017cy\u0142<\/a>\u00a0Hamas o przeprowadzenie w Strefie Gazy zamachu bombowego na by\u0142ego premiera AP Ramiego Hamdallaha. Gdy konw\u00f3j Hamdallaha wjecha\u0142 do Gazy, bomba na poboczu szosy eksplodowa\u0142a. Hamdallahowi nic si\u0119 nie sta\u0142o, a sze\u015bciu jego ochroniarzy zosta\u0142o lekko rannych. Na spotkaniu przyw\u00f3dc\u00f3w Autonomii Palesty\u0144skiej wkr\u00f3tce po zamachu Abbas\u00a0<a style=\"color: #000080;\" href=\"https:\/\/www.aljazeera.com\/news\/2018\/3\/20\/mahmoud-abbas-blames-hamas-for-gaza-attack-on-pms-convoy\" target=\"_blank\" rel=\"noopener noreferrer\">powiedzia\u0142<\/a>:<\/span><\/p>\n<blockquote>\n<p style=\"text-align: left;\"><strong>&#8220;Nie chcemy, \u017ceby oni [Hamas] prowadzili dochodzenie, nie chcemy od nich informacji, nie chcemy od nich niczego, poniewa\u017c wiemy dok\u0142adnie, \u017ce to oni, \u017ce ruch Hamasu, byli tymi, kt\u00f3rzy dokonali tego zamachu&#8221;.<\/strong><\/p>\n<\/blockquote>\n<p style=\"text-align: left;\"><span style=\"color: #000080;\">W tym samym roku Abbas, pr\u00f3buj\u0105c os\u0142abi\u0107 Hamas, zastosowa\u0142 szereg\u00a0<a style=\"color: #000080;\" href=\"https:\/\/www.i24news.tv\/en\/news\/international\/176877-180611-hundreds-rally-in-ramallah-demanding-abbas-lift-sanctions-on-gaza\" target=\"_blank\" rel=\"noopener noreferrer\">\u015brodk\u00f3w<\/a>\u00a0karnych wobec Strefy Gazy. Obejmowa\u0142y one wstrzymanie wynagrodze\u0144 tysi\u0105com urz\u0119dnik\u00f3w pa\u0144stwowych i odmow\u0119 p\u0142acenia za energi\u0119 elektryczn\u0105 dostarczan\u0105 przez Izrael do Strefy Gazy. P\u00f3\u017aniej Abbas posun\u0105\u0142 si\u0119 nawet do\u00a0<a style=\"color: #000080;\" href=\"https:\/\/arabi21.com\/story\/1148689\/%D8%B9%D8%A8%D8%A7%D8%B3-%D9%8A%D8%AA%D9%87%D9%85-%D8%AD%D9%85%D8%A7%D8%B3-%D8%A8%D9%80-%D8%A7%D9%84%D8%AC%D8%A7%D8%B3%D9%88%D8%B3%D9%8A%D8%A9-%D9%88%D8%A7%D9%84%D8%A3%D8%AE%D9%8A%D8%B1%D8%A9-%D8%AA%D8%B1%D8%AF\" target=\"_blank\" rel=\"noopener noreferrer\">oskar\u017cenia<\/a>\u00a0Hamasu o &#8220;szpiegostwo&#8221; dla Izraela po tym, jak grupa terrorystyczna aresztowa\u0142a dziesi\u0105tki jego zwolennik\u00f3w w Gazie.<\/span><\/p>\n<p style=\"text-align: left;\"><span style=\"color: #000080;\">To ten sam Abbas, kt\u00f3ry teraz boi si\u0119 lub nie chce obarcza\u0107 Hamasu odpowiedzialno\u015bci\u0105 za wybuch wojny. 15 pa\u017adziernika oficjalna agencja informacyjna AP, Wafa,\u00a0<a style=\"color: #000080;\" href=\"https:\/\/www.reuters.com\/world\/middle-east\/president-abbas-says-hamas-actions-do-not-represent-palestinians-2023-10-15\/\" target=\"_blank\" rel=\"noopener noreferrer\">opublikowa\u0142a<\/a>\u00a0wypowied\u017a Abbasa, w kt\u00f3rej krytykowa\u0142 Hamas za atak na Izrael. P\u00f3\u017aniej jednak agencja usun\u0119\u0142a odniesienia do tej grupy terrorystycznej, nie podaj\u0105c \u017cadnego wyja\u015bnienia. Oryginalny\u00a0<a style=\"color: #000080;\" href=\"blank\" target=\"_blank\" rel=\"noopener noreferrer\">raport<\/a>\u00a0Wafa zawiera\u0142 nast\u0119puj\u0105cy fragment: &#8220;Prezydent [Abbas] podkre\u015bli\u0142 tak\u017ce, \u017ce polityka i dzia\u0142ania Hamasu nie reprezentuj\u0105 narodu palesty\u0144skiego ani jego polityki&#8221;. Kilka godzin p\u00f3\u017aniej sformu\u0142owanie zosta\u0142o tak zmienione, by nie wskazywa\u0107 na Hamas.<\/span><\/p>\n<p style=\"text-align: left;\"><span style=\"color: #000080;\">Nowa wersja\u00a0<a style=\"color: #000080;\" href=\"https:\/\/english.wafa.ps\/Pages\/Details\/138321\" target=\"_blank\" rel=\"noopener noreferrer\">brzmi<\/a>:<\/span><\/p>\n<blockquote>\n<p style=\"text-align: left;\"><strong>&#8220;Prezydent Abbas podkre\u015bli\u0142 r\u00f3wnie\u017c, \u017ce to polityka, programy i decyzje OWP reprezentuj\u0105 nar\u00f3d palesty\u0144ski jako jedyny prawowity przedstawiciel narodu palesty\u0144skiego, a nie polityka jakiejkolwiek innej organizacji&#8221;.<\/strong><\/p>\n<\/blockquote>\n<p style=\"text-align: left;\"><span style=\"color: #000080;\">Abbas ma dobry pow\u00f3d, aby unika\u0107 jawnej krytyki Hamasu.\u00a0<a style=\"color: #000080;\" href=\"https:\/\/twitter.com\/TVManar1\/status\/1712973873992388920?s=20\" target=\"_blank\" rel=\"noopener noreferrer\">Jest \u015bwiadomy demonstracji<\/a>\u00a0prohamasowskich na Zachodnim Brzegu, w\u00a0<i>de facto<\/i>\u00a0stolicy Palesty\u0144czyk\u00f3w, Ramallah, gdzie demonstranci skandowali has\u0142a wzywaj\u0105ce do obalenia przyw\u00f3dztwa Autonomii Palesty\u0144skiej.<\/span><\/p>\n<p style=\"text-align: left;\"><span style=\"color: #000080;\">Egipcjanie, Jorda\u0144czycy i Syryjczycy, kt\u00f3rzy obecnie pot\u0119piaj\u0105 Izrael za obranie za cel Hamasu, nie wahali si\u0119 stawi\u0107 czo\u0142a Hamasowi, gdy zagra\u017ca\u0142 on ich bezpiecze\u0144stwu narodowemu.<\/span><\/p>\n<p style=\"text-align: left;\"><span style=\"color: #000080;\">W 2014 roku egipski s\u0105d uzna\u0142 Hamas, odga\u0142\u0119zienie zdelegalizowanej organizacji Bractwa Muzu\u0142ma\u0144skiego, za &#8220;organizacj\u0119 terrorystyczn\u0105&#8221;. Egipscy prokuratorzy powiedzieli S\u0105dowi ds. Pilnych w Kairze:<\/span><\/p>\n<blockquote>\n<p style=\"text-align: left;\"><strong>&#8220;Hamas jest organizacj\u0105 terrorystyczn\u0105, kt\u00f3rej udowodniono udzia\u0142 w atakach terrorystycznych, w kt\u00f3rych gin\u0119li egipscy \u017co\u0142nierze i funkcjonariusze si\u0142 zbrojnych i ministerstwa spraw wewn\u0119trznych&#8221;.<\/strong><\/p>\n<\/blockquote>\n<p style=\"text-align: left;\"><span style=\"color: #000080;\">Ponadto egipskie wojsko twierdzi, \u017ce w ci\u0105gu ostatniej dekady\u00a0<a style=\"color: #000080;\" href=\"blank\" target=\"_blank\" rel=\"noopener noreferrer\">zniszczy\u0142o<\/a>\u00a0wi\u0119kszo\u015b\u0107\u00a0<a style=\"color: #000080;\" href=\"blank\" target=\"_blank\" rel=\"noopener noreferrer\">tuneli<\/a>, kt\u00f3rymi przemycano bro\u0144 z Egiptu do Strefy Gazy rz\u0105dzonej przez Hamas. Tamer al-Refai, rzecznik egipskiej armii, og\u0142osi\u0142 w 2020 r., \u017ce od 2015 r. Egipt zniszczy\u0142 ponad 3000 tuneli prowadz\u0105cych do Strefy Gazy. Tunele mia\u0142y d\u0142ugo\u015b\u0107 a\u017c do trzech kilometr\u00f3w; niekt\u00f3re by\u0142y wykopane na g\u0142\u0119boko\u015bci a\u017c 30 metr\u00f3w pod ziemi\u0105 \u2013\u00a0<a style=\"color: #000080;\" href=\"blank\" target=\"_blank\" rel=\"noopener noreferrer\">powiedzia\u0142<\/a>\u00a0al-Refaid.<\/span><\/p>\n<p style=\"text-align: left;\"><span style=\"color: #000080;\">W 2015 r. egipska pa\u0144stwowa gazeta &#8220;Al-Ahram&#8221;\u00a0<a style=\"color: #000080;\" href=\"blank\" target=\"_blank\" rel=\"noopener noreferrer\">oskar\u017cy\u0142a<\/a>\u00a0Hamas i Bractwo Muzu\u0142ma\u0144skie o spisek maj\u0105cy na celu obalenie egipskiego re\u017cimu w ci\u0105gu najbli\u017cszych kilku lat. Gazeta zacytowa\u0142a &#8220;poinformowane \u017ar\u00f3d\u0142a&#8221;, kt\u00f3re oskar\u017cy\u0142y wojskowe skrzyd\u0142o Hamasu o\u00a0<a style=\"color: #000080;\" href=\"blank\" target=\"_blank\" rel=\"noopener noreferrer\">koordynacj\u0119<\/a>\u00a0plan\u00f3w z Bractwem Muzu\u0142ma\u0144skim uderzenia w egipskie cele wojskowe i wa\u017cne instalacje oraz rozpowszechnianie materia\u0142\u00f3w filmowych z atak\u00f3w w celu podwa\u017cenia morale narodu.<\/span><\/p>\n<p style=\"text-align: left;\"><span style=\"color: #000080;\">W tym samym roku S\u0105d Karny w Kairze\u00a0<a style=\"color: #000080;\" href=\"blank\" target=\"_blank\" rel=\"noopener noreferrer\">skaza\u0142<\/a>\u00a0obalonego prezydenta Egiptu Mohammeda Morsiego na do\u017cywocie pod zarzutem wsp\u00f3\u0142pracy z Hamasem i ira\u0144skim pe\u0142nomocnikiem z siedzib\u0105 w Libanie, Hezbollahem. Warto zauwa\u017cy\u0107, \u017ce od tego czasu przyw\u00f3dcy Hamasu otrzymali pozwolenie na odwiedzanie Egiptu bez \u017cadnych ogranicze\u0144. To prawda, \u017ce mi\u0119dzy Egiptem a Hamasem nie ma romansu, ale kiedy zaprasza si\u0119 przyw\u00f3dc\u00f3w tej grupy terrorystycznej na regularne spotkania z wy\u017cszymi urz\u0119dnikami rz\u0105dowymi w Kairze, daje to Hamasowi legitymizacj\u0119 i sygnalizuje innym krajom, \u017ce nie ma powodu, dla kt\u00f3rego nie mieliby tak\u017ce tego robi\u0107.<\/span><\/p>\n<p style=\"text-align: left;\"><span style=\"color: #000080;\">W 1999 r. Jordania, kt\u00f3rej przyw\u00f3dcy r\u00f3wnie\u017c powstrzymali si\u0119 od pot\u0119pienia masakry Izraelczyk\u00f3w dokonanej 7 pa\u017adziernika przez Hamas, wydali\u0142a przyw\u00f3dc\u00f3w politycznych tej grupy terrorystycznej z kraju. Kr\u00f3l Jordanii Abdullah, najwyra\u017aniej\u00a0<a style=\"color: #000080;\" href=\"blank\" target=\"_blank\" rel=\"noopener noreferrer\">obawiaj\u0105c si\u0119<\/a>, \u017ce dzia\u0142alno\u015b\u0107 Hamasu i jego lokalnych sojusznik\u00f3w zagrozi negocjacjom pokojowym mi\u0119dzy Autonomi\u0105 Palesty\u0144sk\u0105 a Izraelem, oskar\u017cy\u0142 Hamas o anga\u017cowanie si\u0119 w nielegaln\u0105 dzia\u0142alno\u015b\u0107 w Jordanii. Wcze\u015bniej w\u0142adze jorda\u0144skie aresztowa\u0142y kilku przyw\u00f3dc\u00f3w Hamasu, w tym Chaleda Maszaala i Ibrahima Ghoszeha, po ich powrocie z wizyty w Iranie, i oskar\u017cy\u0142y ich o cz\u0142onkostwo w nielegalnej organizacji, gromadzenie broni, prowadzenie \u0107wicze\u0144 wojskowych i wykorzystywanie Jordanii jako bazy szkoleniowej.<\/span><\/p>\n<p style=\"text-align: left;\"><span style=\"color: #000080;\">W 2006 roku Jorda\u0144czycy\u00a0<a style=\"color: #000080;\" href=\"blank\" target=\"_blank\" rel=\"noopener noreferrer\">oskar\u017cyli<\/a>\u00a0tak\u017ce cz\u0142onk\u00f3w Hamasu o przemyt rakiet i innej broni do kraju. Jorda\u0144ski urz\u0119dnik powiedzia\u0142 w\u00f3wczas Associated Press, \u017ce &#8220;w ci\u0105gu ostatnich kilku dni przej\u0119to rakiety, materia\u0142y wybuchowe i bro\u0144 automatyczn\u0105&#8221;. Urz\u0119dnik ujawni\u0142, \u017ce aktywistom Hamasu uda\u0142o si\u0119 przemyci\u0107 &#8220;tak niebezpieczn\u0105 bro\u0144 do kraju&#8221; i przechowa\u0107 j\u0105. Pomimo represji kr\u00f3l Jordanii Abdullah\u00a0<a style=\"color: #000080;\" href=\"blank\" target=\"_blank\" rel=\"noopener noreferrer\">przyj\u0105\u0142<\/a>\u00a0w 2012 roku w Ammanie delegacj\u0119 wysokich rang\u0105 cz\u0142onk\u00f3w Hamasu. Takie spotkania przynosz\u0105 korzy\u015bci Hamasowi i legitymizuj\u0105 go w oczach Arab\u00f3w i muzu\u0142man\u00f3w.<\/span><\/p>\n<p style=\"text-align: left;\"><span style=\"color: #000080;\">Ze swojej strony Syryjczycy r\u00f3wnie\u017c obrali za cel Hamas. W 2012 r. pa\u0144stwowe media syryjskie rozp\u0119ta\u0142y zjadliwy\u00a0<a style=\"color: #000080;\" href=\"blank\" target=\"_blank\" rel=\"noopener noreferrer\">atak<\/a>\u00a0na przyw\u00f3dc\u0119 Hamasu Chaleda Maszaala, oskar\u017caj\u0105c go o odwr\u00f3cenie si\u0119 plecami od prezydenta Syrii Baszara Assada i opisuj\u0105c Maszaala jako niewdzi\u0119cznika i zdrajc\u0119. Wcze\u015bniej w\u0142adze syryjskie\u00a0<a style=\"color: #000080;\" href=\"blank\" target=\"_blank\" rel=\"noopener noreferrer\">zamkn\u0119\u0142y<\/a>\u00a0biura Hamasu w Damaszku po tym, jak grupa terrorystyczna nie udzieli\u0142a wsparcia Assadowi na pocz\u0105tku wojny domowej w Syrii. Jednak w zesz\u0142ym roku Assad, podobnie jak kr\u00f3l Jordanii Abdullah i Egipcjanie, zni\u00f3s\u0142 zakaz i\u00a0<a style=\"color: #000080;\" href=\"blank\" target=\"_blank\" rel=\"noopener noreferrer\">spotka\u0142 si\u0119<\/a>\u00a0z wysokiego szczebla delegacj\u0105 Hamasu w Damaszku.<\/span><\/p>\n<p style=\"text-align: left;\"><span style=\"color: #000080;\">Ci w\u0142adcy uwa\u017caj\u0105 teraz za niezr\u0119czne wyst\u0119powanie przeciwko tym samym terrorystom, z kt\u00f3rymi si\u0119 spotykali.<\/span><\/p>\n<p style=\"text-align: left;\"><span style=\"color: #000080;\">W ostatniej dekadzie prezydent Autonomii Palesty\u0144skiej Mahmoud Abbas r\u00f3wnie\u017c zabiega\u0142 o zbli\u017cenie z Hamasem. Wielokrotnie spotyka\u0142 si\u0119 z przyw\u00f3dcami Hamasu i omawia\u0142 z nimi sposoby osi\u0105gni\u0119cia jedno\u015bci narodowej. Ostatnie\u00a0<a style=\"color: #000080;\" href=\"blank\" target=\"_blank\" rel=\"noopener noreferrer\">spotkanie<\/a>\u00a0odby\u0142o si\u0119 pod koniec lipca w Ankarze, gdzie Abbas i przyw\u00f3dca Hamasu Ismail Hanija zostali wsp\u00f3lnie przyj\u0119ci przez prezydenta Turcji Recepa Tayyipa Erdogana.<\/span><\/p>\n<p style=\"text-align: left;\"><span style=\"color: #000080;\">Mimo spor\u00f3w z Hamasem, przyw\u00f3dcy AP, Egiptu, Jordanii i Syrii pracowali nad popraw\u0105 stosunk\u00f3w z t\u0105 grup\u0105 terrorystyczn\u0105. W ten spos\u00f3b wzmocnili Hamas i uczynili z niego znacz\u0105cego gracza na Bliskim Wschodzie.<\/span><\/p>\n<p style=\"text-align: left;\"><span style=\"color: #000080;\">\u017baden z tych w\u0142adc\u00f3w nigdy nie podj\u0105\u0142 ani jednego kroku, by pom\u00f3c Palesty\u0144czykom i wp\u0142yn\u0105\u0107 na Hamas, by przesta\u0142 \u0142ama\u0107 prawa ludzi \u017cyj\u0105cych pod jego brutalnymi rz\u0105dami w Strefie Gazy. Naruszenia te obejmuj\u0105 aresztowania i mordowanie rywali politycznych oraz represje wobec dziennikarzy i obro\u0144c\u00f3w praw cz\u0142owieka. \u017baden z tych w\u0142adc\u00f3w nigdy nie pot\u0119pi\u0142 Hamasu za przekszta\u0142cenie Strefy Gazy w baz\u0119 terroru dla Iranu. Kiedy ci w\u0142adcy byli niezadowoleni z Hamasu, wydalali jego przyw\u00f3dc\u00f3w, zamykali jego biura i delegalizowali jego zbrojne skrzyd\u0142o.<\/span><\/p>\n<p style=\"text-align: left;\"><span style=\"color: #000080;\">Teraz, gdy Hamas sprowadzi\u0142 piek\u0142o na dwa miliony Palesty\u0144czyk\u00f3w w Strefie Gazy, by\u0107 mo\u017ce ci arabscy i muzu\u0142ma\u0144scy w\u0142adcy w ko\u0144cu zdecyduj\u0105, po kt\u00f3rej stronie stoj\u0105. Czy w dalszym ci\u0105gu b\u0119d\u0105 popiera\u0107 ten sam Hamas, kt\u00f3ry atakowali za gro\u017cenie im i ich re\u017cimom, czy te\u017c stan\u0105 po stronie tych, kt\u00f3rzy \u2013 r\u00f3wnie\u017c w ich imieniu \u2013 broni\u0105 si\u0119 przed Iranem i jego pe\u0142nomocnikami?<\/span><\/p>\n<hr style=\"height: 15px; background: #d0e6fa; width: 100%;\" \/>\n<div id=\"content\" class=\"content-alignment\">\n<div id=\"watch-description\" class=\"yt-uix-button-panel\">\n<div id=\"watch-description-text\" style=\"text-align: center;\">\n<p><em>Zawarto\u015b\u0107 publikowanych artyku\u0142\u00f3w i materia\u0142\u00f3w nie reprezentuje pogl\u0105d\u00f3w ani opinii Reunion&#8217;68,<\/em><em><br \/>\nani te\u017c webmastera Blogu Reunion&#8217;68, chyba ze jest to wyra\u017anie zaznaczone.<br \/>\nTwoje uwagi, linki, w\u0142asne artyku\u0142y lub wiadomo\u015bci prze\u015blij na adres:<br \/>\n<\/em><span style=\"color: #000080;\"><strong><em><a style=\"color: #000080;\" href=\"mailto:webmaster@reunion68.com\"><span style=\"text-decoration: underline;\">webmaster@reunion68.com<\/span><\/a><\/em><\/strong><\/span><\/p>\n<\/div>\n<\/div>\n<\/div>\n<hr style=\"width: 100%;\" \/>\n","protected":false},"excerpt":{"rendered":"<p>Wydaje si\u0119, \u017ce prezydent Autonomii Palesty\u0144skiej (AP) Mahmoud Abbas zapomnia\u0142 o brutalnym i krwawym zamachu stanu, kt\u00f3rego Hamas dokona\u0142 latem 2007 roku. W\u00f3wczas Hamas zabi\u0142 i zrani\u0142 setki lojalist\u00f3w AP, z kt\u00f3rych cz\u0119\u015b\u0107 zosta\u0142a zrzucona z dach\u00f3w budynk\u00f3w w ca\u0142ej Strefie Gazy. To ten sam Abbas, kt\u00f3ry teraz boi si\u0119 lub nie chce obarcza\u0107 Hamasu [&hellip;]<\/p>\n","protected":false},"author":1,"featured_media":0,"comment_status":"closed","ping_status":"closed","sticky":false,"template":"","format":"standard","meta":[],"categories":[6],"tags":[26,24],"_links":{"self":[{"href":"https:\/\/www.reunion68.se\/index.php?rest_route=\/wp\/v2\/posts\/108776"}],"collection":[{"href":"https:\/\/www.reunion68.se\/index.php?rest_route=\/wp\/v2\/posts"}],"about":[{"href":"https:\/\/www.reunion68.se\/index.php?rest_route=\/wp\/v2\/types\/post"}],"author":[{"embeddable":true,"href":"https:\/\/www.reunion68.se\/index.php?rest_route=\/wp\/v2\/users\/1"}],"replies":[{"embeddable":true,"href":"https:\/\/www.reunion68.se\/index.php?rest_route=%2Fwp%2Fv2%2Fcomments&post=108776"}],"version-history":[{"count":6,"href":"https:\/\/www.reunion68.se\/index.php?rest_route=\/wp\/v2\/posts\/108776\/revisions"}],"predecessor-version":[{"id":108793,"href":"https:\/\/www.reunion68.se\/index.php?rest_route=\/wp\/v2\/posts\/108776\/revisions\/108793"}],"wp:attachment":[{"href":"https:\/\/www.reunion68.se\/index.php?rest_route=%2Fwp%2Fv2%2Fmedia&parent=108776"}],"wp:term":[{"taxonomy":"category","embeddable":true,"href":"https:\/\/www.reunion68.se\/index.php?rest_route=%2Fwp%2Fv2%2Fcategories&post=108776"},{"taxonomy":"post_tag","embeddable":true,"href":"https:\/\/www.reunion68.se\/index.php?rest_route=%2Fwp%2Fv2%2Ftags&post=108776"}],"curies":[{"name":"wp","href":"https:\/\/api.w.org\/{rel}","templated":true}]}}