{"id":108942,"date":"2023-11-29T18:05:54","date_gmt":"2023-11-29T16:05:54","guid":{"rendered":"http:\/\/www.reunion68.se\/?p=108942"},"modified":"2023-11-29T11:19:41","modified_gmt":"2023-11-29T09:19:41","slug":"05-05-94","status":"publish","type":"post","link":"https:\/\/www.reunion68.se\/?p=108942","title":{"rendered":"\u2018Horrifying\u2019: Germany Registers 29 Antisemitic Incidents Per Day Since Hamas Pogrom in Israel"},"content":{"rendered":"<h5 style=\"text-align: center;\"><a href=\"https:\/\/www.algemeiner.com\/\" target=\"_blank\" rel=\"noopener noreferrer\"><img decoding=\"async\" class=\"center alignleft\" src=\"http:\/\/www.reunion68.com\/Biuletyn\/img\/algem.png\" alt=\"\" width=\"35%\" \/><\/a><span style=\"text-decoration: underline; color: #000080;\"><span><strong><a style=\"color: #000080; text-decoration: underline;\" href=\"https:\/\/www.algemeiner.com\/2023\/11\/28\/horrifying-germany-registers-29-antisemitic-incidents-per-day-since-hamas-pogrom-in-israel\/\" target=\"_blank\" rel=\"noopener noreferrer\">\u2018Horrifying\u2019: Germany Registers 29 Antisemitic Incidents Per Day Since Hamas Pogrom in Israel<\/a><\/strong><\/span><\/span><\/h5>\n<p style=\"text-align: center;\"><span style=\"color: #000000;\"><strong>Ben Cohen<\/strong><\/span><\/p>\n<hr style=\"height: 15px; background: #d0e6fa; width: 100%;\" \/>\n<p style=\"text-align: center;\"><img decoding=\"async\" class=\"aligncenter\" src=\"https:\/\/www.algemeiner.com\/wp-content\/uploads\/2023\/11\/2023-11-26T000000Z_411344535_MT1NURPHO0005C0VZ6_RTRMADP_3_ISRAEL-PALESTINIANS-GERMANY.jpeg\" width=\"100%\" \/><span style=\"color: #808080;\"><em>A march against antisemitism in the German city of Dusseldorf. Photo: Reuters\/Ying Tang<\/em><\/span><\/p>\n<p style=\"text-align: left;\"><span style=\"color: #000080;\">Germany has registered at least 29 antisemitic incidents per day since the Oct. 7 Hamas pogrom in southern Israel \u2014 a four-fold increase on the previous year that was labeled \u201chorrifying\u201d in a statement from the Central Council of German Jews.<\/span><\/p>\n<p style=\"text-align: left;\"><span style=\"color: #000080;\">New data published on Tuesday by Rias, a federally-funded body monitoring antisemitic incidents, counted a total of 994 antisemitic incidents since the Hamas onslaught. Germany is home to a Jewish community of approximately 118,000.<\/span><\/p>\n<p style=\"text-align: left;\"><span style=\"color: #000080;\">Benjamin Steinitz, the managing director of Rias, told the<em>\u00a0Zeit<\/em>\u00a0news outlet that while the troughs and peaks of antisemitic activity have always been influenced by the situation in the Middle East, the present period marked a \u201cdifferent dimension.\u201d<\/span><\/p>\n<p style=\"text-align: left;\"><span style=\"color: #000080;\">Significantly, the Rias report demonstrated that false or inaccurate media reporting of the conflict in Gaza directly impacted antisemitic agitation. It pointed out that following the\u00a0<a style=\"color: #000080;\" href=\"https:\/\/www.algemeiner.com\/2023\/10\/23\/dont-rush-judgement-british-pm-tells-parliament-errant-palestinian-missile-not-israeli-air-strike-responsible-gaza-hospital-blast\/\" target=\"_blank\" rel=\"noopener noreferrer\">false claim pushed by Hamas<\/a>\u00a0that an Israeli strike on Al Ahli Hospital in Gaza City on Oct. 17 killed 500 people, the number of antisemitic incidents almost doubled from an average of 31 over the previous weeks to 61.<\/span><\/p>\n<p style=\"text-align: left;\"><span style=\"color: #000080;\">The report also noted that 59 of the incidents occurred at the homes of Jewish residents, for example the daubing of the Star of David on the outer walls of a house. In one incident in the southwestern town of Giessen, two men forced their way into the home of a 34-year-old Israeli man who had hung an Israeli flag from his balcony. When the Israeli refused to remove the flag, he was showered with antisemitic abuse before one of the assailants punched him in the face.<\/span><\/p>\n<p style=\"text-align: left;\"><span style=\"color: #000080;\">In another incident, Cyrus Overbeck \u2014 an artist and campaigner against extremism who lives in the city of Duisburg \u2014 rose one morning to find that 30 leaflets bearing the image of the Israeli flag had been left outside his studio with the text, \u201cStep on the flag, spit on it, burn it: Free Palestine.\u201d When he walked outside, he was confronted by a \u201chighly aggressive\u201d man wearing a Palestinian keffiyeh scarf who regaled him with antisemitic abuse.<\/span><\/p>\n<p style=\"text-align: left;\"><span style=\"color: #000080;\">Since the incident, \u201cwe only leave the house to go shopping,\u201d Overbeck said.<\/span><\/p>\n<p style=\"text-align: left;\"><span style=\"color: #000080;\">Daniel Poensgen, a consultant with Rias, told broadcaster DW on Tuesday that the targeting of private homes represented a worrying escalation.<\/span><\/p>\n<p style=\"text-align: left;\"><span style=\"color: #000080;\">\u201cThere are places, such as certain neighborhoods or soccer matches, where Jews say, \u2018OK, the mood is aggressive right now, I won\u2019t go there,&#8217;\u201d he said. \u201cThat\u2019s not possible in your own living environment. The stairwell comes first in an apartment, you have to pass through it every day, and that\u2019s why these incidents are particularly threatening.\u201d<\/span><\/p>\n<p style=\"text-align: left;\"><span style=\"color: #000080;\">Poensgen also observed that \u201cantisemitism acts as a bridging ideology and brings people from very different parts of the political spectrum together.\u201d He pointed out that \u201cpeople who actually see themselves as left-wing demonstrate together with Islamists and perhaps also together with right-wing extremists such as supporters of the [Turkish fascist organization] Gray Wolves.\u201d<\/span><\/p>\n<p style=\"text-align: left;\"><span style=\"color: #000080;\">The number of incidents registered by Rias is notably higher than the 680 registered by the interior ministry since Oct. 7. The discrepancy lies in the fact that Rias registers as antisemitic those incidents that do not necessarily meet a criminality threshold.<\/span><\/p>\n<p style=\"text-align: left;\"><span style=\"color: #000080;\">In its analysis accompanying the data, Rias observed that many German Jews were removing outwardly Jewish symbols such as kippot and Star of David necklaces before venturing outside. \u201cWe also received reports from parents who temporarily stopped sending their children to schools or daycare centers for fear of antisemitic attacks,\u201d the organization said.<\/span><\/p>\n<hr style=\"height: 15px; background: #d0e6fa; width: 100%;\" \/>\n<div id=\"content\" class=\"content-alignment\">\n<div id=\"watch-description\" class=\"yt-uix-button-panel\">\n<div id=\"watch-description-text\" style=\"text-align: center;\">\n<p><em>Zawarto\u015b\u0107 publikowanych artyku\u0142\u00f3w i materia\u0142\u00f3w nie reprezentuje pogl\u0105d\u00f3w ani opinii Reunion&#8217;68,<\/em><em><br \/>\nani te\u017c webmastera Blogu Reunion&#8217;68, chyba ze jest to wyra\u017anie zaznaczone.<br \/>\nTwoje uwagi, linki, w\u0142asne artyku\u0142y lub wiadomo\u015bci prze\u015blij na adres:<br \/>\n<\/em><span style=\"color: #000080;\"><strong><em><a style=\"color: #000080;\" href=\"mailto:webmaster@reunion68.com\"><span style=\"text-decoration: underline;\">webmaster@reunion68.com<\/span><\/a><\/em><\/strong><\/span><\/p>\n<\/div>\n<\/div>\n<\/div>\n<hr style=\"width: 100%;\" \/>\n","protected":false},"excerpt":{"rendered":"<p>\u2018Horrifying\u2019: Germany Registers 29 Antisemitic Incidents Per Day Since Hamas Pogrom in Israel Ben Cohen A march against antisemitism in the German city of Dusseldorf. Photo: Reuters\/Ying Tang Germany has registered at least 29 antisemitic incidents per day since the Oct. 7 Hamas pogrom in southern Israel \u2014 a four-fold increase on the previous year [&hellip;]<\/p>\n","protected":false},"author":1,"featured_media":0,"comment_status":"closed","ping_status":"closed","sticky":false,"template":"","format":"standard","meta":[],"categories":[6],"tags":[26,24],"_links":{"self":[{"href":"https:\/\/www.reunion68.se\/index.php?rest_route=\/wp\/v2\/posts\/108942"}],"collection":[{"href":"https:\/\/www.reunion68.se\/index.php?rest_route=\/wp\/v2\/posts"}],"about":[{"href":"https:\/\/www.reunion68.se\/index.php?rest_route=\/wp\/v2\/types\/post"}],"author":[{"embeddable":true,"href":"https:\/\/www.reunion68.se\/index.php?rest_route=\/wp\/v2\/users\/1"}],"replies":[{"embeddable":true,"href":"https:\/\/www.reunion68.se\/index.php?rest_route=%2Fwp%2Fv2%2Fcomments&post=108942"}],"version-history":[{"count":3,"href":"https:\/\/www.reunion68.se\/index.php?rest_route=\/wp\/v2\/posts\/108942\/revisions"}],"predecessor-version":[{"id":108955,"href":"https:\/\/www.reunion68.se\/index.php?rest_route=\/wp\/v2\/posts\/108942\/revisions\/108955"}],"wp:attachment":[{"href":"https:\/\/www.reunion68.se\/index.php?rest_route=%2Fwp%2Fv2%2Fmedia&parent=108942"}],"wp:term":[{"taxonomy":"category","embeddable":true,"href":"https:\/\/www.reunion68.se\/index.php?rest_route=%2Fwp%2Fv2%2Fcategories&post=108942"},{"taxonomy":"post_tag","embeddable":true,"href":"https:\/\/www.reunion68.se\/index.php?rest_route=%2Fwp%2Fv2%2Ftags&post=108942"}],"curies":[{"name":"wp","href":"https:\/\/api.w.org\/{rel}","templated":true}]}}