{"id":108956,"date":"2024-01-14T18:09:26","date_gmt":"2024-01-14T16:09:26","guid":{"rendered":"http:\/\/www.reunion68.se\/?p=108956"},"modified":"2024-01-13T18:10:56","modified_gmt":"2024-01-13T16:10:56","slug":"06-09-84","status":"publish","type":"post","link":"https:\/\/www.reunion68.se\/?p=108956","title":{"rendered":"IPN umorzy\u0142 \u015bledztwo w sprawie akcji &#8220;Wis\u0142a&#8221;."},"content":{"rendered":"<p style=\"text-align: center;\"><img decoding=\"async\" class=\"aligncenter\" src=\"https:\/\/bi.im-g.pl\/im\/fb\/a8\/14\/z21660667AMP,Polscy-zolnierze-wysiedlaja-Ukraincow-z-jednej-z-b.jpg\" width=\"100%\"><span style=\"color: #808080;\"><em>Polscy \u017co\u0142nierze wysiedlaj\u0105 Ukrai\u0144c\u00f3w z jednej z bieszczadzkich wsi. Akcja &#8216;Wis\u0142a&#8217; rozpocz\u0119\u0142a si\u0119 28 kwietnia 1947 r. o godz. 4 r\u00f3wnocze\u015bnie w powiatach: sanockim, leskim, przemyskim, brzozowskim i cz\u0119\u015bciowo lubaczowskim. W nast\u0119pnych tygodniach by\u0142a kontynuowana w pozosta\u0142ych powiatach Lubelszczyzny i Rzeszowszczyzny. Po wysiedleniu ukrai\u0144ska ludno\u015b\u0107<\/em><\/span><\/p>\n<hr>\n<h5 style=\"text-align: center;\"><a href=\"https:\/\/wyborcza.pl\/\" target=\"_blank\" rel=\"noopener noreferrer\"><img decoding=\"async\" class=\"center alignleft\" src=\"http:\/\/www.reunion68.com\/Biuletyn\/img\/wyborcza-ale.png\" alt=\"\" width=\"35%\"><\/a><span style=\"text-decoration: underline; color: #000080;\"><span><strong><a style=\"color: #000080; text-decoration: underline;\" href=\"https:\/\/wyborcza.pl\/alehistoria\/7,121681,30458006,ipn-umorzyl-sledztwo-w-sprawie-akcji-wisla-prokurator-ustalil.html#S.MT-K.C-B.1-L.1.duzy\" target=\"_blank\" rel=\"noopener noreferrer\">IPN umorzy\u0142 \u015bledztwo w sprawie akcji &#8220;Wis\u0142a&#8221;. Prokurator ustali\u0142, \u017ce Ukrai\u0144cy sami prosili o deportacj\u0119<\/a><\/strong><\/span><\/span><\/h5>\n<p style=\"text-align: center;\"><span style=\"color: #000000;\"><strong>Iza Chru\u015bli\u0144ska<\/strong><\/span><\/p>\n<hr style=\"height: 15px; background: #d0e6fa; width: 100%;\">\n<h4 class=\"text--lead \" style=\"text-align: center;\"><span style=\"color: #808080;\"><strong>Uzasadnienie decyzji o umorzeniu jest skandaliczne. To tekst jakby \u017cywcem wyj\u0119ty z propagandy czas\u00f3w stalinowskich. Prokurator IPN powt\u00f3rzy\u0142 jej k\u0142amstwa i manipulacje.<\/strong><\/span><\/h4>\n<div class=\"article--underlead\">.<\/div>\n<div class=\"article--content article--content-free  \">\n<p class=\"text--paragraph\" style=\"text-align: left;\"><span style=\"color: #000080;\">Instytut Pami\u0119ci Narodowej umorzy\u0142 \u015bledztwo w sprawie \u201edecyzji o przesiedleniu w 1947 roku, w ramach akcji \u00bbWis\u0142a\u00ab mieszka\u0144c\u00f3w po\u0142udniowo-wschodniej Polski&#8221;. Post\u0119powanie w sprawie deportacji Ukrai\u0144c\u00f3w zosta\u0142o wszcz\u0119te przez IPN kilkana\u015bcie lat temu na wniosek Zwi\u0105zku Ukrai\u0144c\u00f3w w Polsce oraz Zjednoczenia \u0141emk\u00f3w.<\/span><\/p>\n<h4 class=\"text--title font-head-700\" style=\"text-align: left;\"><strong>IPN: akcja \u201eWis\u0142a&#8221; nie by\u0142a zbrodni\u0105<\/strong><\/h4>\n<p class=\"text--paragraph\" style=\"text-align: left;\"><span style=\"color: #000080;\">W uzasadnieniu umorzenia \u015bledztwa znalaz\u0142y si\u0119 bulwersuj\u0105ce i \u201eodkrywcze&#8221; wnioski przypominaj\u0105ce \u017cywcem tezy i argumenty u\u017cywane przez 45 lat przez komunistyczne w\u0142adze PRL.<\/span><\/p>\n<p class=\"text--paragraph\" style=\"text-align: left;\"><strong><span style=\"text-decoration: underline;\"><span style=\"color: #000080; text-decoration: underline;\"><a id=\"LinkArea:embed_link\" class=\"text--link \" style=\"color: #000080; text-decoration: underline;\" title=\"Komunikat IPN w sprawie umorzenia \u015bledztwa dotycz\u0105cego akcji 'Wis\u0142a'\" href=\"https:\/\/ipn.gov.pl\/pl\/dla-mediow\/komunikaty\/194448,Umorzenie-sledztwa-w-sprawie-decyzji-o-akcji-Wisla.html#S.embed_link-K.C-B.1-L.1.zw\" rel=\"dofollow\" data-bd-viewability=\"1\" data-bd-viewability-id=\"embed_link\" data-bd-viewability-href=\"https:\/\/ipn.gov.pl\/pl\/dla-mediow\/komunikaty\/194448,Umorzenie-sledztwa-w-sprawie-decyzji-o-akcji-Wisla.html#S.embed_link-K.C-B.1-L.1.zw\">Komunikat IPN w sprawie umorzenia \u015bledztwa dotycz\u0105cego akcji &#8220;Wis\u0142a&#8221;<\/a><\/span><\/span><\/strong><\/p>\n<p class=\"text--paragraph\" style=\"text-align: left;\"><span style=\"color: #000080;\">Prokurator stwierdzi\u0142 m.in.: \u201eZ ustale\u0144 \u015bledztwa wynika, \u017ce ewakuacja os\u00f3b o narodowo\u015bci ukrai\u0144skiej, \u0142emkowskiej i polskiej mia\u0142a charakter prewencyjny i ochronny, a nie represyjny. Zosta\u0142a przeprowadzona w konsekwencji masowych mord\u00f3w dokonywanych na miejscowej ludno\u015bci przez oddzia\u0142y Organizacji Ukrai\u0144skich Nacjonalist\u00f3w (OUN) i Ukrai\u0144skiej Powsta\u0144czej Armii (UPA). W toku \u015bledztwa nie znaleziono podstaw do stwierdzenia, \u017ce przesiedlenie stanowi\u0142o zbrodni\u0119 przeciw ludzko\u015bci ani zbrodni\u0119 komunistyczn\u0105&#8221;.<\/span><\/p>\n<\/div>\n<p style=\"text-align: center;\"><img decoding=\"async\" class=\"aligncenter\" src=\"https:\/\/bi.im-g.pl\/im\/ec\/bc\/1b\/z29083372IH,Karol-Nawrocki--prezes-IPN--Andrzej-Pozorski--zast.jpg\" width=\"100%\"><span style=\"color: #808080;\"><em>Karol Nawrocki, prezes IPN, Andrzej Pozorski, zast\u0119pca Prokuratora Generalnego, Janusz Barszcz, dyrektor Muzeum Gross-Rosen i Konrad Biero\u0144, prokurator IPN Wroc\u0142aw Fot. Andrzej Dobkiewicz<\/em><\/span><\/p>\n<p class=\"text--paragraph\" style=\"text-align: left;\"><span style=\"color: #000080;\">W uzasadnieniu mo\u017cna odnale\u017a\u0107 kluczowe k\u0142amstwa i manipulacje komunistycznych w\u0142adz w PRL, powtarzane w Polsce po 1989 r. przez \u015brodowiska antyukrai\u0144skie i kresowo-nacjonalistyczne. Poczynaj\u0105c od tezy stanowi\u0105cej credo w ci\u0105gu ca\u0142ego okresu PRL o tym, \u017ce g\u0142\u00f3wn\u0105 przyczyn\u0105 akcji &#8220;Wis\u0142a&#8221; by\u0142o zniszczenie UPA w Polsce. Prokurator IPN powtarza ten sam argument: \u201eDecyzja o akcji \u00bbWis\u0142a\u00ab dotyczy\u0142a przeprowadzenia operacji wojskowej zmierzaj\u0105cej do zwalczenia jednostek OUN-UPA, kt\u00f3re terroryzowa\u0142y i mordowa\u0142y mieszka\u0144c\u00f3w po\u0142udniowo-wschodniej Polski. Mia\u0142a na celu zapewnienie bezpiecze\u0144stwa obywateli&#8221;.<\/span><\/p>\n<h4 class=\"text--title font-head-700\" style=\"text-align: left;\"><strong>IPN: akcja \u201eWis\u0142a&#8221; by\u0142a humanitarna<\/strong><\/h4>\n<p class=\"text--paragraph\" style=\"text-align: left;\"><span style=\"color: #000080;\">W rzeczywisto\u015bci cel akcji \u201eWis\u0142a&#8221; zosta\u0142 jasno sformu\u0142owany w protokole z posiedzenia Pa\u0144stwowej Komisji Bezpiecze\u0144stwa z dnia 16 kwietnia 1947 r.: \u201eRozwi\u0105za\u0107 ostatecznie problem ukrai\u0144ski w Polsce. W tym celu: a) przeprowadzi\u0107 w porozumieniu z Pa\u0144stwowych Urz\u0119dem Repatriacyjnym ewakuacj\u0119 z po\u0142udniowego i wschodniego pasa przygranicznego wszystkich os\u00f3b narodowo\u015bci ukrai\u0144skiej na ziemie p\u00f3\u0142nocno-zachodnie, osiedlaj\u0105c je tam w mo\u017cliwie najrzadszym rozproszeniu&#8221;.<\/span><\/p>\n<p class=\"text--paragraph\" style=\"text-align: left;\"><span style=\"color: #000080;\">W decyzji prokuratora znajduj\u0105 si\u0119 r\u00f3wnie\u017c sformu\u0142owania, kt\u00f3re trudno by\u0142oby nawet odnale\u017a\u0107 w propagandzie komunistycznej: \u201eEwakuacja odbywa\u0142a si\u0119 w spos\u00f3b humanitarny. Przesiedlani zabierali ze sob\u0105 wi\u0119kszo\u015b\u0107 ruchomego dobytku i zwierz\u0119ta. W transporcie pomaga\u0142o wojsko. Zapewniano im posi\u0142ki, leki i pomoc lekarsk\u0105&#8221;.<\/span><\/p>\n<p class=\"text--paragraph\" style=\"text-align: left;\"><span style=\"color: #000080;\">Z lektury wielu relacji os\u00f3b deportowanych wynika wniosek absolutnie przeciwny. To znaczy, \u017ce w trakcie deportacji dochodzi\u0142o do akt\u00f3w przemocy ze strony wojska i funkcjonariuszy UB, a ludzie byli zmuszani pod presj\u0105 karabin\u00f3w, aby w ci\u0105gu 2 godzin zabra\u0107 dorobek ca\u0142ego \u017cycia.<\/span><\/p>\n<h4 class=\"text--title font-head-700\" style=\"text-align: left;\"><strong>IPN: akcja \u201eWis\u0142a&#8221; nie by\u0142a wymierzona w nar\u00f3d ukrai\u0144ski<\/strong><\/h4>\n<p class=\"text--paragraph\" style=\"text-align: left;\"><span style=\"color: #000080;\">Kolejny argument \u015bwiadcz\u0105cy zdaniem IPN o celowo\u015bci umorzenia \u015bledztwa: \u201ePrzy przesiedleniach nie stosowano kryterium narodowo\u015bciowego&#8221;. W cytowanym protokole Pa\u0144stwowej Komisji Bezpiecze\u0144stwa punkt b brzmi: \u201eEwakuacj\u0105 b\u0119d\u0105 obj\u0119te wszystkie odcienie narodowo\u015bci ukrai\u0144skiej z \u0141emkami w\u0142\u0105cznie, jak r\u00f3wnie\u017c mieszane rodziny polsko-ukrai\u0144skie&#8221;.<\/span><\/p>\n<p class=\"text--paragraph\" style=\"text-align: left;\"><span style=\"color: #000080;\">I dalej: \u201ePodj\u0119ta w tych okoliczno\u015bciach decyzja o akcji \u00bbWis\u0142a\u00ab mia\u0142a na celu zapewnienie bezpiecze\u0144stwa miejscowej ludno\u015bci. Przes\u0142uchani w \u015bledztwie \u015bwiadkowie przyznawali, \u017ce wprawdzie towarzysz\u0105ce akcji przesiedlenie by\u0142o przymusem, ale sami chcieli \u00bbprzeprowadzki\u00ab, aby \u00bbzacz\u0105\u0107 \u017cy\u0107 spokojnie\u00ab&#8221;. Zeznawali, \u017ce woleli opu\u015bci\u0107 domy, ni\u017c zgin\u0105\u0107, bo na rodzinnej ziemi \u00bbnie da\u0142o si\u0119 \u017cy\u0107 normalnie\u00ab&#8221;.<\/span><\/p>\n<blockquote class=\"text--quote font-quotation-500\"><p><strong>A wi\u0119c w rzeczywisto\u015bci to sami Ukrai\u0144cy domagali si\u0119 przesiedle\u0144 a \u201edobrotliwe&#8221; komunistyczne w\u0142adze PRL posz\u0142y im na r\u0119k\u0119!!!<\/strong><\/p><\/blockquote>\n<h4 class=\"text--title font-head-700\" style=\"text-align: left;\"><strong>IPN: polscy \u017co\u0142nierze pomagali Ukrai\u0144com si\u0119 pakowa\u0107<\/strong><\/h4>\n<p class=\"text--paragraph\" style=\"text-align: left;\"><span style=\"color: #000080;\">W 2023 r. dla prokuratora IPN jedynym \u017ar\u00f3d\u0142em prawdy historycznej o warunkach, w jakich przeprowadzano akcj\u0119 \u201eWis\u0142a&#8221;, s\u0105 dokumenty przyj\u0119te przez komunistyczne w\u0142adze peerelowskie (sic!): \u201eZe zgromadzonych w \u015bledztwie dokument\u00f3w \u2013 rozkaz\u00f3w, wytycznych i instrukcji dla \u017co\u0142nierzy oraz pracownik\u00f3w Pa\u0144stwowego Urz\u0119du Repatriacyjnego \u2013 wynika, \u017ce przywi\u0105zywano szczeg\u00f3ln\u0105 wag\u0119, aby przesiedlani jako obywatele pa\u0144stwa polskiego byli traktowani humanitarnie, bez wzgl\u0119du na ich narodowo\u015b\u0107.<\/span><\/p>\n<p class=\"text--paragraph\" style=\"text-align: left;\"><span style=\"color: #000080;\">Wed\u0142ug przes\u0142uchanych \u015bwiadk\u00f3w wojsko pomaga\u0142o ewakuowanym w transporcie dobytku, a osobom chorym, starszym lub rodzinom bez m\u0119\u017cczyzn \u2013 tak\u017ce w jego pakowaniu. Wed\u0142ug instrukcji szefa Sztabu Grupy Operacyjnej \u00bbWis\u0142a\u00ab w czasie podr\u00f3\u017cy do nowego miejsca osiedlenia ewakuowani mieli otrzymywa\u0107 trzy posi\u0142ki dziennie, zwierz\u0119tom za\u015b zapewniano pasz\u0119. Na potrzeby przesiedle\u0144c\u00f3w przeznaczono leki i \u015brodki opatrunkowe z zapas\u00f3w wojskowych. Ci\u0119\u017cko chorych i rodz\u0105ce kobiety transportowano do szpitali&#8221;.<\/span><\/p>\n<p class=\"text--paragraph\" style=\"text-align: left;\"><span style=\"color: #000080;\">W tym kontek\u015bcie warto przypomnie\u0107 m.in. ustalenia prof. Igora Ha\u0142agidy zawarte w publikacji \u201eDuchowni greckokatoliccy i prawos\u0142awni w Centralnym Obozie Pracy w Jaworznie (1947-1949): dokumenty i materia\u0142y&#8221;, wydanej notabene przez Instytut Pami\u0119ci Narodowej w roku 2012, \u017ce w\u015br\u00f3d os\u00f3b deportowanych w trakcie akcji &#8220;Wis\u0142a&#8221; i osadzonych bez wyrok\u00f3w s\u0105dowych w obozie koncentracyjnym w Jaworznie (Centralny Ob\u00f3z Pracy w Jaworznie) \u201eznalaz\u0142o ponad 800 kobiet (w tym ok. 80 w ci\u0105\u017cy), kilkana\u015bcioro dzieci, ponad 100 starc\u00f3w i kalek&#8221; .<\/span><\/p>\n<p class=\"text--paragraph\" style=\"text-align: left;\"><span style=\"color: #000080;\">Decyzja Oddzia\u0142owej Komisji \u015acigania Zbrodni przeciwko Narodowi Polskiemu w IPN stoi w sprzeczno\u015bci z faktami ustalonymi przez wielu polskich historyk\u00f3w, w tym m.in. profesor\u00f3w Grzegorza Motyk\u0119, Jana Pisuli\u0144skiego, Igora Ha\u0142agid\u0119.<\/span><\/p>\n<p class=\"text--paragraph\" style=\"text-align: left;\"><span style=\"color: #000080;\">Co wi\u0119cej, zaprzecza ona tak\u017ce tre\u015bci uchwa\u0142y przyj\u0119tej przez Senat RP w dniu 3 sierpnia 1990 r. w sprawie akcji \u201eWis\u0142a&#8221;. W uchwale Senat RP pot\u0119pi\u0142 akcj\u0119 \u201eWis\u0142a&#8221;, \u201ew kt\u00f3rej zastosowano zasad\u0119 odpowiedzialno\u015bci zbiorowej w\u0142a\u015bciw\u0105 dla system\u00f3w totalitarnych&#8221;.<\/span><\/p>\n<h4 class=\"text--title font-head-700\" style=\"text-align: left;\"><strong>IPN nie pami\u0119ta, co ustali\u0142 IPN<\/strong><\/h4>\n<p class=\"text--paragraph\" style=\"text-align: left;\"><span style=\"color: #000080;\">Akcja \u201eWis\u0142a&#8221; by\u0142a najwi\u0119ksz\u0105 operacj\u0105 wojskow\u0105 dokonan\u0105 w powojennej Polsce. Do akcji przesiedle\u0144 skierowano ok. 20 tys. \u017co\u0142nierzy Wojska Polskiego i Korpusu Bezpiecze\u0144stwa Wewn\u0119trznego, kt\u00f3rych wspomaga\u0142a Milicja Obywatelska, Urz\u0105d Bezpiecze\u0144stwa Publicznego, oddzia\u0142y Wojsk Ochrony Pogranicza. Z si\u0142ami polskimi wsp\u00f3\u0142pracowali \u017co\u0142nierze sowieccy i czechos\u0142owaccy, blokuj\u0105cy granic\u0119 z Polsk\u0105<\/span>.<\/p>\n<blockquote class=\"text--quote font-quotation-500\"><p><strong>W jej trakcie na Ziemie Zachodnie i P\u00f3\u0142nocne przymusowo przesiedlono ponad 140 tys. ludno\u015bci ukrai\u0144skiej z po\u0142udniowo-wschodniej Polski.<\/strong><\/p><\/blockquote>\n<p class=\"text--paragraph\" style=\"text-align: left;\"><span style=\"color: #000080;\">Akcja rozpocz\u0119ta o \u015bwicie 28 kwietnia 1947 r. trwa\u0142a trzy miesi\u0105ce, chocia\u017c ostatnie przesiedlenia trwa\u0142y do 1950 r. Decyzj\u0119 o deportacji Ukrai\u0144c\u00f3w podj\u0119\u0142o Biuro Polityczne KC PPR 29 marca 1947. Akcja przebiega\u0142a w spos\u00f3b brutalny i bezwzgl\u0119dny. W czasie deportacji w\u0142adze komunistyczne dokonywa\u0142y zatrzymania os\u00f3b, kt\u00f3re uznawa\u0142y za \u201epodejrzewane&#8221; o wsp\u00f3\u0142prac\u0119 z Ukrai\u0144sk\u0105 Powsta\u0144cz\u0105 Armi\u0105. Osoby te nast\u0119pnie bez wyrok\u00f3w s\u0105dowych uwi\u0119ziono w obozie koncentracyjnym w Jaworznie. W stosunku do nich zastosowano brutalne metody \u015bledztwa, w tym tortury. W obozie tym 161 Ukrai\u0144c\u00f3w ponios\u0142o \u015bmier\u0107, kt\u00f3rej przyczyn\u0105 by\u0142 g\u0142\u00f3d, choroby i tortury. Fakty te zosta\u0142y potwierdzone m.in. w \u015bledztwie prowadzonym przez prokuratora IPN-owskiej Komisji \u015acigania Zbrodni przeciwko Narodowi Polskiemu w Katowicach.<\/span><\/p>\n<h4 class=\"text--title font-head-700\" style=\"text-align: left;\"><strong>IPN: Senat w sprawie akcji \u201eWis\u0142a&#8221; myli\u0142 si\u0119<\/strong><\/h4>\n<p class=\"text--paragraph\" style=\"text-align: left;\"><span style=\"color: #000080;\">Zaproponowana wyk\u0142adnia powojennej historii obywateli polskich narodowo\u015bci ukrai\u0144skiej usprawiedliwiaj\u0105ca zbrodnie komunistycznego pa\u0144stwa zrealizowane w stalinowskim stylu jest podwa\u017ceniem polityki pa\u0144stwa polskiego po 1989 r. wobec tej grupy obywateli. Jest to r\u00f3wnie\u017c akt swoistej dywersji w stosunku do dzia\u0142a\u0144 wielu \u015brodowisk w Polsce oraz Senatu RP na rzecz poszanowania podstawowych praw obywatelskich i pojednania polsko-ukrai\u0144skiego.<\/span><\/p>\n<hr style=\"height: 15px; background: #d0e6fa; width: 100%;\">\n<p style=\"text-align: center;\"><em>Zawarto\u015b\u0107 publikowanych artyku\u0142\u00f3w i materia\u0142\u00f3w nie reprezentuje pogl\u0105d\u00f3w ani opinii Reunion&#8217;68,<\/em><em><br \/>\nani te\u017c webmastera Blogu Reunion&#8217;68, chyba ze jest to wyra\u017anie zaznaczone.<br \/>\nTwoje uwagi, linki, w\u0142asne artyku\u0142y lub wiadomo\u015bci prze\u015blij na adres:<br \/>\n<\/em><span style=\"color: #000080;\"><strong><em><a style=\"color: #000080;\" href=\"mailto:webmaster@reunion68.com\"><span style=\"text-decoration: underline;\">webmaster@reunion68.com<\/span><\/a><\/em><\/strong><\/span><\/p>\n<hr style=\"width: 100%;\">\n","protected":false},"excerpt":{"rendered":"<p>Polscy \u017co\u0142nierze wysiedlaj\u0105 Ukrai\u0144c\u00f3w z jednej z bieszczadzkich wsi. Akcja &#8216;Wis\u0142a&#8217; rozpocz\u0119\u0142a si\u0119 28 kwietnia 1947 r. o godz. 4 r\u00f3wnocze\u015bnie w powiatach: sanockim, leskim, przemyskim, brzozowskim i cz\u0119\u015bciowo lubaczowskim. W nast\u0119pnych tygodniach by\u0142a kontynuowana w pozosta\u0142ych powiatach Lubelszczyzny i Rzeszowszczyzny. Po wysiedleniu ukrai\u0144ska ludno\u015b\u0107 IPN umorzy\u0142 \u015bledztwo w sprawie akcji &#8220;Wis\u0142a&#8221;. Prokurator ustali\u0142, \u017ce [&hellip;]<\/p>\n","protected":false},"author":1,"featured_media":0,"comment_status":"closed","ping_status":"closed","sticky":false,"template":"","format":"standard","meta":[],"categories":[6],"tags":[26,24],"_links":{"self":[{"href":"https:\/\/www.reunion68.se\/index.php?rest_route=\/wp\/v2\/posts\/108956"}],"collection":[{"href":"https:\/\/www.reunion68.se\/index.php?rest_route=\/wp\/v2\/posts"}],"about":[{"href":"https:\/\/www.reunion68.se\/index.php?rest_route=\/wp\/v2\/types\/post"}],"author":[{"embeddable":true,"href":"https:\/\/www.reunion68.se\/index.php?rest_route=\/wp\/v2\/users\/1"}],"replies":[{"embeddable":true,"href":"https:\/\/www.reunion68.se\/index.php?rest_route=%2Fwp%2Fv2%2Fcomments&post=108956"}],"version-history":[{"count":11,"href":"https:\/\/www.reunion68.se\/index.php?rest_route=\/wp\/v2\/posts\/108956\/revisions"}],"predecessor-version":[{"id":108973,"href":"https:\/\/www.reunion68.se\/index.php?rest_route=\/wp\/v2\/posts\/108956\/revisions\/108973"}],"wp:attachment":[{"href":"https:\/\/www.reunion68.se\/index.php?rest_route=%2Fwp%2Fv2%2Fmedia&parent=108956"}],"wp:term":[{"taxonomy":"category","embeddable":true,"href":"https:\/\/www.reunion68.se\/index.php?rest_route=%2Fwp%2Fv2%2Fcategories&post=108956"},{"taxonomy":"post_tag","embeddable":true,"href":"https:\/\/www.reunion68.se\/index.php?rest_route=%2Fwp%2Fv2%2Ftags&post=108956"}],"curies":[{"name":"wp","href":"https:\/\/api.w.org\/{rel}","templated":true}]}}