{"id":109299,"date":"2023-12-13T18:00:46","date_gmt":"2023-12-13T16:00:46","guid":{"rendered":"http:\/\/www.reunion68.se\/?p=109299"},"modified":"2023-12-13T12:51:06","modified_gmt":"2023-12-13T10:51:06","slug":"19-00-84","status":"publish","type":"post","link":"https:\/\/www.reunion68.se\/?p=109299","title":{"rendered":"Szyderstwem na g\u0142upot\u0119 i chamstwo. \u017bydzi w \u0141odzi kpi\u0105 z prowokacji Grzegorza Brauna"},"content":{"rendered":"<h5 style=\"text-align: center;\"><a href=\"https:\/\/lodz.wyborcza.pl\/\" target=\"_blank\" rel=\"noopener noreferrer\"><img decoding=\"async\" class=\"center alignleft\" src=\"http:\/\/www.reunion68.com\/Biuletyn\/img\/wyborcza-lodz.png\" alt=\"\" width=\"35%\" \/><\/a><span style=\"text-decoration: underline; color: #000080;\"><strong><a style=\"color: #000080; text-decoration: underline;\" href=\"https:\/\/lodz.wyborcza.pl\/lodz\/7,35136,30501447,szyderstwem-na-glupote-i-chamstwo-zydzi-w-lodzi-kpia-z-popisu.html\" target=\"_blank\" rel=\"noopener noreferrer\">Szyderstwem na g\u0142upot\u0119 i chamstwo. \u017bydzi w \u0141odzi kpi\u0105 z prowokacji Grzegorza Brauna<\/a><\/strong><\/span><\/h5>\n<p style=\"text-align: center;\"><span style=\"color: #000000;\"><strong>Tomasz Matusiak<\/strong><\/span><\/p>\n<hr style=\"height: 15px; background: #d0e6fa; width: 100%;\" \/>\n<div class=\"text--lead \" style=\"text-align: left;\" data-progress-bar-content=\"\"><span style=\"color: #000080;\">Taki cz\u0142owiek nie mo\u017ce nam zepsu\u0107 \u015bwi\u0119ta, cho\u0107 to, co zrobi\u0142, jest rzeczywi\u015bcie karygodne &#8211; m\u00f3wi J\u00f3zef Weininger, przewodnicz\u0105cy Gminy Wyznaniowej \u017bydowskiej w \u0141odzi. Tymczasem w sieci wiralem sta\u0142a si\u0119 &#8220;sz\u00f3sta \u015bwieca&#8221; &#8211; prze\u015bmiewcze nagranie z profilu \u0142\u00f3dzkiego rabina.<\/span><\/div>\n<div data-progress-bar-content=\"\">.<\/div>\n<p class=\"text--paragraph\" style=\"text-align: left;\"><span style=\"color: #000080;\">&#8220;Sz\u00f3sta \u015bwieca&#8221; &#8211; czyli ga\u015bnica &#8211; pojawi\u0142a si\u0119 jako rekwizyt w ta\u0144cu podczas \u015bwi\u0119towania Chanuki w Gminie Wyznaniowej \u017bydowskiej w \u0141odzi. Takie prze\u015bmiewcze nagranie zamie\u015bci\u0142 w mediach spo\u0142eczno\u015bciowych \u0142\u00f3dzki rabin Dawid Szychowski\u00a0 jeszcze tego samego dnia, kiedy w Sejmie pose\u0142 Konfederacji Grzegorz Braun w antysemickim ge\u015bcie u\u017cy\u0142 ga\u015bnicy do zgaszenia \u015bwiec chanukowych. Wideo b\u0142yskawicznie zdobywa popularno\u015b\u0107 w mediach spo\u0142eczno\u015bciowych.<\/span><\/p>\n<p style=\"text-align: center;\"><img decoding=\"async\" class=\"aligncenter\" src=\"https:\/\/www.algemeiner.com\/wp-content\/uploads\/2023\/12\/Screen-Shot-2023-12-12-at-11.26.14-AM.jpg\" width=\"100%\" \/><span style=\"color: #808080;\"><em>Antysemicki polski pose\u0142 Grzegorz Braun widziany chwil\u0119 po zgaszeniu menory chanukowej w polskim parlamencie. Zdj\u0119cie: Zrzut ekranu<\/em><\/span><\/p>\n<p style=\"text-align: left;\"><span style=\"color: #000080;\">Grzegorz Braun nie zepsu\u0142 im Chanuki. &#8220;Niczego nie osi\u0105gn\u0105\u0142&#8221;<\/span><\/p>\n<p style=\"text-align: left;\"><span style=\"color: #000080;\">Przewodnicz\u0105cy \u0142\u00f3dzkiej gminy wyznaniowej J\u00f3zef Weininger przypomina, \u017ce to nie pierwsze kontrowersyjne zachowanie Grzegorza Brauna, jednego z lider\u00f3w Konfederacji. &#8211; Nie dalej jak p\u00f3\u0142 roku temu zachowywa\u0142 si\u0119 podobnie\u00a0podczas wyk\u0142adu o Holocau\u015bcie, gdzie rozbi\u0142 mikrofon &#8211; m\u00f3wi J\u00f3zef Weininger. &#8211; Wtedy nie poni\u00f3s\u0142 \u017cadnych konsekwencji. Je\u015bli ich nie poniesie, b\u0119dzie si\u0119 nadal tak zachowywa\u0142. Trzeba natomiast podzi\u0119kowa\u0107 pos\u0142om za natychmiastow\u0105, zdecydowan\u0105 reakcj\u0119.<\/span><\/p>\n<p class=\"text--paragraph\" style=\"text-align: left;\"><span style=\"color: #000080;\">Przewodnicz\u0105cy uznaje zachowania pos\u0142a Brauna za z premedytacj\u0105 zaplanowan\u0105 prowokacj\u0119 &#8211; w bardzo wa\u017cnym dniu dla polskiego Sejmu, kiedy na Polsk\u0119 zwr\u00f3cone s\u0105 oczy ca\u0142ej Europy i \u015bwiata, tak\u017ce w bardzo wa\u017cnym dniu\u00a0 dla wszystkich wyznawc\u00f3w judaizmu. &#8211; Przede wszystkim t\u0119 sytuacj\u0119 powinno oceni\u0107 te 27 tys. os\u00f3b, kt\u00f3re na tego cz\u0142owieka g\u0142osowa\u0142y w ostatnich wyborach &#8211; stwierdza J\u00f3zef Weininger. &#8211; Je\u015bli kto\u015b mia\u0142 dot\u0105d w\u0105tpliwo\u015bci, to Grzegorz Braun si\u0119 w\u0142a\u015bnie w pe\u0142ni obna\u017cy\u0142, pokaza\u0142, kim jest.<\/span><\/p>\n<p class=\"text--paragraph\" style=\"text-align: left;\"><span style=\"color: #000080;\">Na pytanie o nagranie z profilu rabina przewodnicz\u0105cy gminy odpowiada: &#8211; Taki cz\u0142owiek jak pose\u0142 Grzegorz Braun nie mo\u017ce nam zepsu\u0107 \u015bwi\u0119ta, cho\u0107 to, co zrobi\u0142, jest rzeczywi\u015bcie karygodne. Gdyby nam zepsu\u0142 Chanuk\u0119, osi\u0105gn\u0105\u0142by sw\u00f3j cel. Tymczasem \u017cadnego celu nie osi\u0105gn\u0105\u0142, zrobi\u0142 tylko wstyd. Niestety tak\u017ce wstyd dla Polski.<\/span><\/p>\n<h4 class=\"text--title font-head-700\" style=\"text-align: left;\"><strong>Antysemityzm s\u0105czy si\u0119 w komentarzach<\/strong><\/h4>\n<p class=\"text--paragraph\" style=\"text-align: left;\"><span style=\"color: #000080;\">Komentarze\u00a0na Facebooku s\u0105 r\u00f3\u017cne &#8211; nic dziwnego, wszak jest ich przesz\u0142o 450 (na godz. 8.30 nazajutrz po zamieszczeniu filmiku). Zdecydowana wi\u0119kszo\u015b\u0107 chwali widocznych na nagraniu wyznawc\u00f3w judaizmu za dystans.<\/span><\/p>\n<p class=\"text--paragraph\" style=\"text-align: left;\"><span style=\"color: #000080;\">&#8220;Pi\u0119kna odpowied\u017a na g\u0142upot\u0119 i rasizm Brauna, tak trzymajcie&#8221; &#8211; pisze pan Zbigniew.<\/span><\/p>\n<p class=\"text--paragraph\" style=\"text-align: left;\"><span style=\"color: #000080;\">&#8220;Super. Najlepszy spos\u00f3b na oszo\u0142om\u00f3w z prawej czy lewej strony. Dobry humor i dystans&#8221; &#8211; komentuje pan Jaros\u0142aw.<\/span><\/p>\n<p style=\"text-align: left;\"><span style=\"color: #000080;\">Ale pojawiaj\u0105 si\u0119 te\u017c pojedyncze g\u0142osy, \u017ce to \u015bmianie si\u0119 z powa\u017cnego problemu, jakim jest antysemityzm. Oczywi\u015bcie antysemici te\u017c komentuj\u0105 post (g\u0142\u00f3wnie z tzw. troll kont), niekt\u00f3rzy jawnie \u0142ami\u0105 przy tym prawo, jak np. kto\u015b (konto &#8220;Denis Santi&#8221;), kto wstawi\u0142 zdj\u0119cie Hitlera z podpisem &#8220;Jude raus!&#8221; (zg\u0142oszone). Znalaz\u0142y si\u0119 w\u015br\u00f3d nich tak\u017ce wpisy sugeruj\u0105ce, \u017ce Grzegorz Braun sam jest \u017bydem.<\/span><\/p>\n<hr \/>\n<div class=\"bio--article-image-container img--fluid img--round\" style=\"text-align: left;\"><img decoding=\"async\" class=\"bio--article-image alignleft\" src=\"https:\/\/bi.im-g.pl\/im\/6f\/02\/1d\/z30418543IAR.jpg\" width=\"15%\" \/><\/div>\n<div class=\"bio--article-desc-container\" style=\"text-align: left;\"><span style=\"color: #808080;\"><em><a id=\"LinkArea:author_bio\" class=\"bio--article-desc-name bio--article-desc-name-link font-head-300\" style=\"color: #808080;\" href=\"https:\/\/autorzy.wyborcza.pl\/autor\/62bec832a03e255e12889bd6\/Tomasz-Matusiak#S.author_bio-K.C-B.1-L.1.zw\"><strong>Tomasz Matusiak<\/strong> &#8211; <\/a>W \u0142\u00f3dzkiej redakcji &#8220;Gazety Wyborczej&#8221; od 2022 roku. Zajmuj\u0119 si\u0119 g\u0142\u00f3wnie polityk\u0105, sprawami s\u0105dowymi i s\u0142u\u017cbami mundurowymi. Interesuje mnie te\u017c problematyka spo\u0142eczna.<\/em><\/span><\/div>\n<hr style=\"height: 15px; background: #d0e6fa; width: 100%;\" \/>\n<div id=\"content\" class=\"content-alignment\">\n<div id=\"watch-description\" class=\"yt-uix-button-panel\">\n<div id=\"watch-description-text\" style=\"text-align: center;\">\n<p><em>Zawarto\u015b\u0107 publikowanych artyku\u0142\u00f3w i materia\u0142\u00f3w nie reprezentuje pogl\u0105d\u00f3w ani opinii Reunion&#8217;68,<\/em><em><br \/>\nani te\u017c webmastera Blogu Reunion&#8217;68, chyba ze jest to wyra\u017anie zaznaczone.<br \/>\nTwoje uwagi, linki, w\u0142asne artyku\u0142y lub wiadomo\u015bci prze\u015blij na adres:<br \/>\n<\/em><span style=\"color: #000080;\"><strong><em><a style=\"color: #000080;\" href=\"mailto:webmaster@reunion68.com\"><span style=\"text-decoration: underline;\">webmaster@reunion68.com<\/span><\/a><\/em><\/strong><\/span><\/p>\n<\/div>\n<\/div>\n<\/div>\n<hr style=\"width: 100%;\" \/>\n","protected":false},"excerpt":{"rendered":"<p>Szyderstwem na g\u0142upot\u0119 i chamstwo. \u017bydzi w \u0141odzi kpi\u0105 z prowokacji Grzegorza Brauna Tomasz Matusiak Taki cz\u0142owiek nie mo\u017ce nam zepsu\u0107 \u015bwi\u0119ta, cho\u0107 to, co zrobi\u0142, jest rzeczywi\u015bcie karygodne &#8211; m\u00f3wi J\u00f3zef Weininger, przewodnicz\u0105cy Gminy Wyznaniowej \u017bydowskiej w \u0141odzi. Tymczasem w sieci wiralem sta\u0142a si\u0119 &#8220;sz\u00f3sta \u015bwieca&#8221; &#8211; prze\u015bmiewcze nagranie z profilu \u0142\u00f3dzkiego rabina. . [&hellip;]<\/p>\n","protected":false},"author":1,"featured_media":0,"comment_status":"closed","ping_status":"closed","sticky":false,"template":"","format":"standard","meta":[],"categories":[6],"tags":[26,24],"_links":{"self":[{"href":"https:\/\/www.reunion68.se\/index.php?rest_route=\/wp\/v2\/posts\/109299"}],"collection":[{"href":"https:\/\/www.reunion68.se\/index.php?rest_route=\/wp\/v2\/posts"}],"about":[{"href":"https:\/\/www.reunion68.se\/index.php?rest_route=\/wp\/v2\/types\/post"}],"author":[{"embeddable":true,"href":"https:\/\/www.reunion68.se\/index.php?rest_route=\/wp\/v2\/users\/1"}],"replies":[{"embeddable":true,"href":"https:\/\/www.reunion68.se\/index.php?rest_route=%2Fwp%2Fv2%2Fcomments&post=109299"}],"version-history":[{"count":12,"href":"https:\/\/www.reunion68.se\/index.php?rest_route=\/wp\/v2\/posts\/109299\/revisions"}],"predecessor-version":[{"id":109325,"href":"https:\/\/www.reunion68.se\/index.php?rest_route=\/wp\/v2\/posts\/109299\/revisions\/109325"}],"wp:attachment":[{"href":"https:\/\/www.reunion68.se\/index.php?rest_route=%2Fwp%2Fv2%2Fmedia&parent=109299"}],"wp:term":[{"taxonomy":"category","embeddable":true,"href":"https:\/\/www.reunion68.se\/index.php?rest_route=%2Fwp%2Fv2%2Fcategories&post=109299"},{"taxonomy":"post_tag","embeddable":true,"href":"https:\/\/www.reunion68.se\/index.php?rest_route=%2Fwp%2Fv2%2Ftags&post=109299"}],"curies":[{"name":"wp","href":"https:\/\/api.w.org\/{rel}","templated":true}]}}