{"id":10930,"date":"2014-12-16T19:05:14","date_gmt":"2014-12-16T17:05:14","guid":{"rendered":"http:\/\/www.reunion68.se\/?p=10930"},"modified":"2014-12-16T12:57:57","modified_gmt":"2014-12-16T10:57:57","slug":"10930","status":"publish","type":"post","link":"https:\/\/www.reunion68.se\/?p=10930","title":{"rendered":"Kto nas uczy antysemityzmu"},"content":{"rendered":"<h5 style=\"text-align: center;\"><a href=\"http:\/\/kulturaliberalna.pl\/\" target=\"_blank\"><img decoding=\"async\" class=\"center alignleft\" src=\"http:\/\/www.reunion68.com\/Biuletyn\/img\/k-liberalna.png\" alt=\"\" \/><\/a><span style=\"text-decoration: underline; color: #000080;\"><span style=\"text-decoration: underline;\"><strong><a style=\"color: #000080; text-decoration: underline;\" href=\"http:\/\/kulturaliberalna.pl\/2014\/12\/16\/polacy-antysemityzm-ireneusz-krzeminski-rozmowa\/\" target=\"_blank\">Kto nas uczy antysemityzmu<\/a><\/strong><\/span><\/span><\/h5>\n<p style=\"text-align: center;\"><strong><span style=\"color: #333333;\">Z Ireneuszem Krzemi\u0144skim rozmawia Iza Mrzyg\u0142\u00f3d <\/span><\/strong><\/p>\n<hr style=\"height: 15px; background: #d0e6fa; width: 710px;\" \/>\n<div id=\"attachment_45207\" style=\"width: 360px\" class=\"wp-caption alignright\"><img aria-describedby=\"caption-attachment-45207\" decoding=\"async\" class=\"wp-image-45207 size-medium\" src=\"http:\/\/kulturaliberalna.pl\/wp-content\/uploads\/2014\/12\/Ilu_wywiad-z-Krzemi\u0144skim-550x388.jpg\" alt=\"Ilu_wywiad z Krzemi\u0144skim\" width=\"350\" \/><p id=\"caption-attachment-45207\" class=\"wp-caption-text\"><span style=\"color: #000080;\"><em>Ilustracja: Kamil Burman<\/em><\/span><\/p><\/div>\n<p style=\"text-align: left;\"><span style=\"color: #333333;\"><strong>O polskim antysemityzmie i to\u017csamo\u015bci narodowej oraz roli, jak\u0105 mo\u017ce odegra\u0107 Muzeum Historii \u017byd\u00f3w Polskich, m\u00f3wi profesor Ireneusz Krzemi\u0144ski, polemizuj\u0105c z Aleksandrem Smolarem.<\/strong><\/span><\/p>\n<p style=\"text-align: left;\"><span style=\"color: #000080;\">Iza Mrzyg\u0142\u00f3d: Zacznijmy mo\u017ce od podstawowego pytania. W wywiadzie dla \u201eKultury Liberalnej\u201d Aleksander Smolar m\u00f3wi z jednej strony o trwa\u0142o\u015bci polskiego antysemityzmu, na kt\u00f3ry niewielki wp\u0142yw mia\u0142y debaty tocz\u0105ce si\u0119 w ostatnich latach, a z drugiej \u2013 o tym, \u017ce ten antysemityzm jest dosy\u0107 p\u0142ytki, nie mobilizuje silnych emocji i nigdy po 1989 r. nie znalaz\u0142 swojego politycznego wyrazu. Czy zgodzi si\u0119 pan z tak\u0105 diagnoz\u0105?<\/span><\/p>\n<p style=\"text-align: left;\"><span style=\"color: #000080;\">Ireneusz Krzemi\u0144ski: Aleksander Smolar powtarza tutaj tezy profesora Antoniego Su\u0142ka sprzed jakiego\u015b czasu, kt\u00f3ry m\u00f3wi\u0142, \u017ce poziom polskiego antysemityzmu spada, a nawet je\u015bli wyst\u0119puje, to w\u0142a\u015bciwie ma on charakter peryferyjny \u2013 tzn. \u017ce s\u0105 to postawy na co dzie\u0144 nieobecne. Dopiero wtedy, gdy si\u0119 dopyta o \u017byd\u00f3w, to ludzie reaguj\u0105. A zatem \u2013 generalnie wszystko jest w porz\u0105dku.<\/span><\/p>\n<p style=\"text-align: left;\"><span style=\"color: #000080;\">Musz\u0119 si\u0119 zgodzi\u0107 jedynie z tez\u0105, \u017ce odsetek antysemit\u00f3w w polskim spo\u0142ecze\u0144stwie si\u0119 zmniejsza, ale du\u017co zale\u017cy od sposobu, w jaki mierzy si\u0119 postawy antysemickie, a tak\u017ce od tego, jak si\u0119 bada i analizuje zwi\u0105zki postaw antysemickich z innymi przekonaniami. Natomiast ca\u0142kowicie nie zgadzam si\u0119 z opini\u0105, \u017ce antysemityzm odgrywa marginaln\u0105 rol\u0119, \u017ce w\u0142a\u015bciwie to nieaktywna postawa, kt\u00f3ra pojawia si\u0119 wyj\u0105tkowo.<\/span><\/p>\n<p style=\"text-align: left;\"><span style=\"color: #333333;\"><strong>Jakie zatem jest jego znaczenie?<\/strong><\/span><\/p>\n<p style=\"text-align: left;\"><span style=\"color: #000080;\">Dla mnie antysemityzm to pewna istotna postawa, kt\u00f3ra jest zwi\u0105zana z okre\u015blon\u0105 wizj\u0105 \u015bwiata. Ulokowana na g\u0142\u0119bokim poziomie, wi\u0105\u017ce si\u0119 ze sposobami porz\u0105dkowania rzeczywisto\u015bci \u2013 tworzenia schemat\u00f3w poznawczych. W naszym pierwszym badaniu nazwali\u015bmy go \u201epostaw\u0105 g\u0142\u0119bok\u0105\u201d. M\u00f3wi\u0119 tu o tzw. nowoczesnym antysemityzmie, stworzonym przez ideologi\u0119 antysemick\u0105, kt\u00f3ry zwi\u0105zany jest tak\u017ce z przekonaniami narodowymi. W naszych badaniach faktycznie wida\u0107, \u017ce poziom tego typu antysemityzmu spada. W 1992 r. by\u0142o to 17 proc., p\u00f3\u017aniej wzr\u00f3s\u0142 do 27 proc. i teraz mamy spadek \u2013 teraz oko\u0142o 20 proc. naszych badanych, kt\u00f3rych mo\u017cemy uog\u00f3lnia\u0107 na ca\u0142\u0105 populacj\u0119 Polak\u00f3w, prezentuje taki typ antysemityzmu.<\/span><\/p>\n<p style=\"text-align: right;\"><span style=\"color: #000080;\">Czytaj dalej tu: <span style=\"text-decoration: underline;\"><strong><a style=\"color: #000080; text-decoration: underline;\" href=\"http:\/\/kulturaliberalna.pl\/2014\/12\/16\/polacy-antysemityzm-ireneusz-krzeminski-rozmowa\/\" target=\"_blank\">Kto nas uczy antysemityzmu<\/a><\/strong><\/span><\/span><\/p>\n<hr style=\"height: 15px; background: #d0e6fa; width: 710px;\" \/>\n<div id=\"content\" class=\"  content-alignment&lt;br \/&gt;&lt;br \/&gt; \">\n<div id=\"watch-description\" class=\"yt-uix-button-panel\">\n<div id=\"watch-description-text\">\n<p style=\"text-align: center;\"><span style=\"color: #808080;\"> twoje uwagi, linki, wlasne artykuly, lub wiadomosci przeslij do: <strong><span style=\"text-decoration: underline;\"><span style=\"color: #808080; text-decoration: underline;\"><a href=\"mailto:webmaster@reunion68.com\">webmaster@reunion68.com<\/a><\/span><\/span><\/strong><\/span><\/p>\n<\/div>\n<\/div>\n<\/div>\n<p>&nbsp;<\/p>\n<hr style=\"width: 710px;\" \/>\n","protected":false},"excerpt":{"rendered":"<p>Kto nas uczy antysemityzmu Z Ireneuszem Krzemi\u0144skim rozmawia Iza Mrzyg\u0142\u00f3d O polskim antysemityzmie i to\u017csamo\u015bci narodowej oraz roli, jak\u0105 mo\u017ce odegra\u0107 Muzeum Historii \u017byd\u00f3w Polskich, m\u00f3wi profesor Ireneusz Krzemi\u0144ski, polemizuj\u0105c z Aleksandrem Smolarem. Iza Mrzyg\u0142\u00f3d: Zacznijmy mo\u017ce od podstawowego pytania. W wywiadzie dla \u201eKultury Liberalnej\u201d Aleksander Smolar m\u00f3wi z jednej strony o trwa\u0142o\u015bci polskiego antysemityzmu, [&hellip;]<\/p>\n","protected":false},"author":1,"featured_media":0,"comment_status":"closed","ping_status":"closed","sticky":false,"template":"","format":"standard","meta":[],"categories":[1,6],"tags":[24],"_links":{"self":[{"href":"https:\/\/www.reunion68.se\/index.php?rest_route=\/wp\/v2\/posts\/10930"}],"collection":[{"href":"https:\/\/www.reunion68.se\/index.php?rest_route=\/wp\/v2\/posts"}],"about":[{"href":"https:\/\/www.reunion68.se\/index.php?rest_route=\/wp\/v2\/types\/post"}],"author":[{"embeddable":true,"href":"https:\/\/www.reunion68.se\/index.php?rest_route=\/wp\/v2\/users\/1"}],"replies":[{"embeddable":true,"href":"https:\/\/www.reunion68.se\/index.php?rest_route=%2Fwp%2Fv2%2Fcomments&post=10930"}],"version-history":[{"count":15,"href":"https:\/\/www.reunion68.se\/index.php?rest_route=\/wp\/v2\/posts\/10930\/revisions"}],"predecessor-version":[{"id":10933,"href":"https:\/\/www.reunion68.se\/index.php?rest_route=\/wp\/v2\/posts\/10930\/revisions\/10933"}],"wp:attachment":[{"href":"https:\/\/www.reunion68.se\/index.php?rest_route=%2Fwp%2Fv2%2Fmedia&parent=10930"}],"wp:term":[{"taxonomy":"category","embeddable":true,"href":"https:\/\/www.reunion68.se\/index.php?rest_route=%2Fwp%2Fv2%2Fcategories&post=10930"},{"taxonomy":"post_tag","embeddable":true,"href":"https:\/\/www.reunion68.se\/index.php?rest_route=%2Fwp%2Fv2%2Ftags&post=10930"}],"curies":[{"name":"wp","href":"https:\/\/api.w.org\/{rel}","templated":true}]}}