{"id":109436,"date":"2023-12-18T18:09:57","date_gmt":"2023-12-18T16:09:57","guid":{"rendered":"http:\/\/www.reunion68.se\/?p=109436"},"modified":"2023-12-18T08:57:10","modified_gmt":"2023-12-18T06:57:10","slug":"24-09-92","status":"publish","type":"post","link":"https:\/\/www.reunion68.se\/?p=109436","title":{"rendered":"Chanuka pe\u0142na \u015bwiat\u0142a. Uroczysty koncert chanukowy 2023\/5784"},"content":{"rendered":"<p><img decoding=\"async\" src=\"https:\/\/www.jhi.pl\/storage\/image\/core_files\/2021\/1\/4\/dc409bbfd765032572fe7e72e35c47f6\/jpg\/jhi\/header\/JHI_thumbnail_1.webp\" width=\"100%\" \/><\/p>\n<hr \/>\n<h5 style=\"text-align: center;\"><a href=\"\/\/www.jhi.pl\/\" target=\"_blank\" rel=\"noopener noreferrer\"><img decoding=\"async\" class=\"center alignleft\" src=\"http:\/\/www.reunion68.com\/Biuletyn\/img\/zih-1.png\" alt=\"\" width=\"35%\" \/><\/a><span style=\"text-decoration: underline; color: #000080;\"><span style=\"text-decoration: underline;\"><strong><a style=\"color: #000080; text-decoration: underline;\" href=\"https:\/\/www.jhi.pl\/artykuly\/chanuka-pelna-swiatla--uroczysty-koncert-chanukowy-2023,7438\" target=\"_blank\" rel=\"noopener noreferrer\">Chanuka pe\u0142na \u015bwiat\u0142a. Uroczysty koncert chanukowy 2023\/5784<\/a><\/strong><\/span><\/span><\/h5>\n<p style=\"text-align: center;\"><span style=\"color: #000000;\"><strong>Natasza Majewska<\/strong><\/span><\/p>\n<hr style=\"height: 15px; background: #d0e6fa; width: 100%;\" \/>\n<h4 style=\"text-align: center;\"><span style=\"color: #808080;\"><strong>7 grudnia ju\u017c po raz trzeci spotkali\u015bmy si\u0119 w Filharmonii Narodowej, by uroczystym koncertem \u015bwi\u0119towa\u0107 Chanuk\u0119 i zako\u0144czenie kolejnego roku intensywnej pracy \u017bydowskiego Instytutu Historycznego.<\/strong><\/span><\/h4>\n<p>.<\/p>\n<p style=\"text-align: center;\"><img decoding=\"async\" class=\"aligncenter\" src=\"https:\/\/www.jhi.pl\/storage\/image\/core_files\/2023\/12\/8\/c23bb943539d678a5176bbded377f7f0\/jpg\/jhi\/normal_big\/ok%C5%82adka.webp\" width=\"100%\" \/><span style=\"color: #808080;\"><em>fot. Andrzej Stawi\u0144ski<\/em><\/span><\/p>\n<p style=\"text-align: left;\"><span style=\"color: #000080;\">W tegorocznym programie znalaz\u0142o si\u0119 niezwykle efektowne oratorium\u00a0<em>Juda Machabeusz<\/em>\u00a0Georga Friedricha H\u00e4ndela w wykonaniu Orkiestry i Ch\u00f3ru Filharmonii Narodowej pod dyrekcj\u0105 Macieja Tomasiewicza. Partie solowe za\u015bpiewali Aneta Kapla-Marsza\u0142ek (sopran), Anna Krawczuk (alt) i Krzysztof Matuszak (bas). Uroczysto\u015b\u0107 jak co roku poprowadzi\u0142 Andrzej Su\u0142ek.<\/span><\/p>\n<p style=\"text-align: left;\"><span style=\"color: #000080;\">\u2013 Chanuka to radosne \u015bwi\u0119to, podczas kt\u00f3rego wspominamy wyzwolenie Izraela spod w\u0142adzy Grek\u00f3w \u2013 rozpocz\u0119\u0142a od przybli\u017cenia historii \u015bwi\u0119ta dyrektorka \u017bIH Monika Krawczyk. \u2013 Na pami\u0105tk\u0119 tego wydarzenia sprzed prawie 2200 lat \u017bydzi przez osiem dni po zmroku zapalaj\u0105 \u015bwieczki chanukowe \u2013 ka\u017cdego dnia o jedn\u0105 wi\u0119cej. \u015apiewaj\u0105 przy tym pie\u015b\u0144\u00a0<em>Maoz cur<\/em>, hymn na cze\u015b\u0107 Boga, odmawiaj\u0105 b\u0142ogos\u0142awie\u0144stwa i ciesz\u0105 si\u0119 ze zwyci\u0119stwa \u015bwiat\u0142a nad ciemno\u015bci\u0105, tak fizyczn\u0105, jak i duchow\u0105. \u017bycz\u0119 Pa\u0144stwu Bo\u017cego b\u0142ogos\u0142awie\u0144stwa z okazji wszystkich nadchodz\u0105cych \u015bwi\u0105t i Chanuki pe\u0142nej \u015bwiat\u0142a. Niech blask \u015bwiec chanukowych po\u0142\u0105czy nas dzisiaj we wsp\u00f3lnym prze\u017cywaniu tej rado\u015bci i zach\u0119ci do budowania wi\u0119zi i dobrych relacji. Weso\u0142ych i pogodnych \u015bwi\u0105t!<\/span><\/p>\n<p style=\"text-align: left;\"><span style=\"color: #000080;\">Pierwsz\u0105 \u015bwiec\u0119 na tegorocznej chanukii zapali\u0142 rabin Szalom Dow Ber Stambler.<\/span><\/p>\n<p style=\"text-align: left;\"><span style=\"color: #000080;\">\u2013 S\u0142owo \u201eChanuka\u201d to jest z rdzenia hebrajskiego s\u0142owa\u00a0<em>chinuch<\/em>: edukacja i wychowanie \u2013 m\u00f3wi\u0142. \u2013 To \u015bwi\u0119to jest pi\u0119kn\u0105 okazj\u0105 dla ka\u017cdego dobra. Ka\u017cdy rodzic, ka\u017cdy nauczyciel powinien upewni\u0107 si\u0119, \u017ce dzieci wok\u00f3\u0142 niego maj\u0105 dobr\u0105 edukacj\u0119. \u017be maj\u0105 atmosfer\u0119, maj\u0105 warunki i maj\u0105 jasne warto\u015bci co do praw cz\u0142owieka, co do wzajemnego szacunku. Dzisiaj zapalimy jedn\u0105 \u015bwiec\u0119, ale jutro to ju\u017c nie wystarczy i b\u0119d\u0105 dwie \u015bwiece, i trzy \u015bwiece \u2013 bo je\u015bli chodzi o dobre rzeczy, to to, co by\u0142o wczoraj wystarczaj\u0105ce, dzisiaj ju\u017c nie jest wystarczaj\u0105ce i trzeba doda\u0107 i doda\u0107 \u2013 a\u017c do liczby osiem, kt\u00f3ra jest symbolem niesko\u0144czono\u015bci.<\/span><\/p>\n<p style=\"text-align: left;\"><span style=\"color: #000080;\">\u2013 A wi\u0119c \u015bwi\u0119tujmy teraz Chanuk\u0119, to \u015bwi\u0119to \u015bwiat\u0142a, \u017ceby\u015bmy zawsze pami\u0119tali r\u00f3\u017cnic\u0119 mi\u0119dzy z\u0142em a dobrem i wspierali dobro \u2013 zako\u0144czy\u0142 cz\u0119\u015b\u0107 oficjaln\u0105 ambasador Izraela Yacov Livne.<\/span><\/p>\n<p style=\"text-align: left;\"><span style=\"color: #000080;\">Po zapaleniu \u015bwiecy i poznaniu fascynuj\u0105cej historii powstania oratorium\u00a0<em>Juda Machabeusz<\/em>, kt\u00f3r\u0105 przedstawi\u0142 nam Andrzej Su\u0142ek, mogli\u015bmy ws\u0142ucha\u0107 si\u0119 w t\u0119 muzyczn\u0105 opowie\u015b\u0107 o zwyci\u0119stwie, kt\u00f3re co roku \u015bwi\u0119tujemy. Dzi\u0119kujemy za to wsp\u00f3lne \u015bwi\u0119towanie i jeszcze raz \u017cyczymy Pa\u0144stwu jak najwi\u0119cej dobra i \u015bwiat\u0142a \u2013 a\u017c do niesko\u0144czono\u015bci.<\/span><\/p>\n<div class=\"images left horizontal large\">\n<div class=\"row\">\n<div class=\"column item\" style=\"text-align: center;\"><a class=\"image \" title=\"\" href=\"https:\/\/www.jhi.pl\/storage\/image\/core_files\/2023\/12\/8\/53717754fdf570ceeb96983a90e79310\/jpg\/jhi\/preview\/fot.%20Andrzej%20Stawi%C5%84ski%20(1).jpg\" target=\"\" rel=\"lightbox noopener noreferrer\"><img decoding=\"async\" src=\"https:\/\/www.jhi.pl\/storage\/image\/core_files\/2023\/12\/8\/53717754fdf570ceeb96983a90e79310\/jpg\/jhi\/large\/fot.%20Andrzej%20Stawi%C5%84ski%20(1).jpg\" alt=\"fot. Andrzej Stawi\u0144ski (1).jpg\" data-title=\"\" \/><\/a><\/div>\n<div class=\"column item\" style=\"text-align: center;\"><a class=\"image \" title=\"\" href=\"https:\/\/www.jhi.pl\/storage\/image\/core_files\/2023\/12\/8\/93caf28e8260b321a423a7cff28b06b5\/jpg\/jhi\/preview\/fot.%20Andrzej%20Stawi%C5%84ski%20(10).jpg\" target=\"\" rel=\"lightbox noopener noreferrer\"><img decoding=\"async\" src=\"https:\/\/www.jhi.pl\/storage\/image\/core_files\/2023\/12\/8\/93caf28e8260b321a423a7cff28b06b5\/jpg\/jhi\/large\/fot.%20Andrzej%20Stawi%C5%84ski%20(10).jpg\" alt=\"fot. Andrzej Stawi\u0144ski (10).jpg\" data-title=\"\" \/><\/a><\/div>\n<div class=\"column item\" style=\"text-align: center;\"><a class=\"image \" title=\"\" href=\"https:\/\/www.jhi.pl\/storage\/image\/core_files\/2023\/12\/8\/4027fa9055c32ebb45585cfe28032a83\/jpg\/jhi\/preview\/fot.%20Andrzej%20Stawi%C5%84ski%20(11).jpg\" target=\"\" rel=\"lightbox noopener noreferrer\"><img decoding=\"async\" src=\"https:\/\/www.jhi.pl\/storage\/image\/core_files\/2023\/12\/8\/4027fa9055c32ebb45585cfe28032a83\/jpg\/jhi\/large\/fot.%20Andrzej%20Stawi%C5%84ski%20(11).jpg\" alt=\"fot. Andrzej Stawi\u0144ski (11).jpg\" data-title=\"\" \/><\/a><\/div>\n<div class=\"column item\" style=\"text-align: center;\"><a class=\"image \" title=\"\" href=\"https:\/\/www.jhi.pl\/storage\/image\/core_files\/2023\/12\/8\/5fd0c9a0a2bb4da6942681f5ba8cd7a4\/jpg\/jhi\/preview\/fot.%20Andrzej%20Stawi%C5%84ski%20(12).jpg\" target=\"\" rel=\"lightbox noopener noreferrer\"><img decoding=\"async\" src=\"https:\/\/www.jhi.pl\/storage\/image\/core_files\/2023\/12\/8\/5fd0c9a0a2bb4da6942681f5ba8cd7a4\/jpg\/jhi\/large\/fot.%20Andrzej%20Stawi%C5%84ski%20(12).jpg\" alt=\"fot. Andrzej Stawi\u0144ski (12).jpg\" data-title=\"\" \/><\/a><\/div>\n<div class=\"column item\" style=\"text-align: center;\"><a class=\"image \" title=\"\" href=\"https:\/\/www.jhi.pl\/storage\/image\/core_files\/2023\/12\/8\/84c5ead88577e38979fae7143c8d63fc\/jpg\/jhi\/preview\/fot.%20Andrzej%20Stawi%C5%84ski%20(14).jpg\" target=\"\" rel=\"lightbox noopener noreferrer\"><img decoding=\"async\" src=\"https:\/\/www.jhi.pl\/storage\/image\/core_files\/2023\/12\/8\/84c5ead88577e38979fae7143c8d63fc\/jpg\/jhi\/large\/fot.%20Andrzej%20Stawi%C5%84ski%20(14).jpg\" alt=\"fot. Andrzej Stawi\u0144ski (14).jpg\" data-title=\"\" \/><\/a><\/div>\n<div class=\"column item\" style=\"text-align: center;\"><a class=\"image \" title=\"\" href=\"https:\/\/www.jhi.pl\/storage\/image\/core_files\/2023\/12\/8\/b05568bc48cf3a0e1b7f92e5559df753\/jpg\/jhi\/preview\/fot.%20Andrzej%20Stawi%C5%84ski%20(16).jpg\" target=\"\" rel=\"lightbox noopener noreferrer\"><img decoding=\"async\" src=\"https:\/\/www.jhi.pl\/storage\/image\/core_files\/2023\/12\/8\/b05568bc48cf3a0e1b7f92e5559df753\/jpg\/jhi\/large\/fot.%20Andrzej%20Stawi%C5%84ski%20(16).jpg\" alt=\"fot. Andrzej Stawi\u0144ski (16).jpg\" data-title=\"\" \/><\/a><\/div>\n<div class=\"column item\" style=\"text-align: center;\"><a class=\"image \" title=\"\" href=\"https:\/\/www.jhi.pl\/storage\/image\/core_files\/2023\/12\/8\/08053165723cdb6b382ef58ac3a00d4e\/jpg\/jhi\/preview\/fot.%20Andrzej%20Stawi%C5%84ski%20(17).jpg\" target=\"\" rel=\"lightbox noopener noreferrer\"><img decoding=\"async\" src=\"https:\/\/www.jhi.pl\/storage\/image\/core_files\/2023\/12\/8\/08053165723cdb6b382ef58ac3a00d4e\/jpg\/jhi\/large\/fot.%20Andrzej%20Stawi%C5%84ski%20(17).jpg\" alt=\"fot. Andrzej Stawi\u0144ski (17).jpg\" data-title=\"\" \/><\/a><\/div>\n<div class=\"column item\" style=\"text-align: center;\"><a class=\"image \" title=\"\" href=\"https:\/\/www.jhi.pl\/storage\/image\/core_files\/2023\/12\/8\/cccae7ab9cd82c6e5e03012edffe4b9b\/jpg\/jhi\/preview\/fot.%20Andrzej%20Stawi%C5%84ski%20(18).jpg\" target=\"\" rel=\"lightbox noopener noreferrer\"><img decoding=\"async\" src=\"https:\/\/www.jhi.pl\/storage\/image\/core_files\/2023\/12\/8\/cccae7ab9cd82c6e5e03012edffe4b9b\/jpg\/jhi\/large\/fot.%20Andrzej%20Stawi%C5%84ski%20(18).jpg\" alt=\"fot. Andrzej Stawi\u0144ski (18).jpg\" data-title=\"\" \/><\/a><\/div>\n<div class=\"column item\" style=\"text-align: center;\"><a class=\"image \" title=\"\" href=\"https:\/\/www.jhi.pl\/storage\/image\/core_files\/2023\/12\/8\/fd12a5c4167f894a0e8e5bea8ba7714e\/jpg\/jhi\/preview\/fot.%20Andrzej%20Stawi%C5%84ski%20(19).jpg\" target=\"\" rel=\"lightbox noopener noreferrer\"><img decoding=\"async\" src=\"https:\/\/www.jhi.pl\/storage\/image\/core_files\/2023\/12\/8\/fd12a5c4167f894a0e8e5bea8ba7714e\/jpg\/jhi\/large\/fot.%20Andrzej%20Stawi%C5%84ski%20(19).jpg\" alt=\"fot. Andrzej Stawi\u0144ski (19).jpg\" data-title=\"\" \/><\/a><\/div>\n<div class=\"column item\" style=\"text-align: center;\"><a class=\"image \" title=\"\" href=\"https:\/\/www.jhi.pl\/storage\/image\/core_files\/2023\/12\/8\/34d510b20a4af0c0412b420b7105c903\/jpg\/jhi\/preview\/fot.%20Andrzej%20Stawi%C5%84ski%20(2).jpg\" target=\"\" rel=\"lightbox noopener noreferrer\"><img decoding=\"async\" src=\"https:\/\/www.jhi.pl\/storage\/image\/core_files\/2023\/12\/8\/34d510b20a4af0c0412b420b7105c903\/jpg\/jhi\/large\/fot.%20Andrzej%20Stawi%C5%84ski%20(2).jpg\" alt=\"fot. Andrzej Stawi\u0144ski (2).jpg\" data-title=\"\" \/><\/a><\/div>\n<div class=\"column item\" style=\"text-align: center;\"><a class=\"image \" title=\"\" href=\"https:\/\/www.jhi.pl\/storage\/image\/core_files\/2023\/12\/8\/6eb0e1829c231590fabe82fb4c2aa6b3\/jpg\/jhi\/preview\/fot.%20Andrzej%20Stawi%C5%84ski%20(20).jpg\" target=\"\" rel=\"lightbox noopener noreferrer\"><img decoding=\"async\" src=\"https:\/\/www.jhi.pl\/storage\/image\/core_files\/2023\/12\/8\/6eb0e1829c231590fabe82fb4c2aa6b3\/jpg\/jhi\/large\/fot.%20Andrzej%20Stawi%C5%84ski%20(20).jpg\" alt=\"fot. Andrzej Stawi\u0144ski (20).jpg\" data-title=\"\" \/><\/a><\/div>\n<div class=\"column item\" style=\"text-align: center;\"><a class=\"image \" title=\"\" href=\"https:\/\/www.jhi.pl\/storage\/image\/core_files\/2023\/12\/8\/fafc1433890e29af7fab364a7d1d6de9\/jpg\/jhi\/preview\/fot.%20Andrzej%20Stawi%C5%84ski%20(21).jpg\" target=\"\" rel=\"lightbox noopener noreferrer\"><img decoding=\"async\" src=\"https:\/\/www.jhi.pl\/storage\/image\/core_files\/2023\/12\/8\/fafc1433890e29af7fab364a7d1d6de9\/jpg\/jhi\/large\/fot.%20Andrzej%20Stawi%C5%84ski%20(21).jpg\" alt=\"fot. Andrzej Stawi\u0144ski (21).jpg\" data-title=\"\" \/><\/a><\/div>\n<div class=\"column item\" style=\"text-align: center;\"><a class=\"image \" title=\"\" href=\"https:\/\/www.jhi.pl\/storage\/image\/core_files\/2023\/12\/8\/035b4fe48b1c5ef5e145dd1f4d80affd\/jpg\/jhi\/preview\/fot.%20Andrzej%20Stawi%C5%84ski%20(22).jpg\" target=\"\" rel=\"lightbox noopener noreferrer\"><img decoding=\"async\" src=\"https:\/\/www.jhi.pl\/storage\/image\/core_files\/2023\/12\/8\/035b4fe48b1c5ef5e145dd1f4d80affd\/jpg\/jhi\/large\/fot.%20Andrzej%20Stawi%C5%84ski%20(22).jpg\" alt=\"fot. Andrzej Stawi\u0144ski (22).jpg\" data-title=\"\" \/><\/a><\/div>\n<div class=\"column item\" style=\"text-align: center;\"><a class=\"image \" title=\"\" href=\"https:\/\/www.jhi.pl\/storage\/image\/core_files\/2023\/12\/8\/83b2da9de9fb859b1bf8f3242bf582f3\/jpg\/jhi\/preview\/fot.%20Andrzej%20Stawi%C5%84ski%20(24).jpg\" target=\"\" rel=\"lightbox noopener noreferrer\"><img decoding=\"async\" src=\"https:\/\/www.jhi.pl\/storage\/image\/core_files\/2023\/12\/8\/83b2da9de9fb859b1bf8f3242bf582f3\/jpg\/jhi\/large\/fot.%20Andrzej%20Stawi%C5%84ski%20(24).jpg\" alt=\"fot. Andrzej Stawi\u0144ski (24).jpg\" data-title=\"\" \/><\/a><\/div>\n<div class=\"column item\" style=\"text-align: center;\"><a class=\"image \" title=\"\" href=\"https:\/\/www.jhi.pl\/storage\/image\/core_files\/2023\/12\/8\/f5a32a7d182070663ca52c0d606763e6\/jpg\/jhi\/preview\/fot.%20Andrzej%20Stawi%C5%84ski%20(25).jpg\" target=\"\" rel=\"lightbox noopener noreferrer\"><img decoding=\"async\" src=\"https:\/\/www.jhi.pl\/storage\/image\/core_files\/2023\/12\/8\/f5a32a7d182070663ca52c0d606763e6\/jpg\/jhi\/large\/fot.%20Andrzej%20Stawi%C5%84ski%20(25).jpg\" alt=\"fot. Andrzej Stawi\u0144ski (25).jpg\" data-title=\"\" \/><\/a><\/div>\n<div class=\"column item\" style=\"text-align: center;\"><a class=\"image \" title=\"\" href=\"https:\/\/www.jhi.pl\/storage\/image\/core_files\/2023\/12\/8\/a288eabe5634f33f665a4eb6c0703e12\/jpg\/jhi\/preview\/fot.%20Andrzej%20Stawi%C5%84ski%20(26).jpg\" target=\"\" rel=\"lightbox noopener noreferrer\"><img decoding=\"async\" src=\"https:\/\/www.jhi.pl\/storage\/image\/core_files\/2023\/12\/8\/a288eabe5634f33f665a4eb6c0703e12\/jpg\/jhi\/large\/fot.%20Andrzej%20Stawi%C5%84ski%20(26).jpg\" alt=\"fot. Andrzej Stawi\u0144ski (26).jpg\" data-title=\"\" \/><\/a><\/div>\n<div class=\"column item\" style=\"text-align: center;\"><a class=\"image \" title=\"\" href=\"https:\/\/www.jhi.pl\/storage\/image\/core_files\/2023\/12\/8\/01667277141d0d15eb85c38d55cf8362\/jpg\/jhi\/preview\/fot.%20Andrzej%20Stawi%C5%84ski%20(27).jpg\" target=\"\" rel=\"lightbox noopener noreferrer\"><img decoding=\"async\" src=\"https:\/\/www.jhi.pl\/storage\/image\/core_files\/2023\/12\/8\/01667277141d0d15eb85c38d55cf8362\/jpg\/jhi\/large\/fot.%20Andrzej%20Stawi%C5%84ski%20(27).jpg\" alt=\"fot. Andrzej Stawi\u0144ski (27).jpg\" data-title=\"\" \/><\/a><\/div>\n<div class=\"column item\" style=\"text-align: center;\"><a class=\"image \" title=\"\" href=\"https:\/\/www.jhi.pl\/storage\/image\/core_files\/2023\/12\/8\/8ec6a5e8c38b47da42a100764202029f\/jpg\/jhi\/preview\/fot.%20Andrzej%20Stawi%C5%84ski%20(28).jpg\" target=\"\" rel=\"lightbox noopener noreferrer\"><img decoding=\"async\" src=\"https:\/\/www.jhi.pl\/storage\/image\/core_files\/2023\/12\/8\/8ec6a5e8c38b47da42a100764202029f\/jpg\/jhi\/large\/fot.%20Andrzej%20Stawi%C5%84ski%20(28).jpg\" alt=\"fot. Andrzej Stawi\u0144ski (28).jpg\" data-title=\"\" \/><\/a><\/div>\n<div class=\"column item\" style=\"text-align: center;\"><a class=\"image \" title=\"\" href=\"https:\/\/www.jhi.pl\/storage\/image\/core_files\/2023\/12\/8\/a261ce30ba1e2ab3f41f6f57a22289ee\/jpg\/jhi\/preview\/fot.%20Andrzej%20Stawi%C5%84ski%20(29).jpg\" target=\"\" rel=\"lightbox noopener noreferrer\"><img decoding=\"async\" src=\"https:\/\/www.jhi.pl\/storage\/image\/core_files\/2023\/12\/8\/a261ce30ba1e2ab3f41f6f57a22289ee\/jpg\/jhi\/large\/fot.%20Andrzej%20Stawi%C5%84ski%20(29).jpg\" alt=\"fot. Andrzej Stawi\u0144ski (29).jpg\" data-title=\"\" \/><\/a><\/div>\n<div class=\"column item\" style=\"text-align: center;\"><a class=\"image \" title=\"\" href=\"https:\/\/www.jhi.pl\/storage\/image\/core_files\/2023\/12\/8\/d51e63a926bca275dcd702e0692024d8\/jpg\/jhi\/preview\/fot.%20Andrzej%20Stawi%C5%84ski%20(3).jpg\" target=\"\" rel=\"lightbox noopener noreferrer\"><img decoding=\"async\" src=\"https:\/\/www.jhi.pl\/storage\/image\/core_files\/2023\/12\/8\/d51e63a926bca275dcd702e0692024d8\/jpg\/jhi\/large\/fot.%20Andrzej%20Stawi%C5%84ski%20(3).jpg\" alt=\"fot. Andrzej Stawi\u0144ski (3).jpg\" data-title=\"\" \/><\/a><\/div>\n<div class=\"column item\" style=\"text-align: center;\"><a class=\"image \" title=\"\" href=\"https:\/\/www.jhi.pl\/storage\/image\/core_files\/2023\/12\/8\/86bc9a8251bef01ff16f0af47f8cc1c1\/jpg\/jhi\/preview\/fot.%20Andrzej%20Stawi%C5%84ski%20(30).jpg\" target=\"\" rel=\"lightbox noopener noreferrer\"><img decoding=\"async\" src=\"https:\/\/www.jhi.pl\/storage\/image\/core_files\/2023\/12\/8\/86bc9a8251bef01ff16f0af47f8cc1c1\/jpg\/jhi\/large\/fot.%20Andrzej%20Stawi%C5%84ski%20(30).jpg\" alt=\"fot. Andrzej Stawi\u0144ski (30).jpg\" data-title=\"\" \/><\/a><\/div>\n<div class=\"column item\" style=\"text-align: center;\"><a class=\"image \" title=\"\" href=\"https:\/\/www.jhi.pl\/storage\/image\/core_files\/2023\/12\/8\/8c2a3c5aa1de4d347233ef2db5b7f816\/jpg\/jhi\/preview\/fot.%20Andrzej%20Stawi%C5%84ski%20(32).jpg\" target=\"\" rel=\"lightbox noopener noreferrer\"><img decoding=\"async\" src=\"https:\/\/www.jhi.pl\/storage\/image\/core_files\/2023\/12\/8\/8c2a3c5aa1de4d347233ef2db5b7f816\/jpg\/jhi\/large\/fot.%20Andrzej%20Stawi%C5%84ski%20(32).jpg\" alt=\"fot. Andrzej Stawi\u0144ski (32).jpg\" data-title=\"\" \/><\/a><\/div>\n<div class=\"column item\" style=\"text-align: center;\"><a class=\"image \" title=\"\" href=\"https:\/\/www.jhi.pl\/storage\/image\/core_files\/2023\/12\/8\/a899d4660d113c8f2efbb646bc0e4097\/jpg\/jhi\/preview\/fot.%20Andrzej%20Stawi%C5%84ski%20(33).jpg\" target=\"\" rel=\"lightbox noopener noreferrer\"><img decoding=\"async\" src=\"https:\/\/www.jhi.pl\/storage\/image\/core_files\/2023\/12\/8\/a899d4660d113c8f2efbb646bc0e4097\/jpg\/jhi\/large\/fot.%20Andrzej%20Stawi%C5%84ski%20(33).jpg\" alt=\"fot. Andrzej Stawi\u0144ski (33).jpg\" data-title=\"\" \/><\/a><\/div>\n<div class=\"column item\" style=\"text-align: center;\"><a class=\"image \" title=\"\" href=\"https:\/\/www.jhi.pl\/storage\/image\/core_files\/2023\/12\/8\/e7513bbb59e3c4b33ab37e700a7c888c\/jpg\/jhi\/preview\/fot.%20Andrzej%20Stawi%C5%84ski%20(34).jpg\" target=\"\" rel=\"lightbox noopener noreferrer\"><img decoding=\"async\" src=\"https:\/\/www.jhi.pl\/storage\/image\/core_files\/2023\/12\/8\/e7513bbb59e3c4b33ab37e700a7c888c\/jpg\/jhi\/large\/fot.%20Andrzej%20Stawi%C5%84ski%20(34).jpg\" alt=\"fot. Andrzej Stawi\u0144ski (34).jpg\" data-title=\"\" \/><\/a><\/div>\n<div class=\"column item\" style=\"text-align: center;\"><a class=\"image \" title=\"\" href=\"https:\/\/www.jhi.pl\/storage\/image\/core_files\/2023\/12\/8\/9235048ef12f39a3b2b424cf5b7abac3\/jpg\/jhi\/preview\/fot.%20Andrzej%20Stawi%C5%84ski%20(35).jpg\" target=\"\" rel=\"lightbox noopener noreferrer\"><img decoding=\"async\" src=\"https:\/\/www.jhi.pl\/storage\/image\/core_files\/2023\/12\/8\/9235048ef12f39a3b2b424cf5b7abac3\/jpg\/jhi\/large\/fot.%20Andrzej%20Stawi%C5%84ski%20(35).jpg\" alt=\"fot. Andrzej Stawi\u0144ski (35).jpg\" data-title=\"\" \/><\/a><\/div>\n<div class=\"column item\" style=\"text-align: center;\"><a class=\"image \" title=\"\" href=\"https:\/\/www.jhi.pl\/storage\/image\/core_files\/2023\/12\/8\/2a849309b707d15ecf5cb2022e1c87e0\/jpg\/jhi\/preview\/fot.%20Andrzej%20Stawi%C5%84ski%20(36).jpg\" target=\"\" rel=\"lightbox noopener noreferrer\"><img decoding=\"async\" src=\"https:\/\/www.jhi.pl\/storage\/image\/core_files\/2023\/12\/8\/2a849309b707d15ecf5cb2022e1c87e0\/jpg\/jhi\/large\/fot.%20Andrzej%20Stawi%C5%84ski%20(36).jpg\" alt=\"fot. Andrzej Stawi\u0144ski (36).jpg\" data-title=\"\" \/><\/a><\/div>\n<div class=\"column item\"><a class=\"image \" title=\"\" href=\"https:\/\/www.jhi.pl\/storage\/image\/core_files\/2023\/12\/8\/dbfde2b75b553be10fc3902ae2f253b2\/jpg\/jhi\/preview\/fot.%20Andrzej%20Stawi%C5%84ski%20(37).jpg\" target=\"\" rel=\"lightbox noopener noreferrer\"><img decoding=\"async\" src=\"https:\/\/www.jhi.pl\/storage\/image\/core_files\/2023\/12\/8\/dbfde2b75b553be10fc3902ae2f253b2\/jpg\/jhi\/large\/fot.%20Andrzej%20Stawi%C5%84ski%20(37).jpg\" alt=\"fot. Andrzej Stawi\u0144ski (37).jpg\" data-title=\"\" \/><\/a><\/div>\n<div class=\"column item\"><a class=\"image \" title=\"\" href=\"https:\/\/www.jhi.pl\/storage\/image\/core_files\/2023\/12\/8\/a0a77b20ca70a642ea7f1b6499b1b940\/jpg\/jhi\/preview\/fot.%20Andrzej%20Stawi%C5%84ski%20(38).jpg\" target=\"\" rel=\"lightbox noopener noreferrer\"><img decoding=\"async\" src=\"https:\/\/www.jhi.pl\/storage\/image\/core_files\/2023\/12\/8\/a0a77b20ca70a642ea7f1b6499b1b940\/jpg\/jhi\/large\/fot.%20Andrzej%20Stawi%C5%84ski%20(38).jpg\" alt=\"fot. Andrzej Stawi\u0144ski (38).jpg\" data-title=\"\" \/><\/a><\/div>\n<div class=\"column item\"><a class=\"image \" title=\"\" href=\"https:\/\/www.jhi.pl\/storage\/image\/core_files\/2023\/12\/8\/3a62f7291b1bb4946ddc52d17ba43640\/jpg\/jhi\/preview\/fot.%20Andrzej%20Stawi%C5%84ski%20(39).jpg\" target=\"\" rel=\"lightbox noopener noreferrer\"><img decoding=\"async\" src=\"https:\/\/www.jhi.pl\/storage\/image\/core_files\/2023\/12\/8\/3a62f7291b1bb4946ddc52d17ba43640\/jpg\/jhi\/large\/fot.%20Andrzej%20Stawi%C5%84ski%20(39).jpg\" alt=\"fot. Andrzej Stawi\u0144ski (39).jpg\" data-title=\"\" \/><\/a><\/div>\n<div class=\"column item\"><a class=\"image \" title=\"\" href=\"https:\/\/www.jhi.pl\/storage\/image\/core_files\/2023\/12\/8\/dc751167f305c8a0ec44d98af1c02533\/jpg\/jhi\/preview\/fot.%20Andrzej%20Stawi%C5%84ski%20(4).jpg\" target=\"\" rel=\"lightbox noopener noreferrer\"><img decoding=\"async\" src=\"https:\/\/www.jhi.pl\/storage\/image\/core_files\/2023\/12\/8\/dc751167f305c8a0ec44d98af1c02533\/jpg\/jhi\/large\/fot.%20Andrzej%20Stawi%C5%84ski%20(4).jpg\" alt=\"fot. Andrzej Stawi\u0144ski (4).jpg\" data-title=\"\" \/><\/a><\/div>\n<div class=\"column item\"><a class=\"image \" title=\"\" href=\"https:\/\/www.jhi.pl\/storage\/image\/core_files\/2023\/12\/8\/6d6da2d48f08146ff7b95c4f9b51afaa\/jpg\/jhi\/preview\/fot.%20Andrzej%20Stawi%C5%84ski%20(40).jpg\" target=\"\" rel=\"lightbox noopener noreferrer\"><img decoding=\"async\" src=\"https:\/\/www.jhi.pl\/storage\/image\/core_files\/2023\/12\/8\/6d6da2d48f08146ff7b95c4f9b51afaa\/jpg\/jhi\/large\/fot.%20Andrzej%20Stawi%C5%84ski%20(40).jpg\" alt=\"fot. Andrzej Stawi\u0144ski (40).jpg\" data-title=\"\" \/><\/a><\/div>\n<div class=\"column item\"><a class=\"image \" title=\"\" href=\"https:\/\/www.jhi.pl\/storage\/image\/core_files\/2023\/12\/8\/a1add2d6cb4ced4a608d34c0a25ea0d3\/jpg\/jhi\/preview\/fot.%20Andrzej%20Stawi%C5%84ski%20(41).jpg\" target=\"\" rel=\"lightbox noopener noreferrer\"><img decoding=\"async\" src=\"https:\/\/www.jhi.pl\/storage\/image\/core_files\/2023\/12\/8\/a1add2d6cb4ced4a608d34c0a25ea0d3\/jpg\/jhi\/large\/fot.%20Andrzej%20Stawi%C5%84ski%20(41).jpg\" alt=\"fot. Andrzej Stawi\u0144ski (41).jpg\" data-title=\"\" \/><\/a><\/div>\n<div class=\"column item\"><a class=\"image \" title=\"\" href=\"https:\/\/www.jhi.pl\/storage\/image\/core_files\/2023\/12\/8\/824e1d0d3a1150331a0ec95849650cb3\/jpg\/jhi\/preview\/fot.%20Andrzej%20Stawi%C5%84ski%20(42).jpg\" target=\"\" rel=\"lightbox noopener noreferrer\"><img decoding=\"async\" src=\"https:\/\/www.jhi.pl\/storage\/image\/core_files\/2023\/12\/8\/824e1d0d3a1150331a0ec95849650cb3\/jpg\/jhi\/large\/fot.%20Andrzej%20Stawi%C5%84ski%20(42).jpg\" alt=\"fot. Andrzej Stawi\u0144ski (42).jpg\" data-title=\"\" \/><\/a><\/div>\n<div class=\"column item\"><a class=\"image \" title=\"\" href=\"https:\/\/www.jhi.pl\/storage\/image\/core_files\/2023\/12\/8\/cec1bd37668e6249a14b525b2abfd73f\/jpg\/jhi\/preview\/fot.%20Andrzej%20Stawi%C5%84ski%20(5).jpg\" target=\"\" rel=\"lightbox noopener noreferrer\"><img decoding=\"async\" src=\"https:\/\/www.jhi.pl\/storage\/image\/core_files\/2023\/12\/8\/cec1bd37668e6249a14b525b2abfd73f\/jpg\/jhi\/large\/fot.%20Andrzej%20Stawi%C5%84ski%20(5).jpg\" alt=\"fot. Andrzej Stawi\u0144ski (5).jpg\" data-title=\"\" \/><\/a><\/div>\n<div class=\"column item\"><a class=\"image \" title=\"\" href=\"https:\/\/www.jhi.pl\/storage\/image\/core_files\/2023\/12\/8\/0789a51dbee740f6db5404d9b0add426\/jpg\/jhi\/preview\/fot.%20Andrzej%20Stawi%C5%84ski%20(7).jpg\" target=\"\" rel=\"lightbox noopener noreferrer\"><img decoding=\"async\" src=\"https:\/\/www.jhi.pl\/storage\/image\/core_files\/2023\/12\/8\/0789a51dbee740f6db5404d9b0add426\/jpg\/jhi\/large\/fot.%20Andrzej%20Stawi%C5%84ski%20(7).jpg\" alt=\"fot. Andrzej Stawi\u0144ski (7).jpg\" data-title=\"\" \/><\/a><\/div>\n<div class=\"column item\"><a class=\"image \" title=\"\" href=\"https:\/\/www.jhi.pl\/storage\/image\/core_files\/2023\/12\/8\/18bb02a5b3a0428d69217d0bf41bec23\/jpg\/jhi\/preview\/fot.%20Andrzej%20Stawi%C5%84ski%20(8).jpg\" target=\"\" rel=\"lightbox noopener noreferrer\"><img decoding=\"async\" src=\"https:\/\/www.jhi.pl\/storage\/image\/core_files\/2023\/12\/8\/18bb02a5b3a0428d69217d0bf41bec23\/jpg\/jhi\/large\/fot.%20Andrzej%20Stawi%C5%84ski%20(8).jpg\" alt=\"fot. Andrzej Stawi\u0144ski (8).jpg\" data-title=\"\" \/><\/a><\/div>\n<\/div>\n<\/div>\n<hr \/>\n<p style=\"text-align: center;\"><span style=\"color: #808080;\"><em>Partnerami koncertu by\u0142o <strong>Muzeum Getta Warszawskiego <\/strong>i <strong>Towarzystwo Spo\u0142eczno-Kulturalne \u017byd\u00f3w w Polsce.<\/strong><\/em><\/span><\/p>\n<p style=\"text-align: left;\"><span style=\"color: #808080;\"><em>Organizator:<\/em><\/span><\/p>\n<p><img decoding=\"async\" loading=\"lazy\" class=\"aligncenter\" src=\"https:\/\/www.jhi.pl\/storage\/image\/core_files\/2023\/12\/8\/df4ca00128e4bdbc0f692d506aa5a780\/png\/jhi\/preview\/Instytucja%20organizowana%20przez.png\" alt=\"Instytucja organizowana przez.png [138.45 KB]\" width=\"682\" height=\"100\" \/><\/p>\n<p style=\"text-align: center;\">Partnerzy:<\/p>\n<p><img decoding=\"async\" loading=\"lazy\" class=\"aligncenter\" src=\"https:\/\/www.jhi.pl\/storage\/image\/core_files\/2021\/11\/30\/fd1217b1d0c1cee8561fe294fcd0ae8a\/png\/jhi\/preview\/MGW_logo_PL_czerwone.png\" alt=\"MGW_logo_PL_czerwone.png [55.88 KB]\" width=\"137\" height=\"101\" \/><img decoding=\"async\" loading=\"lazy\" class=\"aligncenter\" src=\"https:\/\/www.jhi.pl\/storage\/image\/core_files\/2021\/11\/30\/183cfd80debe0332763fc255282eb3e6\/jpg\/jhi\/preview\/tskz_logo_2021.jpg\" alt=\"tskz_logo_2021.jpg [576.38 KB]\" width=\"194\" height=\"101\" \/><\/p>\n<hr style=\"height: 15px; background: #d0e6fa; width: 100%;\" \/>\n<div id=\"content\" class=\"content-alignment\">\n<div id=\"watch-description\" class=\"yt-uix-button-panel\">\n<div id=\"watch-description-text\" style=\"text-align: center;\">\n<p><em>Zawarto\u015b\u0107 publikowanych artyku\u0142\u00f3w i materia\u0142\u00f3w nie reprezentuje pogl\u0105d\u00f3w ani opinii Reunion&#8217;68,<\/em><em><br \/>\nani te\u017c webmastera Blogu Reunion&#8217;68, chyba ze jest to wyra\u017anie zaznaczone.<br \/>\nTwoje uwagi, linki, w\u0142asne artyku\u0142y lub wiadomo\u015bci prze\u015blij na adres:<br \/>\n<\/em><span style=\"color: #000080;\"><strong><em><a style=\"color: #000080;\" href=\"mailto:webmaster@reunion68.com\"><span style=\"text-decoration: underline;\">webmaster@reunion68.com<\/span><\/a><\/em><\/strong><\/span><\/p>\n<\/div>\n<\/div>\n<\/div>\n<hr style=\"width: 100%;\" \/>\n","protected":false},"excerpt":{"rendered":"<p>Chanuka pe\u0142na \u015bwiat\u0142a. Uroczysty koncert chanukowy 2023\/5784 Natasza Majewska 7 grudnia ju\u017c po raz trzeci spotkali\u015bmy si\u0119 w Filharmonii Narodowej, by uroczystym koncertem \u015bwi\u0119towa\u0107 Chanuk\u0119 i zako\u0144czenie kolejnego roku intensywnej pracy \u017bydowskiego Instytutu Historycznego. . fot. Andrzej Stawi\u0144ski W tegorocznym programie znalaz\u0142o si\u0119 niezwykle efektowne oratorium\u00a0Juda Machabeusz\u00a0Georga Friedricha H\u00e4ndela w wykonaniu Orkiestry i Ch\u00f3ru Filharmonii [&hellip;]<\/p>\n","protected":false},"author":1,"featured_media":0,"comment_status":"closed","ping_status":"closed","sticky":false,"template":"","format":"standard","meta":[],"categories":[6],"tags":[26,24],"_links":{"self":[{"href":"https:\/\/www.reunion68.se\/index.php?rest_route=\/wp\/v2\/posts\/109436"}],"collection":[{"href":"https:\/\/www.reunion68.se\/index.php?rest_route=\/wp\/v2\/posts"}],"about":[{"href":"https:\/\/www.reunion68.se\/index.php?rest_route=\/wp\/v2\/types\/post"}],"author":[{"embeddable":true,"href":"https:\/\/www.reunion68.se\/index.php?rest_route=\/wp\/v2\/users\/1"}],"replies":[{"embeddable":true,"href":"https:\/\/www.reunion68.se\/index.php?rest_route=%2Fwp%2Fv2%2Fcomments&post=109436"}],"version-history":[{"count":14,"href":"https:\/\/www.reunion68.se\/index.php?rest_route=\/wp\/v2\/posts\/109436\/revisions"}],"predecessor-version":[{"id":109459,"href":"https:\/\/www.reunion68.se\/index.php?rest_route=\/wp\/v2\/posts\/109436\/revisions\/109459"}],"wp:attachment":[{"href":"https:\/\/www.reunion68.se\/index.php?rest_route=%2Fwp%2Fv2%2Fmedia&parent=109436"}],"wp:term":[{"taxonomy":"category","embeddable":true,"href":"https:\/\/www.reunion68.se\/index.php?rest_route=%2Fwp%2Fv2%2Fcategories&post=109436"},{"taxonomy":"post_tag","embeddable":true,"href":"https:\/\/www.reunion68.se\/index.php?rest_route=%2Fwp%2Fv2%2Ftags&post=109436"}],"curies":[{"name":"wp","href":"https:\/\/api.w.org\/{rel}","templated":true}]}}